{"id":1003,"date":"2020-10-28T13:50:20","date_gmt":"2020-10-28T12:50:20","guid":{"rendered":"https:\/\/www.alteacultural.com\/2020\/10\/28\/concert-del-30-10-2020-ajornat\/"},"modified":"2020-10-30T20:00:19","modified_gmt":"2020-10-30T19:00:19","slug":"concert-del-30-10-2020-ajornat","status":"publish","type":"post","link":"https:\/\/www.alteacultural.com\/es\/2020\/10\/28\/concert-del-30-10-2020-ajornat\/","title":{"rendered":"Concierto del 30-10-2020 aplazado"},"content":{"rendered":"\n<p>Se informa que el concierto previsto para el pr\u00f3ximo viernes 30 de octubre de 2020 a las 18:00h. en el Centre Cultural de Altea la Vella ha sido cancelado por causas ajenas a la Concejal\u00eda de Cultura y a petici\u00f3n del proyecto cultural \u00abMUNDUAN\u00bb que iba a ser representado en el d\u00eda y fecha anteriormente citado.\u00a0La intenci\u00f3n tanto del grupo como de la Concejal\u00eda de Cultura es intentar reprogramar dicha actividad antes de final del presente a\u00f1o 2020.\u00a0Disculpen las molestias y les invitamos a participar del resto de actividades programadas por la Concejal\u00eda de Cultura.<\/p>\n","protected":false},"excerpt":{"rendered":"<p>Se informa que el concierto previsto para el pr\u00f3ximo viernes 30 de octubre de 2020 a las 18:00h. en [&hellip;]<\/p>\n","protected":false},"author":1,"featured_media":968,"comment_status":"open","ping_status":"open","sticky":false,"template":"","format":"standard","meta":{"_expiration-date-status":"saved","_expiration-date":1604084400,"_expiration-date-type":"","_expiration-date-categories":[],"_expiration-date-options":{"expireType":"category-remove","id":1003,"category":["64"],"categoryTaxonomy":"category"},"footnotes":""},"yoast_head":"<!-- This site is optimized with the Yoast SEO plugin v22.8 - https:\/\/yoast.com\/wordpress\/plugins\/seo\/ -->\n<title>Concierto del 30-10-2020 aplazado - Altea Cultural<\/title>\n<meta name=\"robots\" content=\"index, follow, max-snippet:-1, max-image-preview:large, max-video-preview:-1\" \/>\n<link rel=\"canonical\" href=\"https:\/\/www.alteacultural.com\/es\/2020\/10\/28\/concert-del-30-10-2020-ajornat\/\" \/>\n<meta property=\"og:locale\" content=\"es_ES\" \/>\n<meta property=\"og:type\" content=\"article\" \/>\n<meta property=\"og:title\" content=\"Concierto del 30-10-2020 aplazado - Altea Cultural\" \/>\n<meta property=\"og:description\" content=\"Se informa que el concierto previsto para el pr\u00f3ximo viernes 30 de octubre de 2020 a las 18:00h. en [&hellip;]\" \/>\n<meta property=\"og:url\" content=\"https:\/\/www.alteacultural.com\/es\/2020\/10\/28\/concert-del-30-10-2020-ajornat\/\" \/>\n<meta property=\"og:site_name\" content=\"Altea Cultural\" \/>\n<meta property=\"article:published_time\" content=\"2020-10-28T12:50:20+00:00\" \/>\n<meta property=\"article:modified_time\" content=\"2020-10-30T19:00:19+00:00\" \/>\n<meta property=\"og:image\" content=\"https:\/\/www.alteacultural.com\/wp-content\/uploads\/2020\/10\/FestivalMusicaAntigaBarroca_Altea2020_Cabecera2-01-1-scaled.jpg\" \/>\n\t<meta property=\"og:image:width\" content=\"2560\" \/>\n\t<meta property=\"og:image:height\" content=\"947\" \/>\n\t<meta property=\"og:image:type\" content=\"image\/jpeg\" \/>\n<meta name=\"author\" content=\"sfaltea.com-admin\" \/>\n<meta name=\"twitter:card\" content=\"summary_large_image\" \/>\n<meta name=\"twitter:label1\" content=\"Escrito por\" \/>\n\t<meta name=\"twitter:data1\" content=\"sfaltea.com-admin\" \/>\n\t<meta name=\"twitter:label2\" content=\"Tiempo de lectura\" \/>\n\t<meta name=\"twitter:data2\" content=\"1 minuto\" \/>\n<script type=\"application\/ld+json\" class=\"yoast-schema-graph\">{\"@context\":\"https:\/\/schema.org\",\"@graph\":[{\"@type\":\"WebPage\",\"@id\":\"https:\/\/www.alteacultural.com\/es\/2020\/10\/28\/concert-del-30-10-2020-ajornat\/\",\"url\":\"https:\/\/www.alteacultural.com\/es\/2020\/10\/28\/concert-del-30-10-2020-ajornat\/\",\"name\":\"Concierto del 30-10-2020 aplazado - Altea Cultural\",\"isPartOf\":{\"@id\":\"https:\/\/www.alteacultural.com\/es\/#website\"},\"primaryImageOfPage\":{\"@id\":\"https:\/\/www.alteacultural.com\/es\/2020\/10\/28\/concert-del-30-10-2020-ajornat\/#primaryimage\"},\"image\":{\"@id\":\"https:\/\/www.alteacultural.com\/es\/2020\/10\/28\/concert-del-30-10-2020-ajornat\/#primaryimage\"},\"thumbnailUrl\":\"https:\/\/www.alteacultural.com\/wp-content\/uploads\/2020\/10\/FestivalMusicaAntigaBarroca_Altea2020_Cabecera2-01-1-scaled.jpg\",\"datePublished\":\"2020-10-28T12:50:20+00:00\",\"dateModified\":\"2020-10-30T19:00:19+00:00\",\"author\":{\"@id\":\"https:\/\/www.alteacultural.com\/es\/#\/schema\/person\/c4e137537f1af546d214a315255e5172\"},\"breadcrumb\":{\"@id\":\"https:\/\/www.alteacultural.com\/es\/2020\/10\/28\/concert-del-30-10-2020-ajornat\/#breadcrumb\"},\"inLanguage\":\"es\",\"potentialAction\":[{\"@type\":\"ReadAction\",\"target\":[\"https:\/\/www.alteacultural.com\/es\/2020\/10\/28\/concert-del-30-10-2020-ajornat\/\"]}]},{\"@type\":\"ImageObject\",\"inLanguage\":\"es\",\"@id\":\"https:\/\/www.alteacultural.com\/es\/2020\/10\/28\/concert-del-30-10-2020-ajornat\/#primaryimage\",\"url\":\"https:\/\/www.alteacultural.com\/wp-content\/uploads\/2020\/10\/FestivalMusicaAntigaBarroca_Altea2020_Cabecera2-01-1-scaled.jpg\",\"contentUrl\":\"https:\/\/www.alteacultural.com\/wp-content\/uploads\/2020\/10\/FestivalMusicaAntigaBarroca_Altea2020_Cabecera2-01-1-scaled.jpg\",\"width\":2560,\"height\":947},{\"@type\":\"BreadcrumbList\",\"@id\":\"https:\/\/www.alteacultural.com\/es\/2020\/10\/28\/concert-del-30-10-2020-ajornat\/#breadcrumb\",\"itemListElement\":[{\"@type\":\"ListItem\",\"position\":1,\"name\":\"Inici\",\"item\":\"https:\/\/www.alteacultural.com\/es\/\"},{\"@type\":\"ListItem\",\"position\":2,\"name\":\"Concierto del 30-10-2020 aplazado\"}]},{\"@type\":\"WebSite\",\"@id\":\"https:\/\/www.alteacultural.com\/es\/#website\",\"url\":\"https:\/\/www.alteacultural.com\/es\/\",\"name\":\"Altea Cultural\",\"description\":\"Regidoria de Cultura de l&#039;Ajuntament d&#039;Altea\",\"potentialAction\":[{\"@type\":\"SearchAction\",\"target\":{\"@type\":\"EntryPoint\",\"urlTemplate\":\"https:\/\/www.alteacultural.com\/es\/?s={search_term_string}\"},\"query-input\":\"required name=search_term_string\"}],\"inLanguage\":\"es\"},{\"@type\":\"Person\",\"@id\":\"https:\/\/www.alteacultural.com\/es\/#\/schema\/person\/c4e137537f1af546d214a315255e5172\",\"name\":\"sfaltea.com-admin\",\"image\":{\"@type\":\"ImageObject\",\"inLanguage\":\"es\",\"@id\":\"https:\/\/www.alteacultural.com\/es\/#\/schema\/person\/image\/\",\"url\":\"https:\/\/secure.gravatar.com\/avatar\/f7473fa2fbd351270ccfd469de536202?s=96&d=mm&r=g\",\"contentUrl\":\"https:\/\/secure.gravatar.com\/avatar\/f7473fa2fbd351270ccfd469de536202?s=96&d=mm&r=g\",\"caption\":\"sfaltea.com-admin\"},\"url\":\"https:\/\/www.alteacultural.com\/es\/author\/sfaltea-com-admin\/\"}]}<\/script>\n<!-- \/ Yoast SEO plugin. -->","yoast_head_json":{"title":"Concierto del 30-10-2020 aplazado - Altea Cultural","robots":{"index":"index","follow":"follow","max-snippet":"max-snippet:-1","max-image-preview":"max-image-preview:large","max-video-preview":"max-video-preview:-1"},"canonical":"https:\/\/www.alteacultural.com\/es\/2020\/10\/28\/concert-del-30-10-2020-ajornat\/","og_locale":"es_ES","og_type":"article","og_title":"Concierto del 30-10-2020 aplazado - Altea Cultural","og_description":"Se informa que el concierto previsto para el pr\u00f3ximo viernes 30 de octubre de 2020 a las 18:00h. en [&hellip;]","og_url":"https:\/\/www.alteacultural.com\/es\/2020\/10\/28\/concert-del-30-10-2020-ajornat\/","og_site_name":"Altea Cultural","article_published_time":"2020-10-28T12:50:20+00:00","article_modified_time":"2020-10-30T19:00:19+00:00","og_image":[{"width":2560,"height":947,"url":"https:\/\/www.alteacultural.com\/wp-content\/uploads\/2020\/10\/FestivalMusicaAntigaBarroca_Altea2020_Cabecera2-01-1-scaled.jpg","type":"image\/jpeg"}],"author":"sfaltea.com-admin","twitter_card":"summary_large_image","twitter_misc":{"Escrito por":"sfaltea.com-admin","Tiempo de lectura":"1 minuto"},"schema":{"@context":"https:\/\/schema.org","@graph":[{"@type":"WebPage","@id":"https:\/\/www.alteacultural.com\/es\/2020\/10\/28\/concert-del-30-10-2020-ajornat\/","url":"https:\/\/www.alteacultural.com\/es\/2020\/10\/28\/concert-del-30-10-2020-ajornat\/","name":"Concierto del 30-10-2020 aplazado - Altea Cultural","isPartOf":{"@id":"https:\/\/www.alteacultural.com\/es\/#website"},"primaryImageOfPage":{"@id":"https:\/\/www.alteacultural.com\/es\/2020\/10\/28\/concert-del-30-10-2020-ajornat\/#primaryimage"},"image":{"@id":"https:\/\/www.alteacultural.com\/es\/2020\/10\/28\/concert-del-30-10-2020-ajornat\/#primaryimage"},"thumbnailUrl":"https:\/\/www.alteacultural.com\/wp-content\/uploads\/2020\/10\/FestivalMusicaAntigaBarroca_Altea2020_Cabecera2-01-1-scaled.jpg","datePublished":"2020-10-28T12:50:20+00:00","dateModified":"2020-10-30T19:00:19+00:00","author":{"@id":"https:\/\/www.alteacultural.com\/es\/#\/schema\/person\/c4e137537f1af546d214a315255e5172"},"breadcrumb":{"@id":"https:\/\/www.alteacultural.com\/es\/2020\/10\/28\/concert-del-30-10-2020-ajornat\/#breadcrumb"},"inLanguage":"es","potentialAction":[{"@type":"ReadAction","target":["https:\/\/www.alteacultural.com\/es\/2020\/10\/28\/concert-del-30-10-2020-ajornat\/"]}]},{"@type":"ImageObject","inLanguage":"es","@id":"https:\/\/www.alteacultural.com\/es\/2020\/10\/28\/concert-del-30-10-2020-ajornat\/#primaryimage","url":"https:\/\/www.alteacultural.com\/wp-content\/uploads\/2020\/10\/FestivalMusicaAntigaBarroca_Altea2020_Cabecera2-01-1-scaled.jpg","contentUrl":"https:\/\/www.alteacultural.com\/wp-content\/uploads\/2020\/10\/FestivalMusicaAntigaBarroca_Altea2020_Cabecera2-01-1-scaled.jpg","width":2560,"height":947},{"@type":"BreadcrumbList","@id":"https:\/\/www.alteacultural.com\/es\/2020\/10\/28\/concert-del-30-10-2020-ajornat\/#breadcrumb","itemListElement":[{"@type":"ListItem","position":1,"name":"Inici","item":"https:\/\/www.alteacultural.com\/es\/"},{"@type":"ListItem","position":2,"name":"Concierto del 30-10-2020 aplazado"}]},{"@type":"WebSite","@id":"https:\/\/www.alteacultural.com\/es\/#website","url":"https:\/\/www.alteacultural.com\/es\/","name":"Altea Cultural","description":"Regidoria de Cultura de l&#039;Ajuntament d&#039;Altea","potentialAction":[{"@type":"SearchAction","target":{"@type":"EntryPoint","urlTemplate":"https:\/\/www.alteacultural.com\/es\/?s={search_term_string}"},"query-input":"required name=search_term_string"}],"inLanguage":"es"},{"@type":"Person","@id":"https:\/\/www.alteacultural.com\/es\/#\/schema\/person\/c4e137537f1af546d214a315255e5172","name":"sfaltea.com-admin","image":{"@type":"ImageObject","inLanguage":"es","@id":"https:\/\/www.alteacultural.com\/es\/#\/schema\/person\/image\/","url":"https:\/\/secure.gravatar.com\/avatar\/f7473fa2fbd351270ccfd469de536202?s=96&d=mm&r=g","contentUrl":"https:\/\/secure.gravatar.com\/avatar\/f7473fa2fbd351270ccfd469de536202?s=96&d=mm&r=g","caption":"sfaltea.com-admin"},"url":"https:\/\/www.alteacultural.com\/es\/author\/sfaltea-com-admin\/"}]}},"_links":{"self":[{"href":"https:\/\/www.alteacultural.com\/es\/wp-json\/wp\/v2\/posts\/1003"}],"collection":[{"href":"https:\/\/www.alteacultural.com\/es\/wp-json\/wp\/v2\/posts"}],"about":[{"href":"https:\/\/www.alteacultural.com\/es\/wp-json\/wp\/v2\/types\/post"}],"author":[{"embeddable":true,"href":"https:\/\/www.alteacultural.com\/es\/wp-json\/wp\/v2\/users\/1"}],"replies":[{"embeddable":true,"href":"https:\/\/www.alteacultural.com\/es\/wp-json\/wp\/v2\/comments?post=1003"}],"version-history":[{"count":1,"href":"https:\/\/www.alteacultural.com\/es\/wp-json\/wp\/v2\/posts\/1003\/revisions"}],"predecessor-version":[{"id":1004,"href":"https:\/\/www.alteacultural.com\/es\/wp-json\/wp\/v2\/posts\/1003\/revisions\/1004"}],"wp:featuredmedia":[{"embeddable":true,"href":"https:\/\/www.alteacultural.com\/es\/wp-json\/wp\/v2\/media\/968"}],"wp:attachment":[{"href":"https:\/\/www.alteacultural.com\/es\/wp-json\/wp\/v2\/media?parent=1003"}],"curies":[{"name":"wp","href":"https:\/\/api.w.org\/{rel}","templated":true}]}}