{"id":1156,"date":"2020-11-13T10:57:00","date_gmt":"2020-11-13T09:57:00","guid":{"rendered":"https:\/\/www.alteacultural.com\/2020\/11\/30\/lliurats-els-premis-altea-de-literatura-i-investigacio-2020-i-presentada-ledicio-de-les-obres-guanyadores\/"},"modified":"2020-12-01T22:02:09","modified_gmt":"2020-12-01T21:02:09","slug":"lliurats-els-premis-altea-de-literatura-i-investigacio-2020-i-presentada-ledicio-de-les-obres-guanyadores","status":"publish","type":"post","link":"https:\/\/www.alteacultural.com\/es\/2020\/11\/13\/lliurats-els-premis-altea-de-literatura-i-investigacio-2020-i-presentada-ledicio-de-les-obres-guanyadores\/","title":{"rendered":"Lliurats els \u201cPremis Altea de Literatura i Investigaci\u00f3 2020\u201d i presentada l\u2019edici\u00f3 de les obres guanyadores"},"content":{"rendered":"\n<figure class=\"wp-block-image\"><img decoding=\"async\" data-src=\"https:\/\/alteadigital.es\/wp-content\/uploads\/2020\/11\/foto-grupo-web.jpg\" alt=\"Lliurats els \u201cPremis Altea de Literatura i Investigaci\u00f3 2020\u201d i presentada l\u2019edici\u00f3 de les obres guanyadores\" src=\"data:image\/gif;base64,R0lGODlhAQABAAAAACH5BAEKAAEALAAAAAABAAEAAAICTAEAOw==\" class=\"lazyload\" \/><\/figure>\n\n\n\n<p>En un modest acte, per\u00f2 no menys emotiu que el de les passades gales de lliurament dels Premis Altea, en la vesprada-nit d\u2019ahir dijous tenia lloc la presentaci\u00f3 de les obres guanyadores de Premis Altea 2020 ja editades: Premi Altea de Literatura Infantil i Juvenil, \u201cNo podria ser m\u00e9s feli\u00e7\u201d de Josep Escarr\u00e9; Premi Carmelina S\u00e1nchez Cutillas de Novel.la i Prosa Creativa, \u201cLa b\u00e8stia en qu\u00e8 cavalquem\u201d de Ferran Garcia-Oliver i Premi Francesc Mart\u00ednez i Mart\u00ednez d\u2019Assaig i Investigaci\u00f3, \u201cDe la mar a la terra\u201d d\u2019Antonio Belda Antol\u00ed.<\/p>\n\n\n\n<p>En el transcurs de l\u2019acte es duia a terme el lliurament dels trofeus \u201cPenell\u201d, realitzat per Seraf\u00edn Cort\u00e9s, al guanyador del Premi Francesc Mart\u00ednez i Mart\u00ednez d\u2019Assaig i Investigaci\u00f3; el trofeu \u201cAila\u201d, creat en els tallers de la Facultat de Belles Arts d\u2019Altea, destinat a l\u2019autor del Premi Altea de Literatura Infantil i Juvenil i \u201cLa M\u00e0 del Sol\u201d, realitzat per Pepe Azor\u00edn, s\u00edmbol del Premi Carmelina S\u00e1nchez Cutillas de Novel.la i Prosa Creativa.<\/p>\n\n\n\n<p>L\u2019esdeveniment, celebrat a l\u2019auditori del Centre Social d\u2019Altea, baix les mesures de seguretat i higiene que marquen els protocols anti COVID-19, va ser mantingut per la regidora de Cultura, Aurora Serrat, que citava Frances\u00e7 Mart\u00ednez i Mart\u00ednez i la seua n\u00e9ta Carmelina S\u00e1nchez Cutillas com dues de les figures clau en les lletres valencianes, que, d\u2019origen alte\u00e0, han inspirat els Premis Altea.<\/p>\n\n\n\n<p>Serrat donava la benvinguda als presents i els agra\u00efa, al costat de tots els que fan possible Premis Altea el compartir \u201cl\u2019amor per les paraules, per l\u2019art de les paraules, la passi\u00f3 pel coneixement de les paraules, i la creaci\u00f3 liter\u00e0ria\u201d. L\u2019edil de Cultura ressaltava l\u2019esfor\u00e7 i treball de persones i institucions que amb el seu suport i impuls han perm\u00e8s que Premis Altea siga ja un certamen literari consolidat, conegut i referent de les lletra valencianes. \u201c\u00c9s en dies com hui, en qu\u00e8 el poble d\u2019Altea seguir\u00e0 sent la capital de les lletres valencianes contempor\u00e0nies\u201d; afegia la responsable municipal de Cultura.<\/p>\n\n\n\n<p>L\u2019acte, presidit per l\u2019alcalde d\u2019Altea, Jaume Llinares, va comptar amb les intervencions d\u2019Antonio Belda Antol\u00ed, Josep Escarr\u00e9 i Ferr\u00e0n Garcia-Oliver; guanyadors d\u2019esta quarta edici\u00f3 de Premis Altea, els qui van coincidir en manifestar alegria per obtenir els respectius guardons i tamb\u00e9 a assenyalar a la cultura, literatura i les lletres com un \u201cbon remei\u201d contra la pand\u00e8mia.<\/p>\n\n\n\n<p>En representaci\u00f3 de l\u2019Institut Alacant\u00ed de la Cultura Juan Gil-Albert, patrocinador i editor del Premi d\u2019Investigaci\u00f3, el seua recent estrenat director de Publicacions i Investigaci\u00f3, Toni Cabot ressaltava el paper transmissor de la cultura i tradicions populars que el Premi d\u2019Assaig i Investigaci\u00f3 adopta.<\/p>\n\n\n\n<p>Per la seua banda, Joan Borja director de la C\u00e0tedra Enric Valor, responsable d\u2019Aila Edicions i impulsor d\u2019este certamen literari, al costat de l\u2019Ajuntament d\u2019Altea, feia un minuci\u00f3s recorregut per les dues obres liter\u00e0ries editades per Aila, a trav\u00e9s dels sentiments aflorats en el temps que durant el confinament ell havia dedicat a la lectura de, \u201cNo podria ser m\u00e9s feli\u00e7\u201d i \u201cla b\u00e8stia en qu\u00e8 cavalquem\u201d. Una narraci\u00f3 que, a m\u00e9s d\u2019oferir una sinopsi de les obres, deixava al &nbsp;descobert les sensacions que pot experimentar el lector.<\/p>\n\n\n\n<p>El president de la Fundaci\u00f3 Caixaltea, patrocinadora del Premi Carmelina S\u00e1nchez Cutillas de Novel.la i Prosa Creativa, Jos\u00e9 Miguel Cort\u00e9s, donava l\u2019enhorabona als guanyadors de les tres distincions, feia un rep\u00e0s de la hist\u00f2ria d\u2019estos premis, el seu naixement i els motius que han portat a l\u2019entitat a recolzar esta iniciativa liter\u00e0ria.<\/p>\n\n\n\n<p>I clausurava l\u2019acte l\u2019alcalde d\u2019Altea, Jaume Llinares, qui tenia paraules d\u2019agra\u00efment cap a les institucions que han cregut en estos premis i han donat el seu incondicional suport a la iniciativa, com s\u00f3n la Direcci\u00f3 General de Pol\u00edtica Ling\u00fc\u00edstica i gesti\u00f3 del multiling\u00fcisme de la Generalitat Valenciana; la Diputaci\u00f3 Provincial d\u2019Alacant, a trav\u00e9s del Institut Alacant\u00ed de La Cultura, Juan Gil-Albert; la Fundaci\u00f3 Caixaltea; L\u2019Acad\u00e8mia Valenciana de la Llengua; la C\u00e0tedra Enric Valor de la Universitat d\u2019Alacant i Aila Edicions.<\/p>\n\n\n\n<p>Jaume Llinares coincidia, al costat de la resta d\u2019intervinents previs, a assenyalar la cultura com una via d\u2019escapament a l\u2019actual crisi provocada per la pand\u00e8mia de la COVID-19 en general i a les lletres en particular.<\/p>\n\n\n\n<p>El primer edil alte\u00e0 desitjava la normalitat en una propera edici\u00f3, en la que una concorreguda vetllada, amb la m\u00fasica en directe de la \u201cOrquestra Blava\u201d i la il\u00b7lusi\u00f3 de guanyadors, familiars i presents pose el punt final a un any de treball , situant a Altea com el centre de les lletres valencianes per una nit.<\/p>\n\n\n\n<div class=\"wp-block-image\"><figure class=\"aligncenter\"><img decoding=\"async\" data-src=\"https:\/\/alteadigital.es\/wp-content\/uploads\/2020\/11\/Captura_premis_Altea-web.jpg\" alt=\"\" class=\"wp-image-93056 lazyload\" src=\"data:image\/gif;base64,R0lGODlhAQABAAAAACH5BAEKAAEALAAAAAABAAEAAAICTAEAOw==\" \/><\/figure><\/div>\n","protected":false},"excerpt":{"rendered":"<p>En un modest acte, per\u00f2 no menys emotiu que el de les passades gales de lliurament dels Premis Altea, [&hellip;]<\/p>\n","protected":false},"author":1,"featured_media":1963,"comment_status":"open","ping_status":"open","sticky":false,"template":"","format":"standard","meta":{"_expiration-date-status":"saved","_expiration-date":0,"_expiration-date-type":"","_expiration-date-categories":[],"_expiration-date-options":[],"footnotes":""},"yoast_head":"<!-- This site is optimized with the Yoast SEO plugin v22.8 - https:\/\/yoast.com\/wordpress\/plugins\/seo\/ -->\n<title>Lliurats els \u201cPremis Altea de Literatura i Investigaci\u00f3 2020\u201d i presentada l\u2019edici\u00f3 de les obres guanyadores - Altea Cultural<\/title>\n<meta name=\"robots\" content=\"index, follow, max-snippet:-1, max-image-preview:large, max-video-preview:-1\" \/>\n<link rel=\"canonical\" href=\"https:\/\/www.alteacultural.com\/es\/2020\/11\/13\/lliurats-els-premis-altea-de-literatura-i-investigacio-2020-i-presentada-ledicio-de-les-obres-guanyadores\/\" \/>\n<meta property=\"og:locale\" content=\"es_ES\" \/>\n<meta property=\"og:type\" content=\"article\" \/>\n<meta property=\"og:title\" content=\"Lliurats els \u201cPremis Altea de Literatura i Investigaci\u00f3 2020\u201d i presentada l\u2019edici\u00f3 de les obres guanyadores - Altea Cultural\" \/>\n<meta property=\"og:description\" content=\"En un modest acte, per\u00f2 no menys emotiu que el de les passades gales de lliurament dels Premis Altea, [&hellip;]\" \/>\n<meta property=\"og:url\" content=\"https:\/\/www.alteacultural.com\/es\/2020\/11\/13\/lliurats-els-premis-altea-de-literatura-i-investigacio-2020-i-presentada-ledicio-de-les-obres-guanyadores\/\" \/>\n<meta property=\"og:site_name\" content=\"Altea Cultural\" \/>\n<meta property=\"article:published_time\" content=\"2020-11-13T09:57:00+00:00\" \/>\n<meta property=\"article:modified_time\" content=\"2020-12-01T21:02:09+00:00\" \/>\n<meta property=\"og:image\" content=\"https:\/\/www.alteacultural.com\/wp-content\/uploads\/2020\/11\/premis.jpg\" \/>\n\t<meta property=\"og:image:width\" content=\"660\" \/>\n\t<meta property=\"og:image:height\" content=\"192\" \/>\n\t<meta property=\"og:image:type\" content=\"image\/jpeg\" \/>\n<meta name=\"author\" content=\"sfaltea.com-admin\" \/>\n<meta name=\"twitter:card\" content=\"summary_large_image\" \/>\n<meta name=\"twitter:label1\" content=\"Escrito por\" \/>\n\t<meta name=\"twitter:data1\" content=\"sfaltea.com-admin\" \/>\n\t<meta name=\"twitter:label2\" content=\"Tiempo de lectura\" \/>\n\t<meta name=\"twitter:data2\" content=\"4 minutos\" \/>\n<script type=\"application\/ld+json\" class=\"yoast-schema-graph\">{\"@context\":\"https:\/\/schema.org\",\"@graph\":[{\"@type\":\"WebPage\",\"@id\":\"https:\/\/www.alteacultural.com\/es\/2020\/11\/13\/lliurats-els-premis-altea-de-literatura-i-investigacio-2020-i-presentada-ledicio-de-les-obres-guanyadores\/\",\"url\":\"https:\/\/www.alteacultural.com\/es\/2020\/11\/13\/lliurats-els-premis-altea-de-literatura-i-investigacio-2020-i-presentada-ledicio-de-les-obres-guanyadores\/\",\"name\":\"Lliurats els \u201cPremis Altea de Literatura i Investigaci\u00f3 2020\u201d i presentada l\u2019edici\u00f3 de les obres guanyadores - Altea Cultural\",\"isPartOf\":{\"@id\":\"https:\/\/www.alteacultural.com\/es\/#website\"},\"primaryImageOfPage\":{\"@id\":\"https:\/\/www.alteacultural.com\/es\/2020\/11\/13\/lliurats-els-premis-altea-de-literatura-i-investigacio-2020-i-presentada-ledicio-de-les-obres-guanyadores\/#primaryimage\"},\"image\":{\"@id\":\"https:\/\/www.alteacultural.com\/es\/2020\/11\/13\/lliurats-els-premis-altea-de-literatura-i-investigacio-2020-i-presentada-ledicio-de-les-obres-guanyadores\/#primaryimage\"},\"thumbnailUrl\":\"https:\/\/www.alteacultural.com\/wp-content\/uploads\/2020\/11\/premis.jpg\",\"datePublished\":\"2020-11-13T09:57:00+00:00\",\"dateModified\":\"2020-12-01T21:02:09+00:00\",\"author\":{\"@id\":\"https:\/\/www.alteacultural.com\/es\/#\/schema\/person\/c4e137537f1af546d214a315255e5172\"},\"breadcrumb\":{\"@id\":\"https:\/\/www.alteacultural.com\/es\/2020\/11\/13\/lliurats-els-premis-altea-de-literatura-i-investigacio-2020-i-presentada-ledicio-de-les-obres-guanyadores\/#breadcrumb\"},\"inLanguage\":\"es\",\"potentialAction\":[{\"@type\":\"ReadAction\",\"target\":[\"https:\/\/www.alteacultural.com\/es\/2020\/11\/13\/lliurats-els-premis-altea-de-literatura-i-investigacio-2020-i-presentada-ledicio-de-les-obres-guanyadores\/\"]}]},{\"@type\":\"ImageObject\",\"inLanguage\":\"es\",\"@id\":\"https:\/\/www.alteacultural.com\/es\/2020\/11\/13\/lliurats-els-premis-altea-de-literatura-i-investigacio-2020-i-presentada-ledicio-de-les-obres-guanyadores\/#primaryimage\",\"url\":\"https:\/\/www.alteacultural.com\/wp-content\/uploads\/2020\/11\/premis.jpg\",\"contentUrl\":\"https:\/\/www.alteacultural.com\/wp-content\/uploads\/2020\/11\/premis.jpg\",\"width\":660,\"height\":192},{\"@type\":\"BreadcrumbList\",\"@id\":\"https:\/\/www.alteacultural.com\/es\/2020\/11\/13\/lliurats-els-premis-altea-de-literatura-i-investigacio-2020-i-presentada-ledicio-de-les-obres-guanyadores\/#breadcrumb\",\"itemListElement\":[{\"@type\":\"ListItem\",\"position\":1,\"name\":\"Inici\",\"item\":\"https:\/\/www.alteacultural.com\/es\/\"},{\"@type\":\"ListItem\",\"position\":2,\"name\":\"Lliurats els \u201cPremis Altea de Literatura i Investigaci\u00f3 2020\u201d i presentada l\u2019edici\u00f3 de les obres guanyadores\"}]},{\"@type\":\"WebSite\",\"@id\":\"https:\/\/www.alteacultural.com\/es\/#website\",\"url\":\"https:\/\/www.alteacultural.com\/es\/\",\"name\":\"Altea Cultural\",\"description\":\"Regidoria de Cultura de l&#039;Ajuntament d&#039;Altea\",\"potentialAction\":[{\"@type\":\"SearchAction\",\"target\":{\"@type\":\"EntryPoint\",\"urlTemplate\":\"https:\/\/www.alteacultural.com\/es\/?s={search_term_string}\"},\"query-input\":\"required name=search_term_string\"}],\"inLanguage\":\"es\"},{\"@type\":\"Person\",\"@id\":\"https:\/\/www.alteacultural.com\/es\/#\/schema\/person\/c4e137537f1af546d214a315255e5172\",\"name\":\"sfaltea.com-admin\",\"image\":{\"@type\":\"ImageObject\",\"inLanguage\":\"es\",\"@id\":\"https:\/\/www.alteacultural.com\/es\/#\/schema\/person\/image\/\",\"url\":\"https:\/\/secure.gravatar.com\/avatar\/f7473fa2fbd351270ccfd469de536202?s=96&d=mm&r=g\",\"contentUrl\":\"https:\/\/secure.gravatar.com\/avatar\/f7473fa2fbd351270ccfd469de536202?s=96&d=mm&r=g\",\"caption\":\"sfaltea.com-admin\"},\"url\":\"https:\/\/www.alteacultural.com\/es\/author\/sfaltea-com-admin\/\"}]}<\/script>\n<!-- \/ Yoast SEO plugin. -->","yoast_head_json":{"title":"Lliurats els \u201cPremis Altea de Literatura i Investigaci\u00f3 2020\u201d i presentada l\u2019edici\u00f3 de les obres guanyadores - Altea Cultural","robots":{"index":"index","follow":"follow","max-snippet":"max-snippet:-1","max-image-preview":"max-image-preview:large","max-video-preview":"max-video-preview:-1"},"canonical":"https:\/\/www.alteacultural.com\/es\/2020\/11\/13\/lliurats-els-premis-altea-de-literatura-i-investigacio-2020-i-presentada-ledicio-de-les-obres-guanyadores\/","og_locale":"es_ES","og_type":"article","og_title":"Lliurats els \u201cPremis Altea de Literatura i Investigaci\u00f3 2020\u201d i presentada l\u2019edici\u00f3 de les obres guanyadores - Altea Cultural","og_description":"En un modest acte, per\u00f2 no menys emotiu que el de les passades gales de lliurament dels Premis Altea, [&hellip;]","og_url":"https:\/\/www.alteacultural.com\/es\/2020\/11\/13\/lliurats-els-premis-altea-de-literatura-i-investigacio-2020-i-presentada-ledicio-de-les-obres-guanyadores\/","og_site_name":"Altea Cultural","article_published_time":"2020-11-13T09:57:00+00:00","article_modified_time":"2020-12-01T21:02:09+00:00","og_image":[{"width":660,"height":192,"url":"https:\/\/www.alteacultural.com\/wp-content\/uploads\/2020\/11\/premis.jpg","type":"image\/jpeg"}],"author":"sfaltea.com-admin","twitter_card":"summary_large_image","twitter_misc":{"Escrito por":"sfaltea.com-admin","Tiempo de lectura":"4 minutos"},"schema":{"@context":"https:\/\/schema.org","@graph":[{"@type":"WebPage","@id":"https:\/\/www.alteacultural.com\/es\/2020\/11\/13\/lliurats-els-premis-altea-de-literatura-i-investigacio-2020-i-presentada-ledicio-de-les-obres-guanyadores\/","url":"https:\/\/www.alteacultural.com\/es\/2020\/11\/13\/lliurats-els-premis-altea-de-literatura-i-investigacio-2020-i-presentada-ledicio-de-les-obres-guanyadores\/","name":"Lliurats els \u201cPremis Altea de Literatura i Investigaci\u00f3 2020\u201d i presentada l\u2019edici\u00f3 de les obres guanyadores - Altea Cultural","isPartOf":{"@id":"https:\/\/www.alteacultural.com\/es\/#website"},"primaryImageOfPage":{"@id":"https:\/\/www.alteacultural.com\/es\/2020\/11\/13\/lliurats-els-premis-altea-de-literatura-i-investigacio-2020-i-presentada-ledicio-de-les-obres-guanyadores\/#primaryimage"},"image":{"@id":"https:\/\/www.alteacultural.com\/es\/2020\/11\/13\/lliurats-els-premis-altea-de-literatura-i-investigacio-2020-i-presentada-ledicio-de-les-obres-guanyadores\/#primaryimage"},"thumbnailUrl":"https:\/\/www.alteacultural.com\/wp-content\/uploads\/2020\/11\/premis.jpg","datePublished":"2020-11-13T09:57:00+00:00","dateModified":"2020-12-01T21:02:09+00:00","author":{"@id":"https:\/\/www.alteacultural.com\/es\/#\/schema\/person\/c4e137537f1af546d214a315255e5172"},"breadcrumb":{"@id":"https:\/\/www.alteacultural.com\/es\/2020\/11\/13\/lliurats-els-premis-altea-de-literatura-i-investigacio-2020-i-presentada-ledicio-de-les-obres-guanyadores\/#breadcrumb"},"inLanguage":"es","potentialAction":[{"@type":"ReadAction","target":["https:\/\/www.alteacultural.com\/es\/2020\/11\/13\/lliurats-els-premis-altea-de-literatura-i-investigacio-2020-i-presentada-ledicio-de-les-obres-guanyadores\/"]}]},{"@type":"ImageObject","inLanguage":"es","@id":"https:\/\/www.alteacultural.com\/es\/2020\/11\/13\/lliurats-els-premis-altea-de-literatura-i-investigacio-2020-i-presentada-ledicio-de-les-obres-guanyadores\/#primaryimage","url":"https:\/\/www.alteacultural.com\/wp-content\/uploads\/2020\/11\/premis.jpg","contentUrl":"https:\/\/www.alteacultural.com\/wp-content\/uploads\/2020\/11\/premis.jpg","width":660,"height":192},{"@type":"BreadcrumbList","@id":"https:\/\/www.alteacultural.com\/es\/2020\/11\/13\/lliurats-els-premis-altea-de-literatura-i-investigacio-2020-i-presentada-ledicio-de-les-obres-guanyadores\/#breadcrumb","itemListElement":[{"@type":"ListItem","position":1,"name":"Inici","item":"https:\/\/www.alteacultural.com\/es\/"},{"@type":"ListItem","position":2,"name":"Lliurats els \u201cPremis Altea de Literatura i Investigaci\u00f3 2020\u201d i presentada l\u2019edici\u00f3 de les obres guanyadores"}]},{"@type":"WebSite","@id":"https:\/\/www.alteacultural.com\/es\/#website","url":"https:\/\/www.alteacultural.com\/es\/","name":"Altea Cultural","description":"Regidoria de Cultura de l&#039;Ajuntament d&#039;Altea","potentialAction":[{"@type":"SearchAction","target":{"@type":"EntryPoint","urlTemplate":"https:\/\/www.alteacultural.com\/es\/?s={search_term_string}"},"query-input":"required name=search_term_string"}],"inLanguage":"es"},{"@type":"Person","@id":"https:\/\/www.alteacultural.com\/es\/#\/schema\/person\/c4e137537f1af546d214a315255e5172","name":"sfaltea.com-admin","image":{"@type":"ImageObject","inLanguage":"es","@id":"https:\/\/www.alteacultural.com\/es\/#\/schema\/person\/image\/","url":"https:\/\/secure.gravatar.com\/avatar\/f7473fa2fbd351270ccfd469de536202?s=96&d=mm&r=g","contentUrl":"https:\/\/secure.gravatar.com\/avatar\/f7473fa2fbd351270ccfd469de536202?s=96&d=mm&r=g","caption":"sfaltea.com-admin"},"url":"https:\/\/www.alteacultural.com\/es\/author\/sfaltea-com-admin\/"}]}},"_links":{"self":[{"href":"https:\/\/www.alteacultural.com\/es\/wp-json\/wp\/v2\/posts\/1156"}],"collection":[{"href":"https:\/\/www.alteacultural.com\/es\/wp-json\/wp\/v2\/posts"}],"about":[{"href":"https:\/\/www.alteacultural.com\/es\/wp-json\/wp\/v2\/types\/post"}],"author":[{"embeddable":true,"href":"https:\/\/www.alteacultural.com\/es\/wp-json\/wp\/v2\/users\/1"}],"replies":[{"embeddable":true,"href":"https:\/\/www.alteacultural.com\/es\/wp-json\/wp\/v2\/comments?post=1156"}],"version-history":[{"count":1,"href":"https:\/\/www.alteacultural.com\/es\/wp-json\/wp\/v2\/posts\/1156\/revisions"}],"predecessor-version":[{"id":1157,"href":"https:\/\/www.alteacultural.com\/es\/wp-json\/wp\/v2\/posts\/1156\/revisions\/1157"}],"wp:featuredmedia":[{"embeddable":true,"href":"https:\/\/www.alteacultural.com\/es\/wp-json\/wp\/v2\/media\/1963"}],"wp:attachment":[{"href":"https:\/\/www.alteacultural.com\/es\/wp-json\/wp\/v2\/media?parent=1156"}],"curies":[{"name":"wp","href":"https:\/\/api.w.org\/{rel}","templated":true}]}}