{"id":12691,"date":"2021-11-12T12:33:29","date_gmt":"2021-11-12T11:33:29","guid":{"rendered":"https:\/\/www.alteacultural.com\/2021\/11\/12\/descobreixen-un-possible-forn-ceramic-i-part-de-la-muralla-oest-daltea-la-vella\/"},"modified":"2021-11-12T12:39:59","modified_gmt":"2021-11-12T11:39:59","slug":"descobreixen-un-possible-forn-ceramic-i-part-de-la-muralla-oest-daltea-la-vella","status":"publish","type":"post","link":"https:\/\/www.alteacultural.com\/es\/2021\/11\/12\/descobreixen-un-possible-forn-ceramic-i-part-de-la-muralla-oest-daltea-la-vella\/","title":{"rendered":"Descubren un posible horno cer\u00e1mico y parte de la muralla oeste de Altea la Vella"},"content":{"rendered":"\n<p>Las dos estructuras han sido documentadas por un equipo de arque\u00f3logos locales y de la Universidad de Alicante. Los restos del horno ser\u00edan descubrimientos por Jos\u00e9 Antonio L\u00f3pez Mira (Servicio Territorial de Cultura y Deporte de la Generalitat Valenciana) impulsando la realizaci\u00f3n de una cata arqueol\u00f3gica en esta zona. Como resultado de la misma se ha documentado, adem\u00e1s de un horno, otros vestigios en las parcelas adyacentes que corresponden, mayoritariamente, en la \u00e9poca medieval y moderna.<\/p>\n\n\n\n<p>El trazado de la muralla, situado en la calle Honda de Altea la Vella, hab\u00eda pasado desapercibido porque estaba oculto por una enorme cantidad de maleza y por la acumulaci\u00f3n de escombros que se hab\u00edan yendo depositando en la zona desde hac\u00eda d\u00e9cadas. El descubrimiento, 24 m de longitud y entre 2,4 y 2,6 de estatura, fue notificado al Servicio Territorial de Cultural y Deporte de la Generalitat Valenciana, \u00f3rgano que activ\u00f3 su documentaci\u00f3n arqueol\u00f3gica.<br>Tanto los trabajos de limpieza y de retirada de elementos que pudieran afectar la integridad de la estructura, como las tareas de registro fueron coordinadas por el arque\u00f3logo local A. J. P\u00e9rez Prefasi y el historiador *\u00c0. Llinares Planells, descubridores de la muralla.<br>Aunque este sistema defensivo fue construido con la t\u00e9cnica del encofrado y ha aparecido un n\u00famero de materiales cer\u00e1micos desde la \u00e9poca antigua hasta la moderna, los resultado obtenidos todav\u00eda su muy parciales. Ser\u00eda necesario realizar una excavaci\u00f3n arqueol\u00f3gica que confirmara su naturaleza y la cronolog\u00eda de los muros. A pesar de esto, podemos afirmar que se trata de un descubrimiento, el primer documento f\u00edsico en Altea la Vella, que permite replantear el trazado tradicional propuesto para las fortificaciones de la villa, constituyendo, entonces, una pieza fundamental que hay que ser tenida en cuenta para cualquier estudio futuro sobre su recorrido y morfolog\u00eda.<\/p>\n\n\n\n<p><a href=\"https:\/\/www.alteacultural.com\/wp-content\/uploads\/2021\/11\/Nota-de-premsa-muralla-A.-la-Vella.pdf\" target=\"_blank\" rel=\"noreferrer noopener\">VER NOTA DE PRENSA<\/a><\/p>\n","protected":false},"excerpt":{"rendered":"<p>Las dos estructuras han sido documentadas por un equipo de arque\u00f3logos locales y de la Universidad de Alicante. Los [&hellip;]<\/p>\n","protected":false},"author":1,"featured_media":12689,"comment_status":"open","ping_status":"open","sticky":false,"template":"","format":"standard","meta":{"_expiration-date-status":"saved","_expiration-date":0,"_expiration-date-type":"","_expiration-date-categories":[],"_expiration-date-options":[],"footnotes":""},"yoast_head":"<!-- This site is optimized with the Yoast SEO plugin v22.8 - https:\/\/yoast.com\/wordpress\/plugins\/seo\/ -->\n<title>Descubren un posible horno cer\u00e1mico y parte de la muralla oeste de Altea la Vella - Altea Cultural<\/title>\n<meta name=\"robots\" content=\"index, follow, max-snippet:-1, max-image-preview:large, max-video-preview:-1\" \/>\n<link rel=\"canonical\" href=\"https:\/\/www.alteacultural.com\/es\/2021\/11\/12\/descobreixen-un-possible-forn-ceramic-i-part-de-la-muralla-oest-daltea-la-vella\/\" \/>\n<meta property=\"og:locale\" content=\"es_ES\" \/>\n<meta property=\"og:type\" content=\"article\" \/>\n<meta property=\"og:title\" content=\"Descubren un posible horno cer\u00e1mico y parte de la muralla oeste de Altea la Vella - Altea Cultural\" \/>\n<meta property=\"og:description\" content=\"Las dos estructuras han sido documentadas por un equipo de arque\u00f3logos locales y de la Universidad de Alicante. Los [&hellip;]\" \/>\n<meta property=\"og:url\" content=\"https:\/\/www.alteacultural.com\/es\/2021\/11\/12\/descobreixen-un-possible-forn-ceramic-i-part-de-la-muralla-oest-daltea-la-vella\/\" \/>\n<meta property=\"og:site_name\" content=\"Altea Cultural\" \/>\n<meta property=\"article:published_time\" content=\"2021-11-12T11:33:29+00:00\" \/>\n<meta property=\"article:modified_time\" content=\"2021-11-12T11:39:59+00:00\" \/>\n<meta property=\"og:image\" content=\"https:\/\/www.alteacultural.com\/wp-content\/uploads\/2021\/11\/forn-altea-la-vella.jpg\" \/>\n\t<meta property=\"og:image:width\" content=\"760\" \/>\n\t<meta property=\"og:image:height\" content=\"511\" \/>\n\t<meta property=\"og:image:type\" content=\"image\/jpeg\" \/>\n<meta name=\"author\" content=\"sfaltea.com-admin\" \/>\n<meta name=\"twitter:card\" content=\"summary_large_image\" \/>\n<meta name=\"twitter:label1\" content=\"Escrito por\" \/>\n\t<meta name=\"twitter:data1\" content=\"sfaltea.com-admin\" \/>\n\t<meta name=\"twitter:label2\" content=\"Tiempo de lectura\" \/>\n\t<meta name=\"twitter:data2\" content=\"2 minutos\" \/>\n<script type=\"application\/ld+json\" class=\"yoast-schema-graph\">{\"@context\":\"https:\/\/schema.org\",\"@graph\":[{\"@type\":\"WebPage\",\"@id\":\"https:\/\/www.alteacultural.com\/es\/2021\/11\/12\/descobreixen-un-possible-forn-ceramic-i-part-de-la-muralla-oest-daltea-la-vella\/\",\"url\":\"https:\/\/www.alteacultural.com\/es\/2021\/11\/12\/descobreixen-un-possible-forn-ceramic-i-part-de-la-muralla-oest-daltea-la-vella\/\",\"name\":\"Descubren un posible horno cer\u00e1mico y parte de la muralla oeste de Altea la Vella - Altea Cultural\",\"isPartOf\":{\"@id\":\"https:\/\/www.alteacultural.com\/es\/#website\"},\"primaryImageOfPage\":{\"@id\":\"https:\/\/www.alteacultural.com\/es\/2021\/11\/12\/descobreixen-un-possible-forn-ceramic-i-part-de-la-muralla-oest-daltea-la-vella\/#primaryimage\"},\"image\":{\"@id\":\"https:\/\/www.alteacultural.com\/es\/2021\/11\/12\/descobreixen-un-possible-forn-ceramic-i-part-de-la-muralla-oest-daltea-la-vella\/#primaryimage\"},\"thumbnailUrl\":\"https:\/\/www.alteacultural.com\/wp-content\/uploads\/2021\/11\/forn-altea-la-vella.jpg\",\"datePublished\":\"2021-11-12T11:33:29+00:00\",\"dateModified\":\"2021-11-12T11:39:59+00:00\",\"author\":{\"@id\":\"https:\/\/www.alteacultural.com\/es\/#\/schema\/person\/c4e137537f1af546d214a315255e5172\"},\"breadcrumb\":{\"@id\":\"https:\/\/www.alteacultural.com\/es\/2021\/11\/12\/descobreixen-un-possible-forn-ceramic-i-part-de-la-muralla-oest-daltea-la-vella\/#breadcrumb\"},\"inLanguage\":\"es\",\"potentialAction\":[{\"@type\":\"ReadAction\",\"target\":[\"https:\/\/www.alteacultural.com\/es\/2021\/11\/12\/descobreixen-un-possible-forn-ceramic-i-part-de-la-muralla-oest-daltea-la-vella\/\"]}]},{\"@type\":\"ImageObject\",\"inLanguage\":\"es\",\"@id\":\"https:\/\/www.alteacultural.com\/es\/2021\/11\/12\/descobreixen-un-possible-forn-ceramic-i-part-de-la-muralla-oest-daltea-la-vella\/#primaryimage\",\"url\":\"https:\/\/www.alteacultural.com\/wp-content\/uploads\/2021\/11\/forn-altea-la-vella.jpg\",\"contentUrl\":\"https:\/\/www.alteacultural.com\/wp-content\/uploads\/2021\/11\/forn-altea-la-vella.jpg\",\"width\":760,\"height\":511},{\"@type\":\"BreadcrumbList\",\"@id\":\"https:\/\/www.alteacultural.com\/es\/2021\/11\/12\/descobreixen-un-possible-forn-ceramic-i-part-de-la-muralla-oest-daltea-la-vella\/#breadcrumb\",\"itemListElement\":[{\"@type\":\"ListItem\",\"position\":1,\"name\":\"Inici\",\"item\":\"https:\/\/www.alteacultural.com\/es\/\"},{\"@type\":\"ListItem\",\"position\":2,\"name\":\"Descubren un posible horno cer\u00e1mico y parte de la muralla oeste de Altea la Vella\"}]},{\"@type\":\"WebSite\",\"@id\":\"https:\/\/www.alteacultural.com\/es\/#website\",\"url\":\"https:\/\/www.alteacultural.com\/es\/\",\"name\":\"Altea Cultural\",\"description\":\"Regidoria de Cultura de l&#039;Ajuntament d&#039;Altea\",\"potentialAction\":[{\"@type\":\"SearchAction\",\"target\":{\"@type\":\"EntryPoint\",\"urlTemplate\":\"https:\/\/www.alteacultural.com\/es\/?s={search_term_string}\"},\"query-input\":\"required name=search_term_string\"}],\"inLanguage\":\"es\"},{\"@type\":\"Person\",\"@id\":\"https:\/\/www.alteacultural.com\/es\/#\/schema\/person\/c4e137537f1af546d214a315255e5172\",\"name\":\"sfaltea.com-admin\",\"image\":{\"@type\":\"ImageObject\",\"inLanguage\":\"es\",\"@id\":\"https:\/\/www.alteacultural.com\/es\/#\/schema\/person\/image\/\",\"url\":\"https:\/\/secure.gravatar.com\/avatar\/f7473fa2fbd351270ccfd469de536202?s=96&d=mm&r=g\",\"contentUrl\":\"https:\/\/secure.gravatar.com\/avatar\/f7473fa2fbd351270ccfd469de536202?s=96&d=mm&r=g\",\"caption\":\"sfaltea.com-admin\"},\"url\":\"https:\/\/www.alteacultural.com\/es\/author\/sfaltea-com-admin\/\"}]}<\/script>\n<!-- \/ Yoast SEO plugin. -->","yoast_head_json":{"title":"Descubren un posible horno cer\u00e1mico y parte de la muralla oeste de Altea la Vella - Altea Cultural","robots":{"index":"index","follow":"follow","max-snippet":"max-snippet:-1","max-image-preview":"max-image-preview:large","max-video-preview":"max-video-preview:-1"},"canonical":"https:\/\/www.alteacultural.com\/es\/2021\/11\/12\/descobreixen-un-possible-forn-ceramic-i-part-de-la-muralla-oest-daltea-la-vella\/","og_locale":"es_ES","og_type":"article","og_title":"Descubren un posible horno cer\u00e1mico y parte de la muralla oeste de Altea la Vella - Altea Cultural","og_description":"Las dos estructuras han sido documentadas por un equipo de arque\u00f3logos locales y de la Universidad de Alicante. Los [&hellip;]","og_url":"https:\/\/www.alteacultural.com\/es\/2021\/11\/12\/descobreixen-un-possible-forn-ceramic-i-part-de-la-muralla-oest-daltea-la-vella\/","og_site_name":"Altea Cultural","article_published_time":"2021-11-12T11:33:29+00:00","article_modified_time":"2021-11-12T11:39:59+00:00","og_image":[{"width":760,"height":511,"url":"https:\/\/www.alteacultural.com\/wp-content\/uploads\/2021\/11\/forn-altea-la-vella.jpg","type":"image\/jpeg"}],"author":"sfaltea.com-admin","twitter_card":"summary_large_image","twitter_misc":{"Escrito por":"sfaltea.com-admin","Tiempo de lectura":"2 minutos"},"schema":{"@context":"https:\/\/schema.org","@graph":[{"@type":"WebPage","@id":"https:\/\/www.alteacultural.com\/es\/2021\/11\/12\/descobreixen-un-possible-forn-ceramic-i-part-de-la-muralla-oest-daltea-la-vella\/","url":"https:\/\/www.alteacultural.com\/es\/2021\/11\/12\/descobreixen-un-possible-forn-ceramic-i-part-de-la-muralla-oest-daltea-la-vella\/","name":"Descubren un posible horno cer\u00e1mico y parte de la muralla oeste de Altea la Vella - Altea Cultural","isPartOf":{"@id":"https:\/\/www.alteacultural.com\/es\/#website"},"primaryImageOfPage":{"@id":"https:\/\/www.alteacultural.com\/es\/2021\/11\/12\/descobreixen-un-possible-forn-ceramic-i-part-de-la-muralla-oest-daltea-la-vella\/#primaryimage"},"image":{"@id":"https:\/\/www.alteacultural.com\/es\/2021\/11\/12\/descobreixen-un-possible-forn-ceramic-i-part-de-la-muralla-oest-daltea-la-vella\/#primaryimage"},"thumbnailUrl":"https:\/\/www.alteacultural.com\/wp-content\/uploads\/2021\/11\/forn-altea-la-vella.jpg","datePublished":"2021-11-12T11:33:29+00:00","dateModified":"2021-11-12T11:39:59+00:00","author":{"@id":"https:\/\/www.alteacultural.com\/es\/#\/schema\/person\/c4e137537f1af546d214a315255e5172"},"breadcrumb":{"@id":"https:\/\/www.alteacultural.com\/es\/2021\/11\/12\/descobreixen-un-possible-forn-ceramic-i-part-de-la-muralla-oest-daltea-la-vella\/#breadcrumb"},"inLanguage":"es","potentialAction":[{"@type":"ReadAction","target":["https:\/\/www.alteacultural.com\/es\/2021\/11\/12\/descobreixen-un-possible-forn-ceramic-i-part-de-la-muralla-oest-daltea-la-vella\/"]}]},{"@type":"ImageObject","inLanguage":"es","@id":"https:\/\/www.alteacultural.com\/es\/2021\/11\/12\/descobreixen-un-possible-forn-ceramic-i-part-de-la-muralla-oest-daltea-la-vella\/#primaryimage","url":"https:\/\/www.alteacultural.com\/wp-content\/uploads\/2021\/11\/forn-altea-la-vella.jpg","contentUrl":"https:\/\/www.alteacultural.com\/wp-content\/uploads\/2021\/11\/forn-altea-la-vella.jpg","width":760,"height":511},{"@type":"BreadcrumbList","@id":"https:\/\/www.alteacultural.com\/es\/2021\/11\/12\/descobreixen-un-possible-forn-ceramic-i-part-de-la-muralla-oest-daltea-la-vella\/#breadcrumb","itemListElement":[{"@type":"ListItem","position":1,"name":"Inici","item":"https:\/\/www.alteacultural.com\/es\/"},{"@type":"ListItem","position":2,"name":"Descubren un posible horno cer\u00e1mico y parte de la muralla oeste de Altea la Vella"}]},{"@type":"WebSite","@id":"https:\/\/www.alteacultural.com\/es\/#website","url":"https:\/\/www.alteacultural.com\/es\/","name":"Altea Cultural","description":"Regidoria de Cultura de l&#039;Ajuntament d&#039;Altea","potentialAction":[{"@type":"SearchAction","target":{"@type":"EntryPoint","urlTemplate":"https:\/\/www.alteacultural.com\/es\/?s={search_term_string}"},"query-input":"required name=search_term_string"}],"inLanguage":"es"},{"@type":"Person","@id":"https:\/\/www.alteacultural.com\/es\/#\/schema\/person\/c4e137537f1af546d214a315255e5172","name":"sfaltea.com-admin","image":{"@type":"ImageObject","inLanguage":"es","@id":"https:\/\/www.alteacultural.com\/es\/#\/schema\/person\/image\/","url":"https:\/\/secure.gravatar.com\/avatar\/f7473fa2fbd351270ccfd469de536202?s=96&d=mm&r=g","contentUrl":"https:\/\/secure.gravatar.com\/avatar\/f7473fa2fbd351270ccfd469de536202?s=96&d=mm&r=g","caption":"sfaltea.com-admin"},"url":"https:\/\/www.alteacultural.com\/es\/author\/sfaltea-com-admin\/"}]}},"_links":{"self":[{"href":"https:\/\/www.alteacultural.com\/es\/wp-json\/wp\/v2\/posts\/12691"}],"collection":[{"href":"https:\/\/www.alteacultural.com\/es\/wp-json\/wp\/v2\/posts"}],"about":[{"href":"https:\/\/www.alteacultural.com\/es\/wp-json\/wp\/v2\/types\/post"}],"author":[{"embeddable":true,"href":"https:\/\/www.alteacultural.com\/es\/wp-json\/wp\/v2\/users\/1"}],"replies":[{"embeddable":true,"href":"https:\/\/www.alteacultural.com\/es\/wp-json\/wp\/v2\/comments?post=12691"}],"version-history":[{"count":2,"href":"https:\/\/www.alteacultural.com\/es\/wp-json\/wp\/v2\/posts\/12691\/revisions"}],"predecessor-version":[{"id":12696,"href":"https:\/\/www.alteacultural.com\/es\/wp-json\/wp\/v2\/posts\/12691\/revisions\/12696"}],"wp:featuredmedia":[{"embeddable":true,"href":"https:\/\/www.alteacultural.com\/es\/wp-json\/wp\/v2\/media\/12689"}],"wp:attachment":[{"href":"https:\/\/www.alteacultural.com\/es\/wp-json\/wp\/v2\/media?parent=12691"}],"curies":[{"name":"wp","href":"https:\/\/api.w.org\/{rel}","templated":true}]}}