{"id":1325,"date":"2020-11-10T11:26:00","date_gmt":"2020-11-10T10:26:00","guid":{"rendered":"https:\/\/www.alteacultural.com\/2020\/11\/10\/els-premis-altea-de-literatura-i-investigacio-presenten-ledicio-de-les-obres-guanyadores\/"},"modified":"2020-11-10T11:26:00","modified_gmt":"2020-11-10T10:26:00","slug":"els-premis-altea-de-literatura-i-investigacio-presenten-ledicio-de-les-obres-guanyadores","status":"publish","type":"post","link":"https:\/\/www.alteacultural.com\/es\/2020\/11\/10\/els-premis-altea-de-literatura-i-investigacio-presenten-ledicio-de-les-obres-guanyadores\/","title":{"rendered":"Els \u201cPremis Altea de Literatura i Investigaci\u00f3\u201d presenten l\u2019edici\u00f3 de les obres guanyadores"},"content":{"rendered":"\n<figure class=\"wp-block-image\"><img decoding=\"async\" data-src=\"https:\/\/alteadigital.es\/wp-content\/uploads\/2020\/11\/acte-presentaci%C3%B3obres-editades-Premis-Altea-web.jpg\" alt=\"Els \u201cPremis Altea de Literatura i Investigaci\u00f3\u201d presenten l\u2019edici\u00f3 de les obres guanyadores\" src=\"data:image\/gif;base64,R0lGODlhAQABAAAAACH5BAEKAAEALAAAAAABAAEAAAICTAEAOw==\" class=\"lazyload\" \/><\/figure>\n\n\n\n<p>El proper dijous 12 de novembre, a les 20:00h a l\u2019auditori del Centre Social d\u2019Altea, tindr\u00e0 lloc la presentaci\u00f3 de les obres editades guanyadores de Premis Altea 2020: \u201cPremi Altea de Literatura Infantil i Juvenil\u201d, \u201cPremi Carmelina S\u00e1nchez Cutillas de Novel.la i Prosa Creativa \u201ci\u201d Premi Francesc Mart\u00ednez i Mart\u00ednez d\u2019Assaig i Investigaci\u00f3\u201dque han recaigut en\u201d No podria ser m\u00e9s feli\u00e7\u201d de Josep Escarr\u00e9; \u201cLa b\u00e8stica en qu\u00e8 cavalquem\u201d de Ferran Garcia-Oliver i \u201cDe la mar a la terra\u201d d\u2019Antonio Belda Antol\u00ed.<\/p>\n\n\n\n<p>Les obres guanyadores del \u201cPremi Altea de Literatura Infantil i Juvenil\u201d i del \u201cPremi Carmelina S\u00e1nchez Cutillas de Novel.la i Prosa Creativa han sigut &nbsp;editades per Aila Edicions; mentre que el \u201cPremi Francesc Mart\u00ednez i Mart\u00ednez d\u2019Assaig i Investigaci\u00f3\u201d ha estat editat per l\u2019Institut Alacant\u00ed de Cultura Juan Gil-Albert.<\/p>\n\n\n\n<p>Les guardonades d\u2019esta 4a edici\u00f3 de Premis Altea 2020 van ser donades a con\u00e8ixer el passat 12 de juny i van competir davant d\u2019un total de 120 obres; 55 en l\u2019apartat de novel\u00b7la i prosa creativa, 54 en el de novel\u00b7la infantil i juvenil i 11 en la categoria d\u2019investigaci\u00f3 i assaig.<\/p>\n\n\n\n<p>En el transcurs de l\u2019acte, a m\u00e9s del lliurament de premis, valorats en 5.000, 4.000 i 3.000\u20ac es dur\u00e0 a terme el lliurament dels trofeus \u201cPenell\u201d, \u201cAila\u201d i \u201cLa M\u00e0 de el Sol\u201d. Hi participaran d\u2019este els autors de les obres guanyadores; Joan Borja, director de la C\u00e0tedra Enric Valor; Aurora Serrat, regidora de Cultura d\u2019Altea; Toni Cabot, director de Publicacions i Investigaci\u00f3 de l\u2019IAC Juan Gil-Albert; Jos\u00e9 Miguel Cort\u00e9s, president de la Fundaci\u00f3 Caixaltea i Jaume Llinares, alcalde d\u2019Altea.<\/p>\n\n\n\n<p>L\u2019entrada a l\u2019acte \u00e9s gratu\u00efta pr\u00e8via reserva a la Casa de Cultura o a\u00a0<a href=\"http:\/\/www.alteacultura.com\/\">www.alteacultural.com<\/a>. \u00a0L\u2019aforament a la sala estar\u00e0 limitat i s\u2019aplicaran les mesures especials anti COVID-19. A m\u00e9s, l\u2019acte ser\u00e0 retransm\u00e8s en directe pel canal de youtube municipal i per\u00a0<a href=\"http:\/\/www.altea.es\/\">www.altea.es<\/a>\u00a0.<\/p>\n","protected":false},"excerpt":{"rendered":"<p>El proper dijous 12 de novembre, a les 20:00h a l\u2019auditori del Centre Social d\u2019Altea, tindr\u00e0 lloc la presentaci\u00f3 [&hellip;]<\/p>\n","protected":false},"author":1,"featured_media":1324,"comment_status":"open","ping_status":"open","sticky":false,"template":"","format":"standard","meta":{"_expiration-date-status":"saved","_expiration-date":0,"_expiration-date-type":"","_expiration-date-categories":[],"_expiration-date-options":[],"footnotes":""},"yoast_head":"<!-- This site is optimized with the Yoast SEO plugin v22.8 - https:\/\/yoast.com\/wordpress\/plugins\/seo\/ -->\n<title>Els \u201cPremis Altea de Literatura i Investigaci\u00f3\u201d presenten l\u2019edici\u00f3 de les obres guanyadores - Altea Cultural<\/title>\n<meta name=\"robots\" content=\"index, follow, max-snippet:-1, max-image-preview:large, max-video-preview:-1\" \/>\n<link rel=\"canonical\" href=\"https:\/\/www.alteacultural.com\/es\/2020\/11\/10\/els-premis-altea-de-literatura-i-investigacio-presenten-ledicio-de-les-obres-guanyadores\/\" \/>\n<meta property=\"og:locale\" content=\"es_ES\" \/>\n<meta property=\"og:type\" content=\"article\" \/>\n<meta property=\"og:title\" content=\"Els \u201cPremis Altea de Literatura i Investigaci\u00f3\u201d presenten l\u2019edici\u00f3 de les obres guanyadores - Altea Cultural\" \/>\n<meta property=\"og:description\" content=\"El proper dijous 12 de novembre, a les 20:00h a l\u2019auditori del Centre Social d\u2019Altea, tindr\u00e0 lloc la presentaci\u00f3 [&hellip;]\" \/>\n<meta property=\"og:url\" content=\"https:\/\/www.alteacultural.com\/es\/2020\/11\/10\/els-premis-altea-de-literatura-i-investigacio-presenten-ledicio-de-les-obres-guanyadores\/\" \/>\n<meta property=\"og:site_name\" content=\"Altea Cultural\" \/>\n<meta property=\"article:published_time\" content=\"2020-11-10T10:26:00+00:00\" \/>\n<meta property=\"og:image\" content=\"https:\/\/www.alteacultural.com\/wp-content\/uploads\/2020\/11\/premialtea.jpg\" \/>\n\t<meta property=\"og:image:width\" content=\"660\" \/>\n\t<meta property=\"og:image:height\" content=\"192\" \/>\n\t<meta property=\"og:image:type\" content=\"image\/jpeg\" \/>\n<meta name=\"author\" content=\"sfaltea.com-admin\" \/>\n<meta name=\"twitter:card\" content=\"summary_large_image\" \/>\n<meta name=\"twitter:label1\" content=\"Escrito por\" \/>\n\t<meta name=\"twitter:data1\" content=\"sfaltea.com-admin\" \/>\n\t<meta name=\"twitter:label2\" content=\"Tiempo de lectura\" \/>\n\t<meta name=\"twitter:data2\" content=\"2 minutos\" \/>\n<script type=\"application\/ld+json\" class=\"yoast-schema-graph\">{\"@context\":\"https:\/\/schema.org\",\"@graph\":[{\"@type\":\"WebPage\",\"@id\":\"https:\/\/www.alteacultural.com\/es\/2020\/11\/10\/els-premis-altea-de-literatura-i-investigacio-presenten-ledicio-de-les-obres-guanyadores\/\",\"url\":\"https:\/\/www.alteacultural.com\/es\/2020\/11\/10\/els-premis-altea-de-literatura-i-investigacio-presenten-ledicio-de-les-obres-guanyadores\/\",\"name\":\"Els \u201cPremis Altea de Literatura i Investigaci\u00f3\u201d presenten l\u2019edici\u00f3 de les obres guanyadores - Altea Cultural\",\"isPartOf\":{\"@id\":\"https:\/\/www.alteacultural.com\/es\/#website\"},\"primaryImageOfPage\":{\"@id\":\"https:\/\/www.alteacultural.com\/es\/2020\/11\/10\/els-premis-altea-de-literatura-i-investigacio-presenten-ledicio-de-les-obres-guanyadores\/#primaryimage\"},\"image\":{\"@id\":\"https:\/\/www.alteacultural.com\/es\/2020\/11\/10\/els-premis-altea-de-literatura-i-investigacio-presenten-ledicio-de-les-obres-guanyadores\/#primaryimage\"},\"thumbnailUrl\":\"https:\/\/www.alteacultural.com\/wp-content\/uploads\/2020\/11\/premialtea.jpg\",\"datePublished\":\"2020-11-10T10:26:00+00:00\",\"dateModified\":\"2020-11-10T10:26:00+00:00\",\"author\":{\"@id\":\"https:\/\/www.alteacultural.com\/es\/#\/schema\/person\/c4e137537f1af546d214a315255e5172\"},\"breadcrumb\":{\"@id\":\"https:\/\/www.alteacultural.com\/es\/2020\/11\/10\/els-premis-altea-de-literatura-i-investigacio-presenten-ledicio-de-les-obres-guanyadores\/#breadcrumb\"},\"inLanguage\":\"es\",\"potentialAction\":[{\"@type\":\"ReadAction\",\"target\":[\"https:\/\/www.alteacultural.com\/es\/2020\/11\/10\/els-premis-altea-de-literatura-i-investigacio-presenten-ledicio-de-les-obres-guanyadores\/\"]}]},{\"@type\":\"ImageObject\",\"inLanguage\":\"es\",\"@id\":\"https:\/\/www.alteacultural.com\/es\/2020\/11\/10\/els-premis-altea-de-literatura-i-investigacio-presenten-ledicio-de-les-obres-guanyadores\/#primaryimage\",\"url\":\"https:\/\/www.alteacultural.com\/wp-content\/uploads\/2020\/11\/premialtea.jpg\",\"contentUrl\":\"https:\/\/www.alteacultural.com\/wp-content\/uploads\/2020\/11\/premialtea.jpg\",\"width\":660,\"height\":192},{\"@type\":\"BreadcrumbList\",\"@id\":\"https:\/\/www.alteacultural.com\/es\/2020\/11\/10\/els-premis-altea-de-literatura-i-investigacio-presenten-ledicio-de-les-obres-guanyadores\/#breadcrumb\",\"itemListElement\":[{\"@type\":\"ListItem\",\"position\":1,\"name\":\"Inici\",\"item\":\"https:\/\/www.alteacultural.com\/es\/\"},{\"@type\":\"ListItem\",\"position\":2,\"name\":\"Els \u201cPremis Altea de Literatura i Investigaci\u00f3\u201d presenten l\u2019edici\u00f3 de les obres guanyadores\"}]},{\"@type\":\"WebSite\",\"@id\":\"https:\/\/www.alteacultural.com\/es\/#website\",\"url\":\"https:\/\/www.alteacultural.com\/es\/\",\"name\":\"Altea Cultural\",\"description\":\"Regidoria de Cultura de l&#039;Ajuntament d&#039;Altea\",\"potentialAction\":[{\"@type\":\"SearchAction\",\"target\":{\"@type\":\"EntryPoint\",\"urlTemplate\":\"https:\/\/www.alteacultural.com\/es\/?s={search_term_string}\"},\"query-input\":\"required name=search_term_string\"}],\"inLanguage\":\"es\"},{\"@type\":\"Person\",\"@id\":\"https:\/\/www.alteacultural.com\/es\/#\/schema\/person\/c4e137537f1af546d214a315255e5172\",\"name\":\"sfaltea.com-admin\",\"image\":{\"@type\":\"ImageObject\",\"inLanguage\":\"es\",\"@id\":\"https:\/\/www.alteacultural.com\/es\/#\/schema\/person\/image\/\",\"url\":\"https:\/\/secure.gravatar.com\/avatar\/f7473fa2fbd351270ccfd469de536202?s=96&d=mm&r=g\",\"contentUrl\":\"https:\/\/secure.gravatar.com\/avatar\/f7473fa2fbd351270ccfd469de536202?s=96&d=mm&r=g\",\"caption\":\"sfaltea.com-admin\"},\"url\":\"https:\/\/www.alteacultural.com\/es\/author\/sfaltea-com-admin\/\"}]}<\/script>\n<!-- \/ Yoast SEO plugin. -->","yoast_head_json":{"title":"Els \u201cPremis Altea de Literatura i Investigaci\u00f3\u201d presenten l\u2019edici\u00f3 de les obres guanyadores - Altea Cultural","robots":{"index":"index","follow":"follow","max-snippet":"max-snippet:-1","max-image-preview":"max-image-preview:large","max-video-preview":"max-video-preview:-1"},"canonical":"https:\/\/www.alteacultural.com\/es\/2020\/11\/10\/els-premis-altea-de-literatura-i-investigacio-presenten-ledicio-de-les-obres-guanyadores\/","og_locale":"es_ES","og_type":"article","og_title":"Els \u201cPremis Altea de Literatura i Investigaci\u00f3\u201d presenten l\u2019edici\u00f3 de les obres guanyadores - Altea Cultural","og_description":"El proper dijous 12 de novembre, a les 20:00h a l\u2019auditori del Centre Social d\u2019Altea, tindr\u00e0 lloc la presentaci\u00f3 [&hellip;]","og_url":"https:\/\/www.alteacultural.com\/es\/2020\/11\/10\/els-premis-altea-de-literatura-i-investigacio-presenten-ledicio-de-les-obres-guanyadores\/","og_site_name":"Altea Cultural","article_published_time":"2020-11-10T10:26:00+00:00","og_image":[{"width":660,"height":192,"url":"https:\/\/www.alteacultural.com\/wp-content\/uploads\/2020\/11\/premialtea.jpg","type":"image\/jpeg"}],"author":"sfaltea.com-admin","twitter_card":"summary_large_image","twitter_misc":{"Escrito por":"sfaltea.com-admin","Tiempo de lectura":"2 minutos"},"schema":{"@context":"https:\/\/schema.org","@graph":[{"@type":"WebPage","@id":"https:\/\/www.alteacultural.com\/es\/2020\/11\/10\/els-premis-altea-de-literatura-i-investigacio-presenten-ledicio-de-les-obres-guanyadores\/","url":"https:\/\/www.alteacultural.com\/es\/2020\/11\/10\/els-premis-altea-de-literatura-i-investigacio-presenten-ledicio-de-les-obres-guanyadores\/","name":"Els \u201cPremis Altea de Literatura i Investigaci\u00f3\u201d presenten l\u2019edici\u00f3 de les obres guanyadores - Altea Cultural","isPartOf":{"@id":"https:\/\/www.alteacultural.com\/es\/#website"},"primaryImageOfPage":{"@id":"https:\/\/www.alteacultural.com\/es\/2020\/11\/10\/els-premis-altea-de-literatura-i-investigacio-presenten-ledicio-de-les-obres-guanyadores\/#primaryimage"},"image":{"@id":"https:\/\/www.alteacultural.com\/es\/2020\/11\/10\/els-premis-altea-de-literatura-i-investigacio-presenten-ledicio-de-les-obres-guanyadores\/#primaryimage"},"thumbnailUrl":"https:\/\/www.alteacultural.com\/wp-content\/uploads\/2020\/11\/premialtea.jpg","datePublished":"2020-11-10T10:26:00+00:00","dateModified":"2020-11-10T10:26:00+00:00","author":{"@id":"https:\/\/www.alteacultural.com\/es\/#\/schema\/person\/c4e137537f1af546d214a315255e5172"},"breadcrumb":{"@id":"https:\/\/www.alteacultural.com\/es\/2020\/11\/10\/els-premis-altea-de-literatura-i-investigacio-presenten-ledicio-de-les-obres-guanyadores\/#breadcrumb"},"inLanguage":"es","potentialAction":[{"@type":"ReadAction","target":["https:\/\/www.alteacultural.com\/es\/2020\/11\/10\/els-premis-altea-de-literatura-i-investigacio-presenten-ledicio-de-les-obres-guanyadores\/"]}]},{"@type":"ImageObject","inLanguage":"es","@id":"https:\/\/www.alteacultural.com\/es\/2020\/11\/10\/els-premis-altea-de-literatura-i-investigacio-presenten-ledicio-de-les-obres-guanyadores\/#primaryimage","url":"https:\/\/www.alteacultural.com\/wp-content\/uploads\/2020\/11\/premialtea.jpg","contentUrl":"https:\/\/www.alteacultural.com\/wp-content\/uploads\/2020\/11\/premialtea.jpg","width":660,"height":192},{"@type":"BreadcrumbList","@id":"https:\/\/www.alteacultural.com\/es\/2020\/11\/10\/els-premis-altea-de-literatura-i-investigacio-presenten-ledicio-de-les-obres-guanyadores\/#breadcrumb","itemListElement":[{"@type":"ListItem","position":1,"name":"Inici","item":"https:\/\/www.alteacultural.com\/es\/"},{"@type":"ListItem","position":2,"name":"Els \u201cPremis Altea de Literatura i Investigaci\u00f3\u201d presenten l\u2019edici\u00f3 de les obres guanyadores"}]},{"@type":"WebSite","@id":"https:\/\/www.alteacultural.com\/es\/#website","url":"https:\/\/www.alteacultural.com\/es\/","name":"Altea Cultural","description":"Regidoria de Cultura de l&#039;Ajuntament d&#039;Altea","potentialAction":[{"@type":"SearchAction","target":{"@type":"EntryPoint","urlTemplate":"https:\/\/www.alteacultural.com\/es\/?s={search_term_string}"},"query-input":"required name=search_term_string"}],"inLanguage":"es"},{"@type":"Person","@id":"https:\/\/www.alteacultural.com\/es\/#\/schema\/person\/c4e137537f1af546d214a315255e5172","name":"sfaltea.com-admin","image":{"@type":"ImageObject","inLanguage":"es","@id":"https:\/\/www.alteacultural.com\/es\/#\/schema\/person\/image\/","url":"https:\/\/secure.gravatar.com\/avatar\/f7473fa2fbd351270ccfd469de536202?s=96&d=mm&r=g","contentUrl":"https:\/\/secure.gravatar.com\/avatar\/f7473fa2fbd351270ccfd469de536202?s=96&d=mm&r=g","caption":"sfaltea.com-admin"},"url":"https:\/\/www.alteacultural.com\/es\/author\/sfaltea-com-admin\/"}]}},"_links":{"self":[{"href":"https:\/\/www.alteacultural.com\/es\/wp-json\/wp\/v2\/posts\/1325"}],"collection":[{"href":"https:\/\/www.alteacultural.com\/es\/wp-json\/wp\/v2\/posts"}],"about":[{"href":"https:\/\/www.alteacultural.com\/es\/wp-json\/wp\/v2\/types\/post"}],"author":[{"embeddable":true,"href":"https:\/\/www.alteacultural.com\/es\/wp-json\/wp\/v2\/users\/1"}],"replies":[{"embeddable":true,"href":"https:\/\/www.alteacultural.com\/es\/wp-json\/wp\/v2\/comments?post=1325"}],"version-history":[{"count":0,"href":"https:\/\/www.alteacultural.com\/es\/wp-json\/wp\/v2\/posts\/1325\/revisions"}],"wp:featuredmedia":[{"embeddable":true,"href":"https:\/\/www.alteacultural.com\/es\/wp-json\/wp\/v2\/media\/1324"}],"wp:attachment":[{"href":"https:\/\/www.alteacultural.com\/es\/wp-json\/wp\/v2\/media?parent=1325"}],"curies":[{"name":"wp","href":"https:\/\/api.w.org\/{rel}","templated":true}]}}