{"id":13321,"date":"2021-12-17T22:04:32","date_gmt":"2021-12-17T21:04:32","guid":{"rendered":"https:\/\/www.alteacultural.com\/2021\/12\/17\/sanullen-els-concerts-i-actes-de-nadal-de-la-sfa-i-esmualtea\/"},"modified":"2022-02-28T18:14:09","modified_gmt":"2022-02-28T17:14:09","slug":"sanullen-els-concerts-i-actes-de-nadal-de-la-sfa-i-esmualtea","status":"publish","type":"post","link":"https:\/\/www.alteacultural.com\/es\/2021\/12\/17\/sanullen-els-concerts-i-actes-de-nadal-de-la-sfa-i-esmualtea\/","title":{"rendered":"Se anulan los conciertos y actos de Navidad de la SFA y EsMuAltea"},"content":{"rendered":"\n<p>Atendiendo la prudencia recomendada por las autoridades sanitarias para hacer frente en unas fiestas navide\u00f1as m\u00e1s seguras, la Sociedad Filarm\u00f3nica Alteanense (SFA) \/ Escuela de M\u00fasica y Danza de Altea (EsMuAltea) ha decidido cancelar los conciertos y actos de Navidad programados entre los d\u00edas 18 y 23 de diciembre.<\/p>\n\n\n\n<p><strong>Actos anulados<\/strong>:<br>&#8211; <strong>18\/dic<\/strong> &#8211; 11.00 h &#8211; Festival de Navidad de Jard\u00edn Musical\/Musibeb\u00e9s<br>&#8211; <strong>18\/dic<\/strong> &#8211; 19.15 h &#8211; Concierto de Nadal Coro y OPP de la SFA<br>&#8211; <strong>21\/dic<\/strong> &#8211; 19.30 h &#8211; Festival de Navidad de EsMuAltea<br>&#8211; <strong>23\/dic<\/strong> &#8211; 20.30 h &#8211; Concierto Extraordinario de Navidad (*)<\/p>\n\n\n\n<p><a href=\"https:\/\/www.alteacultural.com\/wp-content\/uploads\/2021\/12\/ANUL-LACIO-I-FELICITACIO-SFA-NADAL-2021-01.jpg\" target=\"_blank\" rel=\"noreferrer noopener\">VER COMUNICACI\u00d3N<\/a>.<br>La SFA\/EsMuAltea lamenta las molestias, y espera que pronto se puedan retomar los acontecimientos musicales con normalidad.<\/p>\n\n\n\n<p>*Los que han comprado entrada\/s por medio on-line recibir\u00e1n el importe de la devoluci\u00f3n de la\/s entrada\/s en el mismo modo de pago durante los pr\u00f3ximos d\u00edas, los que han comprado por medio presencial tendr\u00e1n que enviar antes del 24-12-2021 un WhatsApp al +34 691 443 443 para recibir instrucciones para el cobro de la devoluci\u00f3n de las entradas (el servicio WhatsApp puede tardar 48-72 h en responder).<\/p>\n","protected":false},"excerpt":{"rendered":"<p>Atendiendo la prudencia recomendada por las autoridades sanitarias para hacer frente en unas fiestas navide\u00f1as m\u00e1s seguras, la Sociedad [&hellip;]<\/p>\n","protected":false},"author":1,"featured_media":13315,"comment_status":"open","ping_status":"open","sticky":false,"template":"","format":"standard","meta":{"_expiration-date-status":"","_expiration-date":0,"_expiration-date-type":"","_expiration-date-categories":[],"_expiration-date-options":[],"footnotes":""},"yoast_head":"<!-- This site is optimized with the Yoast SEO plugin v22.8 - https:\/\/yoast.com\/wordpress\/plugins\/seo\/ -->\n<title>Se anulan los conciertos y actos de Navidad de la SFA y EsMuAltea - Altea Cultural<\/title>\n<meta name=\"robots\" content=\"index, follow, max-snippet:-1, max-image-preview:large, max-video-preview:-1\" \/>\n<link rel=\"canonical\" href=\"https:\/\/www.alteacultural.com\/es\/2021\/12\/17\/sanullen-els-concerts-i-actes-de-nadal-de-la-sfa-i-esmualtea\/\" \/>\n<meta property=\"og:locale\" content=\"es_ES\" \/>\n<meta property=\"og:type\" content=\"article\" \/>\n<meta property=\"og:title\" content=\"Se anulan los conciertos y actos de Navidad de la SFA y EsMuAltea - Altea Cultural\" \/>\n<meta property=\"og:description\" content=\"Atendiendo la prudencia recomendada por las autoridades sanitarias para hacer frente en unas fiestas navide\u00f1as m\u00e1s seguras, la Sociedad [&hellip;]\" \/>\n<meta property=\"og:url\" content=\"https:\/\/www.alteacultural.com\/es\/2021\/12\/17\/sanullen-els-concerts-i-actes-de-nadal-de-la-sfa-i-esmualtea\/\" \/>\n<meta property=\"og:site_name\" content=\"Altea Cultural\" \/>\n<meta property=\"article:published_time\" content=\"2021-12-17T21:04:32+00:00\" \/>\n<meta property=\"article:modified_time\" content=\"2022-02-28T17:14:09+00:00\" \/>\n<meta property=\"og:image\" content=\"https:\/\/www.alteacultural.com\/wp-content\/uploads\/2021\/12\/ANUL-LACIO-I-FELICITACIO-SFA-NADAL-2021-01.jpg\" \/>\n<meta name=\"author\" content=\"sfaltea.com-admin\" \/>\n<meta name=\"twitter:card\" content=\"summary_large_image\" \/>\n<meta name=\"twitter:label1\" content=\"Escrito por\" \/>\n\t<meta name=\"twitter:data1\" content=\"sfaltea.com-admin\" \/>\n\t<meta name=\"twitter:label2\" content=\"Tiempo de lectura\" \/>\n\t<meta name=\"twitter:data2\" content=\"1 minuto\" \/>\n<script type=\"application\/ld+json\" class=\"yoast-schema-graph\">{\"@context\":\"https:\/\/schema.org\",\"@graph\":[{\"@type\":\"WebPage\",\"@id\":\"https:\/\/www.alteacultural.com\/es\/2021\/12\/17\/sanullen-els-concerts-i-actes-de-nadal-de-la-sfa-i-esmualtea\/\",\"url\":\"https:\/\/www.alteacultural.com\/es\/2021\/12\/17\/sanullen-els-concerts-i-actes-de-nadal-de-la-sfa-i-esmualtea\/\",\"name\":\"Se anulan los conciertos y actos de Navidad de la SFA y EsMuAltea - Altea Cultural\",\"isPartOf\":{\"@id\":\"https:\/\/www.alteacultural.com\/es\/#website\"},\"primaryImageOfPage\":{\"@id\":\"https:\/\/www.alteacultural.com\/es\/2021\/12\/17\/sanullen-els-concerts-i-actes-de-nadal-de-la-sfa-i-esmualtea\/#primaryimage\"},\"image\":{\"@id\":\"https:\/\/www.alteacultural.com\/es\/2021\/12\/17\/sanullen-els-concerts-i-actes-de-nadal-de-la-sfa-i-esmualtea\/#primaryimage\"},\"thumbnailUrl\":\"https:\/\/www.alteacultural.com\/wp-content\/uploads\/2021\/12\/ANUL-LACIO-I-FELICITACIO-SFA-NADAL-2021-01.jpg\",\"datePublished\":\"2021-12-17T21:04:32+00:00\",\"dateModified\":\"2022-02-28T17:14:09+00:00\",\"author\":{\"@id\":\"https:\/\/www.alteacultural.com\/es\/#\/schema\/person\/c4e137537f1af546d214a315255e5172\"},\"breadcrumb\":{\"@id\":\"https:\/\/www.alteacultural.com\/es\/2021\/12\/17\/sanullen-els-concerts-i-actes-de-nadal-de-la-sfa-i-esmualtea\/#breadcrumb\"},\"inLanguage\":\"es\",\"potentialAction\":[{\"@type\":\"ReadAction\",\"target\":[\"https:\/\/www.alteacultural.com\/es\/2021\/12\/17\/sanullen-els-concerts-i-actes-de-nadal-de-la-sfa-i-esmualtea\/\"]}]},{\"@type\":\"ImageObject\",\"inLanguage\":\"es\",\"@id\":\"https:\/\/www.alteacultural.com\/es\/2021\/12\/17\/sanullen-els-concerts-i-actes-de-nadal-de-la-sfa-i-esmualtea\/#primaryimage\",\"url\":\"https:\/\/www.alteacultural.com\/wp-content\/uploads\/2021\/12\/ANUL-LACIO-I-FELICITACIO-SFA-NADAL-2021-01.jpg\",\"contentUrl\":\"https:\/\/www.alteacultural.com\/wp-content\/uploads\/2021\/12\/ANUL-LACIO-I-FELICITACIO-SFA-NADAL-2021-01.jpg\",\"width\":1754,\"height\":2480},{\"@type\":\"BreadcrumbList\",\"@id\":\"https:\/\/www.alteacultural.com\/es\/2021\/12\/17\/sanullen-els-concerts-i-actes-de-nadal-de-la-sfa-i-esmualtea\/#breadcrumb\",\"itemListElement\":[{\"@type\":\"ListItem\",\"position\":1,\"name\":\"Inici\",\"item\":\"https:\/\/www.alteacultural.com\/es\/\"},{\"@type\":\"ListItem\",\"position\":2,\"name\":\"Se anulan los conciertos y actos de Navidad de la SFA y EsMuAltea\"}]},{\"@type\":\"WebSite\",\"@id\":\"https:\/\/www.alteacultural.com\/es\/#website\",\"url\":\"https:\/\/www.alteacultural.com\/es\/\",\"name\":\"Altea Cultural\",\"description\":\"Regidoria de Cultura de l&#039;Ajuntament d&#039;Altea\",\"potentialAction\":[{\"@type\":\"SearchAction\",\"target\":{\"@type\":\"EntryPoint\",\"urlTemplate\":\"https:\/\/www.alteacultural.com\/es\/?s={search_term_string}\"},\"query-input\":\"required name=search_term_string\"}],\"inLanguage\":\"es\"},{\"@type\":\"Person\",\"@id\":\"https:\/\/www.alteacultural.com\/es\/#\/schema\/person\/c4e137537f1af546d214a315255e5172\",\"name\":\"sfaltea.com-admin\",\"image\":{\"@type\":\"ImageObject\",\"inLanguage\":\"es\",\"@id\":\"https:\/\/www.alteacultural.com\/es\/#\/schema\/person\/image\/\",\"url\":\"https:\/\/secure.gravatar.com\/avatar\/f7473fa2fbd351270ccfd469de536202?s=96&d=mm&r=g\",\"contentUrl\":\"https:\/\/secure.gravatar.com\/avatar\/f7473fa2fbd351270ccfd469de536202?s=96&d=mm&r=g\",\"caption\":\"sfaltea.com-admin\"},\"url\":\"https:\/\/www.alteacultural.com\/es\/author\/sfaltea-com-admin\/\"}]}<\/script>\n<!-- \/ Yoast SEO plugin. -->","yoast_head_json":{"title":"Se anulan los conciertos y actos de Navidad de la SFA y EsMuAltea - Altea Cultural","robots":{"index":"index","follow":"follow","max-snippet":"max-snippet:-1","max-image-preview":"max-image-preview:large","max-video-preview":"max-video-preview:-1"},"canonical":"https:\/\/www.alteacultural.com\/es\/2021\/12\/17\/sanullen-els-concerts-i-actes-de-nadal-de-la-sfa-i-esmualtea\/","og_locale":"es_ES","og_type":"article","og_title":"Se anulan los conciertos y actos de Navidad de la SFA y EsMuAltea - Altea Cultural","og_description":"Atendiendo la prudencia recomendada por las autoridades sanitarias para hacer frente en unas fiestas navide\u00f1as m\u00e1s seguras, la Sociedad [&hellip;]","og_url":"https:\/\/www.alteacultural.com\/es\/2021\/12\/17\/sanullen-els-concerts-i-actes-de-nadal-de-la-sfa-i-esmualtea\/","og_site_name":"Altea Cultural","article_published_time":"2021-12-17T21:04:32+00:00","article_modified_time":"2022-02-28T17:14:09+00:00","og_image":[{"url":"https:\/\/www.alteacultural.com\/wp-content\/uploads\/2021\/12\/ANUL-LACIO-I-FELICITACIO-SFA-NADAL-2021-01.jpg"}],"author":"sfaltea.com-admin","twitter_card":"summary_large_image","twitter_misc":{"Escrito por":"sfaltea.com-admin","Tiempo de lectura":"1 minuto"},"schema":{"@context":"https:\/\/schema.org","@graph":[{"@type":"WebPage","@id":"https:\/\/www.alteacultural.com\/es\/2021\/12\/17\/sanullen-els-concerts-i-actes-de-nadal-de-la-sfa-i-esmualtea\/","url":"https:\/\/www.alteacultural.com\/es\/2021\/12\/17\/sanullen-els-concerts-i-actes-de-nadal-de-la-sfa-i-esmualtea\/","name":"Se anulan los conciertos y actos de Navidad de la SFA y EsMuAltea - Altea Cultural","isPartOf":{"@id":"https:\/\/www.alteacultural.com\/es\/#website"},"primaryImageOfPage":{"@id":"https:\/\/www.alteacultural.com\/es\/2021\/12\/17\/sanullen-els-concerts-i-actes-de-nadal-de-la-sfa-i-esmualtea\/#primaryimage"},"image":{"@id":"https:\/\/www.alteacultural.com\/es\/2021\/12\/17\/sanullen-els-concerts-i-actes-de-nadal-de-la-sfa-i-esmualtea\/#primaryimage"},"thumbnailUrl":"https:\/\/www.alteacultural.com\/wp-content\/uploads\/2021\/12\/ANUL-LACIO-I-FELICITACIO-SFA-NADAL-2021-01.jpg","datePublished":"2021-12-17T21:04:32+00:00","dateModified":"2022-02-28T17:14:09+00:00","author":{"@id":"https:\/\/www.alteacultural.com\/es\/#\/schema\/person\/c4e137537f1af546d214a315255e5172"},"breadcrumb":{"@id":"https:\/\/www.alteacultural.com\/es\/2021\/12\/17\/sanullen-els-concerts-i-actes-de-nadal-de-la-sfa-i-esmualtea\/#breadcrumb"},"inLanguage":"es","potentialAction":[{"@type":"ReadAction","target":["https:\/\/www.alteacultural.com\/es\/2021\/12\/17\/sanullen-els-concerts-i-actes-de-nadal-de-la-sfa-i-esmualtea\/"]}]},{"@type":"ImageObject","inLanguage":"es","@id":"https:\/\/www.alteacultural.com\/es\/2021\/12\/17\/sanullen-els-concerts-i-actes-de-nadal-de-la-sfa-i-esmualtea\/#primaryimage","url":"https:\/\/www.alteacultural.com\/wp-content\/uploads\/2021\/12\/ANUL-LACIO-I-FELICITACIO-SFA-NADAL-2021-01.jpg","contentUrl":"https:\/\/www.alteacultural.com\/wp-content\/uploads\/2021\/12\/ANUL-LACIO-I-FELICITACIO-SFA-NADAL-2021-01.jpg","width":1754,"height":2480},{"@type":"BreadcrumbList","@id":"https:\/\/www.alteacultural.com\/es\/2021\/12\/17\/sanullen-els-concerts-i-actes-de-nadal-de-la-sfa-i-esmualtea\/#breadcrumb","itemListElement":[{"@type":"ListItem","position":1,"name":"Inici","item":"https:\/\/www.alteacultural.com\/es\/"},{"@type":"ListItem","position":2,"name":"Se anulan los conciertos y actos de Navidad de la SFA y EsMuAltea"}]},{"@type":"WebSite","@id":"https:\/\/www.alteacultural.com\/es\/#website","url":"https:\/\/www.alteacultural.com\/es\/","name":"Altea Cultural","description":"Regidoria de Cultura de l&#039;Ajuntament d&#039;Altea","potentialAction":[{"@type":"SearchAction","target":{"@type":"EntryPoint","urlTemplate":"https:\/\/www.alteacultural.com\/es\/?s={search_term_string}"},"query-input":"required name=search_term_string"}],"inLanguage":"es"},{"@type":"Person","@id":"https:\/\/www.alteacultural.com\/es\/#\/schema\/person\/c4e137537f1af546d214a315255e5172","name":"sfaltea.com-admin","image":{"@type":"ImageObject","inLanguage":"es","@id":"https:\/\/www.alteacultural.com\/es\/#\/schema\/person\/image\/","url":"https:\/\/secure.gravatar.com\/avatar\/f7473fa2fbd351270ccfd469de536202?s=96&d=mm&r=g","contentUrl":"https:\/\/secure.gravatar.com\/avatar\/f7473fa2fbd351270ccfd469de536202?s=96&d=mm&r=g","caption":"sfaltea.com-admin"},"url":"https:\/\/www.alteacultural.com\/es\/author\/sfaltea-com-admin\/"}]}},"_links":{"self":[{"href":"https:\/\/www.alteacultural.com\/es\/wp-json\/wp\/v2\/posts\/13321"}],"collection":[{"href":"https:\/\/www.alteacultural.com\/es\/wp-json\/wp\/v2\/posts"}],"about":[{"href":"https:\/\/www.alteacultural.com\/es\/wp-json\/wp\/v2\/types\/post"}],"author":[{"embeddable":true,"href":"https:\/\/www.alteacultural.com\/es\/wp-json\/wp\/v2\/users\/1"}],"replies":[{"embeddable":true,"href":"https:\/\/www.alteacultural.com\/es\/wp-json\/wp\/v2\/comments?post=13321"}],"version-history":[{"count":1,"href":"https:\/\/www.alteacultural.com\/es\/wp-json\/wp\/v2\/posts\/13321\/revisions"}],"predecessor-version":[{"id":13323,"href":"https:\/\/www.alteacultural.com\/es\/wp-json\/wp\/v2\/posts\/13321\/revisions\/13323"}],"wp:featuredmedia":[{"embeddable":true,"href":"https:\/\/www.alteacultural.com\/es\/wp-json\/wp\/v2\/media\/13315"}],"wp:attachment":[{"href":"https:\/\/www.alteacultural.com\/es\/wp-json\/wp\/v2\/media?parent=13321"}],"curies":[{"name":"wp","href":"https:\/\/api.w.org\/{rel}","templated":true}]}}