{"id":13717,"date":"2022-01-16T13:39:42","date_gmt":"2022-01-16T12:39:42","guid":{"rendered":"https:\/\/www.alteacultural.com\/2022\/01\/16\/agenda-gener-febrer-2022\/"},"modified":"2022-04-10T20:53:42","modified_gmt":"2022-04-10T18:53:42","slug":"agenda-gener-febrer-2022","status":"publish","type":"post","link":"https:\/\/www.alteacultural.com\/es\/2022\/01\/16\/agenda-gener-febrer-2022\/","title":{"rendered":"Agenda ENERO-FEBRERO 2022"},"content":{"rendered":"\n<figure class=\"wp-block-image size-large\"><img decoding=\"async\" data-src=\"https:\/\/www.alteacultural.com\/wp-content\/uploads\/2022\/01\/Programacio-Agenda-Altea-2022-01i02-gener-febrer-01-scaled.jpg\" alt=\"\" class=\"wp-image-13714 lazyload\" src=\"data:image\/gif;base64,R0lGODlhAQABAAAAACH5BAEKAAEALAAAAAABAAEAAAICTAEAOw==\" style=\"--smush-placeholder-width: 1833px; --smush-placeholder-aspect-ratio: 1833\/2560;\" \/><\/figure>\n\n\n\n<div class=\"wp-block-buttons aligncenter is-layout-flex wp-block-buttons-is-layout-flex\">\n<div class=\"wp-block-button\"><a class=\"wp-block-button__link\" href=\"https:\/\/www.alteacultural.com\/agenda\/?lang=es\">VER AGENDA<\/a><\/div>\n\n\n\n<div class=\"wp-block-button\"><a class=\"wp-block-button__link\" href=\"https:\/\/www.alteacultural.com\/agenda-avancament\/?lang=es\">AVANCE PROGRAM.<\/a><\/div>\n<\/div>\n\n\n\n<p><strong><span class=\"has-inline-color has-vivid-red-color\">Actualizaci\u00f3n 17-01-2022:<\/span><\/strong><br>La actuaci\u00f3n &#8216;Los m\u00fasicos de Bremen&#8217; anunciada para el 18-02-2022 realmente se realizar\u00e1 el <a href=\"https:\/\/www.alteacultural.com\/events\/los-musicos-de-bremen-entrades-proximament\/?lang=es\">13-02-2022<\/a>.<\/p>\n\n\n\n<p><strong><span class=\"has-inline-color has-vivid-red-color\">Actualizaci\u00f3n 20-01-2022:<\/span><\/strong><br>La actuaci\u00f3n &#8216;Jam\u00e1s: C. Sesto (musical)&#8217; anunciada para el 26-02-2022 a las 20.30, realmente ser\u00e1 a las 18.30 h.<\/p>\n","protected":false},"excerpt":{"rendered":"<p>Actualizaci\u00f3n 17-01-2022:La actuaci\u00f3n &#8216;Los m\u00fasicos de Bremen&#8217; anunciada para el 18-02-2022 realmente se realizar\u00e1 el 13-02-2022. Actualizaci\u00f3n 20-01-2022:La actuaci\u00f3n [&hellip;]<\/p>\n","protected":false},"author":1,"featured_media":13715,"comment_status":"open","ping_status":"open","sticky":false,"template":"","format":"standard","meta":{"_expiration-date-status":"saved","_expiration-date":1645912140,"_expiration-date-type":"category-remove","_expiration-date-categories":null,"_expiration-date-options":{"expireType":"category-remove","id":13717},"footnotes":""},"yoast_head":"<!-- This site is optimized with the Yoast SEO plugin v22.8 - https:\/\/yoast.com\/wordpress\/plugins\/seo\/ -->\n<title>Agenda ENERO-FEBRERO 2022 - Altea Cultural<\/title>\n<meta name=\"robots\" content=\"index, follow, max-snippet:-1, max-image-preview:large, max-video-preview:-1\" \/>\n<link rel=\"canonical\" href=\"https:\/\/www.alteacultural.com\/es\/2022\/01\/16\/agenda-gener-febrer-2022\/\" \/>\n<meta property=\"og:locale\" content=\"es_ES\" \/>\n<meta property=\"og:type\" content=\"article\" \/>\n<meta property=\"og:title\" content=\"Agenda ENERO-FEBRERO 2022 - Altea Cultural\" \/>\n<meta property=\"og:description\" content=\"Actualizaci\u00f3n 17-01-2022:La actuaci\u00f3n &#8216;Los m\u00fasicos de Bremen&#8217; anunciada para el 18-02-2022 realmente se realizar\u00e1 el 13-02-2022. Actualizaci\u00f3n 20-01-2022:La actuaci\u00f3n [&hellip;]\" \/>\n<meta property=\"og:url\" content=\"https:\/\/www.alteacultural.com\/es\/2022\/01\/16\/agenda-gener-febrer-2022\/\" \/>\n<meta property=\"og:site_name\" content=\"Altea Cultural\" \/>\n<meta property=\"article:published_time\" content=\"2022-01-16T12:39:42+00:00\" \/>\n<meta property=\"article:modified_time\" content=\"2022-04-10T18:53:42+00:00\" \/>\n<meta property=\"og:image\" content=\"https:\/\/www.alteacultural.com\/wp-content\/uploads\/2022\/01\/Programacio-Agenda-Altea-2022-01i02-gener-febrer-01-scaled.jpg\" \/>\n\t<meta property=\"og:image:width\" content=\"1833\" \/>\n\t<meta property=\"og:image:height\" content=\"2560\" \/>\n\t<meta property=\"og:image:type\" content=\"image\/jpeg\" \/>\n<meta name=\"author\" content=\"sfaltea.com-admin\" \/>\n<meta name=\"twitter:card\" content=\"summary_large_image\" \/>\n<meta name=\"twitter:label1\" content=\"Escrito por\" \/>\n\t<meta name=\"twitter:data1\" content=\"sfaltea.com-admin\" \/>\n\t<meta name=\"twitter:label2\" content=\"Tiempo de lectura\" \/>\n\t<meta name=\"twitter:data2\" content=\"1 minuto\" \/>\n<script type=\"application\/ld+json\" class=\"yoast-schema-graph\">{\"@context\":\"https:\/\/schema.org\",\"@graph\":[{\"@type\":\"WebPage\",\"@id\":\"https:\/\/www.alteacultural.com\/es\/2022\/01\/16\/agenda-gener-febrer-2022\/\",\"url\":\"https:\/\/www.alteacultural.com\/es\/2022\/01\/16\/agenda-gener-febrer-2022\/\",\"name\":\"Agenda ENERO-FEBRERO 2022 - Altea Cultural\",\"isPartOf\":{\"@id\":\"https:\/\/www.alteacultural.com\/es\/#website\"},\"primaryImageOfPage\":{\"@id\":\"https:\/\/www.alteacultural.com\/es\/2022\/01\/16\/agenda-gener-febrer-2022\/#primaryimage\"},\"image\":{\"@id\":\"https:\/\/www.alteacultural.com\/es\/2022\/01\/16\/agenda-gener-febrer-2022\/#primaryimage\"},\"thumbnailUrl\":\"https:\/\/www.alteacultural.com\/wp-content\/uploads\/2022\/01\/Programacio-Agenda-Altea-2022-01i02-gener-febrer-01-scaled.jpg\",\"datePublished\":\"2022-01-16T12:39:42+00:00\",\"dateModified\":\"2022-04-10T18:53:42+00:00\",\"author\":{\"@id\":\"https:\/\/www.alteacultural.com\/es\/#\/schema\/person\/c4e137537f1af546d214a315255e5172\"},\"breadcrumb\":{\"@id\":\"https:\/\/www.alteacultural.com\/es\/2022\/01\/16\/agenda-gener-febrer-2022\/#breadcrumb\"},\"inLanguage\":\"es\",\"potentialAction\":[{\"@type\":\"ReadAction\",\"target\":[\"https:\/\/www.alteacultural.com\/es\/2022\/01\/16\/agenda-gener-febrer-2022\/\"]}]},{\"@type\":\"ImageObject\",\"inLanguage\":\"es\",\"@id\":\"https:\/\/www.alteacultural.com\/es\/2022\/01\/16\/agenda-gener-febrer-2022\/#primaryimage\",\"url\":\"https:\/\/www.alteacultural.com\/wp-content\/uploads\/2022\/01\/Programacio-Agenda-Altea-2022-01i02-gener-febrer-01-scaled.jpg\",\"contentUrl\":\"https:\/\/www.alteacultural.com\/wp-content\/uploads\/2022\/01\/Programacio-Agenda-Altea-2022-01i02-gener-febrer-01-scaled.jpg\",\"width\":1833,\"height\":2560},{\"@type\":\"BreadcrumbList\",\"@id\":\"https:\/\/www.alteacultural.com\/es\/2022\/01\/16\/agenda-gener-febrer-2022\/#breadcrumb\",\"itemListElement\":[{\"@type\":\"ListItem\",\"position\":1,\"name\":\"Inici\",\"item\":\"https:\/\/www.alteacultural.com\/es\/\"},{\"@type\":\"ListItem\",\"position\":2,\"name\":\"Agenda ENERO-FEBRERO 2022\"}]},{\"@type\":\"WebSite\",\"@id\":\"https:\/\/www.alteacultural.com\/es\/#website\",\"url\":\"https:\/\/www.alteacultural.com\/es\/\",\"name\":\"Altea Cultural\",\"description\":\"Regidoria de Cultura de l&#039;Ajuntament d&#039;Altea\",\"potentialAction\":[{\"@type\":\"SearchAction\",\"target\":{\"@type\":\"EntryPoint\",\"urlTemplate\":\"https:\/\/www.alteacultural.com\/es\/?s={search_term_string}\"},\"query-input\":\"required name=search_term_string\"}],\"inLanguage\":\"es\"},{\"@type\":\"Person\",\"@id\":\"https:\/\/www.alteacultural.com\/es\/#\/schema\/person\/c4e137537f1af546d214a315255e5172\",\"name\":\"sfaltea.com-admin\",\"image\":{\"@type\":\"ImageObject\",\"inLanguage\":\"es\",\"@id\":\"https:\/\/www.alteacultural.com\/es\/#\/schema\/person\/image\/\",\"url\":\"https:\/\/secure.gravatar.com\/avatar\/f7473fa2fbd351270ccfd469de536202?s=96&d=mm&r=g\",\"contentUrl\":\"https:\/\/secure.gravatar.com\/avatar\/f7473fa2fbd351270ccfd469de536202?s=96&d=mm&r=g\",\"caption\":\"sfaltea.com-admin\"},\"url\":\"https:\/\/www.alteacultural.com\/es\/author\/sfaltea-com-admin\/\"}]}<\/script>\n<!-- \/ Yoast SEO plugin. -->","yoast_head_json":{"title":"Agenda ENERO-FEBRERO 2022 - Altea Cultural","robots":{"index":"index","follow":"follow","max-snippet":"max-snippet:-1","max-image-preview":"max-image-preview:large","max-video-preview":"max-video-preview:-1"},"canonical":"https:\/\/www.alteacultural.com\/es\/2022\/01\/16\/agenda-gener-febrer-2022\/","og_locale":"es_ES","og_type":"article","og_title":"Agenda ENERO-FEBRERO 2022 - Altea Cultural","og_description":"Actualizaci\u00f3n 17-01-2022:La actuaci\u00f3n &#8216;Los m\u00fasicos de Bremen&#8217; anunciada para el 18-02-2022 realmente se realizar\u00e1 el 13-02-2022. Actualizaci\u00f3n 20-01-2022:La actuaci\u00f3n [&hellip;]","og_url":"https:\/\/www.alteacultural.com\/es\/2022\/01\/16\/agenda-gener-febrer-2022\/","og_site_name":"Altea Cultural","article_published_time":"2022-01-16T12:39:42+00:00","article_modified_time":"2022-04-10T18:53:42+00:00","og_image":[{"width":1833,"height":2560,"url":"https:\/\/www.alteacultural.com\/wp-content\/uploads\/2022\/01\/Programacio-Agenda-Altea-2022-01i02-gener-febrer-01-scaled.jpg","type":"image\/jpeg"}],"author":"sfaltea.com-admin","twitter_card":"summary_large_image","twitter_misc":{"Escrito por":"sfaltea.com-admin","Tiempo de lectura":"1 minuto"},"schema":{"@context":"https:\/\/schema.org","@graph":[{"@type":"WebPage","@id":"https:\/\/www.alteacultural.com\/es\/2022\/01\/16\/agenda-gener-febrer-2022\/","url":"https:\/\/www.alteacultural.com\/es\/2022\/01\/16\/agenda-gener-febrer-2022\/","name":"Agenda ENERO-FEBRERO 2022 - Altea Cultural","isPartOf":{"@id":"https:\/\/www.alteacultural.com\/es\/#website"},"primaryImageOfPage":{"@id":"https:\/\/www.alteacultural.com\/es\/2022\/01\/16\/agenda-gener-febrer-2022\/#primaryimage"},"image":{"@id":"https:\/\/www.alteacultural.com\/es\/2022\/01\/16\/agenda-gener-febrer-2022\/#primaryimage"},"thumbnailUrl":"https:\/\/www.alteacultural.com\/wp-content\/uploads\/2022\/01\/Programacio-Agenda-Altea-2022-01i02-gener-febrer-01-scaled.jpg","datePublished":"2022-01-16T12:39:42+00:00","dateModified":"2022-04-10T18:53:42+00:00","author":{"@id":"https:\/\/www.alteacultural.com\/es\/#\/schema\/person\/c4e137537f1af546d214a315255e5172"},"breadcrumb":{"@id":"https:\/\/www.alteacultural.com\/es\/2022\/01\/16\/agenda-gener-febrer-2022\/#breadcrumb"},"inLanguage":"es","potentialAction":[{"@type":"ReadAction","target":["https:\/\/www.alteacultural.com\/es\/2022\/01\/16\/agenda-gener-febrer-2022\/"]}]},{"@type":"ImageObject","inLanguage":"es","@id":"https:\/\/www.alteacultural.com\/es\/2022\/01\/16\/agenda-gener-febrer-2022\/#primaryimage","url":"https:\/\/www.alteacultural.com\/wp-content\/uploads\/2022\/01\/Programacio-Agenda-Altea-2022-01i02-gener-febrer-01-scaled.jpg","contentUrl":"https:\/\/www.alteacultural.com\/wp-content\/uploads\/2022\/01\/Programacio-Agenda-Altea-2022-01i02-gener-febrer-01-scaled.jpg","width":1833,"height":2560},{"@type":"BreadcrumbList","@id":"https:\/\/www.alteacultural.com\/es\/2022\/01\/16\/agenda-gener-febrer-2022\/#breadcrumb","itemListElement":[{"@type":"ListItem","position":1,"name":"Inici","item":"https:\/\/www.alteacultural.com\/es\/"},{"@type":"ListItem","position":2,"name":"Agenda ENERO-FEBRERO 2022"}]},{"@type":"WebSite","@id":"https:\/\/www.alteacultural.com\/es\/#website","url":"https:\/\/www.alteacultural.com\/es\/","name":"Altea Cultural","description":"Regidoria de Cultura de l&#039;Ajuntament d&#039;Altea","potentialAction":[{"@type":"SearchAction","target":{"@type":"EntryPoint","urlTemplate":"https:\/\/www.alteacultural.com\/es\/?s={search_term_string}"},"query-input":"required name=search_term_string"}],"inLanguage":"es"},{"@type":"Person","@id":"https:\/\/www.alteacultural.com\/es\/#\/schema\/person\/c4e137537f1af546d214a315255e5172","name":"sfaltea.com-admin","image":{"@type":"ImageObject","inLanguage":"es","@id":"https:\/\/www.alteacultural.com\/es\/#\/schema\/person\/image\/","url":"https:\/\/secure.gravatar.com\/avatar\/f7473fa2fbd351270ccfd469de536202?s=96&d=mm&r=g","contentUrl":"https:\/\/secure.gravatar.com\/avatar\/f7473fa2fbd351270ccfd469de536202?s=96&d=mm&r=g","caption":"sfaltea.com-admin"},"url":"https:\/\/www.alteacultural.com\/es\/author\/sfaltea-com-admin\/"}]}},"_links":{"self":[{"href":"https:\/\/www.alteacultural.com\/es\/wp-json\/wp\/v2\/posts\/13717"}],"collection":[{"href":"https:\/\/www.alteacultural.com\/es\/wp-json\/wp\/v2\/posts"}],"about":[{"href":"https:\/\/www.alteacultural.com\/es\/wp-json\/wp\/v2\/types\/post"}],"author":[{"embeddable":true,"href":"https:\/\/www.alteacultural.com\/es\/wp-json\/wp\/v2\/users\/1"}],"replies":[{"embeddable":true,"href":"https:\/\/www.alteacultural.com\/es\/wp-json\/wp\/v2\/comments?post=13717"}],"version-history":[{"count":4,"href":"https:\/\/www.alteacultural.com\/es\/wp-json\/wp\/v2\/posts\/13717\/revisions"}],"predecessor-version":[{"id":14036,"href":"https:\/\/www.alteacultural.com\/es\/wp-json\/wp\/v2\/posts\/13717\/revisions\/14036"}],"wp:featuredmedia":[{"embeddable":true,"href":"https:\/\/www.alteacultural.com\/es\/wp-json\/wp\/v2\/media\/13715"}],"wp:attachment":[{"href":"https:\/\/www.alteacultural.com\/es\/wp-json\/wp\/v2\/media?parent=13717"}],"curies":[{"name":"wp","href":"https:\/\/api.w.org\/{rel}","templated":true}]}}