{"id":1549,"date":"2020-06-12T11:38:00","date_gmt":"2020-06-12T09:38:00","guid":{"rendered":"https:\/\/www.alteacultural.com\/2020\/06\/12\/ferran-garcia-oliver-josep-escarre-i-reig-i-antonio-belda-antoli-guanyadors-de-premis-altea-2020\/"},"modified":"2020-06-12T11:38:00","modified_gmt":"2020-06-12T09:38:00","slug":"ferran-garcia-oliver-josep-escarre-i-reig-i-antonio-belda-antoli-guanyadors-de-premis-altea-2020","status":"publish","type":"post","link":"https:\/\/www.alteacultural.com\/es\/2020\/06\/12\/ferran-garcia-oliver-josep-escarre-i-reig-i-antonio-belda-antoli-guanyadors-de-premis-altea-2020\/","title":{"rendered":"Ferran Garcia-Oliver, Josep Escarr\u00e9 i Reig i Antonio Belda Antol\u00ed guanyadors de Premis Altea 2020"},"content":{"rendered":"\n<figure class=\"wp-block-image size-large\"><img fetchpriority=\"high\" decoding=\"async\" width=\"1024\" height=\"603\" src=\"https:\/\/www.alteacultural.com\/wp-content\/uploads\/2020\/12\/RP-drets-web-1024x603.jpg\" alt=\"\" class=\"wp-image-1327\" srcset=\"https:\/\/www.alteacultural.com\/wp-content\/uploads\/2020\/12\/RP-drets-web-1024x603.jpg 1024w, https:\/\/www.alteacultural.com\/wp-content\/uploads\/2020\/12\/RP-drets-web-300x177.jpg 300w, https:\/\/www.alteacultural.com\/wp-content\/uploads\/2020\/12\/RP-drets-web-768x452.jpg 768w, https:\/\/www.alteacultural.com\/wp-content\/uploads\/2020\/12\/RP-drets-web.jpg 1028w\" sizes=\"(max-width: 1024px) 100vw, 1024px\" \/><\/figure>\n\n\n\n<p>En el mat\u00ed de hui s\u2019han donat a con\u00e8ixer els guanyadors dels \u201cPremis Altea de Literatura i Investigaci\u00f3 2020\u201d en la seua 4a edici\u00f3. Ferran Garcia-Oliver s\u2019ha al\u00e7at amb el \u201cPremi Carmelina S\u00e1nchez-Cutillas de Novel.la i Prosa Creativa\u201d, amb \u201cLa b\u00e8stia en qu\u00e8 cavalquem\u201d; Josep Escarr\u00e9 i Reig ha estat guardonat amb el \u201cPremi Altea de Literatura Infantil i Juvenil\u201d per la seua obra \u201cNo podria ser m\u00e9s feli\u00e7\u201d i Antonio Belda Antol\u00ed ha aconseguit el \u201cPremi Francesc Mart\u00ednez i Mart\u00ednez d\u2019Assaig i Investigaci\u00f3\u201d amb \u201cDe la mar a la terra \u201c. L\u2019acte en el qual s\u2019han donat a con\u00e8ixer els premiats ha estat presidit per l\u2019alcalde d\u2019Altea, Jaume Llinares i ha comptat amb la pres\u00e8ncia de l\u2019edil de Cultura, Aurora Serrat, el president de Caixaltea, Jos\u00e9 Miguel Cort\u00e9s i el director de la C\u00e0tedra Enric Valor de la UA i impulsor de la iniciativa, Joan Borja.<\/p>\n\n\n\n<p>En el transcurs de l\u2019acte, els presents han coincidit a assenyalar el gran nombre d\u2019obres que han concorregut als premis, amb un total de 120 presentades: 55 al \u201cPremi Carmelina S\u00e1nchez-Cutillas de Novel.la i Prosa\u201d, premi estrella dels Premis Altea, valorat en 5.000\u20ac; 54 al \u201cPremi de Literatura Infantil i Juvenil\u201d i 11 al \u201cPremi d\u2019Assaig i Investigaci\u00f3\u201d. Tamb\u00e9 l\u2019excepcionalitat de la situaci\u00f3 actual provocada pel COVID-19, que ha portat a retardar la deliberaci\u00f3 del jurat i posposar fins a la tardor la Gala-Sopar de lliurament de guardons, prevista per al passat 4 d\u2019abril, ha estat comentada pels participants en l\u2019anunci de premiats.<\/p>\n\n\n\n<p>El jurat de Premis Altea 2020 ha estat compost, en el cas del Premi de Literatura Infantil i Juvenil, per l\u2019autor guanyador de l\u2019any passat, Vicent Borr\u00e0s; l\u2019acad\u00e8mica Immaculada Cerd\u00e0 i Ana Esten de la UA. El Jurat del Premi Francesc Mart\u00ednez i Mart\u00ednez ha sigut Cristina Fuster, guanyadora de l\u2019any passat; Emili Casanova, acad\u00e8mic de l\u2019AVL i Cristina Lloren\u00e7 designada pel Juan Gil Albert i el Premi Carmelina S\u00e1nchez-Cutillas ha estat designat per l\u2019acad\u00e8mic Josep Palomero; el guanyador del premi de l\u2019any passat, Antoni Bonet i M\u00aa \u00c0ngels Frances per part de la UA, Comiss\u00e0ria Externa de l\u2019Any Carmelina S\u00e1nchez-Cutillas.<\/p>\n\n\n\n<p>L\u2019edil de Cultura ha condu\u00eft l\u2019acte i ha indicat que \u201ctot i no trobar-nos en les circumst\u00e0ncies que ens agradaria a tots, hui \u00e9s un dia de festa de la literatura, del coneixement i de l\u2019art de les paraules perqu\u00e8 \u00e9s un dia important amb este anunci dels guanyadors de Premis Altea 2020 \u201c.<\/p>\n\n\n\n<p>Aurora Serrat ha sigut l\u2019encarregada de desvetllar el guanyador del \u201cPremi de Literatura Infantil i Juvenil\u201d, valorat en 4.000 \u20ac i el trofeu Aila realitzat en els tallers de la Facultat de Belles Arts d\u2019Altea. L\u2019obra guanyadora d\u2019este premi \u201cNo podria ser m\u00e9s feli\u00e7\u201d de Josep Escarr\u00e9 Reig.<\/p>\n\n\n\n<p>Josep Escarr\u00e9 va n\u00e9ixer a Valls, Tarragona, per\u00f2 viu al Vall\u00e8s Oriental des de fa m\u00e9s de trenta anys. \u00c9s llicenciat en Ci\u00e8ncies de la Informaci\u00f3, traductor i escriptor.<\/p>\n\n\n\n<p>La seua obra, \u201cNo podria ser m\u00e9s feli\u00e7\u201d la protagonitza Marc, un adolescent de setze anys com tants altres: t\u00e9 una fam\u00edlia que l\u2019estima molt, amics, n\u00favia; li agrada anar a l\u2019institut, la literatura de ci\u00e8ncia ficci\u00f3 \u2026 Una vesprada d\u2019abril de 1985, per\u00f2, la seua vida es trasbalsar\u00e0 quan, abans que ho verbalitzen, endevina qu\u00e8 li volen dir Francesc i Mireia, els seus pares: la parella ha decidit separar-se despr\u00e9s de gaireb\u00e9 vint anys de matrimoni. A la not\u00edcia, que suposa un aut\u00e8ntic daltabaix per al protagonista, el segueix un mutisme que Marc no ent\u00e9n i que els seus pares s\u2019entesten a mantenir, sense aclarir el motiu que els ha portat a prendre una decisi\u00f3 tan dr\u00e0stica. Despr\u00e9s de ser escoltat per Celia, una amiga de la seua mare, pels seus amics i, sobretot, per Emma, la seua professora de filosofia, amb qui t\u00e9 molta confian\u00e7a, Marc intentar\u00e0 esbrinar per qu\u00e8 la seua mare, per\u00f2 sobretot el seu pare, que pr\u00e0cticament ha desaparegut de la seua vida, s\u00f3n incapa\u00e7os d\u2019explicar per qu\u00e8 han decidit posar punt i final a la seua hist\u00f2ria.<\/p>\n\n\n\n<p>El \u201cPremi Carmelina S\u00e1nchez Cutillas de novel.la i prosa creativa\u201d, valorat en 5.000 \u20ac i finan\u00e7at per la Fundaci\u00f3 Caixaltea, ha sigut revelat pel president de l\u2019entitat, Jos\u00e9 Miguel Cort\u00e9s. Este ha recaigut en Ferran Garcia-Oliver i la seua novel\u00b7la La b\u00e8stia en qu\u00e8 Cavalquem. A m\u00e9s de la quantia econ\u00f2mica del premi, el guanyador rebr\u00e0 el trofeu La m\u00e0 el Sol de Pepe Azor\u00edn.<\/p>\n\n\n\n<p>El president de Caixaltea ha manifestat satisfacci\u00f3 per part de l\u2019entitat que representa; \u201cCaixaltea est\u00e0 orgullosa de poder participar en un esdeveniment que potencia la nostra llengua\u201d.<\/p>\n\n\n\n<p>Ferran Garcia-Oliver \u00e9s escriptor i historiador. Catedr\u00e0tic d\u2019hist\u00f2ria medieval de la Universitat de Val\u00e8ncia, ha escrit nombrosos articles i llibres d\u2019investigaci\u00f3 i \u201cLa b\u00e8stia en qu\u00e8 cavalquem\u201d \u00e9s un dietari escrit entre febrer de 2017 i febrer de 2018, dotze mesos complets. El t\u00edtol prov\u00e9 d\u2019un dels sermons de Sant Vicent Ferrer. El dominic, per expressar la rapidesa i la fugacitat del temps, va acudir a la imatge, en efecte, d\u2019un animal sobre el qual vam muntar al llarg de la nostra vida: \u00abI la b\u00e8stia en qu\u00e8 cavalcam \u00e9s el temps, que corre amb quatre rodes\u00bb, diu. La qual cosa ve a significar: \u00abI la b\u00e8stia en qu\u00e8 cavalquem \u00e9s el temps, que corre amb quatre rodes.\u00bb Les quatre rodes signifiquen les quatre estacions. En este dietari Ferran Garcia-Oliver va anotant, un darrere l\u2019altre, per\u00f2 sense dates expl\u00edcites, els fets que, al seu parer, tenen rellev\u00e0ncia per explicar-se a si mateix i el m\u00f3n que l\u2019envolta. Combina experi\u00e8ncies \u00edntimes amb reflexions sobre assumptes \u00e8tics, morals o pol\u00edtics que ens concerneixen com a persones, davant d\u2019unes circumst\u00e0ncies sovint hostils. Aix\u00f2 no exclou, per\u00f2, una certa ironia i dosis de bon humor.<\/p>\n\n\n\n<p>I el \u201cPremi Francesc Mart\u00ednez i Mart\u00ednez d\u2019Assaig i Investigaci\u00f3\u201d, valorat en 3.000 \u20ac ha sigut revelat per l\u2019alcalde, Jaume Llinares. Ha recaigut en Antonio Belda Antol\u00ed amb \u201cDe la mar a la Terra\u201d. A este premi li acompanya el trofeu Penell de Seraf\u00ed Cort\u00e9s.<\/p>\n\n\n\n<p>En el transcurs de la seua intervenci\u00f3, l\u2019alcalde ha titllat estos premis com \u201cun dels projectes culturals dels darrers anys m\u00e9s destacat d\u2019entre tota l\u2019\u00e0mplia oferta cultural del municipi\u201d. \u201cS\u00f3n uns premis joves, estem celebrant la 4a edici\u00f3, i ja desperten gran inter\u00e8s entre la gent vinculada a la cultura que sol\u00b7licita assistir a la Gala de lliurament\u201d. Ha afegit Jaume Llinares. Una gala que com ha anunciat l\u2019edil de Cultura s\u2019est\u00e0 preparant per ser celebrada a la tardor, si les circumst\u00e0ncies ho permeten i que el primer edil alte\u00e0 ha descrit com un acte \u201cbonic, complet i equilibrat\u201d.<\/p>\n\n\n\n<p>Antonio Belda Antol\u00ed \u00e9s un bi\u00f2leg alcoi\u00e0, 1981, llicenciat en l\u2019especialitat de Biologia Ambiental per la Universitat d\u2019Alacant.<\/p>\n\n\n\n<p>De la mar a la terra \u00e9s un treball de recerca etnol\u00f2gica que naix com un repte personal de l\u2019autor per recopilar la informaci\u00f3 que, sobre fongs, fauna i flora, es troba en la mem\u00f2ria, els costums i els sabers dels habitants d\u2019Altea i la Marina Baixa: un territori encantador que va plantar la llavor de la curiositat i de l\u2019afecte des que l\u2019autor visitara estes terres per primera vegada. Es tracta per tant, d\u2019un coneixement basat en les seues viv\u00e8ncies, sobretot durant el temps en qu\u00e8 va residir a Altea, on es va aproximar a la seua gent i la seua cultura.<\/p>\n\n\n\n<p>Amb la inestimable i altruista col\u00b7laboraci\u00f3 per part d\u2019amics i coneguts, a \u201cDe la mar a la terra\u201d es desenvolupa una aproximaci\u00f3 als diferents usos que han tingut els animals, les plantes i els fongs que estan presents en el terme d\u2019Altea, posant de relleu el seu elevat valor cultural.<\/p>\n\n\n\n<p>Per la seua banda, Joan Borja, impulsor d\u2019estos premis ha parlat de la par\u00e0lisi que ha patit la vida en els \u00faltims mesos, per\u00f2 que no ha afectat la creativitat humana ni a la liter\u00e0ria.<br>Borja ha parlat del r\u00e8cord absolut de participaci\u00f3 en esta edici\u00f3 2020 amb la presentaci\u00f3 de 120 originals.<br>Joan Borja ha tingut paraules d\u2019agra\u00efment per a les institucions que fan possible la celebraci\u00f3 d\u2019Premis Altea de Litetatura i Investigaci\u00f3 i tamb\u00e9 per als centenars de participants que han passat per estes quatre edicions.<\/p>\n\n\n\n<p>Entre les col\u00b7laboracions que reben estos premis es troben les de la Fundaci\u00f3 Caixaltea, l\u2019Acad\u00e8mia Valenciana de la Llengua, la C\u00e0tedra Enric Valor de la Universitat d\u2019Alacant, Aila Edicions, l\u2019Institut Alacant\u00ed de Cultura Juan Gil-Albert i l\u2019Ajuntament d\u2019Altea.<\/p>\n\n\n\n<figure class=\"wp-block-image size-large\"><img decoding=\"async\" width=\"1024\" height=\"590\" data-src=\"https:\/\/www.alteacultural.com\/wp-content\/uploads\/2020\/12\/RP-sentans-web-1024x590.jpg\" alt=\"\" class=\"wp-image-1329 lazyload\" data-srcset=\"https:\/\/www.alteacultural.com\/wp-content\/uploads\/2020\/12\/RP-sentans-web-1024x590.jpg 1024w, https:\/\/www.alteacultural.com\/wp-content\/uploads\/2020\/12\/RP-sentans-web-300x173.jpg 300w, https:\/\/www.alteacultural.com\/wp-content\/uploads\/2020\/12\/RP-sentans-web-768x442.jpg 768w, https:\/\/www.alteacultural.com\/wp-content\/uploads\/2020\/12\/RP-sentans-web.jpg 1028w\" data-sizes=\"(max-width: 1024px) 100vw, 1024px\" src=\"data:image\/gif;base64,R0lGODlhAQABAAAAACH5BAEKAAEALAAAAAABAAEAAAICTAEAOw==\" style=\"--smush-placeholder-width: 1024px; --smush-placeholder-aspect-ratio: 1024\/590;\" \/><\/figure>\n","protected":false},"excerpt":{"rendered":"<p>En el mat\u00ed de hui s\u2019han donat a con\u00e8ixer els guanyadors dels \u201cPremis Altea de Literatura i Investigaci\u00f3 2020\u201d [&hellip;]<\/p>\n","protected":false},"author":1,"featured_media":1332,"comment_status":"open","ping_status":"open","sticky":false,"template":"","format":"standard","meta":{"_expiration-date-status":"saved","_expiration-date":0,"_expiration-date-type":"","_expiration-date-categories":[],"_expiration-date-options":[],"footnotes":""},"yoast_head":"<!-- This site is optimized with the Yoast SEO plugin v22.8 - https:\/\/yoast.com\/wordpress\/plugins\/seo\/ -->\n<title>Ferran Garcia-Oliver, Josep Escarr\u00e9 i Reig i Antonio Belda Antol\u00ed guanyadors de Premis Altea 2020 - Altea Cultural<\/title>\n<meta name=\"robots\" content=\"index, follow, max-snippet:-1, max-image-preview:large, max-video-preview:-1\" \/>\n<link rel=\"canonical\" href=\"https:\/\/www.alteacultural.com\/es\/2020\/06\/12\/ferran-garcia-oliver-josep-escarre-i-reig-i-antonio-belda-antoli-guanyadors-de-premis-altea-2020\/\" \/>\n<meta property=\"og:locale\" content=\"es_ES\" \/>\n<meta property=\"og:type\" content=\"article\" \/>\n<meta property=\"og:title\" content=\"Ferran Garcia-Oliver, Josep Escarr\u00e9 i Reig i Antonio Belda Antol\u00ed guanyadors de Premis Altea 2020 - Altea Cultural\" \/>\n<meta property=\"og:description\" content=\"En el mat\u00ed de hui s\u2019han donat a con\u00e8ixer els guanyadors dels \u201cPremis Altea de Literatura i Investigaci\u00f3 2020\u201d [&hellip;]\" \/>\n<meta property=\"og:url\" content=\"https:\/\/www.alteacultural.com\/es\/2020\/06\/12\/ferran-garcia-oliver-josep-escarre-i-reig-i-antonio-belda-antoli-guanyadors-de-premis-altea-2020\/\" \/>\n<meta property=\"og:site_name\" content=\"Altea Cultural\" \/>\n<meta property=\"article:published_time\" content=\"2020-06-12T09:38:00+00:00\" \/>\n<meta property=\"og:image\" content=\"https:\/\/www.alteacultural.com\/wp-content\/uploads\/2020\/12\/premisaltea2.jpg\" \/>\n\t<meta property=\"og:image:width\" content=\"660\" \/>\n\t<meta property=\"og:image:height\" content=\"192\" \/>\n\t<meta property=\"og:image:type\" content=\"image\/jpeg\" \/>\n<meta name=\"author\" content=\"sfaltea.com-admin\" \/>\n<meta name=\"twitter:card\" content=\"summary_large_image\" \/>\n<meta name=\"twitter:label1\" content=\"Escrito por\" \/>\n\t<meta name=\"twitter:data1\" content=\"sfaltea.com-admin\" \/>\n\t<meta name=\"twitter:label2\" content=\"Tiempo de lectura\" \/>\n\t<meta name=\"twitter:data2\" content=\"8 minutos\" \/>\n<script type=\"application\/ld+json\" class=\"yoast-schema-graph\">{\"@context\":\"https:\/\/schema.org\",\"@graph\":[{\"@type\":\"WebPage\",\"@id\":\"https:\/\/www.alteacultural.com\/es\/2020\/06\/12\/ferran-garcia-oliver-josep-escarre-i-reig-i-antonio-belda-antoli-guanyadors-de-premis-altea-2020\/\",\"url\":\"https:\/\/www.alteacultural.com\/es\/2020\/06\/12\/ferran-garcia-oliver-josep-escarre-i-reig-i-antonio-belda-antoli-guanyadors-de-premis-altea-2020\/\",\"name\":\"Ferran Garcia-Oliver, Josep Escarr\u00e9 i Reig i Antonio Belda Antol\u00ed guanyadors de Premis Altea 2020 - Altea Cultural\",\"isPartOf\":{\"@id\":\"https:\/\/www.alteacultural.com\/es\/#website\"},\"primaryImageOfPage\":{\"@id\":\"https:\/\/www.alteacultural.com\/es\/2020\/06\/12\/ferran-garcia-oliver-josep-escarre-i-reig-i-antonio-belda-antoli-guanyadors-de-premis-altea-2020\/#primaryimage\"},\"image\":{\"@id\":\"https:\/\/www.alteacultural.com\/es\/2020\/06\/12\/ferran-garcia-oliver-josep-escarre-i-reig-i-antonio-belda-antoli-guanyadors-de-premis-altea-2020\/#primaryimage\"},\"thumbnailUrl\":\"https:\/\/www.alteacultural.com\/wp-content\/uploads\/2020\/12\/premisaltea2.jpg\",\"datePublished\":\"2020-06-12T09:38:00+00:00\",\"dateModified\":\"2020-06-12T09:38:00+00:00\",\"author\":{\"@id\":\"https:\/\/www.alteacultural.com\/es\/#\/schema\/person\/c4e137537f1af546d214a315255e5172\"},\"breadcrumb\":{\"@id\":\"https:\/\/www.alteacultural.com\/es\/2020\/06\/12\/ferran-garcia-oliver-josep-escarre-i-reig-i-antonio-belda-antoli-guanyadors-de-premis-altea-2020\/#breadcrumb\"},\"inLanguage\":\"es\",\"potentialAction\":[{\"@type\":\"ReadAction\",\"target\":[\"https:\/\/www.alteacultural.com\/es\/2020\/06\/12\/ferran-garcia-oliver-josep-escarre-i-reig-i-antonio-belda-antoli-guanyadors-de-premis-altea-2020\/\"]}]},{\"@type\":\"ImageObject\",\"inLanguage\":\"es\",\"@id\":\"https:\/\/www.alteacultural.com\/es\/2020\/06\/12\/ferran-garcia-oliver-josep-escarre-i-reig-i-antonio-belda-antoli-guanyadors-de-premis-altea-2020\/#primaryimage\",\"url\":\"https:\/\/www.alteacultural.com\/wp-content\/uploads\/2020\/12\/premisaltea2.jpg\",\"contentUrl\":\"https:\/\/www.alteacultural.com\/wp-content\/uploads\/2020\/12\/premisaltea2.jpg\",\"width\":660,\"height\":192},{\"@type\":\"BreadcrumbList\",\"@id\":\"https:\/\/www.alteacultural.com\/es\/2020\/06\/12\/ferran-garcia-oliver-josep-escarre-i-reig-i-antonio-belda-antoli-guanyadors-de-premis-altea-2020\/#breadcrumb\",\"itemListElement\":[{\"@type\":\"ListItem\",\"position\":1,\"name\":\"Inici\",\"item\":\"https:\/\/www.alteacultural.com\/es\/\"},{\"@type\":\"ListItem\",\"position\":2,\"name\":\"Ferran Garcia-Oliver, Josep Escarr\u00e9 i Reig i Antonio Belda Antol\u00ed guanyadors de Premis Altea 2020\"}]},{\"@type\":\"WebSite\",\"@id\":\"https:\/\/www.alteacultural.com\/es\/#website\",\"url\":\"https:\/\/www.alteacultural.com\/es\/\",\"name\":\"Altea Cultural\",\"description\":\"Regidoria de Cultura de l&#039;Ajuntament d&#039;Altea\",\"potentialAction\":[{\"@type\":\"SearchAction\",\"target\":{\"@type\":\"EntryPoint\",\"urlTemplate\":\"https:\/\/www.alteacultural.com\/es\/?s={search_term_string}\"},\"query-input\":\"required name=search_term_string\"}],\"inLanguage\":\"es\"},{\"@type\":\"Person\",\"@id\":\"https:\/\/www.alteacultural.com\/es\/#\/schema\/person\/c4e137537f1af546d214a315255e5172\",\"name\":\"sfaltea.com-admin\",\"image\":{\"@type\":\"ImageObject\",\"inLanguage\":\"es\",\"@id\":\"https:\/\/www.alteacultural.com\/es\/#\/schema\/person\/image\/\",\"url\":\"https:\/\/secure.gravatar.com\/avatar\/f7473fa2fbd351270ccfd469de536202?s=96&d=mm&r=g\",\"contentUrl\":\"https:\/\/secure.gravatar.com\/avatar\/f7473fa2fbd351270ccfd469de536202?s=96&d=mm&r=g\",\"caption\":\"sfaltea.com-admin\"},\"url\":\"https:\/\/www.alteacultural.com\/es\/author\/sfaltea-com-admin\/\"}]}<\/script>\n<!-- \/ Yoast SEO plugin. -->","yoast_head_json":{"title":"Ferran Garcia-Oliver, Josep Escarr\u00e9 i Reig i Antonio Belda Antol\u00ed guanyadors de Premis Altea 2020 - Altea Cultural","robots":{"index":"index","follow":"follow","max-snippet":"max-snippet:-1","max-image-preview":"max-image-preview:large","max-video-preview":"max-video-preview:-1"},"canonical":"https:\/\/www.alteacultural.com\/es\/2020\/06\/12\/ferran-garcia-oliver-josep-escarre-i-reig-i-antonio-belda-antoli-guanyadors-de-premis-altea-2020\/","og_locale":"es_ES","og_type":"article","og_title":"Ferran Garcia-Oliver, Josep Escarr\u00e9 i Reig i Antonio Belda Antol\u00ed guanyadors de Premis Altea 2020 - Altea Cultural","og_description":"En el mat\u00ed de hui s\u2019han donat a con\u00e8ixer els guanyadors dels \u201cPremis Altea de Literatura i Investigaci\u00f3 2020\u201d [&hellip;]","og_url":"https:\/\/www.alteacultural.com\/es\/2020\/06\/12\/ferran-garcia-oliver-josep-escarre-i-reig-i-antonio-belda-antoli-guanyadors-de-premis-altea-2020\/","og_site_name":"Altea Cultural","article_published_time":"2020-06-12T09:38:00+00:00","og_image":[{"width":660,"height":192,"url":"https:\/\/www.alteacultural.com\/wp-content\/uploads\/2020\/12\/premisaltea2.jpg","type":"image\/jpeg"}],"author":"sfaltea.com-admin","twitter_card":"summary_large_image","twitter_misc":{"Escrito por":"sfaltea.com-admin","Tiempo de lectura":"8 minutos"},"schema":{"@context":"https:\/\/schema.org","@graph":[{"@type":"WebPage","@id":"https:\/\/www.alteacultural.com\/es\/2020\/06\/12\/ferran-garcia-oliver-josep-escarre-i-reig-i-antonio-belda-antoli-guanyadors-de-premis-altea-2020\/","url":"https:\/\/www.alteacultural.com\/es\/2020\/06\/12\/ferran-garcia-oliver-josep-escarre-i-reig-i-antonio-belda-antoli-guanyadors-de-premis-altea-2020\/","name":"Ferran Garcia-Oliver, Josep Escarr\u00e9 i Reig i Antonio Belda Antol\u00ed guanyadors de Premis Altea 2020 - Altea Cultural","isPartOf":{"@id":"https:\/\/www.alteacultural.com\/es\/#website"},"primaryImageOfPage":{"@id":"https:\/\/www.alteacultural.com\/es\/2020\/06\/12\/ferran-garcia-oliver-josep-escarre-i-reig-i-antonio-belda-antoli-guanyadors-de-premis-altea-2020\/#primaryimage"},"image":{"@id":"https:\/\/www.alteacultural.com\/es\/2020\/06\/12\/ferran-garcia-oliver-josep-escarre-i-reig-i-antonio-belda-antoli-guanyadors-de-premis-altea-2020\/#primaryimage"},"thumbnailUrl":"https:\/\/www.alteacultural.com\/wp-content\/uploads\/2020\/12\/premisaltea2.jpg","datePublished":"2020-06-12T09:38:00+00:00","dateModified":"2020-06-12T09:38:00+00:00","author":{"@id":"https:\/\/www.alteacultural.com\/es\/#\/schema\/person\/c4e137537f1af546d214a315255e5172"},"breadcrumb":{"@id":"https:\/\/www.alteacultural.com\/es\/2020\/06\/12\/ferran-garcia-oliver-josep-escarre-i-reig-i-antonio-belda-antoli-guanyadors-de-premis-altea-2020\/#breadcrumb"},"inLanguage":"es","potentialAction":[{"@type":"ReadAction","target":["https:\/\/www.alteacultural.com\/es\/2020\/06\/12\/ferran-garcia-oliver-josep-escarre-i-reig-i-antonio-belda-antoli-guanyadors-de-premis-altea-2020\/"]}]},{"@type":"ImageObject","inLanguage":"es","@id":"https:\/\/www.alteacultural.com\/es\/2020\/06\/12\/ferran-garcia-oliver-josep-escarre-i-reig-i-antonio-belda-antoli-guanyadors-de-premis-altea-2020\/#primaryimage","url":"https:\/\/www.alteacultural.com\/wp-content\/uploads\/2020\/12\/premisaltea2.jpg","contentUrl":"https:\/\/www.alteacultural.com\/wp-content\/uploads\/2020\/12\/premisaltea2.jpg","width":660,"height":192},{"@type":"BreadcrumbList","@id":"https:\/\/www.alteacultural.com\/es\/2020\/06\/12\/ferran-garcia-oliver-josep-escarre-i-reig-i-antonio-belda-antoli-guanyadors-de-premis-altea-2020\/#breadcrumb","itemListElement":[{"@type":"ListItem","position":1,"name":"Inici","item":"https:\/\/www.alteacultural.com\/es\/"},{"@type":"ListItem","position":2,"name":"Ferran Garcia-Oliver, Josep Escarr\u00e9 i Reig i Antonio Belda Antol\u00ed guanyadors de Premis Altea 2020"}]},{"@type":"WebSite","@id":"https:\/\/www.alteacultural.com\/es\/#website","url":"https:\/\/www.alteacultural.com\/es\/","name":"Altea Cultural","description":"Regidoria de Cultura de l&#039;Ajuntament d&#039;Altea","potentialAction":[{"@type":"SearchAction","target":{"@type":"EntryPoint","urlTemplate":"https:\/\/www.alteacultural.com\/es\/?s={search_term_string}"},"query-input":"required name=search_term_string"}],"inLanguage":"es"},{"@type":"Person","@id":"https:\/\/www.alteacultural.com\/es\/#\/schema\/person\/c4e137537f1af546d214a315255e5172","name":"sfaltea.com-admin","image":{"@type":"ImageObject","inLanguage":"es","@id":"https:\/\/www.alteacultural.com\/es\/#\/schema\/person\/image\/","url":"https:\/\/secure.gravatar.com\/avatar\/f7473fa2fbd351270ccfd469de536202?s=96&d=mm&r=g","contentUrl":"https:\/\/secure.gravatar.com\/avatar\/f7473fa2fbd351270ccfd469de536202?s=96&d=mm&r=g","caption":"sfaltea.com-admin"},"url":"https:\/\/www.alteacultural.com\/es\/author\/sfaltea-com-admin\/"}]}},"_links":{"self":[{"href":"https:\/\/www.alteacultural.com\/es\/wp-json\/wp\/v2\/posts\/1549"}],"collection":[{"href":"https:\/\/www.alteacultural.com\/es\/wp-json\/wp\/v2\/posts"}],"about":[{"href":"https:\/\/www.alteacultural.com\/es\/wp-json\/wp\/v2\/types\/post"}],"author":[{"embeddable":true,"href":"https:\/\/www.alteacultural.com\/es\/wp-json\/wp\/v2\/users\/1"}],"replies":[{"embeddable":true,"href":"https:\/\/www.alteacultural.com\/es\/wp-json\/wp\/v2\/comments?post=1549"}],"version-history":[{"count":0,"href":"https:\/\/www.alteacultural.com\/es\/wp-json\/wp\/v2\/posts\/1549\/revisions"}],"wp:featuredmedia":[{"embeddable":true,"href":"https:\/\/www.alteacultural.com\/es\/wp-json\/wp\/v2\/media\/1332"}],"wp:attachment":[{"href":"https:\/\/www.alteacultural.com\/es\/wp-json\/wp\/v2\/media?parent=1549"}],"curies":[{"name":"wp","href":"https:\/\/api.w.org\/{rel}","templated":true}]}}