{"id":16539,"date":"2022-03-23T10:37:54","date_gmt":"2022-03-23T09:37:54","guid":{"rendered":"https:\/\/www.alteacultural.com\/?p=16539"},"modified":"2022-04-09T13:02:10","modified_gmt":"2022-04-09T11:02:10","slug":"els-premis-altea-escalfen-motors","status":"publish","type":"post","link":"https:\/\/www.alteacultural.com\/es\/2022\/03\/23\/els-premis-altea-escalfen-motors\/","title":{"rendered":"Los \u2018Premis Altea\u2019 calientan motores"},"content":{"rendered":"\n<p><strong>La sexta edici\u00f3n de los \u2018Premis Altea de Literatura i Investigaci\u00f3\u2019 entran en sus semanas decisivas<\/strong><\/p>\n\n\n\n<p>Los \u2018Premis Altea\u2019 calientan motores, la sexta edici\u00f3n de este certamen de literatura e investigaci\u00f3n ha entrado en sus semanas decisivas y ser\u00e1 el pr\u00f3ximo 9 de abril cuando se d\u00e9 a conocer a los galardonados en una recuperada tradicional cena de gala.<\/p>\n\n\n\n<p>En esta edici\u00f3n se han presentado 131 obras: 9 trabajos presentados al \u2018Premi d\u2019Assaig i Investigaci\u00f3 Francesc Mart\u00ednez i Mart\u00ednez\u2019, 45 al \u2018Premi Altea de Literatura Infantil i Juvenil\u2019, y 77 al \u2018Premi Carmelina S\u00e1nchez-Cutillas de Novel\u00b7la i Prosa Creativa\u2019. Una alt\u00edsima concurrencia, que ha caracterizado ediciones anteriores, lo que consolida este certamen.<\/p>\n\n\n\n<p><strong>Gala de los \u2018Premis\u2019<\/strong><\/p>\n\n\n\n<p>Una de las cosas m\u00e1s esperadas en esta edici\u00f3n 2022 de los \u2018Premis Altea de Literatura i Investigaci\u00f3\u2019 es la recuperaci\u00f3n de la tradicional cena de gala con motivo de la resoluci\u00f3n, el reconocimiento y la entrega de trofeos a las personas premiadas en el Mirador del Palau Altea Centre d\u2019Arts.<\/p>\n\n\n\n<p>Durante las ediciones de 2020 y 2021, la pandemia hab\u00eda impedido la realizaci\u00f3n de esta cena de gala, pero este a\u00f1o vuelve a convocarse, recuperando la fecha tradicional, en la noche de la v\u00edspera del Domingo de Ramos, que este a\u00f1o ser\u00e1 el s\u00e1bado 9 de abril. Del men\u00fa literario que se servir\u00e1 para la ocasi\u00f3n se sabe s\u00f3lo que incluir\u00e1 simb\u00f3licamente, con toda seguridad \u2014como es ya cl\u00e1sico\u2014, el pan y la melva que lit\u00fargicamente aparecen en la c\u00e9lebre obra de Carmelina S\u00e1nchez-Cutillas Mat\u00e8ria de Bretanya. Otra cosa fija es que la gala ser\u00e1 amenizada, como en todas las ediciones anteriores, por la m\u00fasica en vivo de la Orquestra Blava. Y ha trascendido, igualmente, que el acto ser\u00e1 presentado y conducido por la periodista de \u00c0 Punt Vanessa Gregori, natural de Altea.<\/p>\n\n\n\n<p>Desde esta misma semana los tickets para la cena de la gala de los \u2018Premis Altea\u2019 se podr\u00e1n adquirir digitalmente, con un precio de 22 euros, en https:\/\/www.alteacultural.com, y presencialmente en las dependencias de la Casa de Cultura de Altea (c\/ Pont de Montcau, n\u00ba 14).<\/p>\n\n\n\n<p><strong>Jurados<\/strong><\/p>\n\n\n\n<p>Los jurados de las diferentes secciones objeto de concurso han tenido, por lo tanto, desde el pasado 31 de enero \u2014fecha en la que se cerr\u00f3 el plazo de admisi\u00f3n de originales\u2014, un importante trabajo de lectura, con diversidad y obras entre las que podr\u00e1n elegir los respectivos premios. Cabe recordar, en este sentido, que en cada edici\u00f3n la organizaci\u00f3n de los \u2018Premis Altea\u2019 solicita a la Acad\u00e8mia Valenciana de la Llengua la designaci\u00f3n de una de sus acad\u00e9micas \u2014o uno de sus acad\u00e9micos\u2014 para cada una de las secciones objeto de concurso. Otro miembro es siempre, de acuerdo con las bases, el ganador o la ganadora de la edici\u00f3n del a\u00f1o anterior. En el caso del \u2018Premi Francesc Mart\u00ednez i Mart\u00ednez\u2019, el Jurado se completa con una persona de reconocida competencia designada por el Instituto Alicantino de Cultura Juan Gil-Albert; y, por \u00faltimo, en el \u2018Premi Altea\u2019 y el \u2018Premi Carmelina S\u00e1nchez-Cutillas\u2019, el tercer miembro se elige entre especialistas de reconocido prestigio de la Universidad de Alicante.<\/p>\n\n\n\n<p>De acuerdo con esta configuraci\u00f3n, en la edici\u00f3n de este a\u00f1o intervendr\u00e1n como miembros del Jurado en el \u2018Premi Francesc Mart\u00ednez i Mart\u00ednez d\u2019Assaig i Investigaci\u00f3\u2019 Irene Ballester Buigues (Instituto Alicantino de Cultura Juan Gil-Albert), Jordi Bosch Canalias (ganador de la edici\u00f3n anterior) y \u00c0ngels Gregori i Parra (Acad\u00e8mia Valenciana de la Llengua). El jurado del \u2018Premi Altea de Literatura Infantil i Juvenil\u2019 est\u00e1 integrado por Immaculada Cerd\u00e0 Sanchis (Acad\u00e8mia Valenciana de la Llengua), M. \u00c0ngels Franc\u00e9s D\u00edez (Universitat d\u2019Alacant) e Ignasi Garcia Barba (ganador de la edici\u00f3n anterior). Y, por su parte, el Jurado del \u2018Premi Carmelina S\u00e1nchez-Cutillas de Novel\u00b7la i Prosa Creativa\u2019 lo componen Elvira Cambrils i Miralles (autora ganadora de la edici\u00f3n anterior), Joaquim Espin\u00f3s Felipe (Universidad de Alicante) y Carmen Manuel Cuenca (Acad\u00e8mia Valenciana de la Llengua).<\/p>\n\n\n\n<p><strong>Instituciones<\/strong><\/p>\n\n\n\n<p>Los \u2018Premis Altea de Literatura i Investigaci\u00f3\u2019, que en poco m\u00e1s de un lustro han logrado consolidarse como uno de los m\u00e1s prestigiosos del circuito literario valenciano, resultan posibles gracias a los acuerdos y sinergias creados entre las instituciones que colaboran en los mismos: el Ayuntamiento de Altea, la Fundaci\u00f3 Caixaltea, Aila Edicions, el Instituto Alicantino de Cultura Juan Gil-Albert, la Acad\u00e8mia Valenciana de la Llengua, la C\u00e0tedra Enric Valor de la Universidad de Alicante y, desde el 2020, la Generalitat Valenciana por medio de la Direcci\u00f3 General de Pol\u00edtica Ling\u00fc\u00edstica i Gesti\u00f3 del Multiling\u00fcisme. | ALTEADIGITAL.ES<\/p>\n","protected":false},"excerpt":{"rendered":"<p>La sexta edici\u00f3n de los \u2018Premis Altea de Literatura i Investigaci\u00f3\u2019 entran en sus semanas decisivas Los \u2018Premis Altea\u2019 [&hellip;]<\/p>\n","protected":false},"author":1,"featured_media":16530,"comment_status":"open","ping_status":"open","sticky":false,"template":"","format":"standard","meta":{"_expiration-date-status":"","_expiration-date":0,"_expiration-date-type":"","_expiration-date-categories":[],"_expiration-date-options":[],"footnotes":""},"yoast_head":"<!-- This site is optimized with the Yoast SEO plugin v22.8 - https:\/\/yoast.com\/wordpress\/plugins\/seo\/ -->\n<title>Los \u2018Premis Altea\u2019 calientan motores - Altea Cultural<\/title>\n<meta name=\"robots\" content=\"index, follow, max-snippet:-1, max-image-preview:large, max-video-preview:-1\" \/>\n<link rel=\"canonical\" href=\"https:\/\/www.alteacultural.com\/es\/2022\/03\/23\/els-premis-altea-escalfen-motors\/\" \/>\n<meta property=\"og:locale\" content=\"es_ES\" \/>\n<meta property=\"og:type\" content=\"article\" \/>\n<meta property=\"og:title\" content=\"Los \u2018Premis Altea\u2019 calientan motores - Altea Cultural\" \/>\n<meta property=\"og:description\" content=\"La sexta edici\u00f3n de los \u2018Premis Altea de Literatura i Investigaci\u00f3\u2019 entran en sus semanas decisivas Los \u2018Premis Altea\u2019 [&hellip;]\" \/>\n<meta property=\"og:url\" content=\"https:\/\/www.alteacultural.com\/es\/2022\/03\/23\/els-premis-altea-escalfen-motors\/\" \/>\n<meta property=\"og:site_name\" content=\"Altea Cultural\" \/>\n<meta property=\"article:published_time\" content=\"2022-03-23T09:37:54+00:00\" \/>\n<meta property=\"article:modified_time\" content=\"2022-04-09T11:02:10+00:00\" \/>\n<meta property=\"og:image\" content=\"https:\/\/www.alteacultural.com\/wp-content\/uploads\/2022\/03\/premis_altea_2022_cartell_gala-01.jpg\" \/>\n\t<meta property=\"og:image:width\" content=\"1777\" \/>\n\t<meta property=\"og:image:height\" content=\"2504\" \/>\n\t<meta property=\"og:image:type\" content=\"image\/jpeg\" \/>\n<meta name=\"author\" content=\"sfaltea.com-admin\" \/>\n<meta name=\"twitter:card\" content=\"summary_large_image\" \/>\n<meta name=\"twitter:label1\" content=\"Escrito por\" \/>\n\t<meta name=\"twitter:data1\" content=\"sfaltea.com-admin\" \/>\n\t<meta name=\"twitter:label2\" content=\"Tiempo de lectura\" \/>\n\t<meta name=\"twitter:data2\" content=\"4 minutos\" \/>\n<script type=\"application\/ld+json\" class=\"yoast-schema-graph\">{\"@context\":\"https:\/\/schema.org\",\"@graph\":[{\"@type\":\"WebPage\",\"@id\":\"https:\/\/www.alteacultural.com\/es\/2022\/03\/23\/els-premis-altea-escalfen-motors\/\",\"url\":\"https:\/\/www.alteacultural.com\/es\/2022\/03\/23\/els-premis-altea-escalfen-motors\/\",\"name\":\"Los \u2018Premis Altea\u2019 calientan motores - Altea Cultural\",\"isPartOf\":{\"@id\":\"https:\/\/www.alteacultural.com\/es\/#website\"},\"primaryImageOfPage\":{\"@id\":\"https:\/\/www.alteacultural.com\/es\/2022\/03\/23\/els-premis-altea-escalfen-motors\/#primaryimage\"},\"image\":{\"@id\":\"https:\/\/www.alteacultural.com\/es\/2022\/03\/23\/els-premis-altea-escalfen-motors\/#primaryimage\"},\"thumbnailUrl\":\"https:\/\/www.alteacultural.com\/wp-content\/uploads\/2022\/03\/premis_altea_2022_cartell_gala-01.jpg\",\"datePublished\":\"2022-03-23T09:37:54+00:00\",\"dateModified\":\"2022-04-09T11:02:10+00:00\",\"author\":{\"@id\":\"https:\/\/www.alteacultural.com\/es\/#\/schema\/person\/c4e137537f1af546d214a315255e5172\"},\"breadcrumb\":{\"@id\":\"https:\/\/www.alteacultural.com\/es\/2022\/03\/23\/els-premis-altea-escalfen-motors\/#breadcrumb\"},\"inLanguage\":\"es\",\"potentialAction\":[{\"@type\":\"ReadAction\",\"target\":[\"https:\/\/www.alteacultural.com\/es\/2022\/03\/23\/els-premis-altea-escalfen-motors\/\"]}]},{\"@type\":\"ImageObject\",\"inLanguage\":\"es\",\"@id\":\"https:\/\/www.alteacultural.com\/es\/2022\/03\/23\/els-premis-altea-escalfen-motors\/#primaryimage\",\"url\":\"https:\/\/www.alteacultural.com\/wp-content\/uploads\/2022\/03\/premis_altea_2022_cartell_gala-01.jpg\",\"contentUrl\":\"https:\/\/www.alteacultural.com\/wp-content\/uploads\/2022\/03\/premis_altea_2022_cartell_gala-01.jpg\",\"width\":1777,\"height\":2504},{\"@type\":\"BreadcrumbList\",\"@id\":\"https:\/\/www.alteacultural.com\/es\/2022\/03\/23\/els-premis-altea-escalfen-motors\/#breadcrumb\",\"itemListElement\":[{\"@type\":\"ListItem\",\"position\":1,\"name\":\"Inici\",\"item\":\"https:\/\/www.alteacultural.com\/es\/\"},{\"@type\":\"ListItem\",\"position\":2,\"name\":\"Los \u2018Premis Altea\u2019 calientan motores\"}]},{\"@type\":\"WebSite\",\"@id\":\"https:\/\/www.alteacultural.com\/es\/#website\",\"url\":\"https:\/\/www.alteacultural.com\/es\/\",\"name\":\"Altea Cultural\",\"description\":\"Regidoria de Cultura de l&#039;Ajuntament d&#039;Altea\",\"potentialAction\":[{\"@type\":\"SearchAction\",\"target\":{\"@type\":\"EntryPoint\",\"urlTemplate\":\"https:\/\/www.alteacultural.com\/es\/?s={search_term_string}\"},\"query-input\":\"required name=search_term_string\"}],\"inLanguage\":\"es\"},{\"@type\":\"Person\",\"@id\":\"https:\/\/www.alteacultural.com\/es\/#\/schema\/person\/c4e137537f1af546d214a315255e5172\",\"name\":\"sfaltea.com-admin\",\"image\":{\"@type\":\"ImageObject\",\"inLanguage\":\"es\",\"@id\":\"https:\/\/www.alteacultural.com\/es\/#\/schema\/person\/image\/\",\"url\":\"https:\/\/secure.gravatar.com\/avatar\/f7473fa2fbd351270ccfd469de536202?s=96&d=mm&r=g\",\"contentUrl\":\"https:\/\/secure.gravatar.com\/avatar\/f7473fa2fbd351270ccfd469de536202?s=96&d=mm&r=g\",\"caption\":\"sfaltea.com-admin\"},\"url\":\"https:\/\/www.alteacultural.com\/es\/author\/sfaltea-com-admin\/\"}]}<\/script>\n<!-- \/ Yoast SEO plugin. -->","yoast_head_json":{"title":"Los \u2018Premis Altea\u2019 calientan motores - Altea Cultural","robots":{"index":"index","follow":"follow","max-snippet":"max-snippet:-1","max-image-preview":"max-image-preview:large","max-video-preview":"max-video-preview:-1"},"canonical":"https:\/\/www.alteacultural.com\/es\/2022\/03\/23\/els-premis-altea-escalfen-motors\/","og_locale":"es_ES","og_type":"article","og_title":"Los \u2018Premis Altea\u2019 calientan motores - Altea Cultural","og_description":"La sexta edici\u00f3n de los \u2018Premis Altea de Literatura i Investigaci\u00f3\u2019 entran en sus semanas decisivas Los \u2018Premis Altea\u2019 [&hellip;]","og_url":"https:\/\/www.alteacultural.com\/es\/2022\/03\/23\/els-premis-altea-escalfen-motors\/","og_site_name":"Altea Cultural","article_published_time":"2022-03-23T09:37:54+00:00","article_modified_time":"2022-04-09T11:02:10+00:00","og_image":[{"url":"https:\/\/www.alteacultural.com\/wp-content\/uploads\/2022\/03\/premis_altea_2022_cartell_gala-01.jpg","width":1777,"height":2504,"type":"image\/jpeg"}],"author":"sfaltea.com-admin","twitter_card":"summary_large_image","twitter_misc":{"Escrito por":"sfaltea.com-admin","Tiempo de lectura":"4 minutos"},"schema":{"@context":"https:\/\/schema.org","@graph":[{"@type":"WebPage","@id":"https:\/\/www.alteacultural.com\/es\/2022\/03\/23\/els-premis-altea-escalfen-motors\/","url":"https:\/\/www.alteacultural.com\/es\/2022\/03\/23\/els-premis-altea-escalfen-motors\/","name":"Los \u2018Premis Altea\u2019 calientan motores - Altea Cultural","isPartOf":{"@id":"https:\/\/www.alteacultural.com\/es\/#website"},"primaryImageOfPage":{"@id":"https:\/\/www.alteacultural.com\/es\/2022\/03\/23\/els-premis-altea-escalfen-motors\/#primaryimage"},"image":{"@id":"https:\/\/www.alteacultural.com\/es\/2022\/03\/23\/els-premis-altea-escalfen-motors\/#primaryimage"},"thumbnailUrl":"https:\/\/www.alteacultural.com\/wp-content\/uploads\/2022\/03\/premis_altea_2022_cartell_gala-01.jpg","datePublished":"2022-03-23T09:37:54+00:00","dateModified":"2022-04-09T11:02:10+00:00","author":{"@id":"https:\/\/www.alteacultural.com\/es\/#\/schema\/person\/c4e137537f1af546d214a315255e5172"},"breadcrumb":{"@id":"https:\/\/www.alteacultural.com\/es\/2022\/03\/23\/els-premis-altea-escalfen-motors\/#breadcrumb"},"inLanguage":"es","potentialAction":[{"@type":"ReadAction","target":["https:\/\/www.alteacultural.com\/es\/2022\/03\/23\/els-premis-altea-escalfen-motors\/"]}]},{"@type":"ImageObject","inLanguage":"es","@id":"https:\/\/www.alteacultural.com\/es\/2022\/03\/23\/els-premis-altea-escalfen-motors\/#primaryimage","url":"https:\/\/www.alteacultural.com\/wp-content\/uploads\/2022\/03\/premis_altea_2022_cartell_gala-01.jpg","contentUrl":"https:\/\/www.alteacultural.com\/wp-content\/uploads\/2022\/03\/premis_altea_2022_cartell_gala-01.jpg","width":1777,"height":2504},{"@type":"BreadcrumbList","@id":"https:\/\/www.alteacultural.com\/es\/2022\/03\/23\/els-premis-altea-escalfen-motors\/#breadcrumb","itemListElement":[{"@type":"ListItem","position":1,"name":"Inici","item":"https:\/\/www.alteacultural.com\/es\/"},{"@type":"ListItem","position":2,"name":"Los \u2018Premis Altea\u2019 calientan motores"}]},{"@type":"WebSite","@id":"https:\/\/www.alteacultural.com\/es\/#website","url":"https:\/\/www.alteacultural.com\/es\/","name":"Altea Cultural","description":"Regidoria de Cultura de l&#039;Ajuntament d&#039;Altea","potentialAction":[{"@type":"SearchAction","target":{"@type":"EntryPoint","urlTemplate":"https:\/\/www.alteacultural.com\/es\/?s={search_term_string}"},"query-input":"required name=search_term_string"}],"inLanguage":"es"},{"@type":"Person","@id":"https:\/\/www.alteacultural.com\/es\/#\/schema\/person\/c4e137537f1af546d214a315255e5172","name":"sfaltea.com-admin","image":{"@type":"ImageObject","inLanguage":"es","@id":"https:\/\/www.alteacultural.com\/es\/#\/schema\/person\/image\/","url":"https:\/\/secure.gravatar.com\/avatar\/f7473fa2fbd351270ccfd469de536202?s=96&d=mm&r=g","contentUrl":"https:\/\/secure.gravatar.com\/avatar\/f7473fa2fbd351270ccfd469de536202?s=96&d=mm&r=g","caption":"sfaltea.com-admin"},"url":"https:\/\/www.alteacultural.com\/es\/author\/sfaltea-com-admin\/"}]}},"_links":{"self":[{"href":"https:\/\/www.alteacultural.com\/es\/wp-json\/wp\/v2\/posts\/16539"}],"collection":[{"href":"https:\/\/www.alteacultural.com\/es\/wp-json\/wp\/v2\/posts"}],"about":[{"href":"https:\/\/www.alteacultural.com\/es\/wp-json\/wp\/v2\/types\/post"}],"author":[{"embeddable":true,"href":"https:\/\/www.alteacultural.com\/es\/wp-json\/wp\/v2\/users\/1"}],"replies":[{"embeddable":true,"href":"https:\/\/www.alteacultural.com\/es\/wp-json\/wp\/v2\/comments?post=16539"}],"version-history":[{"count":3,"href":"https:\/\/www.alteacultural.com\/es\/wp-json\/wp\/v2\/posts\/16539\/revisions"}],"predecessor-version":[{"id":16544,"href":"https:\/\/www.alteacultural.com\/es\/wp-json\/wp\/v2\/posts\/16539\/revisions\/16544"}],"wp:featuredmedia":[{"embeddable":true,"href":"https:\/\/www.alteacultural.com\/es\/wp-json\/wp\/v2\/media\/16530"}],"wp:attachment":[{"href":"https:\/\/www.alteacultural.com\/es\/wp-json\/wp\/v2\/media?parent=16539"}],"curies":[{"name":"wp","href":"https:\/\/api.w.org\/{rel}","templated":true}]}}