{"id":17382,"date":"2022-04-01T08:39:50","date_gmt":"2022-04-01T06:39:50","guid":{"rendered":"https:\/\/www.alteacultural.com\/2022\/04\/01\/els-premis-altea-2022-homenatjaran-la-memoria-de-joana-frances\/"},"modified":"2022-04-01T08:44:46","modified_gmt":"2022-04-01T06:44:46","slug":"els-premis-altea-2022-homenatjaran-la-memoria-de-joana-frances","status":"publish","type":"post","link":"https:\/\/www.alteacultural.com\/es\/2022\/04\/01\/els-premis-altea-2022-homenatjaran-la-memoria-de-joana-frances\/","title":{"rendered":"Los \u00abPremis Altea\u00bb 2022 homenajear\u00e1n la memoria de Juana Franc\u00e9s"},"content":{"rendered":"\n<p><strong>La trayectoria creativa de la pintora de Altea ser\u00e1 reconocida con el \u00abPremi Estela d\u2019Honor\u00bb 2022<\/strong><\/p>\n\n\n\n<p>Nac\u00ed en Altea\u2026\u00bb. As\u00ed comienza el curr\u00edculo de la pintora Juana Franc\u00e9s en el volumen&nbsp;<em>La mujer en la cultura actual<\/em>, publicado en 1975 en Toledo: testimoniando y reivindicando en primera persona sus or\u00edgenes en Altea. Y la ciudad de Altea reconoce ahora, con la concesi\u00f3n del \u00abPremi Estela d\u2019Honor\u00bb de los \u00abPremis Altea de Literatura i Investigaci\u00f3\u00bb, la singular\u00edsima trayectoria creativa de la autora y el extraordinario legado de su obra.<\/p>\n\n\n\n<p>La excepcional pintora valenciana protagoniza estos d\u00edas, precisamente \u2014hasta el 19 de junio de 2022\u2014, la exposici\u00f3n \u00abJuana Franc\u00e9s. Antolog\u00eda \u00edntima (1957-1985)\u00bb en el Museo Carmen Thyssen de M\u00e1laga. Y es que los reconocimientos a la personalidad y a la obra de la alteana Joana Franc\u00e9s \u00faltimamente no paran de sucederse. Joana Franc\u00e9s form\u00f3 parte del grupo El Paso desde el momento de su fundaci\u00f3n, junto a Pablo Serrano, Antonio Saura y Manolo Millar, entre otros; e intervino con su obra ya en la c\u00e9lebre primera exposici\u00f3n del colectivo en la sala Buchholz de Madrid, en 1957. Al fin y al cabo, Joana Franc\u00e9s fue la \u00fanica mujer de este grupo esencial en la historia del arte espa\u00f1ol contempor\u00e1neo: un caso paradigm\u00e1tico en un contexto en el que la creaci\u00f3n pict\u00f3rica de vanguardia era dominada, pr\u00e1cticamente en exclusiva, por hombres. De hecho, su caso resulta tambi\u00e9n excepcional por ser una de las pocas pintoras valencianas que expone su obra en el extranjero, en espacios tan prestigiosos como el Museo de Arte Moderno de la Villa de Par\u00eds, la Fundaci\u00f3n Calouste Gulbenkian de Lisboa, la Universidad Brown de Providence, Rhode Island, la Tate Gallery de Londres, la Bienal de Venecia o el Museo Guggenheim de Nueva York. Sin embargo, a pesar de esta proyecci\u00f3n internacional, Juana Franc\u00e9s nunca rompi\u00f3 del todo sus v\u00ednculos con el lugar sus or\u00edgenes, y todav\u00eda se recuerdan en el mismo, por ejemplo, las exposiciones individuales que la autora realiz\u00f3 en la Galeria Alcoiarts del pueblo antiguo de Altea en los a\u00f1os 1972 y 1973.<\/p>\n\n\n\n<p>El \u00abPremi Estela d\u2019Honor\u00bb de los \u00abPremis Altea\u00bb fue concebido para reconocer la memoria de los creadores o escritores alteanos que, ya desaparecidos, han destacado y sobresalido vitalmente en el \u00e1mbito de la literatura, del arte o de la investigaci\u00f3n. Consiste en una reproducci\u00f3n a escala de la estela funeraria ib\u00e9rica de Altea la Vella \u00abpura mediterraneidad hecha piedra\u00bb, seg\u00fan algunos manuales de historia\u2014 que hace converger un triple simbolismo relativo a la historia y el patrimonio cultural alteanos, a la facultad dignificadora de la memoria humana, y al valor y el reconocimiento del honor p\u00f3stumo.<\/p>\n\n\n\n<p>El Premio Estela de Honor ser\u00e1 concedido a la familia de la pintora durante la gala de los \u00abPremis Altea de Literatura i Investigaci\u00f3\u00bb 2002, que tendr\u00e1 lugar el pr\u00f3ximo 9 de abril (\u00abla v\u00edspera del Domingo de Ramos\u00bb, tal y como se\u00f1ala la tradici\u00f3n): en el Palau Altea Centre d\u2019Arts, presentada por la periodista Vanessa Gregori y amenizada con la actuaci\u00f3n en directo de la Orquestra Blava. Durante esta gala se conocer\u00e1n, tambi\u00e9n, los ganadores de las tres secciones de los \u00abPremis Altea\u00bb objecto de concurso, a las que optan en esta edici\u00f3n un total de 131 obras presentadas: 9 al \u00abPremi d\u2019Assaig i Investigaci\u00f3 Francesc Mart\u00ednez i Mart\u00ednez\u00bb, 45 al \u00abPremi Altea de Literatura Infantil i Juvenil\u00bb, y 77 al \u00abPremi Carmelina S\u00e1nchez-Cutillas de Novel\u00b7la i Prosa Creativa\u00bb.<\/p>\n","protected":false},"excerpt":{"rendered":"<p>La trayectoria creativa de la pintora de Altea ser\u00e1 reconocida con el \u00abPremi Estela d\u2019Honor\u00bb 2022 Nac\u00ed en Altea\u2026\u00bb. [&hellip;]<\/p>\n","protected":false},"author":1,"featured_media":17376,"comment_status":"open","ping_status":"open","sticky":false,"template":"","format":"standard","meta":{"_expiration-date-status":"","_expiration-date":0,"_expiration-date-type":"","_expiration-date-categories":[],"_expiration-date-options":[],"footnotes":""},"yoast_head":"<!-- This site is optimized with the Yoast SEO plugin v22.8 - https:\/\/yoast.com\/wordpress\/plugins\/seo\/ -->\n<title>Los \u00abPremis Altea\u00bb 2022 homenajear\u00e1n la memoria de Juana Franc\u00e9s - Altea Cultural<\/title>\n<meta name=\"robots\" content=\"index, follow, max-snippet:-1, max-image-preview:large, max-video-preview:-1\" \/>\n<link rel=\"canonical\" href=\"https:\/\/www.alteacultural.com\/es\/2022\/04\/01\/els-premis-altea-2022-homenatjaran-la-memoria-de-joana-frances\/\" \/>\n<meta property=\"og:locale\" content=\"es_ES\" \/>\n<meta property=\"og:type\" content=\"article\" \/>\n<meta property=\"og:title\" content=\"Los \u00abPremis Altea\u00bb 2022 homenajear\u00e1n la memoria de Juana Franc\u00e9s - Altea Cultural\" \/>\n<meta property=\"og:description\" content=\"La trayectoria creativa de la pintora de Altea ser\u00e1 reconocida con el \u00abPremi Estela d\u2019Honor\u00bb 2022 Nac\u00ed en Altea\u2026\u00bb. [&hellip;]\" \/>\n<meta property=\"og:url\" content=\"https:\/\/www.alteacultural.com\/es\/2022\/04\/01\/els-premis-altea-2022-homenatjaran-la-memoria-de-joana-frances\/\" \/>\n<meta property=\"og:site_name\" content=\"Altea Cultural\" \/>\n<meta property=\"article:published_time\" content=\"2022-04-01T06:39:50+00:00\" \/>\n<meta property=\"article:modified_time\" content=\"2022-04-01T06:44:46+00:00\" \/>\n<meta property=\"og:image\" content=\"https:\/\/www.alteacultural.com\/wp-content\/uploads\/2022\/04\/Premis-Altea.jpg\" \/>\n\t<meta property=\"og:image:width\" content=\"850\" \/>\n\t<meta property=\"og:image:height\" content=\"654\" \/>\n\t<meta property=\"og:image:type\" content=\"image\/jpeg\" \/>\n<meta name=\"author\" content=\"sfaltea.com-admin\" \/>\n<meta name=\"twitter:card\" content=\"summary_large_image\" \/>\n<meta name=\"twitter:label1\" content=\"Escrito por\" \/>\n\t<meta name=\"twitter:data1\" content=\"sfaltea.com-admin\" \/>\n\t<meta name=\"twitter:label2\" content=\"Tiempo de lectura\" \/>\n\t<meta name=\"twitter:data2\" content=\"3 minutos\" \/>\n<script type=\"application\/ld+json\" class=\"yoast-schema-graph\">{\"@context\":\"https:\/\/schema.org\",\"@graph\":[{\"@type\":\"WebPage\",\"@id\":\"https:\/\/www.alteacultural.com\/es\/2022\/04\/01\/els-premis-altea-2022-homenatjaran-la-memoria-de-joana-frances\/\",\"url\":\"https:\/\/www.alteacultural.com\/es\/2022\/04\/01\/els-premis-altea-2022-homenatjaran-la-memoria-de-joana-frances\/\",\"name\":\"Los \u00abPremis Altea\u00bb 2022 homenajear\u00e1n la memoria de Juana Franc\u00e9s - Altea Cultural\",\"isPartOf\":{\"@id\":\"https:\/\/www.alteacultural.com\/es\/#website\"},\"primaryImageOfPage\":{\"@id\":\"https:\/\/www.alteacultural.com\/es\/2022\/04\/01\/els-premis-altea-2022-homenatjaran-la-memoria-de-joana-frances\/#primaryimage\"},\"image\":{\"@id\":\"https:\/\/www.alteacultural.com\/es\/2022\/04\/01\/els-premis-altea-2022-homenatjaran-la-memoria-de-joana-frances\/#primaryimage\"},\"thumbnailUrl\":\"https:\/\/www.alteacultural.com\/wp-content\/uploads\/2022\/04\/Premis-Altea.jpg\",\"datePublished\":\"2022-04-01T06:39:50+00:00\",\"dateModified\":\"2022-04-01T06:44:46+00:00\",\"author\":{\"@id\":\"https:\/\/www.alteacultural.com\/es\/#\/schema\/person\/c4e137537f1af546d214a315255e5172\"},\"breadcrumb\":{\"@id\":\"https:\/\/www.alteacultural.com\/es\/2022\/04\/01\/els-premis-altea-2022-homenatjaran-la-memoria-de-joana-frances\/#breadcrumb\"},\"inLanguage\":\"es\",\"potentialAction\":[{\"@type\":\"ReadAction\",\"target\":[\"https:\/\/www.alteacultural.com\/es\/2022\/04\/01\/els-premis-altea-2022-homenatjaran-la-memoria-de-joana-frances\/\"]}]},{\"@type\":\"ImageObject\",\"inLanguage\":\"es\",\"@id\":\"https:\/\/www.alteacultural.com\/es\/2022\/04\/01\/els-premis-altea-2022-homenatjaran-la-memoria-de-joana-frances\/#primaryimage\",\"url\":\"https:\/\/www.alteacultural.com\/wp-content\/uploads\/2022\/04\/Premis-Altea.jpg\",\"contentUrl\":\"https:\/\/www.alteacultural.com\/wp-content\/uploads\/2022\/04\/Premis-Altea.jpg\",\"width\":850,\"height\":654},{\"@type\":\"BreadcrumbList\",\"@id\":\"https:\/\/www.alteacultural.com\/es\/2022\/04\/01\/els-premis-altea-2022-homenatjaran-la-memoria-de-joana-frances\/#breadcrumb\",\"itemListElement\":[{\"@type\":\"ListItem\",\"position\":1,\"name\":\"Inici\",\"item\":\"https:\/\/www.alteacultural.com\/es\/\"},{\"@type\":\"ListItem\",\"position\":2,\"name\":\"Los \u00abPremis Altea\u00bb 2022 homenajear\u00e1n la memoria de Juana Franc\u00e9s\"}]},{\"@type\":\"WebSite\",\"@id\":\"https:\/\/www.alteacultural.com\/es\/#website\",\"url\":\"https:\/\/www.alteacultural.com\/es\/\",\"name\":\"Altea Cultural\",\"description\":\"Regidoria de Cultura de l&#039;Ajuntament d&#039;Altea\",\"potentialAction\":[{\"@type\":\"SearchAction\",\"target\":{\"@type\":\"EntryPoint\",\"urlTemplate\":\"https:\/\/www.alteacultural.com\/es\/?s={search_term_string}\"},\"query-input\":\"required name=search_term_string\"}],\"inLanguage\":\"es\"},{\"@type\":\"Person\",\"@id\":\"https:\/\/www.alteacultural.com\/es\/#\/schema\/person\/c4e137537f1af546d214a315255e5172\",\"name\":\"sfaltea.com-admin\",\"image\":{\"@type\":\"ImageObject\",\"inLanguage\":\"es\",\"@id\":\"https:\/\/www.alteacultural.com\/es\/#\/schema\/person\/image\/\",\"url\":\"https:\/\/secure.gravatar.com\/avatar\/f7473fa2fbd351270ccfd469de536202?s=96&d=mm&r=g\",\"contentUrl\":\"https:\/\/secure.gravatar.com\/avatar\/f7473fa2fbd351270ccfd469de536202?s=96&d=mm&r=g\",\"caption\":\"sfaltea.com-admin\"},\"url\":\"https:\/\/www.alteacultural.com\/es\/author\/sfaltea-com-admin\/\"}]}<\/script>\n<!-- \/ Yoast SEO plugin. -->","yoast_head_json":{"title":"Los \u00abPremis Altea\u00bb 2022 homenajear\u00e1n la memoria de Juana Franc\u00e9s - Altea Cultural","robots":{"index":"index","follow":"follow","max-snippet":"max-snippet:-1","max-image-preview":"max-image-preview:large","max-video-preview":"max-video-preview:-1"},"canonical":"https:\/\/www.alteacultural.com\/es\/2022\/04\/01\/els-premis-altea-2022-homenatjaran-la-memoria-de-joana-frances\/","og_locale":"es_ES","og_type":"article","og_title":"Los \u00abPremis Altea\u00bb 2022 homenajear\u00e1n la memoria de Juana Franc\u00e9s - Altea Cultural","og_description":"La trayectoria creativa de la pintora de Altea ser\u00e1 reconocida con el \u00abPremi Estela d\u2019Honor\u00bb 2022 Nac\u00ed en Altea\u2026\u00bb. [&hellip;]","og_url":"https:\/\/www.alteacultural.com\/es\/2022\/04\/01\/els-premis-altea-2022-homenatjaran-la-memoria-de-joana-frances\/","og_site_name":"Altea Cultural","article_published_time":"2022-04-01T06:39:50+00:00","article_modified_time":"2022-04-01T06:44:46+00:00","og_image":[{"width":850,"height":654,"url":"https:\/\/www.alteacultural.com\/wp-content\/uploads\/2022\/04\/Premis-Altea.jpg","type":"image\/jpeg"}],"author":"sfaltea.com-admin","twitter_card":"summary_large_image","twitter_misc":{"Escrito por":"sfaltea.com-admin","Tiempo de lectura":"3 minutos"},"schema":{"@context":"https:\/\/schema.org","@graph":[{"@type":"WebPage","@id":"https:\/\/www.alteacultural.com\/es\/2022\/04\/01\/els-premis-altea-2022-homenatjaran-la-memoria-de-joana-frances\/","url":"https:\/\/www.alteacultural.com\/es\/2022\/04\/01\/els-premis-altea-2022-homenatjaran-la-memoria-de-joana-frances\/","name":"Los \u00abPremis Altea\u00bb 2022 homenajear\u00e1n la memoria de Juana Franc\u00e9s - Altea Cultural","isPartOf":{"@id":"https:\/\/www.alteacultural.com\/es\/#website"},"primaryImageOfPage":{"@id":"https:\/\/www.alteacultural.com\/es\/2022\/04\/01\/els-premis-altea-2022-homenatjaran-la-memoria-de-joana-frances\/#primaryimage"},"image":{"@id":"https:\/\/www.alteacultural.com\/es\/2022\/04\/01\/els-premis-altea-2022-homenatjaran-la-memoria-de-joana-frances\/#primaryimage"},"thumbnailUrl":"https:\/\/www.alteacultural.com\/wp-content\/uploads\/2022\/04\/Premis-Altea.jpg","datePublished":"2022-04-01T06:39:50+00:00","dateModified":"2022-04-01T06:44:46+00:00","author":{"@id":"https:\/\/www.alteacultural.com\/es\/#\/schema\/person\/c4e137537f1af546d214a315255e5172"},"breadcrumb":{"@id":"https:\/\/www.alteacultural.com\/es\/2022\/04\/01\/els-premis-altea-2022-homenatjaran-la-memoria-de-joana-frances\/#breadcrumb"},"inLanguage":"es","potentialAction":[{"@type":"ReadAction","target":["https:\/\/www.alteacultural.com\/es\/2022\/04\/01\/els-premis-altea-2022-homenatjaran-la-memoria-de-joana-frances\/"]}]},{"@type":"ImageObject","inLanguage":"es","@id":"https:\/\/www.alteacultural.com\/es\/2022\/04\/01\/els-premis-altea-2022-homenatjaran-la-memoria-de-joana-frances\/#primaryimage","url":"https:\/\/www.alteacultural.com\/wp-content\/uploads\/2022\/04\/Premis-Altea.jpg","contentUrl":"https:\/\/www.alteacultural.com\/wp-content\/uploads\/2022\/04\/Premis-Altea.jpg","width":850,"height":654},{"@type":"BreadcrumbList","@id":"https:\/\/www.alteacultural.com\/es\/2022\/04\/01\/els-premis-altea-2022-homenatjaran-la-memoria-de-joana-frances\/#breadcrumb","itemListElement":[{"@type":"ListItem","position":1,"name":"Inici","item":"https:\/\/www.alteacultural.com\/es\/"},{"@type":"ListItem","position":2,"name":"Los \u00abPremis Altea\u00bb 2022 homenajear\u00e1n la memoria de Juana Franc\u00e9s"}]},{"@type":"WebSite","@id":"https:\/\/www.alteacultural.com\/es\/#website","url":"https:\/\/www.alteacultural.com\/es\/","name":"Altea Cultural","description":"Regidoria de Cultura de l&#039;Ajuntament d&#039;Altea","potentialAction":[{"@type":"SearchAction","target":{"@type":"EntryPoint","urlTemplate":"https:\/\/www.alteacultural.com\/es\/?s={search_term_string}"},"query-input":"required name=search_term_string"}],"inLanguage":"es"},{"@type":"Person","@id":"https:\/\/www.alteacultural.com\/es\/#\/schema\/person\/c4e137537f1af546d214a315255e5172","name":"sfaltea.com-admin","image":{"@type":"ImageObject","inLanguage":"es","@id":"https:\/\/www.alteacultural.com\/es\/#\/schema\/person\/image\/","url":"https:\/\/secure.gravatar.com\/avatar\/f7473fa2fbd351270ccfd469de536202?s=96&d=mm&r=g","contentUrl":"https:\/\/secure.gravatar.com\/avatar\/f7473fa2fbd351270ccfd469de536202?s=96&d=mm&r=g","caption":"sfaltea.com-admin"},"url":"https:\/\/www.alteacultural.com\/es\/author\/sfaltea-com-admin\/"}]}},"_links":{"self":[{"href":"https:\/\/www.alteacultural.com\/es\/wp-json\/wp\/v2\/posts\/17382"}],"collection":[{"href":"https:\/\/www.alteacultural.com\/es\/wp-json\/wp\/v2\/posts"}],"about":[{"href":"https:\/\/www.alteacultural.com\/es\/wp-json\/wp\/v2\/types\/post"}],"author":[{"embeddable":true,"href":"https:\/\/www.alteacultural.com\/es\/wp-json\/wp\/v2\/users\/1"}],"replies":[{"embeddable":true,"href":"https:\/\/www.alteacultural.com\/es\/wp-json\/wp\/v2\/comments?post=17382"}],"version-history":[{"count":1,"href":"https:\/\/www.alteacultural.com\/es\/wp-json\/wp\/v2\/posts\/17382\/revisions"}],"predecessor-version":[{"id":17383,"href":"https:\/\/www.alteacultural.com\/es\/wp-json\/wp\/v2\/posts\/17382\/revisions\/17383"}],"wp:featuredmedia":[{"embeddable":true,"href":"https:\/\/www.alteacultural.com\/es\/wp-json\/wp\/v2\/media\/17376"}],"wp:attachment":[{"href":"https:\/\/www.alteacultural.com\/es\/wp-json\/wp\/v2\/media?parent=17382"}],"curies":[{"name":"wp","href":"https:\/\/api.w.org\/{rel}","templated":true}]}}