{"id":18230,"date":"2022-04-06T12:16:00","date_gmt":"2022-04-06T10:16:00","guid":{"rendered":"https:\/\/www.alteacultural.com\/2022\/04\/06\/els-premis-altea-2022-ja-tenen-finalistes\/"},"modified":"2022-04-06T12:16:00","modified_gmt":"2022-04-06T10:16:00","slug":"els-premis-altea-2022-ja-tenen-finalistes","status":"publish","type":"post","link":"https:\/\/www.alteacultural.com\/es\/2022\/04\/06\/els-premis-altea-2022-ja-tenen-finalistes\/","title":{"rendered":"Els Premis Altea 2022 ja tenen finalistes"},"content":{"rendered":"\n<p>Els \u2018VI Premis Altea de Literatura i Investigaci\u00f3\u2019 ja tenen les seues obres finalistes. Els diferents jurats de les tres modalitats han tingut l\u2019oportunitat d\u2019estudiar, analitzar i valorar un total de 131 originals participants en l\u2019edici\u00f3 d\u2019enguany, una de les de major&nbsp; concurr\u00e8ncia, amb 9 obres presentades al \u00abPremi d\u2019Assaig i Investigaci\u00f3 Francesc Mart\u00ednez i Mart\u00ednez\u00bb; 45, al \u00abPremi Altea de Literatura Infantil i Juvenil\u00bb; i 77 al \u00abPremi Carmelina S\u00e1nchez-Cutillas de Novell\u00b7la i Prosa Creativa\u00bb.<\/p>\n\n\n\n<p>Els finalistes s\u00f3n els seg\u00fcents: en el cas del Premi Francesc Mart\u00ednez i Mart\u00ednez d\u2019Assaig i Investigaci\u00f3 (dotat amb 3.000 \u20ac), Irene Ballester Buigues (Institut Alacant\u00ed de Cultura Juan Gil-Albert), Jordi Bosch Canalias (guanyador de l\u2019anterior edici\u00f3) i \u00c0ngels Gregori i Parra (Acad\u00e8mia Valenciana de la Llengua) han seleccionat com a obres finalistes:&nbsp;<em>a<\/em>) un treball d\u2019investigaci\u00f3 molt ben documentat sobre el llinatge dels senyors de Xal\u00f3;&nbsp;<em>b<\/em>) un interessant recorregut sentimental pels \u00faltims setanta anys d\u2019hist\u00f2ria i societat al Pa\u00eds Valenci\u00e0; i&nbsp;<em>c<\/em>) una defensa del dietarisme com a g\u00e8nere essencial per a entendre la literarura&nbsp;contempor\u00e0nia.<\/p>\n\n\n\n<p>El Jurat del Premi Altea de Literatura Infantil i Juvenil (amb 4.000 \u20ac de dotaci\u00f3) \u00e9s integrat en aquesta sisena edici\u00f3 per Immaculada Cerd\u00e0 Sanchis (Acad\u00e8mia Valenciana de la Llengua), M. \u00c0ngels Franc\u00e9s D\u00edez (Universitat d\u2019Alacant) i Ignasi Garcia Barba (guanyador de l\u2019anterior edici\u00f3). Ha seleccionat com a obres finalistes:&nbsp;<em>a<\/em>) un&nbsp;<em>thriller<\/em>&nbsp;ple de misteri&nbsp;i elements sobrenaturals sobre un amor i una \u00e0nsia de revenja que traspassen els llindars del temps;&nbsp;<em>b<\/em>) la hist\u00f2ria d\u2019una relaci\u00f3 amorosa desigual que ja des del principi dona mostres de manipulaci\u00f3 emocional i ab\u00fas psicol\u00f2gic, i que deriva r\u00e0pidament en viol\u00e8ncia de g\u00e8nere; i&nbsp;<em>c<\/em>) una novel\u00b7la metaliter\u00e0ria, on el narrador alterna l\u2019explicaci\u00f3 de les seues mem\u00f2ries amb el proc\u00e9s de creaci\u00f3 de la novel\u00b7la que escriu, ambientada a Val\u00e8ncia.<\/p>\n\n\n\n<p>Per la seua part, el Jurat del Premi Carmelina S\u00e1nchez-Cutillas de Novel\u00b7la i Prosa Creativa, dotat amb 5.000 \u20ac per la Fundaci\u00f3 Caixaltea, \u00e9s integrat per Elvira Cambrils i Miralles (autora guanyadora de l\u2019edici\u00f3 anterior), Joaquim Espin\u00f3s Felipe (Universitat d\u2019Alacant) i Carmen Manuel Cuenca (Acad\u00e8mia Valenciana de la Llengua). Haur\u00e0 d\u2019elegir l\u2019obra guanyadora entre:&nbsp;<em>a<\/em>) una novel\u00b7la epistolar amb elements d\u2019intriga ambientada en la &nbsp;immediata postguerra, en qu\u00e8 els interessos econ\u00f2mics i ideol\u00f2gics dels guanyadors de la contesa entren en conflicte;&nbsp;<em>b<\/em>) un diari intimista de caire po\u00e8tic que interpel\u00b7la el lector sobre temes fonamentals de l\u2019exist\u00e8ncia humana; i&nbsp;<em>c<\/em>) una novel\u00b7la de factura cl\u00e0ssica que reformula el tema de la fugida del m\u00f3n civilitzat a la recerca de la naturalesa com &nbsp;a reducte de puresa, de sentit i de plenitud.<\/p>\n\n\n\n<p>La resoluci\u00f3 dels premis tindr\u00e0 lloc en un sopar de gala que, despr\u00e9s dels dos anys de pand\u00e8mia, recuperar\u00e0 el benefici de la normalitat a l\u2019Espai Mirador del Palau Altea Centre d\u2019Arts, aquest dissabte, a partir de les 20:00 h.<\/p>\n\n\n\n<p><strong>JOANA FRANC\u00c9S<\/strong><\/p>\n\n\n\n<p>L\u2019\u00fanic dels premis que no ofereix cap possibilitat de sorpresa, intriga o incertesa \u00e9s el Premi Estela d\u2019Honor, en reconeixement a la mem\u00f2ria d\u2019una personalitat rellevant en l\u2019\u00e0mbit de la literatura, l\u2019art o el coneixement. En l\u2019edici\u00f3 d\u2019enguany es vol homenatjar, amb la concessi\u00f3 d\u2019aquest premi, la mem\u00f2ria i el llegat creatiu de la pintora origin\u00e0ria d\u2019Altea Joana Franc\u00e9s. En aquest sentit, segons l\u2019organitzaci\u00f3, la inconfusible personalitat de la pintura de Joana Franc\u00e9s \u2014\u00abla gran pintora valenciana del segle XX\u00bb\u2014 ser\u00e0 un dels fils conductors en l\u2019est\u00e8tica de la gala.<\/p>\n\n\n\n<p><strong>VANESSA GREGORI I L\u2019ORQUESTRA BLAVA<\/strong><\/p>\n\n\n\n<p>La gala dels VI Premis Altea de Literatura i Investigaci\u00f3 ser\u00e0 condu\u00efda, com la de l\u2019edici\u00f3 anterior, per la periodista d\u2019\u00c0 Punt Vanessa Gregori, origin\u00e0ria \u2014precisament\u2014 d\u2019Altea. Tampoc no hi haur\u00e0 cap novetat, per descomptat, en el grup musical que amenitzar\u00e0 l\u2019espectacle: com cada any, des de la primera edici\u00f3 dels Premis Altea, un dels atractius m\u00e0xims del sopar de gala del Premis Altea ser\u00e0 la banda sonora de l\u2019esdeveniment, interpretada en directe pels m\u00fasics de l\u2019Orquestra Blava: una formaci\u00f3 a cavall entre les antigues orquestres de jazz i les&nbsp;<em>big bands<\/em>&nbsp;actuals, que beu d\u2019una tradici\u00f3 musical aut\u00f2ctona que s\u2019origina en el repertori i les partitures sortosament conservades de la m\u00edtica Orquesta Azul: una agrupaci\u00f3 alteana que amenitzava festes, balls i revetles durant els anys cinquanta del segle passat.<\/p>\n","protected":false},"excerpt":{"rendered":"<p>Els \u2018VI Premis Altea de Literatura i Investigaci\u00f3\u2019 ja tenen les seues obres finalistes. Els diferents jurats de les [&hellip;]<\/p>\n","protected":false},"author":1,"featured_media":18228,"comment_status":"open","ping_status":"open","sticky":false,"template":"","format":"standard","meta":{"_expiration-date-status":"","_expiration-date":1649672184,"_expiration-date-type":"draft","_expiration-date-categories":[],"_expiration-date-options":[],"footnotes":""},"yoast_head":"<!-- This site is optimized with the Yoast SEO plugin v22.8 - https:\/\/yoast.com\/wordpress\/plugins\/seo\/ -->\n<title>Els Premis Altea 2022 ja tenen finalistes - Altea Cultural<\/title>\n<meta name=\"robots\" content=\"index, follow, max-snippet:-1, max-image-preview:large, max-video-preview:-1\" \/>\n<link rel=\"canonical\" href=\"https:\/\/www.alteacultural.com\/es\/2022\/04\/06\/els-premis-altea-2022-ja-tenen-finalistes\/\" \/>\n<meta property=\"og:locale\" content=\"es_ES\" \/>\n<meta property=\"og:type\" content=\"article\" \/>\n<meta property=\"og:title\" content=\"Els Premis Altea 2022 ja tenen finalistes - Altea Cultural\" \/>\n<meta property=\"og:description\" content=\"Els \u2018VI Premis Altea de Literatura i Investigaci\u00f3\u2019 ja tenen les seues obres finalistes. Els diferents jurats de les [&hellip;]\" \/>\n<meta property=\"og:url\" content=\"https:\/\/www.alteacultural.com\/es\/2022\/04\/06\/els-premis-altea-2022-ja-tenen-finalistes\/\" \/>\n<meta property=\"og:site_name\" content=\"Altea Cultural\" \/>\n<meta property=\"article:published_time\" content=\"2022-04-06T10:16:00+00:00\" \/>\n<meta property=\"og:image\" content=\"https:\/\/www.alteacultural.com\/wp-content\/uploads\/2022\/04\/premis_altea_2022_cartell_gala-01-002b-980x261-1.jpg\" \/>\n\t<meta property=\"og:image:width\" content=\"980\" \/>\n\t<meta property=\"og:image:height\" content=\"261\" \/>\n\t<meta property=\"og:image:type\" content=\"image\/jpeg\" \/>\n<meta name=\"author\" content=\"sfaltea.com-admin\" \/>\n<meta name=\"twitter:card\" content=\"summary_large_image\" \/>\n<meta name=\"twitter:label1\" content=\"Escrito por\" \/>\n\t<meta name=\"twitter:data1\" content=\"sfaltea.com-admin\" \/>\n\t<meta name=\"twitter:label2\" content=\"Tiempo de lectura\" \/>\n\t<meta name=\"twitter:data2\" content=\"4 minutos\" \/>\n<script type=\"application\/ld+json\" class=\"yoast-schema-graph\">{\"@context\":\"https:\/\/schema.org\",\"@graph\":[{\"@type\":\"WebPage\",\"@id\":\"https:\/\/www.alteacultural.com\/es\/2022\/04\/06\/els-premis-altea-2022-ja-tenen-finalistes\/\",\"url\":\"https:\/\/www.alteacultural.com\/es\/2022\/04\/06\/els-premis-altea-2022-ja-tenen-finalistes\/\",\"name\":\"Els Premis Altea 2022 ja tenen finalistes - Altea Cultural\",\"isPartOf\":{\"@id\":\"https:\/\/www.alteacultural.com\/es\/#website\"},\"primaryImageOfPage\":{\"@id\":\"https:\/\/www.alteacultural.com\/es\/2022\/04\/06\/els-premis-altea-2022-ja-tenen-finalistes\/#primaryimage\"},\"image\":{\"@id\":\"https:\/\/www.alteacultural.com\/es\/2022\/04\/06\/els-premis-altea-2022-ja-tenen-finalistes\/#primaryimage\"},\"thumbnailUrl\":\"https:\/\/www.alteacultural.com\/wp-content\/uploads\/2022\/04\/premis_altea_2022_cartell_gala-01-002b-980x261-1.jpg\",\"datePublished\":\"2022-04-06T10:16:00+00:00\",\"dateModified\":\"2022-04-06T10:16:00+00:00\",\"author\":{\"@id\":\"https:\/\/www.alteacultural.com\/es\/#\/schema\/person\/c4e137537f1af546d214a315255e5172\"},\"breadcrumb\":{\"@id\":\"https:\/\/www.alteacultural.com\/es\/2022\/04\/06\/els-premis-altea-2022-ja-tenen-finalistes\/#breadcrumb\"},\"inLanguage\":\"es\",\"potentialAction\":[{\"@type\":\"ReadAction\",\"target\":[\"https:\/\/www.alteacultural.com\/es\/2022\/04\/06\/els-premis-altea-2022-ja-tenen-finalistes\/\"]}]},{\"@type\":\"ImageObject\",\"inLanguage\":\"es\",\"@id\":\"https:\/\/www.alteacultural.com\/es\/2022\/04\/06\/els-premis-altea-2022-ja-tenen-finalistes\/#primaryimage\",\"url\":\"https:\/\/www.alteacultural.com\/wp-content\/uploads\/2022\/04\/premis_altea_2022_cartell_gala-01-002b-980x261-1.jpg\",\"contentUrl\":\"https:\/\/www.alteacultural.com\/wp-content\/uploads\/2022\/04\/premis_altea_2022_cartell_gala-01-002b-980x261-1.jpg\",\"width\":980,\"height\":261},{\"@type\":\"BreadcrumbList\",\"@id\":\"https:\/\/www.alteacultural.com\/es\/2022\/04\/06\/els-premis-altea-2022-ja-tenen-finalistes\/#breadcrumb\",\"itemListElement\":[{\"@type\":\"ListItem\",\"position\":1,\"name\":\"Inici\",\"item\":\"https:\/\/www.alteacultural.com\/es\/\"},{\"@type\":\"ListItem\",\"position\":2,\"name\":\"Els Premis Altea 2022 ja tenen finalistes\"}]},{\"@type\":\"WebSite\",\"@id\":\"https:\/\/www.alteacultural.com\/es\/#website\",\"url\":\"https:\/\/www.alteacultural.com\/es\/\",\"name\":\"Altea Cultural\",\"description\":\"Regidoria de Cultura de l&#039;Ajuntament d&#039;Altea\",\"potentialAction\":[{\"@type\":\"SearchAction\",\"target\":{\"@type\":\"EntryPoint\",\"urlTemplate\":\"https:\/\/www.alteacultural.com\/es\/?s={search_term_string}\"},\"query-input\":\"required name=search_term_string\"}],\"inLanguage\":\"es\"},{\"@type\":\"Person\",\"@id\":\"https:\/\/www.alteacultural.com\/es\/#\/schema\/person\/c4e137537f1af546d214a315255e5172\",\"name\":\"sfaltea.com-admin\",\"image\":{\"@type\":\"ImageObject\",\"inLanguage\":\"es\",\"@id\":\"https:\/\/www.alteacultural.com\/es\/#\/schema\/person\/image\/\",\"url\":\"https:\/\/secure.gravatar.com\/avatar\/f7473fa2fbd351270ccfd469de536202?s=96&d=mm&r=g\",\"contentUrl\":\"https:\/\/secure.gravatar.com\/avatar\/f7473fa2fbd351270ccfd469de536202?s=96&d=mm&r=g\",\"caption\":\"sfaltea.com-admin\"},\"url\":\"https:\/\/www.alteacultural.com\/es\/author\/sfaltea-com-admin\/\"}]}<\/script>\n<!-- \/ Yoast SEO plugin. -->","yoast_head_json":{"title":"Els Premis Altea 2022 ja tenen finalistes - Altea Cultural","robots":{"index":"index","follow":"follow","max-snippet":"max-snippet:-1","max-image-preview":"max-image-preview:large","max-video-preview":"max-video-preview:-1"},"canonical":"https:\/\/www.alteacultural.com\/es\/2022\/04\/06\/els-premis-altea-2022-ja-tenen-finalistes\/","og_locale":"es_ES","og_type":"article","og_title":"Els Premis Altea 2022 ja tenen finalistes - Altea Cultural","og_description":"Els \u2018VI Premis Altea de Literatura i Investigaci\u00f3\u2019 ja tenen les seues obres finalistes. Els diferents jurats de les [&hellip;]","og_url":"https:\/\/www.alteacultural.com\/es\/2022\/04\/06\/els-premis-altea-2022-ja-tenen-finalistes\/","og_site_name":"Altea Cultural","article_published_time":"2022-04-06T10:16:00+00:00","og_image":[{"width":980,"height":261,"url":"https:\/\/www.alteacultural.com\/wp-content\/uploads\/2022\/04\/premis_altea_2022_cartell_gala-01-002b-980x261-1.jpg","type":"image\/jpeg"}],"author":"sfaltea.com-admin","twitter_card":"summary_large_image","twitter_misc":{"Escrito por":"sfaltea.com-admin","Tiempo de lectura":"4 minutos"},"schema":{"@context":"https:\/\/schema.org","@graph":[{"@type":"WebPage","@id":"https:\/\/www.alteacultural.com\/es\/2022\/04\/06\/els-premis-altea-2022-ja-tenen-finalistes\/","url":"https:\/\/www.alteacultural.com\/es\/2022\/04\/06\/els-premis-altea-2022-ja-tenen-finalistes\/","name":"Els Premis Altea 2022 ja tenen finalistes - Altea Cultural","isPartOf":{"@id":"https:\/\/www.alteacultural.com\/es\/#website"},"primaryImageOfPage":{"@id":"https:\/\/www.alteacultural.com\/es\/2022\/04\/06\/els-premis-altea-2022-ja-tenen-finalistes\/#primaryimage"},"image":{"@id":"https:\/\/www.alteacultural.com\/es\/2022\/04\/06\/els-premis-altea-2022-ja-tenen-finalistes\/#primaryimage"},"thumbnailUrl":"https:\/\/www.alteacultural.com\/wp-content\/uploads\/2022\/04\/premis_altea_2022_cartell_gala-01-002b-980x261-1.jpg","datePublished":"2022-04-06T10:16:00+00:00","dateModified":"2022-04-06T10:16:00+00:00","author":{"@id":"https:\/\/www.alteacultural.com\/es\/#\/schema\/person\/c4e137537f1af546d214a315255e5172"},"breadcrumb":{"@id":"https:\/\/www.alteacultural.com\/es\/2022\/04\/06\/els-premis-altea-2022-ja-tenen-finalistes\/#breadcrumb"},"inLanguage":"es","potentialAction":[{"@type":"ReadAction","target":["https:\/\/www.alteacultural.com\/es\/2022\/04\/06\/els-premis-altea-2022-ja-tenen-finalistes\/"]}]},{"@type":"ImageObject","inLanguage":"es","@id":"https:\/\/www.alteacultural.com\/es\/2022\/04\/06\/els-premis-altea-2022-ja-tenen-finalistes\/#primaryimage","url":"https:\/\/www.alteacultural.com\/wp-content\/uploads\/2022\/04\/premis_altea_2022_cartell_gala-01-002b-980x261-1.jpg","contentUrl":"https:\/\/www.alteacultural.com\/wp-content\/uploads\/2022\/04\/premis_altea_2022_cartell_gala-01-002b-980x261-1.jpg","width":980,"height":261},{"@type":"BreadcrumbList","@id":"https:\/\/www.alteacultural.com\/es\/2022\/04\/06\/els-premis-altea-2022-ja-tenen-finalistes\/#breadcrumb","itemListElement":[{"@type":"ListItem","position":1,"name":"Inici","item":"https:\/\/www.alteacultural.com\/es\/"},{"@type":"ListItem","position":2,"name":"Els Premis Altea 2022 ja tenen finalistes"}]},{"@type":"WebSite","@id":"https:\/\/www.alteacultural.com\/es\/#website","url":"https:\/\/www.alteacultural.com\/es\/","name":"Altea Cultural","description":"Regidoria de Cultura de l&#039;Ajuntament d&#039;Altea","potentialAction":[{"@type":"SearchAction","target":{"@type":"EntryPoint","urlTemplate":"https:\/\/www.alteacultural.com\/es\/?s={search_term_string}"},"query-input":"required name=search_term_string"}],"inLanguage":"es"},{"@type":"Person","@id":"https:\/\/www.alteacultural.com\/es\/#\/schema\/person\/c4e137537f1af546d214a315255e5172","name":"sfaltea.com-admin","image":{"@type":"ImageObject","inLanguage":"es","@id":"https:\/\/www.alteacultural.com\/es\/#\/schema\/person\/image\/","url":"https:\/\/secure.gravatar.com\/avatar\/f7473fa2fbd351270ccfd469de536202?s=96&d=mm&r=g","contentUrl":"https:\/\/secure.gravatar.com\/avatar\/f7473fa2fbd351270ccfd469de536202?s=96&d=mm&r=g","caption":"sfaltea.com-admin"},"url":"https:\/\/www.alteacultural.com\/es\/author\/sfaltea-com-admin\/"}]}},"_links":{"self":[{"href":"https:\/\/www.alteacultural.com\/es\/wp-json\/wp\/v2\/posts\/18230"}],"collection":[{"href":"https:\/\/www.alteacultural.com\/es\/wp-json\/wp\/v2\/posts"}],"about":[{"href":"https:\/\/www.alteacultural.com\/es\/wp-json\/wp\/v2\/types\/post"}],"author":[{"embeddable":true,"href":"https:\/\/www.alteacultural.com\/es\/wp-json\/wp\/v2\/users\/1"}],"replies":[{"embeddable":true,"href":"https:\/\/www.alteacultural.com\/es\/wp-json\/wp\/v2\/comments?post=18230"}],"version-history":[{"count":0,"href":"https:\/\/www.alteacultural.com\/es\/wp-json\/wp\/v2\/posts\/18230\/revisions"}],"wp:featuredmedia":[{"embeddable":true,"href":"https:\/\/www.alteacultural.com\/es\/wp-json\/wp\/v2\/media\/18228"}],"wp:attachment":[{"href":"https:\/\/www.alteacultural.com\/es\/wp-json\/wp\/v2\/media?parent=18230"}],"curies":[{"name":"wp","href":"https:\/\/api.w.org\/{rel}","templated":true}]}}