{"id":18260,"date":"2022-04-10T12:22:00","date_gmt":"2022-04-10T10:22:00","guid":{"rendered":"https:\/\/www.alteacultural.com\/2022\/04\/11\/modest-barrera-aymerich-silvestre-vilaplana-barnes-i-jordi-julia-garriga-guanyadors-dels-premis-altea\/"},"modified":"2022-04-11T12:31:12","modified_gmt":"2022-04-11T10:31:12","slug":"modest-barrera-aymerich-silvestre-vilaplana-barnes-i-jordi-julia-garriga-guanyadors-dels-premis-altea","status":"publish","type":"post","link":"https:\/\/www.alteacultural.com\/es\/2022\/04\/10\/modest-barrera-aymerich-silvestre-vilaplana-barnes-i-jordi-julia-garriga-guanyadors-dels-premis-altea\/","title":{"rendered":"Modest Barrera Aymerich, Silvestre Vilaplana Barn\u00e9s i Jordi Juli\u00e0 Garriga guanyadors dels Premis Altea"},"content":{"rendered":"\n<figure class=\"wp-block-image size-large\"><img fetchpriority=\"high\" decoding=\"async\" width=\"980\" height=\"654\" src=\"https:\/\/www.alteacultural.com\/wp-content\/uploads\/2022\/04\/premios1-980x654-1.jpg\" alt=\"\" class=\"wp-image-18232\" srcset=\"https:\/\/www.alteacultural.com\/wp-content\/uploads\/2022\/04\/premios1-980x654-1.jpg 980w, https:\/\/www.alteacultural.com\/wp-content\/uploads\/2022\/04\/premios1-980x654-1-768x513.jpg 768w, https:\/\/www.alteacultural.com\/wp-content\/uploads\/2022\/04\/premios1-980x654-1-391x260.jpg 391w\" sizes=\"(max-width: 980px) 100vw, 980px\" \/><\/figure>\n\n\n\n<p><strong>El Palau Altea reuneix m\u00e9s de 170 persones en el sopar gala de lliurament de premis<\/strong><\/p>\n\n\n\n<p>La VI edici\u00f3 dels \u2018Premis Altea de literatura i investigaci\u00f3 va celebrar ahir el seu tradicional sopar de gala, moment en el qual es va donar a con\u00e9ixer als guardonats d\u2019aquest any d\u2019entre els 131 originals presentats. El mirador del Palau Altea va acollir aquest esdeveniment, que es recuperava despr\u00e9s de dos anys d\u2019aturada per la pand\u00e8mia, que va comptar amb unes 170 persones entre les quals es trobava l\u2019alcalde d\u2019Altea, Jaume Llinares; la regidora de Cultura, Aurora Serrat i gran part de la Corporaci\u00f3 Municipal; Ver\u00f3nica Cant\u00f3, nova presidenta de l\u2019Acad\u00e8mia Valenciana de la Llengua i Pilar T\u00e9bar, directora de l\u2019Institut Alacant\u00ed de Cultura Juan-Gil-Albert; Joan Borja, director de la C\u00e0tedra Enric Valor de la UA y Jos\u00e9 Miguel Cort\u00e9s, president de la Fundaci\u00f3 Caixaltea.<\/p>\n\n\n\n<p>El Premi Carmelina S\u00e1nchez- Cutillas de novel\u00b7la i prosa creativa va ser per a l\u2019obra \u2018Com \u00e9s de gran el meu voler!\u2019 de Modest Barrera Aymerich. El guanyador, original de Borriana, va presentar una obra ambientada en la postguerra. \u201cEscriure sobre la guerra suposa tamb\u00e9 reflexionar sobre la vida, perqu\u00e8 en les circumst\u00e0ncies m\u00e9s adverses \u00e9s quan es plantegen els grans dilemes morals i l\u2019amor, \u00e9s un dels grans temes de la literatura\u201d, comentava l\u2019autor que va agrair aquest premi recalcant que \u201c\u00e9s un honor formar part de la llista de guardonats amb els Premis Altea, i molt particularment en el qual porta el nom de Carmelina S\u00e1nchez-Cutillas. El somni de l\u2019escriptor \u00e9s arribar al lector, establir amb ell una relaci\u00f3 basada en les emocions, i els premis en la mesura en qu\u00e8 impliquen reconeixement de qualitat suposen una porta oberta per a establir aquesta relaci\u00f3. Nom\u00e9s per aix\u00f2 ja hem d\u2019estar agra\u00efts a iniciatives com les dels Premis Altea\u201d, va concloure.<\/p>\n\n\n\n<p>Silvestre Vilaplana i Barn\u00e9s va ser el guanyador del Premi Altea de literatura infantil i juvenil amb \u2018La marca del temps\u2019, una hist\u00f2ria d\u2019intriga i misteri que recorre diferents \u00e8poques. \u201cL\u2019objectiu de la novel\u00b7la era construir una narraci\u00f3 que divertisca al lector adolescent. \u00c9s molt important que els joves s\u2019enganxen a la lectura i per aix\u00f2 \u00e9s necessari crear novel\u00b7les que puguen despertar el seu inter\u00e9s per llegir i per aix\u00f2 \u00e9s necessari treballar amb molta cura les obres, tant tem\u00e0ticament com en la manera d\u2019estar escrites\u201d, va narrar Vilaplana. Aquest escriptor alcoi\u00e0 va comentar sobre el guard\u00f3: \u201c\u00e9s una gran alegria i un gran honor haver guanyat aqueix premi que porta el nom d\u2019Altea. Els Premis Altea estan consolidats i resulten molt atractius per als autors. La prova \u00e9s l\u2019enorme quantitat de manuscrits, procedents de tot arreu, que opten cada any i em sent molt orgull\u00f3s de poder afegir el meu nom a la llista de guanyadors\u201d.<\/p>\n\n\n\n<p>El Premi Francesc Mart\u00ednez i Mart\u00ednez d\u2019assaig i investigaci\u00f3 va ser per a Jordi Juli\u00e0 Garriga per \u2018Perdre l\u2019escriure. Cr\u00f2niques particulars del m\u00f3n dels lletres (2006-2013)\u2019 un volum integrat per m\u00e9s de huitanta textos assatg\u00edstics relativament breus. Juli\u00e0, original de Sant Celoni, va comentar sentir-se \u201cmolt honrat que \u2018Perdre l\u2019escriure\u2019 haja sigut distingit amb el Premi d\u2019Assaig i Investigaci\u00f3 Francesc Mart\u00ednez i Mart\u00ednez\u2019, no sols perqu\u00e8 sempre ens complau que ens reconeguen el treball lluny de casa, sin\u00f3 tamb\u00e9, i molt especialment, perqu\u00e8 aquesta obra puga publicar-se en una editorial de tan valor com la de l\u2019Institut Alacant\u00ed de Cultura Juan Gil-Albert.<\/p>\n\n\n\n<p>El Premi Estela d\u2019Honor, tal com s\u2019havia anunciat va ser per a la pintora alteana Joana Franc\u00e9s, per la seua aportaci\u00f3 a la pintura contempor\u00e0nia. Els seus familiars no van poder assistir, per\u00f2 van enviar un v\u00eddeo d\u2019agra\u00efment.<\/p>\n\n\n\n<p>Va tancar l\u2019acte la regidora de Cultura de l\u2019Ajuntament d\u2019Altea, Aurora Serrat, qui va agrair la gran participaci\u00f3 d\u2019enguany i va recalcar la import\u00e0ncia del suport de les diferents entitats i institucions sense les quals seria impossible celebrar aquests premis \u201csou part imprescindible de la consolidaci\u00f3 d\u2019aquest projecte\u201d va comentar. L\u2019edil va destacar que els Premis Altea \u201cfan del poble referent en la literatura i investigaci\u00f3 de la nostra llengua, i s\u00f3n part essencial per a convertir a Altea en capital cultural permanent\u201d, va concloure.<\/p>\n\n\n\n<figure class=\"wp-block-gallery columns-3 is-cropped wp-block-gallery-1 is-layout-flex wp-block-gallery-is-layout-flex\"><ul class=\"blocks-gallery-grid\"><li class=\"blocks-gallery-item\"><figure><a href=\"https:\/\/www.alteacultural.com\/wp-content\/uploads\/2022\/04\/premios2-scaled-235405_1080x675-1.jpg\"><img decoding=\"async\" width=\"1080\" height=\"675\" data-src=\"https:\/\/www.alteacultural.com\/wp-content\/uploads\/2022\/04\/premios2-scaled-235405_1080x675-1.jpg\" alt=\"\" data-id=\"18247\" data-full-url=\"https:\/\/www.alteacultural.com\/wp-content\/uploads\/2022\/04\/premios2-scaled-235405_1080x675-1.jpg\" data-link=\"https:\/\/www.alteacultural.com\/2022\/04\/11\/modest-barrera-aymerich-silvestre-vilaplana-barnes-i-jordi-julia-garriga-guanyadors-dels-premis-altea\/premios2-scaled-235405_1080x675-1\/#main\" class=\"wp-image-18247 lazyload\" data-srcset=\"https:\/\/www.alteacultural.com\/wp-content\/uploads\/2022\/04\/premios2-scaled-235405_1080x675-1.jpg 1080w, https:\/\/www.alteacultural.com\/wp-content\/uploads\/2022\/04\/premios2-scaled-235405_1080x675-1-768x480.jpg 768w\" data-sizes=\"(max-width: 1080px) 100vw, 1080px\" src=\"data:image\/gif;base64,R0lGODlhAQABAAAAACH5BAEKAAEALAAAAAABAAEAAAICTAEAOw==\" style=\"--smush-placeholder-width: 1080px; --smush-placeholder-aspect-ratio: 1080\/675;\" \/><\/a><\/figure><\/li><li class=\"blocks-gallery-item\"><figure><a href=\"https:\/\/www.alteacultural.com\/wp-content\/uploads\/2022\/04\/premios3-scaled-420531_1080x675-1.jpg\"><img decoding=\"async\" width=\"1080\" height=\"675\" data-src=\"https:\/\/www.alteacultural.com\/wp-content\/uploads\/2022\/04\/premios3-scaled-420531_1080x675-1.jpg\" alt=\"\" data-id=\"18249\" data-full-url=\"https:\/\/www.alteacultural.com\/wp-content\/uploads\/2022\/04\/premios3-scaled-420531_1080x675-1.jpg\" data-link=\"https:\/\/www.alteacultural.com\/2022\/04\/11\/modest-barrera-aymerich-silvestre-vilaplana-barnes-i-jordi-julia-garriga-guanyadors-dels-premis-altea\/premios3-scaled-420531_1080x675-1\/#main\" class=\"wp-image-18249 lazyload\" data-srcset=\"https:\/\/www.alteacultural.com\/wp-content\/uploads\/2022\/04\/premios3-scaled-420531_1080x675-1.jpg 1080w, https:\/\/www.alteacultural.com\/wp-content\/uploads\/2022\/04\/premios3-scaled-420531_1080x675-1-768x480.jpg 768w\" data-sizes=\"(max-width: 1080px) 100vw, 1080px\" src=\"data:image\/gif;base64,R0lGODlhAQABAAAAACH5BAEKAAEALAAAAAABAAEAAAICTAEAOw==\" style=\"--smush-placeholder-width: 1080px; --smush-placeholder-aspect-ratio: 1080\/675;\" \/><\/a><\/figure><\/li><li class=\"blocks-gallery-item\"><figure><a href=\"https:\/\/www.alteacultural.com\/wp-content\/uploads\/2022\/04\/premios4-scaled-279410_1080x675-1.jpg\"><img decoding=\"async\" width=\"1080\" height=\"675\" data-src=\"https:\/\/www.alteacultural.com\/wp-content\/uploads\/2022\/04\/premios4-scaled-279410_1080x675-1.jpg\" alt=\"\" data-id=\"18251\" data-full-url=\"https:\/\/www.alteacultural.com\/wp-content\/uploads\/2022\/04\/premios4-scaled-279410_1080x675-1.jpg\" data-link=\"https:\/\/www.alteacultural.com\/2022\/04\/11\/modest-barrera-aymerich-silvestre-vilaplana-barnes-i-jordi-julia-garriga-guanyadors-dels-premis-altea\/premios4-scaled-279410_1080x675-1\/#main\" class=\"wp-image-18251 lazyload\" data-srcset=\"https:\/\/www.alteacultural.com\/wp-content\/uploads\/2022\/04\/premios4-scaled-279410_1080x675-1.jpg 1080w, https:\/\/www.alteacultural.com\/wp-content\/uploads\/2022\/04\/premios4-scaled-279410_1080x675-1-768x480.jpg 768w\" data-sizes=\"(max-width: 1080px) 100vw, 1080px\" src=\"data:image\/gif;base64,R0lGODlhAQABAAAAACH5BAEKAAEALAAAAAABAAEAAAICTAEAOw==\" style=\"--smush-placeholder-width: 1080px; --smush-placeholder-aspect-ratio: 1080\/675;\" \/><\/a><\/figure><\/li><li class=\"blocks-gallery-item\"><figure><a href=\"https:\/\/www.alteacultural.com\/wp-content\/uploads\/2022\/04\/premios5-scaled-267377_1080x675-1.jpg\"><img decoding=\"async\" width=\"1080\" height=\"675\" data-src=\"https:\/\/www.alteacultural.com\/wp-content\/uploads\/2022\/04\/premios5-scaled-267377_1080x675-1.jpg\" alt=\"\" data-id=\"18253\" data-full-url=\"https:\/\/www.alteacultural.com\/wp-content\/uploads\/2022\/04\/premios5-scaled-267377_1080x675-1.jpg\" data-link=\"https:\/\/www.alteacultural.com\/2022\/04\/11\/modest-barrera-aymerich-silvestre-vilaplana-barnes-i-jordi-julia-garriga-guanyadors-dels-premis-altea\/premios5-scaled-267377_1080x675-1\/#main\" class=\"wp-image-18253 lazyload\" data-srcset=\"https:\/\/www.alteacultural.com\/wp-content\/uploads\/2022\/04\/premios5-scaled-267377_1080x675-1.jpg 1080w, https:\/\/www.alteacultural.com\/wp-content\/uploads\/2022\/04\/premios5-scaled-267377_1080x675-1-768x480.jpg 768w\" data-sizes=\"(max-width: 1080px) 100vw, 1080px\" src=\"data:image\/gif;base64,R0lGODlhAQABAAAAACH5BAEKAAEALAAAAAABAAEAAAICTAEAOw==\" style=\"--smush-placeholder-width: 1080px; --smush-placeholder-aspect-ratio: 1080\/675;\" \/><\/a><\/figure><\/li><li class=\"blocks-gallery-item\"><figure><a href=\"https:\/\/www.alteacultural.com\/wp-content\/uploads\/2022\/04\/premios6-scaled-274559_1080x675-1.jpg\"><img decoding=\"async\" width=\"1080\" height=\"675\" data-src=\"https:\/\/www.alteacultural.com\/wp-content\/uploads\/2022\/04\/premios6-scaled-274559_1080x675-1.jpg\" alt=\"\" data-id=\"18255\" data-full-url=\"https:\/\/www.alteacultural.com\/wp-content\/uploads\/2022\/04\/premios6-scaled-274559_1080x675-1.jpg\" data-link=\"https:\/\/www.alteacultural.com\/2022\/04\/11\/modest-barrera-aymerich-silvestre-vilaplana-barnes-i-jordi-julia-garriga-guanyadors-dels-premis-altea\/premios6-scaled-274559_1080x675-1\/#main\" class=\"wp-image-18255 lazyload\" data-srcset=\"https:\/\/www.alteacultural.com\/wp-content\/uploads\/2022\/04\/premios6-scaled-274559_1080x675-1.jpg 1080w, https:\/\/www.alteacultural.com\/wp-content\/uploads\/2022\/04\/premios6-scaled-274559_1080x675-1-768x480.jpg 768w\" data-sizes=\"(max-width: 1080px) 100vw, 1080px\" src=\"data:image\/gif;base64,R0lGODlhAQABAAAAACH5BAEKAAEALAAAAAABAAEAAAICTAEAOw==\" style=\"--smush-placeholder-width: 1080px; --smush-placeholder-aspect-ratio: 1080\/675;\" \/><\/a><\/figure><\/li><li class=\"blocks-gallery-item\"><figure><a href=\"https:\/\/www.alteacultural.com\/wp-content\/uploads\/2022\/04\/premios7-scaled-322151_1080x675-1.jpg\"><img decoding=\"async\" width=\"1080\" height=\"675\" data-src=\"https:\/\/www.alteacultural.com\/wp-content\/uploads\/2022\/04\/premios7-scaled-322151_1080x675-1.jpg\" alt=\"\" data-id=\"18257\" data-full-url=\"https:\/\/www.alteacultural.com\/wp-content\/uploads\/2022\/04\/premios7-scaled-322151_1080x675-1.jpg\" data-link=\"https:\/\/www.alteacultural.com\/2022\/04\/11\/modest-barrera-aymerich-silvestre-vilaplana-barnes-i-jordi-julia-garriga-guanyadors-dels-premis-altea\/premios7-scaled-322151_1080x675-1\/#main\" class=\"wp-image-18257 lazyload\" data-srcset=\"https:\/\/www.alteacultural.com\/wp-content\/uploads\/2022\/04\/premios7-scaled-322151_1080x675-1.jpg 1080w, https:\/\/www.alteacultural.com\/wp-content\/uploads\/2022\/04\/premios7-scaled-322151_1080x675-1-768x480.jpg 768w\" data-sizes=\"(max-width: 1080px) 100vw, 1080px\" src=\"data:image\/gif;base64,R0lGODlhAQABAAAAACH5BAEKAAEALAAAAAABAAEAAAICTAEAOw==\" style=\"--smush-placeholder-width: 1080px; --smush-placeholder-aspect-ratio: 1080\/675;\" \/><\/a><\/figure><\/li><\/ul><\/figure>\n","protected":false},"excerpt":{"rendered":"<p>El Palau Altea reuneix m\u00e9s de 170 persones en el sopar gala de lliurament de premis La VI edici\u00f3 [&hellip;]<\/p>\n","protected":false},"author":1,"featured_media":18233,"comment_status":"open","ping_status":"open","sticky":false,"template":"","format":"standard","meta":{"_expiration-date-status":"","_expiration-date":1649673021,"_expiration-date-type":"draft","_expiration-date-categories":[],"_expiration-date-options":[],"footnotes":""},"yoast_head":"<!-- This site is optimized with the Yoast SEO plugin v22.8 - https:\/\/yoast.com\/wordpress\/plugins\/seo\/ -->\n<title>Modest Barrera Aymerich, Silvestre Vilaplana Barn\u00e9s i Jordi Juli\u00e0 Garriga guanyadors dels Premis Altea - Altea Cultural<\/title>\n<meta name=\"robots\" content=\"index, follow, max-snippet:-1, max-image-preview:large, max-video-preview:-1\" \/>\n<link rel=\"canonical\" href=\"https:\/\/www.alteacultural.com\/es\/2022\/04\/10\/modest-barrera-aymerich-silvestre-vilaplana-barnes-i-jordi-julia-garriga-guanyadors-dels-premis-altea\/\" \/>\n<meta property=\"og:locale\" content=\"es_ES\" \/>\n<meta property=\"og:type\" content=\"article\" \/>\n<meta property=\"og:title\" content=\"Modest Barrera Aymerich, Silvestre Vilaplana Barn\u00e9s i Jordi Juli\u00e0 Garriga guanyadors dels Premis Altea - Altea Cultural\" \/>\n<meta property=\"og:description\" content=\"El Palau Altea reuneix m\u00e9s de 170 persones en el sopar gala de lliurament de premis La VI edici\u00f3 [&hellip;]\" \/>\n<meta property=\"og:url\" content=\"https:\/\/www.alteacultural.com\/es\/2022\/04\/10\/modest-barrera-aymerich-silvestre-vilaplana-barnes-i-jordi-julia-garriga-guanyadors-dels-premis-altea\/\" \/>\n<meta property=\"og:site_name\" content=\"Altea Cultural\" \/>\n<meta property=\"article:published_time\" content=\"2022-04-10T10:22:00+00:00\" \/>\n<meta property=\"article:modified_time\" content=\"2022-04-11T10:31:12+00:00\" \/>\n<meta property=\"og:image\" content=\"https:\/\/www.alteacultural.com\/wp-content\/uploads\/2022\/04\/premios1-980x654-1.jpg\" \/>\n\t<meta property=\"og:image:width\" content=\"980\" \/>\n\t<meta property=\"og:image:height\" content=\"654\" \/>\n\t<meta property=\"og:image:type\" content=\"image\/jpeg\" \/>\n<meta name=\"author\" content=\"sfaltea.com-admin\" \/>\n<meta name=\"twitter:card\" content=\"summary_large_image\" \/>\n<meta name=\"twitter:label1\" content=\"Escrito por\" \/>\n\t<meta name=\"twitter:data1\" content=\"sfaltea.com-admin\" \/>\n\t<meta name=\"twitter:label2\" content=\"Tiempo de lectura\" \/>\n\t<meta name=\"twitter:data2\" content=\"5 minutos\" \/>\n<script type=\"application\/ld+json\" class=\"yoast-schema-graph\">{\"@context\":\"https:\/\/schema.org\",\"@graph\":[{\"@type\":\"WebPage\",\"@id\":\"https:\/\/www.alteacultural.com\/es\/2022\/04\/10\/modest-barrera-aymerich-silvestre-vilaplana-barnes-i-jordi-julia-garriga-guanyadors-dels-premis-altea\/\",\"url\":\"https:\/\/www.alteacultural.com\/es\/2022\/04\/10\/modest-barrera-aymerich-silvestre-vilaplana-barnes-i-jordi-julia-garriga-guanyadors-dels-premis-altea\/\",\"name\":\"Modest Barrera Aymerich, Silvestre Vilaplana Barn\u00e9s i Jordi Juli\u00e0 Garriga guanyadors dels Premis Altea - Altea Cultural\",\"isPartOf\":{\"@id\":\"https:\/\/www.alteacultural.com\/es\/#website\"},\"primaryImageOfPage\":{\"@id\":\"https:\/\/www.alteacultural.com\/es\/2022\/04\/10\/modest-barrera-aymerich-silvestre-vilaplana-barnes-i-jordi-julia-garriga-guanyadors-dels-premis-altea\/#primaryimage\"},\"image\":{\"@id\":\"https:\/\/www.alteacultural.com\/es\/2022\/04\/10\/modest-barrera-aymerich-silvestre-vilaplana-barnes-i-jordi-julia-garriga-guanyadors-dels-premis-altea\/#primaryimage\"},\"thumbnailUrl\":\"https:\/\/www.alteacultural.com\/wp-content\/uploads\/2022\/04\/premios1-980x654-1.jpg\",\"datePublished\":\"2022-04-10T10:22:00+00:00\",\"dateModified\":\"2022-04-11T10:31:12+00:00\",\"author\":{\"@id\":\"https:\/\/www.alteacultural.com\/es\/#\/schema\/person\/c4e137537f1af546d214a315255e5172\"},\"breadcrumb\":{\"@id\":\"https:\/\/www.alteacultural.com\/es\/2022\/04\/10\/modest-barrera-aymerich-silvestre-vilaplana-barnes-i-jordi-julia-garriga-guanyadors-dels-premis-altea\/#breadcrumb\"},\"inLanguage\":\"es\",\"potentialAction\":[{\"@type\":\"ReadAction\",\"target\":[\"https:\/\/www.alteacultural.com\/es\/2022\/04\/10\/modest-barrera-aymerich-silvestre-vilaplana-barnes-i-jordi-julia-garriga-guanyadors-dels-premis-altea\/\"]}]},{\"@type\":\"ImageObject\",\"inLanguage\":\"es\",\"@id\":\"https:\/\/www.alteacultural.com\/es\/2022\/04\/10\/modest-barrera-aymerich-silvestre-vilaplana-barnes-i-jordi-julia-garriga-guanyadors-dels-premis-altea\/#primaryimage\",\"url\":\"https:\/\/www.alteacultural.com\/wp-content\/uploads\/2022\/04\/premios1-980x654-1.jpg\",\"contentUrl\":\"https:\/\/www.alteacultural.com\/wp-content\/uploads\/2022\/04\/premios1-980x654-1.jpg\",\"width\":980,\"height\":654},{\"@type\":\"BreadcrumbList\",\"@id\":\"https:\/\/www.alteacultural.com\/es\/2022\/04\/10\/modest-barrera-aymerich-silvestre-vilaplana-barnes-i-jordi-julia-garriga-guanyadors-dels-premis-altea\/#breadcrumb\",\"itemListElement\":[{\"@type\":\"ListItem\",\"position\":1,\"name\":\"Inici\",\"item\":\"https:\/\/www.alteacultural.com\/es\/\"},{\"@type\":\"ListItem\",\"position\":2,\"name\":\"Modest Barrera Aymerich, Silvestre Vilaplana Barn\u00e9s i Jordi Juli\u00e0 Garriga guanyadors dels Premis Altea\"}]},{\"@type\":\"WebSite\",\"@id\":\"https:\/\/www.alteacultural.com\/es\/#website\",\"url\":\"https:\/\/www.alteacultural.com\/es\/\",\"name\":\"Altea Cultural\",\"description\":\"Regidoria de Cultura de l&#039;Ajuntament d&#039;Altea\",\"potentialAction\":[{\"@type\":\"SearchAction\",\"target\":{\"@type\":\"EntryPoint\",\"urlTemplate\":\"https:\/\/www.alteacultural.com\/es\/?s={search_term_string}\"},\"query-input\":\"required name=search_term_string\"}],\"inLanguage\":\"es\"},{\"@type\":\"Person\",\"@id\":\"https:\/\/www.alteacultural.com\/es\/#\/schema\/person\/c4e137537f1af546d214a315255e5172\",\"name\":\"sfaltea.com-admin\",\"image\":{\"@type\":\"ImageObject\",\"inLanguage\":\"es\",\"@id\":\"https:\/\/www.alteacultural.com\/es\/#\/schema\/person\/image\/\",\"url\":\"https:\/\/secure.gravatar.com\/avatar\/f7473fa2fbd351270ccfd469de536202?s=96&d=mm&r=g\",\"contentUrl\":\"https:\/\/secure.gravatar.com\/avatar\/f7473fa2fbd351270ccfd469de536202?s=96&d=mm&r=g\",\"caption\":\"sfaltea.com-admin\"},\"url\":\"https:\/\/www.alteacultural.com\/es\/author\/sfaltea-com-admin\/\"}]}<\/script>\n<!-- \/ Yoast SEO plugin. -->","yoast_head_json":{"title":"Modest Barrera Aymerich, Silvestre Vilaplana Barn\u00e9s i Jordi Juli\u00e0 Garriga guanyadors dels Premis Altea - Altea Cultural","robots":{"index":"index","follow":"follow","max-snippet":"max-snippet:-1","max-image-preview":"max-image-preview:large","max-video-preview":"max-video-preview:-1"},"canonical":"https:\/\/www.alteacultural.com\/es\/2022\/04\/10\/modest-barrera-aymerich-silvestre-vilaplana-barnes-i-jordi-julia-garriga-guanyadors-dels-premis-altea\/","og_locale":"es_ES","og_type":"article","og_title":"Modest Barrera Aymerich, Silvestre Vilaplana Barn\u00e9s i Jordi Juli\u00e0 Garriga guanyadors dels Premis Altea - Altea Cultural","og_description":"El Palau Altea reuneix m\u00e9s de 170 persones en el sopar gala de lliurament de premis La VI edici\u00f3 [&hellip;]","og_url":"https:\/\/www.alteacultural.com\/es\/2022\/04\/10\/modest-barrera-aymerich-silvestre-vilaplana-barnes-i-jordi-julia-garriga-guanyadors-dels-premis-altea\/","og_site_name":"Altea Cultural","article_published_time":"2022-04-10T10:22:00+00:00","article_modified_time":"2022-04-11T10:31:12+00:00","og_image":[{"width":980,"height":654,"url":"https:\/\/www.alteacultural.com\/wp-content\/uploads\/2022\/04\/premios1-980x654-1.jpg","type":"image\/jpeg"}],"author":"sfaltea.com-admin","twitter_card":"summary_large_image","twitter_misc":{"Escrito por":"sfaltea.com-admin","Tiempo de lectura":"5 minutos"},"schema":{"@context":"https:\/\/schema.org","@graph":[{"@type":"WebPage","@id":"https:\/\/www.alteacultural.com\/es\/2022\/04\/10\/modest-barrera-aymerich-silvestre-vilaplana-barnes-i-jordi-julia-garriga-guanyadors-dels-premis-altea\/","url":"https:\/\/www.alteacultural.com\/es\/2022\/04\/10\/modest-barrera-aymerich-silvestre-vilaplana-barnes-i-jordi-julia-garriga-guanyadors-dels-premis-altea\/","name":"Modest Barrera Aymerich, Silvestre Vilaplana Barn\u00e9s i Jordi Juli\u00e0 Garriga guanyadors dels Premis Altea - Altea Cultural","isPartOf":{"@id":"https:\/\/www.alteacultural.com\/es\/#website"},"primaryImageOfPage":{"@id":"https:\/\/www.alteacultural.com\/es\/2022\/04\/10\/modest-barrera-aymerich-silvestre-vilaplana-barnes-i-jordi-julia-garriga-guanyadors-dels-premis-altea\/#primaryimage"},"image":{"@id":"https:\/\/www.alteacultural.com\/es\/2022\/04\/10\/modest-barrera-aymerich-silvestre-vilaplana-barnes-i-jordi-julia-garriga-guanyadors-dels-premis-altea\/#primaryimage"},"thumbnailUrl":"https:\/\/www.alteacultural.com\/wp-content\/uploads\/2022\/04\/premios1-980x654-1.jpg","datePublished":"2022-04-10T10:22:00+00:00","dateModified":"2022-04-11T10:31:12+00:00","author":{"@id":"https:\/\/www.alteacultural.com\/es\/#\/schema\/person\/c4e137537f1af546d214a315255e5172"},"breadcrumb":{"@id":"https:\/\/www.alteacultural.com\/es\/2022\/04\/10\/modest-barrera-aymerich-silvestre-vilaplana-barnes-i-jordi-julia-garriga-guanyadors-dels-premis-altea\/#breadcrumb"},"inLanguage":"es","potentialAction":[{"@type":"ReadAction","target":["https:\/\/www.alteacultural.com\/es\/2022\/04\/10\/modest-barrera-aymerich-silvestre-vilaplana-barnes-i-jordi-julia-garriga-guanyadors-dels-premis-altea\/"]}]},{"@type":"ImageObject","inLanguage":"es","@id":"https:\/\/www.alteacultural.com\/es\/2022\/04\/10\/modest-barrera-aymerich-silvestre-vilaplana-barnes-i-jordi-julia-garriga-guanyadors-dels-premis-altea\/#primaryimage","url":"https:\/\/www.alteacultural.com\/wp-content\/uploads\/2022\/04\/premios1-980x654-1.jpg","contentUrl":"https:\/\/www.alteacultural.com\/wp-content\/uploads\/2022\/04\/premios1-980x654-1.jpg","width":980,"height":654},{"@type":"BreadcrumbList","@id":"https:\/\/www.alteacultural.com\/es\/2022\/04\/10\/modest-barrera-aymerich-silvestre-vilaplana-barnes-i-jordi-julia-garriga-guanyadors-dels-premis-altea\/#breadcrumb","itemListElement":[{"@type":"ListItem","position":1,"name":"Inici","item":"https:\/\/www.alteacultural.com\/es\/"},{"@type":"ListItem","position":2,"name":"Modest Barrera Aymerich, Silvestre Vilaplana Barn\u00e9s i Jordi Juli\u00e0 Garriga guanyadors dels Premis Altea"}]},{"@type":"WebSite","@id":"https:\/\/www.alteacultural.com\/es\/#website","url":"https:\/\/www.alteacultural.com\/es\/","name":"Altea Cultural","description":"Regidoria de Cultura de l&#039;Ajuntament d&#039;Altea","potentialAction":[{"@type":"SearchAction","target":{"@type":"EntryPoint","urlTemplate":"https:\/\/www.alteacultural.com\/es\/?s={search_term_string}"},"query-input":"required name=search_term_string"}],"inLanguage":"es"},{"@type":"Person","@id":"https:\/\/www.alteacultural.com\/es\/#\/schema\/person\/c4e137537f1af546d214a315255e5172","name":"sfaltea.com-admin","image":{"@type":"ImageObject","inLanguage":"es","@id":"https:\/\/www.alteacultural.com\/es\/#\/schema\/person\/image\/","url":"https:\/\/secure.gravatar.com\/avatar\/f7473fa2fbd351270ccfd469de536202?s=96&d=mm&r=g","contentUrl":"https:\/\/secure.gravatar.com\/avatar\/f7473fa2fbd351270ccfd469de536202?s=96&d=mm&r=g","caption":"sfaltea.com-admin"},"url":"https:\/\/www.alteacultural.com\/es\/author\/sfaltea-com-admin\/"}]}},"_links":{"self":[{"href":"https:\/\/www.alteacultural.com\/es\/wp-json\/wp\/v2\/posts\/18260"}],"collection":[{"href":"https:\/\/www.alteacultural.com\/es\/wp-json\/wp\/v2\/posts"}],"about":[{"href":"https:\/\/www.alteacultural.com\/es\/wp-json\/wp\/v2\/types\/post"}],"author":[{"embeddable":true,"href":"https:\/\/www.alteacultural.com\/es\/wp-json\/wp\/v2\/users\/1"}],"replies":[{"embeddable":true,"href":"https:\/\/www.alteacultural.com\/es\/wp-json\/wp\/v2\/comments?post=18260"}],"version-history":[{"count":1,"href":"https:\/\/www.alteacultural.com\/es\/wp-json\/wp\/v2\/posts\/18260\/revisions"}],"predecessor-version":[{"id":18261,"href":"https:\/\/www.alteacultural.com\/es\/wp-json\/wp\/v2\/posts\/18260\/revisions\/18261"}],"wp:featuredmedia":[{"embeddable":true,"href":"https:\/\/www.alteacultural.com\/es\/wp-json\/wp\/v2\/media\/18233"}],"wp:attachment":[{"href":"https:\/\/www.alteacultural.com\/es\/wp-json\/wp\/v2\/media?parent=18260"}],"curies":[{"name":"wp","href":"https:\/\/api.w.org\/{rel}","templated":true}]}}