{"id":18771,"date":"2022-04-26T14:36:53","date_gmt":"2022-04-26T12:36:53","guid":{"rendered":"https:\/\/www.alteacultural.com\/2022\/04\/26\/canvi-en-el-canal-de-whatsapp\/"},"modified":"2022-04-26T23:36:46","modified_gmt":"2022-04-26T21:36:46","slug":"canvi-en-el-canal-de-whatsapp","status":"publish","type":"post","link":"https:\/\/www.alteacultural.com\/es\/2022\/04\/26\/canvi-en-el-canal-de-whatsapp\/","title":{"rendered":"Cambio en el canal de WhatsApp"},"content":{"rendered":"\n<p>\u26a0\ufe0f Cambiamos de n\u00famero al 685010101.<\/p>\n\n\n\n<p>Los usuarios del canal de difusi\u00f3n de WhatsApp de la programaci\u00f3n cultural de Altea, que se han dado de alta a trav\u00e9s del n\u00fam. 691 443 443, antes del 27-04-2022, tienen que guardar el nuevo n\u00famero (685010101) en sus contactos. Qui\u00e9n se haya dado de alta a partir del 27-04-2022 no tiene que hacer nada.<\/p>\n\n\n\n<p>Este cambio de n\u00famero es consecuencia de un plan de mejora del sistema de difusi\u00f3n de la programaci\u00f3n cultural.<\/p>\n\n\n\n<p>Por lo tanto, los usuarios inscritos antes del 27-04-2022, para continuar recibiendo la programaci\u00f3n por WhatsApp, tienen que guardar el n\u00famero nuevo en tus contactos.<br>Pasamos de tener:<br>\u274c +34 691 443 443<br>a tener este:<br>\u2705 +34 685 01 01 01<\/p>\n\n\n\n<p>Si tienes problemas para hacer el cambio, t\u00e9 recomendamos darte de alta de nuevo en: <a href=\"https:\/\/www.alteacultural.com\/alertes\/?lang=es\"><strong>www.alteacultural.com\/alertes<\/strong><\/a><\/p>\n","protected":false},"excerpt":{"rendered":"<p>\u26a0\ufe0f Cambiamos de n\u00famero al 685010101. Los usuarios del canal de difusi\u00f3n de WhatsApp de la programaci\u00f3n cultural de [&hellip;]<\/p>\n","protected":false},"author":1,"featured_media":13221,"comment_status":"open","ping_status":"open","sticky":false,"template":"","format":"standard","meta":{"_expiration-date-status":"","_expiration-date":0,"_expiration-date-type":"","_expiration-date-categories":[],"_expiration-date-options":[],"footnotes":""},"yoast_head":"<!-- This site is optimized with the Yoast SEO plugin v22.8 - https:\/\/yoast.com\/wordpress\/plugins\/seo\/ -->\n<title>Cambio en el canal de WhatsApp - Altea Cultural<\/title>\n<meta name=\"robots\" content=\"index, follow, max-snippet:-1, max-image-preview:large, max-video-preview:-1\" \/>\n<link rel=\"canonical\" href=\"https:\/\/www.alteacultural.com\/es\/2022\/04\/26\/canvi-en-el-canal-de-whatsapp\/\" \/>\n<meta property=\"og:locale\" content=\"es_ES\" \/>\n<meta property=\"og:type\" content=\"article\" \/>\n<meta property=\"og:title\" content=\"Cambio en el canal de WhatsApp - Altea Cultural\" \/>\n<meta property=\"og:description\" content=\"\u26a0\ufe0f Cambiamos de n\u00famero al 685010101. Los usuarios del canal de difusi\u00f3n de WhatsApp de la programaci\u00f3n cultural de [&hellip;]\" \/>\n<meta property=\"og:url\" content=\"https:\/\/www.alteacultural.com\/es\/2022\/04\/26\/canvi-en-el-canal-de-whatsapp\/\" \/>\n<meta property=\"og:site_name\" content=\"Altea Cultural\" \/>\n<meta property=\"article:published_time\" content=\"2022-04-26T12:36:53+00:00\" \/>\n<meta property=\"article:modified_time\" content=\"2022-04-26T21:36:46+00:00\" \/>\n<meta property=\"og:image\" content=\"https:\/\/www.alteacultural.com\/wp-content\/uploads\/2021\/12\/wasap.jpg\" \/>\n\t<meta property=\"og:image:width\" content=\"640\" \/>\n\t<meta property=\"og:image:height\" content=\"480\" \/>\n\t<meta property=\"og:image:type\" content=\"image\/jpeg\" \/>\n<meta name=\"author\" content=\"sfaltea.com-admin\" \/>\n<meta name=\"twitter:card\" content=\"summary_large_image\" \/>\n<meta name=\"twitter:label1\" content=\"Escrito por\" \/>\n\t<meta name=\"twitter:data1\" content=\"sfaltea.com-admin\" \/>\n\t<meta name=\"twitter:label2\" content=\"Tiempo de lectura\" \/>\n\t<meta name=\"twitter:data2\" content=\"1 minuto\" \/>\n<script type=\"application\/ld+json\" class=\"yoast-schema-graph\">{\"@context\":\"https:\/\/schema.org\",\"@graph\":[{\"@type\":\"WebPage\",\"@id\":\"https:\/\/www.alteacultural.com\/es\/2022\/04\/26\/canvi-en-el-canal-de-whatsapp\/\",\"url\":\"https:\/\/www.alteacultural.com\/es\/2022\/04\/26\/canvi-en-el-canal-de-whatsapp\/\",\"name\":\"Cambio en el canal de WhatsApp - Altea Cultural\",\"isPartOf\":{\"@id\":\"https:\/\/www.alteacultural.com\/es\/#website\"},\"primaryImageOfPage\":{\"@id\":\"https:\/\/www.alteacultural.com\/es\/2022\/04\/26\/canvi-en-el-canal-de-whatsapp\/#primaryimage\"},\"image\":{\"@id\":\"https:\/\/www.alteacultural.com\/es\/2022\/04\/26\/canvi-en-el-canal-de-whatsapp\/#primaryimage\"},\"thumbnailUrl\":\"https:\/\/www.alteacultural.com\/wp-content\/uploads\/2021\/12\/wasap.jpg\",\"datePublished\":\"2022-04-26T12:36:53+00:00\",\"dateModified\":\"2022-04-26T21:36:46+00:00\",\"author\":{\"@id\":\"https:\/\/www.alteacultural.com\/es\/#\/schema\/person\/c4e137537f1af546d214a315255e5172\"},\"breadcrumb\":{\"@id\":\"https:\/\/www.alteacultural.com\/es\/2022\/04\/26\/canvi-en-el-canal-de-whatsapp\/#breadcrumb\"},\"inLanguage\":\"es\",\"potentialAction\":[{\"@type\":\"ReadAction\",\"target\":[\"https:\/\/www.alteacultural.com\/es\/2022\/04\/26\/canvi-en-el-canal-de-whatsapp\/\"]}]},{\"@type\":\"ImageObject\",\"inLanguage\":\"es\",\"@id\":\"https:\/\/www.alteacultural.com\/es\/2022\/04\/26\/canvi-en-el-canal-de-whatsapp\/#primaryimage\",\"url\":\"https:\/\/www.alteacultural.com\/wp-content\/uploads\/2021\/12\/wasap.jpg\",\"contentUrl\":\"https:\/\/www.alteacultural.com\/wp-content\/uploads\/2021\/12\/wasap.jpg\",\"width\":640,\"height\":480},{\"@type\":\"BreadcrumbList\",\"@id\":\"https:\/\/www.alteacultural.com\/es\/2022\/04\/26\/canvi-en-el-canal-de-whatsapp\/#breadcrumb\",\"itemListElement\":[{\"@type\":\"ListItem\",\"position\":1,\"name\":\"Inici\",\"item\":\"https:\/\/www.alteacultural.com\/es\/\"},{\"@type\":\"ListItem\",\"position\":2,\"name\":\"Cambio en el canal de WhatsApp\"}]},{\"@type\":\"WebSite\",\"@id\":\"https:\/\/www.alteacultural.com\/es\/#website\",\"url\":\"https:\/\/www.alteacultural.com\/es\/\",\"name\":\"Altea Cultural\",\"description\":\"Regidoria de Cultura de l&#039;Ajuntament d&#039;Altea\",\"potentialAction\":[{\"@type\":\"SearchAction\",\"target\":{\"@type\":\"EntryPoint\",\"urlTemplate\":\"https:\/\/www.alteacultural.com\/es\/?s={search_term_string}\"},\"query-input\":\"required name=search_term_string\"}],\"inLanguage\":\"es\"},{\"@type\":\"Person\",\"@id\":\"https:\/\/www.alteacultural.com\/es\/#\/schema\/person\/c4e137537f1af546d214a315255e5172\",\"name\":\"sfaltea.com-admin\",\"image\":{\"@type\":\"ImageObject\",\"inLanguage\":\"es\",\"@id\":\"https:\/\/www.alteacultural.com\/es\/#\/schema\/person\/image\/\",\"url\":\"https:\/\/secure.gravatar.com\/avatar\/f7473fa2fbd351270ccfd469de536202?s=96&d=mm&r=g\",\"contentUrl\":\"https:\/\/secure.gravatar.com\/avatar\/f7473fa2fbd351270ccfd469de536202?s=96&d=mm&r=g\",\"caption\":\"sfaltea.com-admin\"},\"url\":\"https:\/\/www.alteacultural.com\/es\/author\/sfaltea-com-admin\/\"}]}<\/script>\n<!-- \/ Yoast SEO plugin. -->","yoast_head_json":{"title":"Cambio en el canal de WhatsApp - Altea Cultural","robots":{"index":"index","follow":"follow","max-snippet":"max-snippet:-1","max-image-preview":"max-image-preview:large","max-video-preview":"max-video-preview:-1"},"canonical":"https:\/\/www.alteacultural.com\/es\/2022\/04\/26\/canvi-en-el-canal-de-whatsapp\/","og_locale":"es_ES","og_type":"article","og_title":"Cambio en el canal de WhatsApp - Altea Cultural","og_description":"\u26a0\ufe0f Cambiamos de n\u00famero al 685010101. Los usuarios del canal de difusi\u00f3n de WhatsApp de la programaci\u00f3n cultural de [&hellip;]","og_url":"https:\/\/www.alteacultural.com\/es\/2022\/04\/26\/canvi-en-el-canal-de-whatsapp\/","og_site_name":"Altea Cultural","article_published_time":"2022-04-26T12:36:53+00:00","article_modified_time":"2022-04-26T21:36:46+00:00","og_image":[{"width":640,"height":480,"url":"https:\/\/www.alteacultural.com\/wp-content\/uploads\/2021\/12\/wasap.jpg","type":"image\/jpeg"}],"author":"sfaltea.com-admin","twitter_card":"summary_large_image","twitter_misc":{"Escrito por":"sfaltea.com-admin","Tiempo de lectura":"1 minuto"},"schema":{"@context":"https:\/\/schema.org","@graph":[{"@type":"WebPage","@id":"https:\/\/www.alteacultural.com\/es\/2022\/04\/26\/canvi-en-el-canal-de-whatsapp\/","url":"https:\/\/www.alteacultural.com\/es\/2022\/04\/26\/canvi-en-el-canal-de-whatsapp\/","name":"Cambio en el canal de WhatsApp - Altea Cultural","isPartOf":{"@id":"https:\/\/www.alteacultural.com\/es\/#website"},"primaryImageOfPage":{"@id":"https:\/\/www.alteacultural.com\/es\/2022\/04\/26\/canvi-en-el-canal-de-whatsapp\/#primaryimage"},"image":{"@id":"https:\/\/www.alteacultural.com\/es\/2022\/04\/26\/canvi-en-el-canal-de-whatsapp\/#primaryimage"},"thumbnailUrl":"https:\/\/www.alteacultural.com\/wp-content\/uploads\/2021\/12\/wasap.jpg","datePublished":"2022-04-26T12:36:53+00:00","dateModified":"2022-04-26T21:36:46+00:00","author":{"@id":"https:\/\/www.alteacultural.com\/es\/#\/schema\/person\/c4e137537f1af546d214a315255e5172"},"breadcrumb":{"@id":"https:\/\/www.alteacultural.com\/es\/2022\/04\/26\/canvi-en-el-canal-de-whatsapp\/#breadcrumb"},"inLanguage":"es","potentialAction":[{"@type":"ReadAction","target":["https:\/\/www.alteacultural.com\/es\/2022\/04\/26\/canvi-en-el-canal-de-whatsapp\/"]}]},{"@type":"ImageObject","inLanguage":"es","@id":"https:\/\/www.alteacultural.com\/es\/2022\/04\/26\/canvi-en-el-canal-de-whatsapp\/#primaryimage","url":"https:\/\/www.alteacultural.com\/wp-content\/uploads\/2021\/12\/wasap.jpg","contentUrl":"https:\/\/www.alteacultural.com\/wp-content\/uploads\/2021\/12\/wasap.jpg","width":640,"height":480},{"@type":"BreadcrumbList","@id":"https:\/\/www.alteacultural.com\/es\/2022\/04\/26\/canvi-en-el-canal-de-whatsapp\/#breadcrumb","itemListElement":[{"@type":"ListItem","position":1,"name":"Inici","item":"https:\/\/www.alteacultural.com\/es\/"},{"@type":"ListItem","position":2,"name":"Cambio en el canal de WhatsApp"}]},{"@type":"WebSite","@id":"https:\/\/www.alteacultural.com\/es\/#website","url":"https:\/\/www.alteacultural.com\/es\/","name":"Altea Cultural","description":"Regidoria de Cultura de l&#039;Ajuntament d&#039;Altea","potentialAction":[{"@type":"SearchAction","target":{"@type":"EntryPoint","urlTemplate":"https:\/\/www.alteacultural.com\/es\/?s={search_term_string}"},"query-input":"required name=search_term_string"}],"inLanguage":"es"},{"@type":"Person","@id":"https:\/\/www.alteacultural.com\/es\/#\/schema\/person\/c4e137537f1af546d214a315255e5172","name":"sfaltea.com-admin","image":{"@type":"ImageObject","inLanguage":"es","@id":"https:\/\/www.alteacultural.com\/es\/#\/schema\/person\/image\/","url":"https:\/\/secure.gravatar.com\/avatar\/f7473fa2fbd351270ccfd469de536202?s=96&d=mm&r=g","contentUrl":"https:\/\/secure.gravatar.com\/avatar\/f7473fa2fbd351270ccfd469de536202?s=96&d=mm&r=g","caption":"sfaltea.com-admin"},"url":"https:\/\/www.alteacultural.com\/es\/author\/sfaltea-com-admin\/"}]}},"_links":{"self":[{"href":"https:\/\/www.alteacultural.com\/es\/wp-json\/wp\/v2\/posts\/18771"}],"collection":[{"href":"https:\/\/www.alteacultural.com\/es\/wp-json\/wp\/v2\/posts"}],"about":[{"href":"https:\/\/www.alteacultural.com\/es\/wp-json\/wp\/v2\/types\/post"}],"author":[{"embeddable":true,"href":"https:\/\/www.alteacultural.com\/es\/wp-json\/wp\/v2\/users\/1"}],"replies":[{"embeddable":true,"href":"https:\/\/www.alteacultural.com\/es\/wp-json\/wp\/v2\/comments?post=18771"}],"version-history":[{"count":5,"href":"https:\/\/www.alteacultural.com\/es\/wp-json\/wp\/v2\/posts\/18771\/revisions"}],"predecessor-version":[{"id":18837,"href":"https:\/\/www.alteacultural.com\/es\/wp-json\/wp\/v2\/posts\/18771\/revisions\/18837"}],"wp:featuredmedia":[{"embeddable":true,"href":"https:\/\/www.alteacultural.com\/es\/wp-json\/wp\/v2\/media\/13221"}],"wp:attachment":[{"href":"https:\/\/www.alteacultural.com\/es\/wp-json\/wp\/v2\/media?parent=18771"}],"curies":[{"name":"wp","href":"https:\/\/api.w.org\/{rel}","templated":true}]}}