{"id":21679,"date":"2022-10-11T14:57:44","date_gmt":"2022-10-11T12:57:44","guid":{"rendered":"https:\/\/www.alteacultural.com\/2022\/10\/11\/programa-15-10-2022\/"},"modified":"2022-10-15T13:01:30","modified_gmt":"2022-10-15T11:01:30","slug":"programa-15-10-2022","status":"publish","type":"post","link":"https:\/\/www.alteacultural.com\/es\/2022\/10\/11\/programa-15-10-2022\/","title":{"rendered":"Programa 15-10-2022"},"content":{"rendered":"\t\t<div data-elementor-type=\"wp-post\" data-elementor-id=\"21679\" class=\"elementor elementor-21679\">\n\t\t\t\t\t\t<section class=\"elementor-section elementor-top-section elementor-element elementor-element-1fcb64c elementor-section-boxed elementor-section-height-default elementor-section-height-default exad-glass-effect-no exad-sticky-section-no\" data-id=\"1fcb64c\" data-element_type=\"section\">\n\t\t\t\t\t\t<div class=\"elementor-container elementor-column-gap-default\">\n\t\t\t\t\t<div class=\"elementor-column elementor-col-50 elementor-top-column elementor-element elementor-element-928d7ea exad-glass-effect-no exad-sticky-section-no\" data-id=\"928d7ea\" data-element_type=\"column\">\n\t\t\t<div class=\"elementor-widget-wrap elementor-element-populated\">\n\t\t\t\t\t\t<div class=\"elementor-element elementor-element-d19d03c exad-sticky-section-no exad-glass-effect-no elementor-widget elementor-widget-text-editor\" data-id=\"d19d03c\" data-element_type=\"widget\" data-widget_type=\"text-editor.default\">\n\t\t\t\t<div class=\"elementor-widget-container\">\n\t\t\t\t\t\t\t<p style=\"text-align: center;\">Programa \u00b7 15\/10\/2022 \u00b7 Festival de M\u00fasica Antiga i Barroca Altea 2022<\/p>\t\t\t\t\t\t<\/div>\n\t\t\t\t<\/div>\n\t\t\t\t\t<\/div>\n\t\t<\/div>\n\t\t\t\t<div class=\"elementor-column elementor-col-50 elementor-top-column elementor-element elementor-element-041b80c exad-glass-effect-no exad-sticky-section-no\" data-id=\"041b80c\" data-element_type=\"column\">\n\t\t\t<div class=\"elementor-widget-wrap elementor-element-populated\">\n\t\t\t\t\t\t<div class=\"elementor-element elementor-element-961ad1f exad-sticky-section-no exad-glass-effect-no elementor-widget elementor-widget-image\" data-id=\"961ad1f\" data-element_type=\"widget\" data-widget_type=\"image.default\">\n\t\t\t\t<div class=\"elementor-widget-container\">\n\t\t\t\t\t\t\t\t\t\t\t\t\t\t<a href=\"https:\/\/www.alteacultural.com\/2022\/10\/11\/programa-15-10-2022\">\n\t\t\t\t\t\t\t<img decoding=\"async\" data-src=\"https:\/\/www.alteacultural.com\/wp-content\/uploads\/elementor\/thumbs\/valencia-pt48thfiy0n8d036da41ndkk48zbusn7jwawsx7u0c.jpg\" title=\"valenci\u00e0\" alt=\"valenci\u00e0\" src=\"data:image\/gif;base64,R0lGODlhAQABAAAAACH5BAEKAAEALAAAAAABAAEAAAICTAEAOw==\" class=\"lazyload\" style=\"--smush-placeholder-width: 30px; --smush-placeholder-aspect-ratio: 30\/30;\" \/>\t\t\t\t\t\t\t\t<\/a>\n\t\t\t\t\t\t\t\t\t\t\t\t\t<\/div>\n\t\t\t\t<\/div>\n\t\t\t\t\t<\/div>\n\t\t<\/div>\n\t\t\t\t\t<\/div>\n\t\t<\/section>\n\t\t\t\t<section class=\"elementor-section elementor-top-section elementor-element elementor-element-73b943d elementor-section-boxed elementor-section-height-default elementor-section-height-default exad-glass-effect-no exad-sticky-section-no\" data-id=\"73b943d\" data-element_type=\"section\">\n\t\t\t\t\t\t<div class=\"elementor-container elementor-column-gap-default\">\n\t\t\t\t\t<div class=\"elementor-column elementor-col-100 elementor-top-column elementor-element elementor-element-73e008d exad-glass-effect-no exad-sticky-section-no\" data-id=\"73e008d\" data-element_type=\"column\">\n\t\t\t<div class=\"elementor-widget-wrap elementor-element-populated\">\n\t\t\t\t\t\t<div class=\"elementor-element elementor-element-47a15ef exad-sticky-section-no exad-glass-effect-no elementor-widget elementor-widget-text-editor\" data-id=\"47a15ef\" data-element_type=\"widget\" data-widget_type=\"text-editor.default\">\n\t\t\t\t<div class=\"elementor-widget-container\">\n\t\t\t\t\t\t\t<h2 style=\"text-align: center;\"><strong><span style=\"color: #ffffff;\">ENSEMBLE \u00d3SCAR ESPL\u00c1<\/span><\/strong><\/h2>\t\t\t\t\t\t<\/div>\n\t\t\t\t<\/div>\n\t\t\t\t\t<\/div>\n\t\t<\/div>\n\t\t\t\t\t<\/div>\n\t\t<\/section>\n\t\t\t\t<section class=\"elementor-section elementor-top-section elementor-element elementor-element-f2845cd elementor-section-boxed elementor-section-height-default elementor-section-height-default exad-glass-effect-no exad-sticky-section-no\" data-id=\"f2845cd\" data-element_type=\"section\">\n\t\t\t\t\t\t<div class=\"elementor-container elementor-column-gap-default\">\n\t\t\t\t\t<div class=\"elementor-column elementor-col-100 elementor-top-column elementor-element elementor-element-99fde3d exad-glass-effect-no exad-sticky-section-no\" data-id=\"99fde3d\" data-element_type=\"column\">\n\t\t\t<div class=\"elementor-widget-wrap elementor-element-populated\">\n\t\t\t\t\t\t<div class=\"elementor-element elementor-element-353eb5a exad-sticky-section-no exad-glass-effect-no elementor-widget elementor-widget-text-editor\" data-id=\"353eb5a\" data-element_type=\"widget\" data-widget_type=\"text-editor.default\">\n\t\t\t\t<div class=\"elementor-widget-container\">\n\t\t\t\t\t\t\t<div class=\"traductor-textarea form-group\"><div class=\"textarea-desti col-xs-12 col-sm-6\" style=\"text-align: center;\"><div class=\"traductor-textarea form-group\"><h3 class=\"textarea-desti col-xs-12 col-sm-6\" style=\"text-align: center;\"><span style=\"text-decoration: underline; color: #ff6600;\"><span>PROGRAMA<\/span><\/span><\/h3><h3 class=\"textarea-desti col-xs-12 col-sm-6\" style=\"text-align: center;\"><em>Variaciones Goldberg<\/em> del compositor alem\u00e1n Johann Sebastian Bach en su versi\u00f3n para tr\u00edo de cuerda. C<span style=\"color: #000000;\"><strong>oncierto con una duraci\u00f3n de 1 hora y 20 minutos aprox. pero cargado de belleza musical, <\/strong><\/span><span style=\"color: #000000;\"><strong>entretenimiento y de un gran inter\u00e9s para todos los asiduos a este ciclo.<br \/><br \/><\/strong><\/span><\/h3><h3><span style=\"color: #0000ff;\"><strong>El Barroco y su genio.<\/strong><\/span><\/h3><\/div><div class=\"textarea-desti col-xs-12 col-sm-6\"><h3 style=\"text-align: center;\"><strong><span style=\"color: #0000ff;\"><em>Variacions Goldberg, BWV 988.<\/em> Johann Sebastian Bach<\/span><\/strong><br \/><strong><span style=\"color: #0000ff;\">Formaci\u00f3n: Viol\u00edn, Viola, Chelo.<\/span><\/strong><br \/><strong><span style=\"color: #0000ff;\">Durada: 1 h. 20 min. aprox.<\/span><\/strong><\/h3><\/div><h3>\u00a0<\/h3><h3>\u00a0<\/h3><h3 style=\"text-align: center;\"><span style=\"color: #ff6600;\"><strong><span style=\"text-decoration: underline;\">EL GRUPO<\/span><\/strong><\/span><\/h3><h3>\u00a0<\/h3><h3 style=\"text-align: center;\"><span style=\"color: #000000;\"><strong>El <em>Ensemble \u00d3scar Espl\u00e1<\/em> nace con la idea de, gracias a la immensa inquietud y el amor por la m\u00fasica de sus integrantes, trabajar las diferentes formaciones emmarcadas en la llamada m\u00fasica de c\u00e1mara, para de esta manera ofrecer una amplia variedad de obras escritas por grandes compositores de todas las \u00e9poca<\/strong><strong>s.<\/strong><\/span><\/h3><h3 style=\"text-align: center;\"><span style=\"color: #000000;\"><strong>Duos, tr\u00edos, cuartetos, quintetos, sextetos, octetos, son algunas de las formaciones que afronta el Ensemble.<\/strong><\/span><\/h3><h3 style=\"text-align: center;\"><span style=\"color: #000000;\"><strong>Lo integran destacados m\u00fasicos de una gran calidad, experiencia y madurez en todos los \u00e1mbitos art\u00edsticos.<\/strong><\/span><\/h3><h3><span style=\"color: #000000;\"><strong>Con asiduidad son invitados para tocar a los mejores festivales de m\u00fasica,tanto del panorama nacional como internacional<br \/>y adem\u00e1s colaboran con las mejores orquestas, solistas y directores de la actualidad.<br \/>Ensemble Oscar Espl\u00e1 pretende ser una referencia musical y al mismo tiempo desarrollar la m\u00fasica de c\u00e1mara en toda su amplitud, ofreciendo as\u00ed una gran calidad musical en todas sus interpretaciones, transmitiendo al p\u00fablico una experiencia art\u00edstica y cultural inmejorable.<\/strong><\/span><\/h3><\/div><\/div><div class=\"traductor-textarea form-group\"><div class=\"textarea-desti col-xs-12 col-sm-6\"><h3 style=\"text-align: center;\">\u00a0<\/h3><\/div><\/div>\t\t\t\t\t\t<\/div>\n\t\t\t\t<\/div>\n\t\t\t\t\t<\/div>\n\t\t<\/div>\n\t\t\t\t\t<\/div>\n\t\t<\/section>\n\t\t\t\t<section class=\"elementor-section elementor-top-section elementor-element elementor-element-c66925c elementor-section-boxed elementor-section-height-default elementor-section-height-default exad-glass-effect-no exad-sticky-section-no\" data-id=\"c66925c\" data-element_type=\"section\">\n\t\t\t\t\t\t<div class=\"elementor-container elementor-column-gap-default\">\n\t\t\t\t\t<div class=\"elementor-column elementor-col-100 elementor-top-column elementor-element elementor-element-151023a exad-glass-effect-no exad-sticky-section-no\" data-id=\"151023a\" data-element_type=\"column\">\n\t\t\t<div class=\"elementor-widget-wrap\">\n\t\t\t\t\t\t\t<\/div>\n\t\t<\/div>\n\t\t\t\t\t<\/div>\n\t\t<\/section>\n\t\t\t\t<section class=\"elementor-section elementor-top-section elementor-element elementor-element-5625a3c elementor-section-boxed elementor-section-height-default elementor-section-height-default exad-glass-effect-no exad-sticky-section-no\" data-id=\"5625a3c\" data-element_type=\"section\">\n\t\t\t\t\t\t<div class=\"elementor-container elementor-column-gap-default\">\n\t\t\t\t\t<div class=\"elementor-column elementor-col-100 elementor-top-column elementor-element elementor-element-64c120d exad-glass-effect-no exad-sticky-section-no\" data-id=\"64c120d\" data-element_type=\"column\">\n\t\t\t<div class=\"elementor-widget-wrap elementor-element-populated\">\n\t\t\t\t\t\t<div class=\"elementor-element elementor-element-30c43d4 elementor-align-center exad-sticky-section-no exad-glass-effect-no elementor-widget elementor-widget-button\" data-id=\"30c43d4\" data-element_type=\"widget\" data-widget_type=\"button.default\">\n\t\t\t\t<div class=\"elementor-widget-container\">\n\t\t\t\t\t<div class=\"elementor-button-wrapper\">\n\t\t\t<a class=\"elementor-button elementor-button-link elementor-size-sm\" href=\"https:\/\/www.alteacultural.com\/agenda\/\">\n\t\t\t\t\t\t<span class=\"elementor-button-content-wrapper\">\n\t\t\t\t\t\t\t\t\t<span class=\"elementor-button-text\">Agenda cultural completa<\/span>\n\t\t\t\t\t<\/span>\n\t\t\t\t\t<\/a>\n\t\t<\/div>\n\t\t\t\t<\/div>\n\t\t\t\t<\/div>\n\t\t\t\t\t<\/div>\n\t\t<\/div>\n\t\t\t\t\t<\/div>\n\t\t<\/section>\n\t\t\t\t<section class=\"elementor-section elementor-top-section elementor-element elementor-element-7d46883 elementor-section-boxed elementor-section-height-default elementor-section-height-default exad-glass-effect-no exad-sticky-section-no\" data-id=\"7d46883\" data-element_type=\"section\">\n\t\t\t\t\t\t<div class=\"elementor-container elementor-column-gap-default\">\n\t\t\t\t\t<div class=\"elementor-column elementor-col-100 elementor-top-column elementor-element elementor-element-16ce4bc exad-glass-effect-no exad-sticky-section-no\" data-id=\"16ce4bc\" data-element_type=\"column\">\n\t\t\t<div class=\"elementor-widget-wrap elementor-element-populated\">\n\t\t\t\t\t\t<div class=\"elementor-element elementor-element-35b8ea1 elementor-arrows-position-inside elementor-pagination-position-outside exad-sticky-section-no exad-glass-effect-no elementor-widget elementor-widget-image-carousel\" data-id=\"35b8ea1\" data-element_type=\"widget\" data-settings=\"{&quot;navigation&quot;:&quot;both&quot;,&quot;autoplay&quot;:&quot;yes&quot;,&quot;pause_on_hover&quot;:&quot;yes&quot;,&quot;pause_on_interaction&quot;:&quot;yes&quot;,&quot;autoplay_speed&quot;:5000,&quot;infinite&quot;:&quot;yes&quot;,&quot;speed&quot;:500}\" data-widget_type=\"image-carousel.default\">\n\t\t\t\t<div class=\"elementor-widget-container\">\n\t\t\t\t\t<div class=\"elementor-image-carousel-wrapper swiper\" dir=\"ltr\">\n\t\t\t<div class=\"elementor-image-carousel swiper-wrapper\" aria-live=\"off\">\n\t\t\t\t\t\t\t\t<div class=\"swiper-slide\" role=\"group\" aria-roledescription=\"slide\" aria-label=\"1 de 3\"><figure class=\"swiper-slide-inner\"><img decoding=\"async\" class=\"swiper-slide-image lazyload\" data-src=\"https:\/\/www.alteacultural.com\/wp-content\/uploads\/2022\/10\/7_oboe_655-1-300x300.jpg\" alt=\"7_oboe_655\" src=\"data:image\/gif;base64,R0lGODlhAQABAAAAACH5BAEKAAEALAAAAAABAAEAAAICTAEAOw==\" style=\"--smush-placeholder-width: 300px; --smush-placeholder-aspect-ratio: 300\/300;\" \/><\/figure><\/div><div class=\"swiper-slide\" role=\"group\" aria-roledescription=\"slide\" aria-label=\"2 de 3\"><figure class=\"swiper-slide-inner\"><img decoding=\"async\" class=\"swiper-slide-image lazyload\" data-src=\"https:\/\/www.alteacultural.com\/wp-content\/uploads\/2022\/10\/clarinete-1-300x300.jpg\" alt=\"clarinete\" src=\"data:image\/gif;base64,R0lGODlhAQABAAAAACH5BAEKAAEALAAAAAABAAEAAAICTAEAOw==\" style=\"--smush-placeholder-width: 300px; --smush-placeholder-aspect-ratio: 300\/300;\" \/><\/figure><\/div><div class=\"swiper-slide\" role=\"group\" aria-roledescription=\"slide\" aria-label=\"3 de 3\"><figure class=\"swiper-slide-inner\"><img decoding=\"async\" class=\"swiper-slide-image lazyload\" data-src=\"https:\/\/www.alteacultural.com\/wp-content\/uploads\/2022\/10\/fagot-es-instrumento-viento-madera-lengueta-doble_545448-12454-300x300.jpg\" alt=\"fagot-es-instrumento-viento-madera-lengueta-doble_545448-12454\" src=\"data:image\/gif;base64,R0lGODlhAQABAAAAACH5BAEKAAEALAAAAAABAAEAAAICTAEAOw==\" style=\"--smush-placeholder-width: 300px; --smush-placeholder-aspect-ratio: 300\/300;\" \/><\/figure><\/div>\t\t\t<\/div>\n\t\t\t\t\t\t\t\t\t\t\t\t<div class=\"elementor-swiper-button elementor-swiper-button-prev\" role=\"button\" tabindex=\"0\">\n\t\t\t\t\t\t<i aria-hidden=\"true\" class=\"eicon-chevron-left\"><\/i>\t\t\t\t\t<\/div>\n\t\t\t\t\t<div class=\"elementor-swiper-button elementor-swiper-button-next\" role=\"button\" tabindex=\"0\">\n\t\t\t\t\t\t<i aria-hidden=\"true\" class=\"eicon-chevron-right\"><\/i>\t\t\t\t\t<\/div>\n\t\t\t\t\n\t\t\t\t\t\t\t\t\t<div class=\"swiper-pagination\"><\/div>\n\t\t\t\t\t\t\t\t\t<\/div>\n\t\t\t\t<\/div>\n\t\t\t\t<\/div>\n\t\t\t\t<div class=\"elementor-element elementor-element-c0558ab exad-sticky-section-no exad-glass-effect-no elementor-widget elementor-widget-image\" data-id=\"c0558ab\" data-element_type=\"widget\" data-widget_type=\"image.default\">\n\t\t\t\t<div class=\"elementor-widget-container\">\n\t\t\t\t\t\t\t\t\t\t\t\t\t\t<a href=\"https:\/\/www.alteacultural.com\/alertes\">\n\t\t\t\t\t\t\t<img fetchpriority=\"high\" decoding=\"async\" width=\"2560\" height=\"1280\" src=\"https:\/\/www.alteacultural.com\/wp-content\/uploads\/2022\/04\/100x200-rollupbanner-medium_es2_AdpatParaRedesHoriz-01-scaled.jpg\" class=\"attachment-large size-large wp-image-18827\" alt=\"\" srcset=\"https:\/\/www.alteacultural.com\/wp-content\/uploads\/2022\/04\/100x200-rollupbanner-medium_es2_AdpatParaRedesHoriz-01-scaled.jpg 2560w, https:\/\/www.alteacultural.com\/wp-content\/uploads\/2022\/04\/100x200-rollupbanner-medium_es2_AdpatParaRedesHoriz-01-768x384.jpg 768w, https:\/\/www.alteacultural.com\/wp-content\/uploads\/2022\/04\/100x200-rollupbanner-medium_es2_AdpatParaRedesHoriz-01-1536x768.jpg 1536w, https:\/\/www.alteacultural.com\/wp-content\/uploads\/2022\/04\/100x200-rollupbanner-medium_es2_AdpatParaRedesHoriz-01-2048x1024.jpg 2048w\" sizes=\"(max-width: 2560px) 100vw, 2560px\" \/>\t\t\t\t\t\t\t\t<\/a>\n\t\t\t\t\t\t\t\t\t\t\t\t\t<\/div>\n\t\t\t\t<\/div>\n\t\t\t\t\t<\/div>\n\t\t<\/div>\n\t\t\t\t\t<\/div>\n\t\t<\/section>\n\t\t\t\t<section class=\"elementor-section elementor-top-section elementor-element elementor-element-75129c9 elementor-section-boxed elementor-section-height-default elementor-section-height-default exad-glass-effect-no exad-sticky-section-no\" data-id=\"75129c9\" data-element_type=\"section\">\n\t\t\t\t\t\t<div class=\"elementor-container elementor-column-gap-default\">\n\t\t\t\t\t<div class=\"elementor-column elementor-col-100 elementor-top-column elementor-element elementor-element-fafffc0 exad-glass-effect-no exad-sticky-section-no\" data-id=\"fafffc0\" data-element_type=\"column\">\n\t\t\t<div class=\"elementor-widget-wrap elementor-element-populated\">\n\t\t\t\t\t\t\t<\/div>\n\t\t<\/div>\n\t\t\t\t\t<\/div>\n\t\t<\/section>\n\t\t\t\t<section class=\"elementor-section elementor-top-section elementor-element elementor-element-a5974ad elementor-section-boxed elementor-section-height-default elementor-section-height-default exad-glass-effect-no exad-sticky-section-no\" data-id=\"a5974ad\" data-element_type=\"section\">\n\t\t\t\t\t\t<div class=\"elementor-container elementor-column-gap-default\">\n\t\t\t\t\t<div class=\"elementor-column elementor-col-100 elementor-top-column elementor-element elementor-element-8d2ca0a exad-glass-effect-no exad-sticky-section-no\" data-id=\"8d2ca0a\" data-element_type=\"column\">\n\t\t\t<div class=\"elementor-widget-wrap elementor-element-populated\">\n\t\t\t\t\t\t\t<\/div>\n\t\t<\/div>\n\t\t\t\t\t<\/div>\n\t\t<\/section>\n\t\t\t\t<section class=\"elementor-section elementor-top-section elementor-element elementor-element-2f3f51e elementor-section-boxed elementor-section-height-default elementor-section-height-default exad-glass-effect-no exad-sticky-section-no\" data-id=\"2f3f51e\" data-element_type=\"section\">\n\t\t\t\t\t\t<div class=\"elementor-container elementor-column-gap-default\">\n\t\t\t\t\t<div class=\"elementor-column elementor-col-100 elementor-top-column elementor-element elementor-element-e3d1e47 exad-glass-effect-no exad-sticky-section-no\" data-id=\"e3d1e47\" data-element_type=\"column\">\n\t\t\t<div class=\"elementor-widget-wrap elementor-element-populated\">\n\t\t\t\t\t\t\t<\/div>\n\t\t<\/div>\n\t\t\t\t\t<\/div>\n\t\t<\/section>\n\t\t\t\t<\/div>\n\t\t","protected":false},"excerpt":{"rendered":"<p>Programa \u00b7 15\/10\/2022 \u00b7 Festival de M\u00fasica Antiga i Barroca Altea 2022 ENSEMBLE \u00d3SCAR ESPL\u00c1 PROGRAMA Variaciones Goldberg del [&hellip;]<\/p>\n","protected":false},"author":1,"featured_media":0,"comment_status":"closed","ping_status":"closed","sticky":false,"template":"elementor_canvas","format":"standard","meta":{"_expiration-date-status":"","_expiration-date":0,"_expiration-date-type":"","_expiration-date-categories":[],"_expiration-date-options":[],"footnotes":""},"yoast_head":"<!-- This site is optimized with the Yoast SEO plugin v22.8 - https:\/\/yoast.com\/wordpress\/plugins\/seo\/ -->\n<title>Programa 15-10-2022 - Altea Cultural<\/title>\n<meta name=\"robots\" content=\"index, follow, max-snippet:-1, max-image-preview:large, max-video-preview:-1\" \/>\n<link rel=\"canonical\" href=\"https:\/\/www.alteacultural.com\/es\/2022\/10\/11\/programa-15-10-2022\/\" \/>\n<meta property=\"og:locale\" content=\"es_ES\" \/>\n<meta property=\"og:type\" content=\"article\" \/>\n<meta property=\"og:title\" content=\"Programa 15-10-2022 - Altea Cultural\" \/>\n<meta property=\"og:description\" content=\"Programa \u00b7 15\/10\/2022 \u00b7 Festival de M\u00fasica Antiga i Barroca Altea 2022 ENSEMBLE \u00d3SCAR ESPL\u00c1 PROGRAMA Variaciones Goldberg del [&hellip;]\" \/>\n<meta property=\"og:url\" content=\"https:\/\/www.alteacultural.com\/es\/2022\/10\/11\/programa-15-10-2022\/\" \/>\n<meta property=\"og:site_name\" content=\"Altea Cultural\" \/>\n<meta property=\"article:published_time\" content=\"2022-10-11T12:57:44+00:00\" \/>\n<meta property=\"article:modified_time\" content=\"2022-10-15T11:01:30+00:00\" \/>\n<meta property=\"og:image\" content=\"https:\/\/www.alteacultural.com\/wp-content\/uploads\/elementor\/thumbs\/valencia-pt48thfiy0n8d036da41ndkk48zbusn7jwawsx7u0c.jpg\" \/>\n<meta name=\"author\" content=\"sfaltea.com-admin\" \/>\n<meta name=\"twitter:card\" content=\"summary_large_image\" \/>\n<meta name=\"twitter:label1\" content=\"Escrito por\" \/>\n\t<meta name=\"twitter:data1\" content=\"sfaltea.com-admin\" \/>\n\t<meta name=\"twitter:label2\" content=\"Tiempo de lectura\" \/>\n\t<meta name=\"twitter:data2\" content=\"4 minutos\" \/>\n<script type=\"application\/ld+json\" class=\"yoast-schema-graph\">{\"@context\":\"https:\/\/schema.org\",\"@graph\":[{\"@type\":\"WebPage\",\"@id\":\"https:\/\/www.alteacultural.com\/es\/2022\/10\/11\/programa-15-10-2022\/\",\"url\":\"https:\/\/www.alteacultural.com\/es\/2022\/10\/11\/programa-15-10-2022\/\",\"name\":\"Programa 15-10-2022 - Altea Cultural\",\"isPartOf\":{\"@id\":\"https:\/\/www.alteacultural.com\/es\/#website\"},\"primaryImageOfPage\":{\"@id\":\"https:\/\/www.alteacultural.com\/es\/2022\/10\/11\/programa-15-10-2022\/#primaryimage\"},\"image\":{\"@id\":\"https:\/\/www.alteacultural.com\/es\/2022\/10\/11\/programa-15-10-2022\/#primaryimage\"},\"thumbnailUrl\":\"https:\/\/www.alteacultural.com\/wp-content\/uploads\/elementor\/thumbs\/valencia-pt48thfiy0n8d036da41ndkk48zbusn7jwawsx7u0c.jpg\",\"datePublished\":\"2022-10-11T12:57:44+00:00\",\"dateModified\":\"2022-10-15T11:01:30+00:00\",\"author\":{\"@id\":\"https:\/\/www.alteacultural.com\/es\/#\/schema\/person\/c4e137537f1af546d214a315255e5172\"},\"breadcrumb\":{\"@id\":\"https:\/\/www.alteacultural.com\/es\/2022\/10\/11\/programa-15-10-2022\/#breadcrumb\"},\"inLanguage\":\"es\",\"potentialAction\":[{\"@type\":\"ReadAction\",\"target\":[\"https:\/\/www.alteacultural.com\/es\/2022\/10\/11\/programa-15-10-2022\/\"]}]},{\"@type\":\"ImageObject\",\"inLanguage\":\"es\",\"@id\":\"https:\/\/www.alteacultural.com\/es\/2022\/10\/11\/programa-15-10-2022\/#primaryimage\",\"url\":\"https:\/\/www.alteacultural.com\/wp-content\/uploads\/elementor\/thumbs\/valencia-pt48thfiy0n8d036da41ndkk48zbusn7jwawsx7u0c.jpg\",\"contentUrl\":\"https:\/\/www.alteacultural.com\/wp-content\/uploads\/elementor\/thumbs\/valencia-pt48thfiy0n8d036da41ndkk48zbusn7jwawsx7u0c.jpg\"},{\"@type\":\"BreadcrumbList\",\"@id\":\"https:\/\/www.alteacultural.com\/es\/2022\/10\/11\/programa-15-10-2022\/#breadcrumb\",\"itemListElement\":[{\"@type\":\"ListItem\",\"position\":1,\"name\":\"Inici\",\"item\":\"https:\/\/www.alteacultural.com\/es\/\"},{\"@type\":\"ListItem\",\"position\":2,\"name\":\"Programa 15-10-2022\"}]},{\"@type\":\"WebSite\",\"@id\":\"https:\/\/www.alteacultural.com\/es\/#website\",\"url\":\"https:\/\/www.alteacultural.com\/es\/\",\"name\":\"Altea Cultural\",\"description\":\"Regidoria de Cultura de l&#039;Ajuntament d&#039;Altea\",\"potentialAction\":[{\"@type\":\"SearchAction\",\"target\":{\"@type\":\"EntryPoint\",\"urlTemplate\":\"https:\/\/www.alteacultural.com\/es\/?s={search_term_string}\"},\"query-input\":\"required name=search_term_string\"}],\"inLanguage\":\"es\"},{\"@type\":\"Person\",\"@id\":\"https:\/\/www.alteacultural.com\/es\/#\/schema\/person\/c4e137537f1af546d214a315255e5172\",\"name\":\"sfaltea.com-admin\",\"image\":{\"@type\":\"ImageObject\",\"inLanguage\":\"es\",\"@id\":\"https:\/\/www.alteacultural.com\/es\/#\/schema\/person\/image\/\",\"url\":\"https:\/\/secure.gravatar.com\/avatar\/f7473fa2fbd351270ccfd469de536202?s=96&d=mm&r=g\",\"contentUrl\":\"https:\/\/secure.gravatar.com\/avatar\/f7473fa2fbd351270ccfd469de536202?s=96&d=mm&r=g\",\"caption\":\"sfaltea.com-admin\"},\"url\":\"https:\/\/www.alteacultural.com\/es\/author\/sfaltea-com-admin\/\"}]}<\/script>\n<!-- \/ Yoast SEO plugin. -->","yoast_head_json":{"title":"Programa 15-10-2022 - Altea Cultural","robots":{"index":"index","follow":"follow","max-snippet":"max-snippet:-1","max-image-preview":"max-image-preview:large","max-video-preview":"max-video-preview:-1"},"canonical":"https:\/\/www.alteacultural.com\/es\/2022\/10\/11\/programa-15-10-2022\/","og_locale":"es_ES","og_type":"article","og_title":"Programa 15-10-2022 - Altea Cultural","og_description":"Programa \u00b7 15\/10\/2022 \u00b7 Festival de M\u00fasica Antiga i Barroca Altea 2022 ENSEMBLE \u00d3SCAR ESPL\u00c1 PROGRAMA Variaciones Goldberg del [&hellip;]","og_url":"https:\/\/www.alteacultural.com\/es\/2022\/10\/11\/programa-15-10-2022\/","og_site_name":"Altea Cultural","article_published_time":"2022-10-11T12:57:44+00:00","article_modified_time":"2022-10-15T11:01:30+00:00","og_image":[{"url":"https:\/\/www.alteacultural.com\/wp-content\/uploads\/elementor\/thumbs\/valencia-pt48thfiy0n8d036da41ndkk48zbusn7jwawsx7u0c.jpg"}],"author":"sfaltea.com-admin","twitter_card":"summary_large_image","twitter_misc":{"Escrito por":"sfaltea.com-admin","Tiempo de lectura":"4 minutos"},"schema":{"@context":"https:\/\/schema.org","@graph":[{"@type":"WebPage","@id":"https:\/\/www.alteacultural.com\/es\/2022\/10\/11\/programa-15-10-2022\/","url":"https:\/\/www.alteacultural.com\/es\/2022\/10\/11\/programa-15-10-2022\/","name":"Programa 15-10-2022 - Altea Cultural","isPartOf":{"@id":"https:\/\/www.alteacultural.com\/es\/#website"},"primaryImageOfPage":{"@id":"https:\/\/www.alteacultural.com\/es\/2022\/10\/11\/programa-15-10-2022\/#primaryimage"},"image":{"@id":"https:\/\/www.alteacultural.com\/es\/2022\/10\/11\/programa-15-10-2022\/#primaryimage"},"thumbnailUrl":"https:\/\/www.alteacultural.com\/wp-content\/uploads\/elementor\/thumbs\/valencia-pt48thfiy0n8d036da41ndkk48zbusn7jwawsx7u0c.jpg","datePublished":"2022-10-11T12:57:44+00:00","dateModified":"2022-10-15T11:01:30+00:00","author":{"@id":"https:\/\/www.alteacultural.com\/es\/#\/schema\/person\/c4e137537f1af546d214a315255e5172"},"breadcrumb":{"@id":"https:\/\/www.alteacultural.com\/es\/2022\/10\/11\/programa-15-10-2022\/#breadcrumb"},"inLanguage":"es","potentialAction":[{"@type":"ReadAction","target":["https:\/\/www.alteacultural.com\/es\/2022\/10\/11\/programa-15-10-2022\/"]}]},{"@type":"ImageObject","inLanguage":"es","@id":"https:\/\/www.alteacultural.com\/es\/2022\/10\/11\/programa-15-10-2022\/#primaryimage","url":"https:\/\/www.alteacultural.com\/wp-content\/uploads\/elementor\/thumbs\/valencia-pt48thfiy0n8d036da41ndkk48zbusn7jwawsx7u0c.jpg","contentUrl":"https:\/\/www.alteacultural.com\/wp-content\/uploads\/elementor\/thumbs\/valencia-pt48thfiy0n8d036da41ndkk48zbusn7jwawsx7u0c.jpg"},{"@type":"BreadcrumbList","@id":"https:\/\/www.alteacultural.com\/es\/2022\/10\/11\/programa-15-10-2022\/#breadcrumb","itemListElement":[{"@type":"ListItem","position":1,"name":"Inici","item":"https:\/\/www.alteacultural.com\/es\/"},{"@type":"ListItem","position":2,"name":"Programa 15-10-2022"}]},{"@type":"WebSite","@id":"https:\/\/www.alteacultural.com\/es\/#website","url":"https:\/\/www.alteacultural.com\/es\/","name":"Altea Cultural","description":"Regidoria de Cultura de l&#039;Ajuntament d&#039;Altea","potentialAction":[{"@type":"SearchAction","target":{"@type":"EntryPoint","urlTemplate":"https:\/\/www.alteacultural.com\/es\/?s={search_term_string}"},"query-input":"required name=search_term_string"}],"inLanguage":"es"},{"@type":"Person","@id":"https:\/\/www.alteacultural.com\/es\/#\/schema\/person\/c4e137537f1af546d214a315255e5172","name":"sfaltea.com-admin","image":{"@type":"ImageObject","inLanguage":"es","@id":"https:\/\/www.alteacultural.com\/es\/#\/schema\/person\/image\/","url":"https:\/\/secure.gravatar.com\/avatar\/f7473fa2fbd351270ccfd469de536202?s=96&d=mm&r=g","contentUrl":"https:\/\/secure.gravatar.com\/avatar\/f7473fa2fbd351270ccfd469de536202?s=96&d=mm&r=g","caption":"sfaltea.com-admin"},"url":"https:\/\/www.alteacultural.com\/es\/author\/sfaltea-com-admin\/"}]}},"_links":{"self":[{"href":"https:\/\/www.alteacultural.com\/es\/wp-json\/wp\/v2\/posts\/21679"}],"collection":[{"href":"https:\/\/www.alteacultural.com\/es\/wp-json\/wp\/v2\/posts"}],"about":[{"href":"https:\/\/www.alteacultural.com\/es\/wp-json\/wp\/v2\/types\/post"}],"author":[{"embeddable":true,"href":"https:\/\/www.alteacultural.com\/es\/wp-json\/wp\/v2\/users\/1"}],"replies":[{"embeddable":true,"href":"https:\/\/www.alteacultural.com\/es\/wp-json\/wp\/v2\/comments?post=21679"}],"version-history":[{"count":13,"href":"https:\/\/www.alteacultural.com\/es\/wp-json\/wp\/v2\/posts\/21679\/revisions"}],"predecessor-version":[{"id":21801,"href":"https:\/\/www.alteacultural.com\/es\/wp-json\/wp\/v2\/posts\/21679\/revisions\/21801"}],"wp:attachment":[{"href":"https:\/\/www.alteacultural.com\/es\/wp-json\/wp\/v2\/media?parent=21679"}],"curies":[{"name":"wp","href":"https:\/\/api.w.org\/{rel}","templated":true}]}}