{"id":21759,"date":"2022-10-13T15:18:37","date_gmt":"2022-10-13T13:18:37","guid":{"rendered":"https:\/\/www.alteacultural.com\/2022\/10\/13\/programa-30-10-2022\/"},"modified":"2022-10-27T08:31:04","modified_gmt":"2022-10-27T06:31:04","slug":"programa-30-10-2022","status":"publish","type":"post","link":"https:\/\/www.alteacultural.com\/es\/2022\/10\/13\/programa-30-10-2022\/","title":{"rendered":"Programa 30-10-2022"},"content":{"rendered":"\t\t<div data-elementor-type=\"wp-post\" data-elementor-id=\"21759\" class=\"elementor elementor-21759\">\n\t\t\t\t\t\t<section class=\"elementor-section elementor-top-section elementor-element elementor-element-1fcb64c elementor-section-boxed elementor-section-height-default elementor-section-height-default exad-glass-effect-no exad-sticky-section-no\" data-id=\"1fcb64c\" data-element_type=\"section\">\n\t\t\t\t\t\t<div class=\"elementor-container elementor-column-gap-default\">\n\t\t\t\t\t<div class=\"elementor-column elementor-col-50 elementor-top-column elementor-element elementor-element-928d7ea exad-glass-effect-no exad-sticky-section-no\" data-id=\"928d7ea\" data-element_type=\"column\">\n\t\t\t<div class=\"elementor-widget-wrap elementor-element-populated\">\n\t\t\t\t\t\t<div class=\"elementor-element elementor-element-d19d03c exad-sticky-section-no exad-glass-effect-no elementor-widget elementor-widget-text-editor\" data-id=\"d19d03c\" data-element_type=\"widget\" data-widget_type=\"text-editor.default\">\n\t\t\t\t<div class=\"elementor-widget-container\">\n\t\t\t\t\t\t\t<p style=\"text-align: center;\">Programa \u00b7 30\/10\/2022 \u00b7 Festival de M\u00fasica Antiga i Barroca Altea 2022<\/p>\t\t\t\t\t\t<\/div>\n\t\t\t\t<\/div>\n\t\t\t\t\t<\/div>\n\t\t<\/div>\n\t\t\t\t<div class=\"elementor-column elementor-col-50 elementor-top-column elementor-element elementor-element-041b80c exad-glass-effect-no exad-sticky-section-no\" data-id=\"041b80c\" data-element_type=\"column\">\n\t\t\t<div class=\"elementor-widget-wrap elementor-element-populated\">\n\t\t\t\t\t\t<div class=\"elementor-element elementor-element-961ad1f exad-sticky-section-no exad-glass-effect-no elementor-widget elementor-widget-image\" data-id=\"961ad1f\" data-element_type=\"widget\" data-widget_type=\"image.default\">\n\t\t\t\t<div class=\"elementor-widget-container\">\n\t\t\t\t\t\t\t\t\t\t\t\t\t\t<a href=\"https:\/\/www.alteacultural.com\/2022\/10\/11\/programa-15-10-2022\/?lang=es\">\n\t\t\t\t\t\t\t<img decoding=\"async\" data-src=\"https:\/\/www.alteacultural.com\/wp-content\/uploads\/elementor\/thumbs\/valencia-pt48thfiy0n8d036da41ndkk48zbusn7jwawsx7u0c.jpg\" title=\"valenci\u00e0\" alt=\"valenci\u00e0\" src=\"data:image\/gif;base64,R0lGODlhAQABAAAAACH5BAEKAAEALAAAAAABAAEAAAICTAEAOw==\" class=\"lazyload\" style=\"--smush-placeholder-width: 30px; --smush-placeholder-aspect-ratio: 30\/30;\" \/>\t\t\t\t\t\t\t\t<\/a>\n\t\t\t\t\t\t\t\t\t\t\t\t\t<\/div>\n\t\t\t\t<\/div>\n\t\t\t\t\t<\/div>\n\t\t<\/div>\n\t\t\t\t\t<\/div>\n\t\t<\/section>\n\t\t\t\t<section class=\"elementor-section elementor-top-section elementor-element elementor-element-73b943d elementor-section-boxed elementor-section-height-default elementor-section-height-default exad-glass-effect-no exad-sticky-section-no\" data-id=\"73b943d\" data-element_type=\"section\">\n\t\t\t\t\t\t<div class=\"elementor-container elementor-column-gap-default\">\n\t\t\t\t\t<div class=\"elementor-column elementor-col-100 elementor-top-column elementor-element elementor-element-73e008d exad-glass-effect-no exad-sticky-section-no\" data-id=\"73e008d\" data-element_type=\"column\">\n\t\t\t<div class=\"elementor-widget-wrap elementor-element-populated\">\n\t\t\t\t\t\t<div class=\"elementor-element elementor-element-47a15ef exad-sticky-section-no exad-glass-effect-no elementor-widget elementor-widget-text-editor\" data-id=\"47a15ef\" data-element_type=\"widget\" data-widget_type=\"text-editor.default\">\n\t\t\t\t<div class=\"elementor-widget-container\">\n\t\t\t\t\t\t\t<h1 style=\"text-align: center;\"><span style=\"color: #ffffff;\">SOMNI DUO<\/span><\/h1>\t\t\t\t\t\t<\/div>\n\t\t\t\t<\/div>\n\t\t\t\t\t<\/div>\n\t\t<\/div>\n\t\t\t\t\t<\/div>\n\t\t<\/section>\n\t\t\t\t<section class=\"elementor-section elementor-top-section elementor-element elementor-element-f2845cd elementor-section-boxed elementor-section-height-default elementor-section-height-default exad-glass-effect-no exad-sticky-section-no\" data-id=\"f2845cd\" data-element_type=\"section\">\n\t\t\t\t\t\t<div class=\"elementor-container elementor-column-gap-default\">\n\t\t\t\t\t<div class=\"elementor-column elementor-col-100 elementor-top-column elementor-element elementor-element-99fde3d exad-glass-effect-no exad-sticky-section-no\" data-id=\"99fde3d\" data-element_type=\"column\">\n\t\t\t<div class=\"elementor-widget-wrap elementor-element-populated\">\n\t\t\t\t\t\t<div class=\"elementor-element elementor-element-353eb5a exad-sticky-section-no exad-glass-effect-no elementor-widget elementor-widget-text-editor\" data-id=\"353eb5a\" data-element_type=\"widget\" data-widget_type=\"text-editor.default\">\n\t\t\t\t<div class=\"elementor-widget-container\">\n\t\t\t\t\t\t\t<div class=\"traductor-textarea form-group\" style=\"text-align: center;\"><h3 class=\"textarea-desti col-xs-12 col-sm-6\" style=\"text-align: center;\"><span style=\"text-decoration: underline; color: #ff6600;\">PROGRAMA<\/span><\/h3><\/div><div>\u00a0<\/div><div class=\"traductor-textarea form-group\" style=\"text-align: center;\"><span style=\"color: #0000ff;\"><br \/><\/span><h3><span style=\"text-decoration: underline;\"><span style=\"color: #0000ff; text-decoration: underline;\">1a part<\/span><\/span><\/h3><p>\u00a0<\/p><h3><span style=\"color: #0000ff;\">J. S. Bach Sonata en Re m Bwv 527: Andante-Vivace<\/span><\/h3><p>\u00a0<\/p><h3><span style=\"color: #0000ff;\">J. S. Bach Partita n\u00ba 2: Sarabanda-Giga<\/span><\/h3><p>\u00a0<\/p><h3><span style=\"color: #0000ff;\">C. Ph. E. Bach Duetto 140\/H. 598. Andante-Allegro<\/span><\/h3><h3>\u00a0<\/h3><h3>\u00a0<\/h3><h3><br \/><span style=\"text-decoration: underline;\"><span style=\"color: #0000ff; text-decoration: underline;\">2a part<\/span><\/span><\/h3><p>\u00a0<\/p><h3><span style=\"color: #0000ff;\">G. Ph. Telemann Sonata TWV 40:102 en Mi m: Largo-Allegro-Vivace<\/span><\/h3><p>\u00a0<\/p><h3><span style=\"color: #0000ff;\">G. Ph. Telemann Fantasia n\u00ba 3 en Si m<\/span><\/h3><p>\u00a0<\/p><h3><span style=\"color: #0000ff;\">G. Ph. Telemann Sonata n\u00ba 1 en Si b M TWV 42:B1:1: Vivace-Siciliana-Allegro<\/span><\/h3><h3><span style=\"color: #0000ff;\">\u00a0<\/span><\/h3><\/div><p>\u00a0<\/p><h3>\u00a0<\/h3><div class=\"traductor-textarea form-group\"><h3 class=\"textarea-desti col-xs-12 col-sm-6\" style=\"text-align: center;\"><span style=\"text-decoration: underline; color: #ff6600;\"><strong>LAS VOCES DEL BARROCO<\/strong><\/span><\/h3><p>\u00a0<\/p><h3 style=\"text-align: center;\"><span style=\"color: #000000;\">A mediados del s. XVI, Italia vivi\u00f3 una gran renovaci\u00f3n musical. <\/span><\/h3><h3 style=\"text-align: center;\"><span style=\"color: #000000;\">El abandono de la polifon\u00eda Renacentista por la melod\u00eda acompa\u00f1ada favoreci\u00f3 la implantaci\u00f3n de instrumentos como el viol\u00edn o el oboe, que dado su car\u00e1cter mel\u00f3dico llegaron a ser de los preferidos por los solistas. <\/span><\/h3><h3 style=\"text-align: center;\"><span style=\"color: #000000;\">Al principio interven\u00edan para duplicar voces, pero muy pronto surgieron virtuosos, que normalmente eran tambi\u00e9n compositores, otorgando a estos instrumentos una gran literatura. <\/span><\/h3><h3 style=\"text-align: center;\"><span style=\"color: #000000;\">Muchas de las innovaciones del s. XVII van a perdurar durante siglos y algunas est\u00e1n en uso a\u00fan hoy, como el inter\u00e9s por los efectos dram\u00e1ticos, la expresividad emocional, la armon\u00eda de acuerdos, el cromatismo, la escritura idiom\u00e1tica y la tonalidad. <\/span><\/h3><h3 style=\"text-align: center;\"><span style=\"color: #000000;\">A trav\u00e9s de las voces del viol\u00edn y el oboe se da vida a dos de las voces m\u00e1s representativas del Barroco alem\u00e1n. <\/span><\/h3><h3 style=\"text-align: center;\"><span style=\"color: #000000;\">Por un lado, nos reencontramos con la espontaneidad de Telemann (1681-1767) y, por otra, con la profundidad de Bach (1685-1750).<\/span><\/h3><h3>\u00a0<\/h3><h3 style=\"text-align: center;\"><span style=\"color: #ff6600;\"><strong><span style=\"text-decoration: underline;\">SOMNI DUO<\/span><\/strong><\/span><\/h3><p>\u00a0<\/p><h3 style=\"text-align: center;\"><span style=\"color: #000000;\">Una gran amistad desde pr\u00e1cticamente sus inicios une a estos dos int\u00e9rpretes, que deciden formar un d\u00fao movidos por el inter\u00e9s compartido que le profesan a la m\u00fasica barroca. <\/span><\/h3><h3 style=\"text-align: center;\"><span style=\"color: #000000;\">Compa\u00f1eros en diferentes formaciones desde hace m\u00e1s de diez a\u00f1os, han interpretado recientemente el Concierto para viol\u00edn y oboe en Do menor de J.S. Bach en diferentes localidades de la Comunidad Valenciana.<\/span><\/h3><h3 style=\"text-align: center;\"><span style=\"color: #000000;\"> Con car\u00e1cter intimista presentan por primera vez \u201cLas voces del Barroco\u201d, un din\u00e1mico programa donde se escuchar\u00e1n tanto d\u00faos como piezas para instrumento solo y donde se podr\u00e1 disfrutar de la m\u00fasica de c\u00e1mara m\u00e1s sublime, con una complicidad labrada a trav\u00e9s del tiempo.<\/span><\/h3><h3 style=\"text-align: center;\"><span style=\"color: #0000ff;\">Patricia Genis Yago, <\/span><span style=\"color: #000000;\">violinista natural de Meliana (Val\u00e8ncia), inicia sus estudios en el Conservatorio Superior de M\u00fasica \u201cJoaqu\u00edn Rodrigo\u201d de Val\u00e8ncia, obteniendo el T\u00edtulo Superior de M\u00fasica de C\u00e1mara y el T\u00edtulo Superior de Viol\u00edn con las m\u00e1s altas calificaciones. Posteriormente contin\u00faa sus estudios en la Guildhall School of Music and Drama (Londres) donde obtiene el t\u00edtulo BMUS Honours Course Degree, expedido por la City of London University en 2004. <\/span><\/h3><h3 style=\"text-align: center;\"><span style=\"color: #000000;\">Sus principales profesores han sido Carlos Dur\u00e1, Paco Aguilar, Enrique Palomares, Michael Thomas, Pauline Scott y Vicente Huerta. <\/span><\/h3><h3 style=\"text-align: center;\"><span style=\"color: #000000;\">Ha formado parte de la Orquesta del Conservatorio Superior de M\u00fasica \u201cJoaqu\u00edn Rodrigo\u201d de Val\u00e8ncia, de la Joven Orquesta Nacional de Espa\u00f1a (JONDE) y de la Guildhall Symphony Orchestra. <\/span><\/h3><h3 style=\"text-align: center;\"><span style=\"color: #000000;\">Como profesional ha colaborado con la Orquesta Sinf\u00f3nica de Euskadi y con la Orquesta Sinf\u00f3nica de Galicia. <\/span><\/h3><h3 style=\"text-align: center;\"><span style=\"color: #000000;\">Desde 2006 hasta 2014 es miembro integrante del cuarteto \u00abA piacere\u00bb. En la actualidad forma parte de Som Acord Quartet de Corda, Somni Duo y del Cuerpo de Profesores de M\u00fasica y Artes Esc\u00e9nicas de la Generalitat Valenciana, impartiendo clases en el Conservatorio Profesional de M\u00fasica \u00abMestre T\u00e0rrega\u00bb de Castell\u00f3, compaginando la labor docente con recitales de m\u00fasica de c\u00e1mara y colaboraciones con orquestas.<\/span><\/h3><h3 style=\"text-align: center;\"><span style=\"color: #0000ff;\">Dom\u00e9nec Hurtado Juan, <\/span><span style=\"color: #000000;\">nace en Bonrep\u00f2s i Mirambell (Val\u00e8ncia). Estudia oboe en el Conservatorio Superior de M\u00fasica de Val\u00e8ncia con los profesores Jes\u00fas Fuster i Francisco Salanova donde obtiene los premios finales de <\/span><\/h3><h3 style=\"text-align: center;\"><span style=\"color: #000000;\">las ense\u00f1anzas elementales, profesionales y del Grado Superior.<\/span><\/h3><h3 style=\"text-align: center;\"><span style=\"color: #000000;\"> Tambi\u00e9n est\u00e1 en posesi\u00f3n del Certificado Avanzado de la Associated Board of the Royal Schools of Music.<\/span><\/h3><h3 style=\"text-align: center;\"><span style=\"color: #000000;\">El a\u00f1o 2000 recibi\u00f3 el premio Euterpe de la m\u00fasica valenciana y el Primer Premio en la II edici\u00f3n del concurso de M\u00fasica de C\u00e1mara Juventudes Musicales de Vinar\u00f2s. <\/span><\/h3><h3 style=\"text-align: center;\"><span style=\"color: #000000;\">Ha recibido clases de oboistes como Stefan Schilli, Jean Christophe Gayot y Celia Nicklin, entre otros. <\/span><\/h3><h3 style=\"text-align: center;\"><span style=\"color: #000000;\">Ha formado parte del grupo Riu Sec, como int\u00e9rprete, compositor y arreglista con el cual grab\u00f3 dos discos: Fent Cam\u00ed (Tram 1998) y Espardenyes Noves (PM Produccions 2002).<\/span><\/h3><h3 style=\"text-align: center;\"><span style=\"color: #000000;\">Es miembro del quinteto de viento Ventus Quinteto, del Tr\u00edo Ditirambo y de Somni Duo. <\/span><\/h3><h3 style=\"text-align: center;\"><span style=\"color: #000000;\">Ha colaborado con diferentes orquestas espa\u00f1olas como la Sinf\u00f3nica de Bilbao, Sinf\u00f3nica de Castilla y Le\u00f3n, Sinf\u00f3nica de las Islas Baleares, Sinf\u00f3nica de la Regi\u00f3n de Murcia y Sinf\u00f3nica del Vall\u00e9s, entre otros, as\u00ed como en las principales orquestas valencianas: Orquesta de la Comunidad Valenciana-Las Artes, Orquesta Sinf\u00f3nica de Val\u00e8ncia, Orquesta Sinf\u00f3nica del Mediterr\u00e1neo, Grupo Instrumental y Collegium Instrumentale. <\/span><\/h3><h3 style=\"text-align: center;\"><span style=\"color: #000000;\">Desde 2006 es funcionario de carrera del Cuerpo de Profesores de M\u00fasica y Artes Esc\u00e9nicas, impartiendo clases en varios conservatorios profesionales. <\/span><\/h3><h3 style=\"text-align: center;\"><span style=\"color: #000000;\">En la actualidad es asesor t\u00e9cnico docente del Servicio de Ordenaci\u00f3n y Gesti\u00f3n de las Ense\u00f1anzas Profesionales art\u00edsticas y deportivos de la Conseller\u00eda de Educaci\u00f3n, Cultura y Deporte de la Generalitat Valenciana.<\/span><\/h3><h3 class=\"textarea-desti col-xs-12 col-sm-6\" style=\"text-align: center;\">\u00a0<\/h3><\/div>\t\t\t\t\t\t<\/div>\n\t\t\t\t<\/div>\n\t\t\t\t\t<\/div>\n\t\t<\/div>\n\t\t\t\t\t<\/div>\n\t\t<\/section>\n\t\t\t\t<section class=\"elementor-section elementor-top-section elementor-element elementor-element-c66925c elementor-section-boxed elementor-section-height-default elementor-section-height-default exad-glass-effect-no exad-sticky-section-no\" data-id=\"c66925c\" data-element_type=\"section\">\n\t\t\t\t\t\t<div class=\"elementor-container elementor-column-gap-default\">\n\t\t\t\t\t<div class=\"elementor-column elementor-col-100 elementor-top-column elementor-element elementor-element-151023a exad-glass-effect-no exad-sticky-section-no\" data-id=\"151023a\" data-element_type=\"column\">\n\t\t\t<div class=\"elementor-widget-wrap\">\n\t\t\t\t\t\t\t<\/div>\n\t\t<\/div>\n\t\t\t\t\t<\/div>\n\t\t<\/section>\n\t\t\t\t<section class=\"elementor-section elementor-top-section elementor-element elementor-element-5625a3c elementor-section-boxed elementor-section-height-default elementor-section-height-default exad-glass-effect-no exad-sticky-section-no\" data-id=\"5625a3c\" data-element_type=\"section\">\n\t\t\t\t\t\t<div class=\"elementor-container elementor-column-gap-default\">\n\t\t\t\t\t<div class=\"elementor-column elementor-col-100 elementor-top-column elementor-element elementor-element-64c120d exad-glass-effect-no exad-sticky-section-no\" data-id=\"64c120d\" data-element_type=\"column\">\n\t\t\t<div class=\"elementor-widget-wrap elementor-element-populated\">\n\t\t\t\t\t\t<div class=\"elementor-element elementor-element-30c43d4 elementor-align-center exad-sticky-section-no exad-glass-effect-no elementor-widget elementor-widget-button\" data-id=\"30c43d4\" data-element_type=\"widget\" data-widget_type=\"button.default\">\n\t\t\t\t<div class=\"elementor-widget-container\">\n\t\t\t\t\t<div class=\"elementor-button-wrapper\">\n\t\t\t<a class=\"elementor-button elementor-button-link elementor-size-sm\" href=\"https:\/\/www.alteacultural.com\/agenda\/\">\n\t\t\t\t\t\t<span class=\"elementor-button-content-wrapper\">\n\t\t\t\t\t\t\t\t\t<span class=\"elementor-button-text\">Agenda cultural completa<\/span>\n\t\t\t\t\t<\/span>\n\t\t\t\t\t<\/a>\n\t\t<\/div>\n\t\t\t\t<\/div>\n\t\t\t\t<\/div>\n\t\t\t\t\t<\/div>\n\t\t<\/div>\n\t\t\t\t\t<\/div>\n\t\t<\/section>\n\t\t\t\t<section class=\"elementor-section elementor-top-section elementor-element elementor-element-7d46883 elementor-section-boxed elementor-section-height-default elementor-section-height-default exad-glass-effect-no exad-sticky-section-no\" data-id=\"7d46883\" data-element_type=\"section\">\n\t\t\t\t\t\t<div class=\"elementor-container elementor-column-gap-default\">\n\t\t\t\t\t<div class=\"elementor-column elementor-col-100 elementor-top-column elementor-element elementor-element-16ce4bc exad-glass-effect-no exad-sticky-section-no\" data-id=\"16ce4bc\" data-element_type=\"column\">\n\t\t\t<div class=\"elementor-widget-wrap elementor-element-populated\">\n\t\t\t\t\t\t<div class=\"elementor-element elementor-element-35b8ea1 elementor-arrows-position-inside elementor-pagination-position-outside exad-sticky-section-no exad-glass-effect-no elementor-widget elementor-widget-image-carousel\" data-id=\"35b8ea1\" data-element_type=\"widget\" data-settings=\"{&quot;navigation&quot;:&quot;both&quot;,&quot;autoplay&quot;:&quot;yes&quot;,&quot;pause_on_hover&quot;:&quot;yes&quot;,&quot;pause_on_interaction&quot;:&quot;yes&quot;,&quot;autoplay_speed&quot;:5000,&quot;infinite&quot;:&quot;yes&quot;,&quot;speed&quot;:500}\" data-widget_type=\"image-carousel.default\">\n\t\t\t\t<div class=\"elementor-widget-container\">\n\t\t\t\t\t<div class=\"elementor-image-carousel-wrapper swiper\" dir=\"ltr\">\n\t\t\t<div class=\"elementor-image-carousel swiper-wrapper\" aria-live=\"off\">\n\t\t\t\t\t\t\t\t<div class=\"swiper-slide\" role=\"group\" aria-roledescription=\"slide\" aria-label=\"1 de 3\"><figure class=\"swiper-slide-inner\"><img decoding=\"async\" class=\"swiper-slide-image lazyload\" data-src=\"https:\/\/www.alteacultural.com\/wp-content\/uploads\/2022\/10\/Foto-2-somni-duo-300x300.jpg\" alt=\"Foto 2 somni duo\" src=\"data:image\/gif;base64,R0lGODlhAQABAAAAACH5BAEKAAEALAAAAAABAAEAAAICTAEAOw==\" style=\"--smush-placeholder-width: 300px; --smush-placeholder-aspect-ratio: 300\/300;\" \/><\/figure><\/div><div class=\"swiper-slide\" role=\"group\" aria-roledescription=\"slide\" aria-label=\"2 de 3\"><figure class=\"swiper-slide-inner\"><img decoding=\"async\" class=\"swiper-slide-image lazyload\" data-src=\"https:\/\/www.alteacultural.com\/wp-content\/uploads\/2022\/10\/foto-1-somni-duo-300x300.jpg\" alt=\"30.10.22-Les Veus del Barroc.pdf\" src=\"data:image\/gif;base64,R0lGODlhAQABAAAAACH5BAEKAAEALAAAAAABAAEAAAICTAEAOw==\" style=\"--smush-placeholder-width: 300px; --smush-placeholder-aspect-ratio: 300\/300;\" \/><\/figure><\/div><div class=\"swiper-slide\" role=\"group\" aria-roledescription=\"slide\" aria-label=\"3 de 3\"><figure class=\"swiper-slide-inner\"><img decoding=\"async\" class=\"swiper-slide-image lazyload\" data-src=\"https:\/\/www.alteacultural.com\/wp-content\/uploads\/2022\/10\/foto-3-somni-duo-1-300x300.jpg\" alt=\"foto 3 somni duo\" src=\"data:image\/gif;base64,R0lGODlhAQABAAAAACH5BAEKAAEALAAAAAABAAEAAAICTAEAOw==\" style=\"--smush-placeholder-width: 300px; --smush-placeholder-aspect-ratio: 300\/300;\" \/><\/figure><\/div>\t\t\t<\/div>\n\t\t\t\t\t\t\t\t\t\t\t\t<div class=\"elementor-swiper-button elementor-swiper-button-prev\" role=\"button\" tabindex=\"0\">\n\t\t\t\t\t\t<i aria-hidden=\"true\" class=\"eicon-chevron-left\"><\/i>\t\t\t\t\t<\/div>\n\t\t\t\t\t<div class=\"elementor-swiper-button elementor-swiper-button-next\" role=\"button\" tabindex=\"0\">\n\t\t\t\t\t\t<i aria-hidden=\"true\" class=\"eicon-chevron-right\"><\/i>\t\t\t\t\t<\/div>\n\t\t\t\t\n\t\t\t\t\t\t\t\t\t<div class=\"swiper-pagination\"><\/div>\n\t\t\t\t\t\t\t\t\t<\/div>\n\t\t\t\t<\/div>\n\t\t\t\t<\/div>\n\t\t\t\t<div class=\"elementor-element elementor-element-c0558ab exad-sticky-section-no exad-glass-effect-no elementor-widget elementor-widget-image\" data-id=\"c0558ab\" data-element_type=\"widget\" data-widget_type=\"image.default\">\n\t\t\t\t<div class=\"elementor-widget-container\">\n\t\t\t\t\t\t\t\t\t\t\t\t\t\t<a href=\"https:\/\/www.alteacultural.com\/alertes\">\n\t\t\t\t\t\t\t<img fetchpriority=\"high\" decoding=\"async\" width=\"2560\" height=\"1280\" src=\"https:\/\/www.alteacultural.com\/wp-content\/uploads\/2022\/04\/100x200-rollupbanner-medium_es2_AdpatParaRedesHoriz-01-scaled.jpg\" class=\"attachment-large size-large wp-image-18827\" alt=\"\" srcset=\"https:\/\/www.alteacultural.com\/wp-content\/uploads\/2022\/04\/100x200-rollupbanner-medium_es2_AdpatParaRedesHoriz-01-scaled.jpg 2560w, https:\/\/www.alteacultural.com\/wp-content\/uploads\/2022\/04\/100x200-rollupbanner-medium_es2_AdpatParaRedesHoriz-01-768x384.jpg 768w, https:\/\/www.alteacultural.com\/wp-content\/uploads\/2022\/04\/100x200-rollupbanner-medium_es2_AdpatParaRedesHoriz-01-1536x768.jpg 1536w, https:\/\/www.alteacultural.com\/wp-content\/uploads\/2022\/04\/100x200-rollupbanner-medium_es2_AdpatParaRedesHoriz-01-2048x1024.jpg 2048w\" sizes=\"(max-width: 2560px) 100vw, 2560px\" \/>\t\t\t\t\t\t\t\t<\/a>\n\t\t\t\t\t\t\t\t\t\t\t\t\t<\/div>\n\t\t\t\t<\/div>\n\t\t\t\t\t<\/div>\n\t\t<\/div>\n\t\t\t\t\t<\/div>\n\t\t<\/section>\n\t\t\t\t<section class=\"elementor-section elementor-top-section elementor-element elementor-element-75129c9 elementor-section-boxed elementor-section-height-default elementor-section-height-default exad-glass-effect-no exad-sticky-section-no\" data-id=\"75129c9\" data-element_type=\"section\">\n\t\t\t\t\t\t<div class=\"elementor-container elementor-column-gap-default\">\n\t\t\t\t\t<div class=\"elementor-column elementor-col-100 elementor-top-column elementor-element elementor-element-fafffc0 exad-glass-effect-no exad-sticky-section-no\" data-id=\"fafffc0\" data-element_type=\"column\">\n\t\t\t<div class=\"elementor-widget-wrap elementor-element-populated\">\n\t\t\t\t\t\t\t<\/div>\n\t\t<\/div>\n\t\t\t\t\t<\/div>\n\t\t<\/section>\n\t\t\t\t<section class=\"elementor-section elementor-top-section elementor-element elementor-element-a5974ad elementor-section-boxed elementor-section-height-default elementor-section-height-default exad-glass-effect-no exad-sticky-section-no\" data-id=\"a5974ad\" data-element_type=\"section\">\n\t\t\t\t\t\t<div class=\"elementor-container elementor-column-gap-default\">\n\t\t\t\t\t<div class=\"elementor-column elementor-col-100 elementor-top-column elementor-element elementor-element-8d2ca0a exad-glass-effect-no exad-sticky-section-no\" data-id=\"8d2ca0a\" data-element_type=\"column\">\n\t\t\t<div class=\"elementor-widget-wrap elementor-element-populated\">\n\t\t\t\t\t\t\t<\/div>\n\t\t<\/div>\n\t\t\t\t\t<\/div>\n\t\t<\/section>\n\t\t\t\t<section class=\"elementor-section elementor-top-section elementor-element elementor-element-2f3f51e elementor-section-boxed elementor-section-height-default elementor-section-height-default exad-glass-effect-no exad-sticky-section-no\" data-id=\"2f3f51e\" data-element_type=\"section\">\n\t\t\t\t\t\t<div class=\"elementor-container elementor-column-gap-default\">\n\t\t\t\t\t<div class=\"elementor-column elementor-col-100 elementor-top-column elementor-element elementor-element-e3d1e47 exad-glass-effect-no exad-sticky-section-no\" data-id=\"e3d1e47\" data-element_type=\"column\">\n\t\t\t<div class=\"elementor-widget-wrap elementor-element-populated\">\n\t\t\t\t\t\t\t<\/div>\n\t\t<\/div>\n\t\t\t\t\t<\/div>\n\t\t<\/section>\n\t\t\t\t<\/div>\n\t\t","protected":false},"excerpt":{"rendered":"<p>Programa \u00b7 30\/10\/2022 \u00b7 Festival de M\u00fasica Antiga i Barroca Altea 2022 SOMNI DUO PROGRAMA 1a part J. S. [&hellip;]<\/p>\n","protected":false},"author":1,"featured_media":0,"comment_status":"closed","ping_status":"closed","sticky":false,"template":"elementor_canvas","format":"standard","meta":{"_expiration-date-status":"","_expiration-date":1666852222,"_expiration-date-type":"draft","_expiration-date-categories":[],"_expiration-date-options":[],"footnotes":""},"yoast_head":"<!-- This site is optimized with the Yoast SEO plugin v22.8 - https:\/\/yoast.com\/wordpress\/plugins\/seo\/ -->\n<title>Programa 30-10-2022 - Altea Cultural<\/title>\n<meta name=\"robots\" content=\"index, follow, max-snippet:-1, max-image-preview:large, max-video-preview:-1\" \/>\n<link rel=\"canonical\" href=\"https:\/\/www.alteacultural.com\/es\/2022\/10\/13\/programa-30-10-2022\/\" \/>\n<meta property=\"og:locale\" content=\"es_ES\" \/>\n<meta property=\"og:type\" content=\"article\" \/>\n<meta property=\"og:title\" content=\"Programa 30-10-2022 - Altea Cultural\" \/>\n<meta property=\"og:description\" content=\"Programa \u00b7 30\/10\/2022 \u00b7 Festival de M\u00fasica Antiga i Barroca Altea 2022 SOMNI DUO PROGRAMA 1a part J. S. [&hellip;]\" \/>\n<meta property=\"og:url\" content=\"https:\/\/www.alteacultural.com\/es\/2022\/10\/13\/programa-30-10-2022\/\" \/>\n<meta property=\"og:site_name\" content=\"Altea Cultural\" \/>\n<meta property=\"article:published_time\" content=\"2022-10-13T13:18:37+00:00\" \/>\n<meta property=\"article:modified_time\" content=\"2022-10-27T06:31:04+00:00\" \/>\n<meta property=\"og:image\" content=\"https:\/\/www.alteacultural.com\/wp-content\/uploads\/elementor\/thumbs\/valencia-pt48thfiy0n8d036da41ndkk48zbusn7jwawsx7u0c.jpg\" \/>\n<meta name=\"author\" content=\"sfaltea.com-admin\" \/>\n<meta name=\"twitter:card\" content=\"summary_large_image\" \/>\n<meta name=\"twitter:label1\" content=\"Escrito por\" \/>\n\t<meta name=\"twitter:data1\" content=\"sfaltea.com-admin\" \/>\n\t<meta name=\"twitter:label2\" content=\"Tiempo de lectura\" \/>\n\t<meta name=\"twitter:data2\" content=\"6 minutos\" \/>\n<script type=\"application\/ld+json\" class=\"yoast-schema-graph\">{\"@context\":\"https:\/\/schema.org\",\"@graph\":[{\"@type\":\"WebPage\",\"@id\":\"https:\/\/www.alteacultural.com\/es\/2022\/10\/13\/programa-30-10-2022\/\",\"url\":\"https:\/\/www.alteacultural.com\/es\/2022\/10\/13\/programa-30-10-2022\/\",\"name\":\"Programa 30-10-2022 - Altea Cultural\",\"isPartOf\":{\"@id\":\"https:\/\/www.alteacultural.com\/es\/#website\"},\"primaryImageOfPage\":{\"@id\":\"https:\/\/www.alteacultural.com\/es\/2022\/10\/13\/programa-30-10-2022\/#primaryimage\"},\"image\":{\"@id\":\"https:\/\/www.alteacultural.com\/es\/2022\/10\/13\/programa-30-10-2022\/#primaryimage\"},\"thumbnailUrl\":\"https:\/\/www.alteacultural.com\/wp-content\/uploads\/elementor\/thumbs\/valencia-pt48thfiy0n8d036da41ndkk48zbusn7jwawsx7u0c.jpg\",\"datePublished\":\"2022-10-13T13:18:37+00:00\",\"dateModified\":\"2022-10-27T06:31:04+00:00\",\"author\":{\"@id\":\"https:\/\/www.alteacultural.com\/es\/#\/schema\/person\/c4e137537f1af546d214a315255e5172\"},\"breadcrumb\":{\"@id\":\"https:\/\/www.alteacultural.com\/es\/2022\/10\/13\/programa-30-10-2022\/#breadcrumb\"},\"inLanguage\":\"es\",\"potentialAction\":[{\"@type\":\"ReadAction\",\"target\":[\"https:\/\/www.alteacultural.com\/es\/2022\/10\/13\/programa-30-10-2022\/\"]}]},{\"@type\":\"ImageObject\",\"inLanguage\":\"es\",\"@id\":\"https:\/\/www.alteacultural.com\/es\/2022\/10\/13\/programa-30-10-2022\/#primaryimage\",\"url\":\"https:\/\/www.alteacultural.com\/wp-content\/uploads\/elementor\/thumbs\/valencia-pt48thfiy0n8d036da41ndkk48zbusn7jwawsx7u0c.jpg\",\"contentUrl\":\"https:\/\/www.alteacultural.com\/wp-content\/uploads\/elementor\/thumbs\/valencia-pt48thfiy0n8d036da41ndkk48zbusn7jwawsx7u0c.jpg\"},{\"@type\":\"BreadcrumbList\",\"@id\":\"https:\/\/www.alteacultural.com\/es\/2022\/10\/13\/programa-30-10-2022\/#breadcrumb\",\"itemListElement\":[{\"@type\":\"ListItem\",\"position\":1,\"name\":\"Inici\",\"item\":\"https:\/\/www.alteacultural.com\/es\/\"},{\"@type\":\"ListItem\",\"position\":2,\"name\":\"Programa 30-10-2022\"}]},{\"@type\":\"WebSite\",\"@id\":\"https:\/\/www.alteacultural.com\/es\/#website\",\"url\":\"https:\/\/www.alteacultural.com\/es\/\",\"name\":\"Altea Cultural\",\"description\":\"Regidoria de Cultura de l&#039;Ajuntament d&#039;Altea\",\"potentialAction\":[{\"@type\":\"SearchAction\",\"target\":{\"@type\":\"EntryPoint\",\"urlTemplate\":\"https:\/\/www.alteacultural.com\/es\/?s={search_term_string}\"},\"query-input\":\"required name=search_term_string\"}],\"inLanguage\":\"es\"},{\"@type\":\"Person\",\"@id\":\"https:\/\/www.alteacultural.com\/es\/#\/schema\/person\/c4e137537f1af546d214a315255e5172\",\"name\":\"sfaltea.com-admin\",\"image\":{\"@type\":\"ImageObject\",\"inLanguage\":\"es\",\"@id\":\"https:\/\/www.alteacultural.com\/es\/#\/schema\/person\/image\/\",\"url\":\"https:\/\/secure.gravatar.com\/avatar\/f7473fa2fbd351270ccfd469de536202?s=96&d=mm&r=g\",\"contentUrl\":\"https:\/\/secure.gravatar.com\/avatar\/f7473fa2fbd351270ccfd469de536202?s=96&d=mm&r=g\",\"caption\":\"sfaltea.com-admin\"},\"url\":\"https:\/\/www.alteacultural.com\/es\/author\/sfaltea-com-admin\/\"}]}<\/script>\n<!-- \/ Yoast SEO plugin. -->","yoast_head_json":{"title":"Programa 30-10-2022 - Altea Cultural","robots":{"index":"index","follow":"follow","max-snippet":"max-snippet:-1","max-image-preview":"max-image-preview:large","max-video-preview":"max-video-preview:-1"},"canonical":"https:\/\/www.alteacultural.com\/es\/2022\/10\/13\/programa-30-10-2022\/","og_locale":"es_ES","og_type":"article","og_title":"Programa 30-10-2022 - Altea Cultural","og_description":"Programa \u00b7 30\/10\/2022 \u00b7 Festival de M\u00fasica Antiga i Barroca Altea 2022 SOMNI DUO PROGRAMA 1a part J. S. [&hellip;]","og_url":"https:\/\/www.alteacultural.com\/es\/2022\/10\/13\/programa-30-10-2022\/","og_site_name":"Altea Cultural","article_published_time":"2022-10-13T13:18:37+00:00","article_modified_time":"2022-10-27T06:31:04+00:00","og_image":[{"url":"https:\/\/www.alteacultural.com\/wp-content\/uploads\/elementor\/thumbs\/valencia-pt48thfiy0n8d036da41ndkk48zbusn7jwawsx7u0c.jpg"}],"author":"sfaltea.com-admin","twitter_card":"summary_large_image","twitter_misc":{"Escrito por":"sfaltea.com-admin","Tiempo de lectura":"6 minutos"},"schema":{"@context":"https:\/\/schema.org","@graph":[{"@type":"WebPage","@id":"https:\/\/www.alteacultural.com\/es\/2022\/10\/13\/programa-30-10-2022\/","url":"https:\/\/www.alteacultural.com\/es\/2022\/10\/13\/programa-30-10-2022\/","name":"Programa 30-10-2022 - Altea Cultural","isPartOf":{"@id":"https:\/\/www.alteacultural.com\/es\/#website"},"primaryImageOfPage":{"@id":"https:\/\/www.alteacultural.com\/es\/2022\/10\/13\/programa-30-10-2022\/#primaryimage"},"image":{"@id":"https:\/\/www.alteacultural.com\/es\/2022\/10\/13\/programa-30-10-2022\/#primaryimage"},"thumbnailUrl":"https:\/\/www.alteacultural.com\/wp-content\/uploads\/elementor\/thumbs\/valencia-pt48thfiy0n8d036da41ndkk48zbusn7jwawsx7u0c.jpg","datePublished":"2022-10-13T13:18:37+00:00","dateModified":"2022-10-27T06:31:04+00:00","author":{"@id":"https:\/\/www.alteacultural.com\/es\/#\/schema\/person\/c4e137537f1af546d214a315255e5172"},"breadcrumb":{"@id":"https:\/\/www.alteacultural.com\/es\/2022\/10\/13\/programa-30-10-2022\/#breadcrumb"},"inLanguage":"es","potentialAction":[{"@type":"ReadAction","target":["https:\/\/www.alteacultural.com\/es\/2022\/10\/13\/programa-30-10-2022\/"]}]},{"@type":"ImageObject","inLanguage":"es","@id":"https:\/\/www.alteacultural.com\/es\/2022\/10\/13\/programa-30-10-2022\/#primaryimage","url":"https:\/\/www.alteacultural.com\/wp-content\/uploads\/elementor\/thumbs\/valencia-pt48thfiy0n8d036da41ndkk48zbusn7jwawsx7u0c.jpg","contentUrl":"https:\/\/www.alteacultural.com\/wp-content\/uploads\/elementor\/thumbs\/valencia-pt48thfiy0n8d036da41ndkk48zbusn7jwawsx7u0c.jpg"},{"@type":"BreadcrumbList","@id":"https:\/\/www.alteacultural.com\/es\/2022\/10\/13\/programa-30-10-2022\/#breadcrumb","itemListElement":[{"@type":"ListItem","position":1,"name":"Inici","item":"https:\/\/www.alteacultural.com\/es\/"},{"@type":"ListItem","position":2,"name":"Programa 30-10-2022"}]},{"@type":"WebSite","@id":"https:\/\/www.alteacultural.com\/es\/#website","url":"https:\/\/www.alteacultural.com\/es\/","name":"Altea Cultural","description":"Regidoria de Cultura de l&#039;Ajuntament d&#039;Altea","potentialAction":[{"@type":"SearchAction","target":{"@type":"EntryPoint","urlTemplate":"https:\/\/www.alteacultural.com\/es\/?s={search_term_string}"},"query-input":"required name=search_term_string"}],"inLanguage":"es"},{"@type":"Person","@id":"https:\/\/www.alteacultural.com\/es\/#\/schema\/person\/c4e137537f1af546d214a315255e5172","name":"sfaltea.com-admin","image":{"@type":"ImageObject","inLanguage":"es","@id":"https:\/\/www.alteacultural.com\/es\/#\/schema\/person\/image\/","url":"https:\/\/secure.gravatar.com\/avatar\/f7473fa2fbd351270ccfd469de536202?s=96&d=mm&r=g","contentUrl":"https:\/\/secure.gravatar.com\/avatar\/f7473fa2fbd351270ccfd469de536202?s=96&d=mm&r=g","caption":"sfaltea.com-admin"},"url":"https:\/\/www.alteacultural.com\/es\/author\/sfaltea-com-admin\/"}]}},"_links":{"self":[{"href":"https:\/\/www.alteacultural.com\/es\/wp-json\/wp\/v2\/posts\/21759"}],"collection":[{"href":"https:\/\/www.alteacultural.com\/es\/wp-json\/wp\/v2\/posts"}],"about":[{"href":"https:\/\/www.alteacultural.com\/es\/wp-json\/wp\/v2\/types\/post"}],"author":[{"embeddable":true,"href":"https:\/\/www.alteacultural.com\/es\/wp-json\/wp\/v2\/users\/1"}],"replies":[{"embeddable":true,"href":"https:\/\/www.alteacultural.com\/es\/wp-json\/wp\/v2\/comments?post=21759"}],"version-history":[{"count":14,"href":"https:\/\/www.alteacultural.com\/es\/wp-json\/wp\/v2\/posts\/21759\/revisions"}],"predecessor-version":[{"id":21945,"href":"https:\/\/www.alteacultural.com\/es\/wp-json\/wp\/v2\/posts\/21759\/revisions\/21945"}],"wp:attachment":[{"href":"https:\/\/www.alteacultural.com\/es\/wp-json\/wp\/v2\/media?parent=21759"}],"curies":[{"name":"wp","href":"https:\/\/api.w.org\/{rel}","templated":true}]}}