{"id":22632,"date":"2022-12-11T19:38:17","date_gmt":"2022-12-11T18:38:17","guid":{"rendered":"https:\/\/www.alteacultural.com\/2022\/12\/11\/premis-altea-convoca-la-setena-edicio\/"},"modified":"2022-12-11T19:38:17","modified_gmt":"2022-12-11T18:38:17","slug":"premis-altea-convoca-la-setena-edicio","status":"publish","type":"post","link":"https:\/\/www.alteacultural.com\/es\/2022\/12\/11\/premis-altea-convoca-la-setena-edicio\/","title":{"rendered":"Premis Altea convoca la setena edici\u00f3"},"content":{"rendered":"\n<p><strong>Ajuntament, Caixaltea i Universitat d\u2019Alacant presenten les bases de l\u2019edici\u00f3 2023 de Premis Altea de Literatura i Investigaci\u00f3.<\/strong><\/p>\n\n\n\n<p>Hui al mat\u00ed, l\u2019organitzaci\u00f3 de Premis Altea ha convocat una nova edici\u00f3 d\u2019esta destacada cita que Altea t\u00e9 amb les lletres valencianes. Aurora Serrat, regidora de Cultura de l\u2019Ajuntament d\u2019Altea; Roc\u00edo G\u00f3mez, presidenta de la Fundaci\u00f3 Caixaltea i Joan Borja director de la C\u00e0tedra Enric Valor de la UA, han donat a con\u00e8ixer els detalls de la que ser\u00e0 la setena edici\u00f3 de Premis Altea.<\/p>\n\n\n\n<p>Fins al 31 de gener tenen els interessats a participar-hi per presentar els originals a concurs. Com \u00e9s habitual, la decisi\u00f3 del jurat es donar\u00e0 a con\u00e8ixer la vig\u00edlia de Diumenge de Rams, 1 d\u2019abril de 2023, durant la Gala de Premis Altea que se celebra tradicionalment a Palau Altea i on s\u2019atorguen el Premi Altea de Literatura Infantil i Juvenil\u201d; el Premi d\u2019Assaig i Investigaci\u00f3 Francesc Mart\u00ednez i Mart\u00ednez i el Premi Carmelina S\u00e1nchez-Cutillas de Novela i Prosa Creativa.<\/p>\n\n\n\n<p>Les obres a concurs es presentaran en format PDF per mitj\u00e0 d\u2019un formulari digital a <a href=\"https:\/\/www.alteacultural.com\/premisaltea\">https:\/\/www.alteacultural.com\/premisaltea<\/a><\/p>\n\n\n\n<p>En paraules de l\u2019edil de Cultura, \u201csense la uni\u00f3 de les institucions participants a Premis Altea, seria impossible que estos premis continuen creixent de la manera que ho estan fent\u201d, \u201cCreixent en un sentit ampli de la paraula, perqu\u00e8 a m\u00e9s que cada vegada s\u00f3n m\u00e9s els autors i autores que decideixen que la seua obra in\u00e8dita \u00e9s mereixedora d\u2019optar a un Premi Altea, sin\u00f3 tamb\u00e9 perqu\u00e8 cada vegada la gent d\u2019Altea i voltants segueix l\u2019evoluci\u00f3 de Premis Altea, acudeix a la gala i omplin fins a la bandera l\u2019acte de presentaci\u00f3 de les obres guanyadores, com aix\u00ed passava fa tres setmanes, amb la presentaci\u00f3 dels llibres guanyadors de l\u2019edici\u00f3 2022. A m\u00e9s que l\u2019\u00e8xit tamb\u00e9 es percep quan et v\u00e9nen a dir he llegit esta obra o estic llegint esta altra. Amb estes premisses, venir a presentar una nova edici\u00f3 \u00e9s una alegria perqu\u00e8 notes que hi ha una bona cohesi\u00f3 del projecte i que es pot continuar creixent\u201d, ha afegit la responsable municipal de Cultura.<\/p>\n\n\n\n<p>Aurora Serrat ha agra\u00eft les diferents col\u00b7laboracions de qu\u00e8 disposa la iniciativa, procedents de la Diputaci\u00f3 d\u2019Alacant, de la m\u00e0 de l\u2019Institut Alacant\u00ed de Cultura Juan Gil-Albert, Fundaci\u00f3 Caixaltea, Aila Edicions, UA, l\u2019Acad\u00e8mia Valenciana de la Llengua i Generalitat valenciana.<\/p>\n\n\n\n<p>Serrat ha concl\u00f2s recordant que la dotaci\u00f3 econ\u00f2mica als guardonats \u00e9s de 4.000\u20ac per al Premi de Literatura Infantil i Juvenil; el Premi d\u2019Assaig i Investigaci\u00f3 Francesc Mart\u00ednez i Mart\u00ednez est\u00e0 dotat amb 3.000\u20ac i el Premi Carmelina S\u00e1nchez Cutillas de Novel.la i Prosa Creativa est\u00e0 dotat amb 5.000\u20ac que patrocina la Fundaci\u00f3 Caixaltea.<\/p>\n\n\n\n<p>I en nom de la Fundaci\u00f3 Caixaltea, la presidenta ha subratllat la consolidaci\u00f3 del projecte. \u201c\u00c9s incre\u00efble el nombre d\u00b4obres que es presenten, per\u00f2 tamb\u00e9 la qualitat de les mateixes i aix\u00f2 \u00e9s una cosa que demostra l\u00b4\u00e8xit de Premis Altea i la consolidaci\u00f3 de la iniciativa\u201d.<\/p>\n\n\n\n<p>\u201cAl final l\u2019objectiu de Premis Altea \u00e9s materialitzar en paper estes obres in\u00e8dites i que tots els que estimem la literatura en puguem gaudir\u201d; ha apuntat G\u00f3mez, que ha recordat que \u201cles obres guanyadores de la 5a edici\u00f3 han estat al top r\u00e0nquing dels llibres m\u00e9s llegits a les biblioteques valencianes. \u00c9s tot un \u00e8xit i estic segura que els premiats de la 6a edici\u00f3 seguiran el mateix dest\u00ed. Este nivell \u00e9s el que potencia que es presenten esta quantitat i qualitat d\u2019obres, perqu\u00e8 saben els resultats i la cura que se li d\u00f3na a Premis Altea\u201d.<\/p>\n\n\n\n<p>\u201cPodem dir que Premis Altea \u00e9s una instituci\u00f3 cultural m\u00e9s d\u2019Altea, independentment de les persones que estiguem aqu\u00ed\u201d, ha declarat G\u00f3mez, que ha tingut paraules de reconeixement per a Joan Borja, \u00e0nima de Premis Altea. \u201c\u00c9s f\u00e0cil treballar amb Joan Borja perqu\u00e8 t\u00e9 el do de cuidar les paraules i transmetre la seua passi\u00f3 per la literatura\u201d, ha matisat la presidenta de la Fundaci\u00f3 Caixaltea.<\/p>\n\n\n\n<p>Finalment, Joan Borja, director de la C\u00e0tedra Enric Valor de la UA, ha comen\u00e7at amb una reflexi\u00f3 personal, \u201cno \u00e9s f\u00e0cil fer una not\u00edcia quan es convoca una nova edici\u00f3 de Premis Altea, en este cas la setena, quan esta ja forma part de l\u2019escenari de les coses habituals que passen a principis del mes de desembre i apostem per l\u2019estrat\u00e8gia que funciona. De fet, els Premis Altea de Literatura i Investigaci\u00f3 20023 perpetuen les mateixes bases que s\u2019han mostrat eficients a les convocat\u00f2ries anteriors i la mateixa estrat\u00e8gia de presentaci\u00f3 digital dels originals per mitj\u00e0 d\u2019una plataforma i la mateixa estrat\u00e8gia d\u2019uns jurats que estan configurats pels guanyadors de l\u2019edici\u00f3 anterior, pels membres designats per l\u2019Acad\u00e8mia Valenciana de la Llengua i per part del Gil-Albert, en el cas del Premi Francesc Mart\u00ednez i Mart\u00ednez i els altres dos premis per membres de la Universitat d\u2019Alacant\u201d. Per a Joan Borja la novetat de la present edici\u00f3 est\u00e0 en la consolidaci\u00f3 del projecte.<\/p>\n\n\n\n<p>Borja ha posat \u00e8mfasi en l\u2019agra\u00efment a la Fundaci\u00f3 Caixaltea pel suport continuat, m\u00e9s enll\u00e0 de la renovaci\u00f3 de les estructures org\u00e0niques de la instituci\u00f3. En este punt Joan Borja ha apel\u00b7lat a \u201cla import\u00e0ncia que el sistema financer valenci\u00e0 tinga entitats com Caixaltea que pot revertir els beneficis que genera al b\u00e9 com\u00fa de la cultura i d\u2019un projecte c\u00edvic com \u00e9s el de Premis Altea\u201d. \u201cI gr\u00e0cies a la resta de les entitats que fan possible els Premis Altea i al mateix Ajuntament d\u2019Altea que \u00e9s qui apadrina el projecte\u201d.<\/p>\n\n\n\n<p>El director de la C\u00e0tedra Enric Valor ha manifestat sentir-se com un xiquet amb sabates noves el Dia de Pasqua, \u201cperqu\u00e8 la consolidaci\u00f3 d\u2019un projecte com \u00e9s els Premis Altea no \u00e9s sin\u00f3 una bona not\u00edcia per als que no nom\u00e9s estem enamorats de les paraules, si no de l\u2019art de les paraules que \u00e9s la literatura i d\u2019aix\u00f2 que delata la civilitat i la condici\u00f3 humana que \u00e9s el coneixement i la investigaci\u00f3 i els Premis Altea s\u00f3n un homenatge a tot aix\u00f2\u201d.<\/p>\n","protected":false},"excerpt":{"rendered":"<p>Ajuntament, Caixaltea i Universitat d\u2019Alacant presenten les bases de l\u2019edici\u00f3 2023 de Premis Altea de Literatura i Investigaci\u00f3. Hui [&hellip;]<\/p>\n","protected":false},"author":1,"featured_media":22630,"comment_status":"open","ping_status":"open","sticky":false,"template":"","format":"standard","meta":{"_expiration-date-status":"","_expiration-date":1670783741,"_expiration-date-type":"draft","_expiration-date-categories":[],"_expiration-date-options":[],"footnotes":""},"yoast_head":"<!-- This site is optimized with the Yoast SEO plugin v22.8 - https:\/\/yoast.com\/wordpress\/plugins\/seo\/ -->\n<title>Premis Altea convoca la setena edici\u00f3 - Altea Cultural<\/title>\n<meta name=\"robots\" content=\"index, follow, max-snippet:-1, max-image-preview:large, max-video-preview:-1\" \/>\n<link rel=\"canonical\" href=\"https:\/\/www.alteacultural.com\/es\/2022\/12\/11\/premis-altea-convoca-la-setena-edicio\/\" \/>\n<meta property=\"og:locale\" content=\"es_ES\" \/>\n<meta property=\"og:type\" content=\"article\" \/>\n<meta property=\"og:title\" content=\"Premis Altea convoca la setena edici\u00f3 - Altea Cultural\" \/>\n<meta property=\"og:description\" content=\"Ajuntament, Caixaltea i Universitat d\u2019Alacant presenten les bases de l\u2019edici\u00f3 2023 de Premis Altea de Literatura i Investigaci\u00f3. Hui [&hellip;]\" \/>\n<meta property=\"og:url\" content=\"https:\/\/www.alteacultural.com\/es\/2022\/12\/11\/premis-altea-convoca-la-setena-edicio\/\" \/>\n<meta property=\"og:site_name\" content=\"Altea Cultural\" \/>\n<meta property=\"article:published_time\" content=\"2022-12-11T18:38:17+00:00\" \/>\n<meta property=\"og:image\" content=\"https:\/\/www.alteacultural.com\/wp-content\/uploads\/2022\/12\/presentacio-Premis-Altea-2023.jpg\" \/>\n\t<meta property=\"og:image:width\" content=\"1028\" \/>\n\t<meta property=\"og:image:height\" content=\"812\" \/>\n\t<meta property=\"og:image:type\" content=\"image\/jpeg\" \/>\n<meta name=\"author\" content=\"sfaltea.com-admin\" \/>\n<meta name=\"twitter:card\" content=\"summary_large_image\" \/>\n<meta name=\"twitter:label1\" content=\"Escrito por\" \/>\n\t<meta name=\"twitter:data1\" content=\"sfaltea.com-admin\" \/>\n\t<meta name=\"twitter:label2\" content=\"Tiempo de lectura\" \/>\n\t<meta name=\"twitter:data2\" content=\"5 minutos\" \/>\n<script type=\"application\/ld+json\" class=\"yoast-schema-graph\">{\"@context\":\"https:\/\/schema.org\",\"@graph\":[{\"@type\":\"WebPage\",\"@id\":\"https:\/\/www.alteacultural.com\/es\/2022\/12\/11\/premis-altea-convoca-la-setena-edicio\/\",\"url\":\"https:\/\/www.alteacultural.com\/es\/2022\/12\/11\/premis-altea-convoca-la-setena-edicio\/\",\"name\":\"Premis Altea convoca la setena edici\u00f3 - Altea Cultural\",\"isPartOf\":{\"@id\":\"https:\/\/www.alteacultural.com\/es\/#website\"},\"primaryImageOfPage\":{\"@id\":\"https:\/\/www.alteacultural.com\/es\/2022\/12\/11\/premis-altea-convoca-la-setena-edicio\/#primaryimage\"},\"image\":{\"@id\":\"https:\/\/www.alteacultural.com\/es\/2022\/12\/11\/premis-altea-convoca-la-setena-edicio\/#primaryimage\"},\"thumbnailUrl\":\"https:\/\/www.alteacultural.com\/wp-content\/uploads\/2022\/12\/presentacio-Premis-Altea-2023.jpg\",\"datePublished\":\"2022-12-11T18:38:17+00:00\",\"dateModified\":\"2022-12-11T18:38:17+00:00\",\"author\":{\"@id\":\"https:\/\/www.alteacultural.com\/es\/#\/schema\/person\/c4e137537f1af546d214a315255e5172\"},\"breadcrumb\":{\"@id\":\"https:\/\/www.alteacultural.com\/es\/2022\/12\/11\/premis-altea-convoca-la-setena-edicio\/#breadcrumb\"},\"inLanguage\":\"es\",\"potentialAction\":[{\"@type\":\"ReadAction\",\"target\":[\"https:\/\/www.alteacultural.com\/es\/2022\/12\/11\/premis-altea-convoca-la-setena-edicio\/\"]}]},{\"@type\":\"ImageObject\",\"inLanguage\":\"es\",\"@id\":\"https:\/\/www.alteacultural.com\/es\/2022\/12\/11\/premis-altea-convoca-la-setena-edicio\/#primaryimage\",\"url\":\"https:\/\/www.alteacultural.com\/wp-content\/uploads\/2022\/12\/presentacio-Premis-Altea-2023.jpg\",\"contentUrl\":\"https:\/\/www.alteacultural.com\/wp-content\/uploads\/2022\/12\/presentacio-Premis-Altea-2023.jpg\",\"width\":1028,\"height\":812},{\"@type\":\"BreadcrumbList\",\"@id\":\"https:\/\/www.alteacultural.com\/es\/2022\/12\/11\/premis-altea-convoca-la-setena-edicio\/#breadcrumb\",\"itemListElement\":[{\"@type\":\"ListItem\",\"position\":1,\"name\":\"Inici\",\"item\":\"https:\/\/www.alteacultural.com\/es\/\"},{\"@type\":\"ListItem\",\"position\":2,\"name\":\"Premis Altea convoca la setena edici\u00f3\"}]},{\"@type\":\"WebSite\",\"@id\":\"https:\/\/www.alteacultural.com\/es\/#website\",\"url\":\"https:\/\/www.alteacultural.com\/es\/\",\"name\":\"Altea Cultural\",\"description\":\"Regidoria de Cultura de l&#039;Ajuntament d&#039;Altea\",\"potentialAction\":[{\"@type\":\"SearchAction\",\"target\":{\"@type\":\"EntryPoint\",\"urlTemplate\":\"https:\/\/www.alteacultural.com\/es\/?s={search_term_string}\"},\"query-input\":\"required name=search_term_string\"}],\"inLanguage\":\"es\"},{\"@type\":\"Person\",\"@id\":\"https:\/\/www.alteacultural.com\/es\/#\/schema\/person\/c4e137537f1af546d214a315255e5172\",\"name\":\"sfaltea.com-admin\",\"image\":{\"@type\":\"ImageObject\",\"inLanguage\":\"es\",\"@id\":\"https:\/\/www.alteacultural.com\/es\/#\/schema\/person\/image\/\",\"url\":\"https:\/\/secure.gravatar.com\/avatar\/f7473fa2fbd351270ccfd469de536202?s=96&d=mm&r=g\",\"contentUrl\":\"https:\/\/secure.gravatar.com\/avatar\/f7473fa2fbd351270ccfd469de536202?s=96&d=mm&r=g\",\"caption\":\"sfaltea.com-admin\"},\"url\":\"https:\/\/www.alteacultural.com\/es\/author\/sfaltea-com-admin\/\"}]}<\/script>\n<!-- \/ Yoast SEO plugin. -->","yoast_head_json":{"title":"Premis Altea convoca la setena edici\u00f3 - Altea Cultural","robots":{"index":"index","follow":"follow","max-snippet":"max-snippet:-1","max-image-preview":"max-image-preview:large","max-video-preview":"max-video-preview:-1"},"canonical":"https:\/\/www.alteacultural.com\/es\/2022\/12\/11\/premis-altea-convoca-la-setena-edicio\/","og_locale":"es_ES","og_type":"article","og_title":"Premis Altea convoca la setena edici\u00f3 - Altea Cultural","og_description":"Ajuntament, Caixaltea i Universitat d\u2019Alacant presenten les bases de l\u2019edici\u00f3 2023 de Premis Altea de Literatura i Investigaci\u00f3. Hui [&hellip;]","og_url":"https:\/\/www.alteacultural.com\/es\/2022\/12\/11\/premis-altea-convoca-la-setena-edicio\/","og_site_name":"Altea Cultural","article_published_time":"2022-12-11T18:38:17+00:00","og_image":[{"width":1028,"height":812,"url":"https:\/\/www.alteacultural.com\/wp-content\/uploads\/2022\/12\/presentacio-Premis-Altea-2023.jpg","type":"image\/jpeg"}],"author":"sfaltea.com-admin","twitter_card":"summary_large_image","twitter_misc":{"Escrito por":"sfaltea.com-admin","Tiempo de lectura":"5 minutos"},"schema":{"@context":"https:\/\/schema.org","@graph":[{"@type":"WebPage","@id":"https:\/\/www.alteacultural.com\/es\/2022\/12\/11\/premis-altea-convoca-la-setena-edicio\/","url":"https:\/\/www.alteacultural.com\/es\/2022\/12\/11\/premis-altea-convoca-la-setena-edicio\/","name":"Premis Altea convoca la setena edici\u00f3 - Altea Cultural","isPartOf":{"@id":"https:\/\/www.alteacultural.com\/es\/#website"},"primaryImageOfPage":{"@id":"https:\/\/www.alteacultural.com\/es\/2022\/12\/11\/premis-altea-convoca-la-setena-edicio\/#primaryimage"},"image":{"@id":"https:\/\/www.alteacultural.com\/es\/2022\/12\/11\/premis-altea-convoca-la-setena-edicio\/#primaryimage"},"thumbnailUrl":"https:\/\/www.alteacultural.com\/wp-content\/uploads\/2022\/12\/presentacio-Premis-Altea-2023.jpg","datePublished":"2022-12-11T18:38:17+00:00","dateModified":"2022-12-11T18:38:17+00:00","author":{"@id":"https:\/\/www.alteacultural.com\/es\/#\/schema\/person\/c4e137537f1af546d214a315255e5172"},"breadcrumb":{"@id":"https:\/\/www.alteacultural.com\/es\/2022\/12\/11\/premis-altea-convoca-la-setena-edicio\/#breadcrumb"},"inLanguage":"es","potentialAction":[{"@type":"ReadAction","target":["https:\/\/www.alteacultural.com\/es\/2022\/12\/11\/premis-altea-convoca-la-setena-edicio\/"]}]},{"@type":"ImageObject","inLanguage":"es","@id":"https:\/\/www.alteacultural.com\/es\/2022\/12\/11\/premis-altea-convoca-la-setena-edicio\/#primaryimage","url":"https:\/\/www.alteacultural.com\/wp-content\/uploads\/2022\/12\/presentacio-Premis-Altea-2023.jpg","contentUrl":"https:\/\/www.alteacultural.com\/wp-content\/uploads\/2022\/12\/presentacio-Premis-Altea-2023.jpg","width":1028,"height":812},{"@type":"BreadcrumbList","@id":"https:\/\/www.alteacultural.com\/es\/2022\/12\/11\/premis-altea-convoca-la-setena-edicio\/#breadcrumb","itemListElement":[{"@type":"ListItem","position":1,"name":"Inici","item":"https:\/\/www.alteacultural.com\/es\/"},{"@type":"ListItem","position":2,"name":"Premis Altea convoca la setena edici\u00f3"}]},{"@type":"WebSite","@id":"https:\/\/www.alteacultural.com\/es\/#website","url":"https:\/\/www.alteacultural.com\/es\/","name":"Altea Cultural","description":"Regidoria de Cultura de l&#039;Ajuntament d&#039;Altea","potentialAction":[{"@type":"SearchAction","target":{"@type":"EntryPoint","urlTemplate":"https:\/\/www.alteacultural.com\/es\/?s={search_term_string}"},"query-input":"required name=search_term_string"}],"inLanguage":"es"},{"@type":"Person","@id":"https:\/\/www.alteacultural.com\/es\/#\/schema\/person\/c4e137537f1af546d214a315255e5172","name":"sfaltea.com-admin","image":{"@type":"ImageObject","inLanguage":"es","@id":"https:\/\/www.alteacultural.com\/es\/#\/schema\/person\/image\/","url":"https:\/\/secure.gravatar.com\/avatar\/f7473fa2fbd351270ccfd469de536202?s=96&d=mm&r=g","contentUrl":"https:\/\/secure.gravatar.com\/avatar\/f7473fa2fbd351270ccfd469de536202?s=96&d=mm&r=g","caption":"sfaltea.com-admin"},"url":"https:\/\/www.alteacultural.com\/es\/author\/sfaltea-com-admin\/"}]}},"_links":{"self":[{"href":"https:\/\/www.alteacultural.com\/es\/wp-json\/wp\/v2\/posts\/22632"}],"collection":[{"href":"https:\/\/www.alteacultural.com\/es\/wp-json\/wp\/v2\/posts"}],"about":[{"href":"https:\/\/www.alteacultural.com\/es\/wp-json\/wp\/v2\/types\/post"}],"author":[{"embeddable":true,"href":"https:\/\/www.alteacultural.com\/es\/wp-json\/wp\/v2\/users\/1"}],"replies":[{"embeddable":true,"href":"https:\/\/www.alteacultural.com\/es\/wp-json\/wp\/v2\/comments?post=22632"}],"version-history":[{"count":0,"href":"https:\/\/www.alteacultural.com\/es\/wp-json\/wp\/v2\/posts\/22632\/revisions"}],"wp:featuredmedia":[{"embeddable":true,"href":"https:\/\/www.alteacultural.com\/es\/wp-json\/wp\/v2\/media\/22630"}],"wp:attachment":[{"href":"https:\/\/www.alteacultural.com\/es\/wp-json\/wp\/v2\/media?parent=22632"}],"curies":[{"name":"wp","href":"https:\/\/api.w.org\/{rel}","templated":true}]}}