{"id":2289,"date":"2020-12-16T17:46:52","date_gmt":"2020-12-16T16:46:52","guid":{"rendered":"https:\/\/www.alteacultural.com\/2020\/12\/16\/actes-cancellats-desembre-2020\/"},"modified":"2020-12-20T19:41:42","modified_gmt":"2020-12-20T18:41:42","slug":"actes-cancellats-desembre-2020","status":"publish","type":"post","link":"https:\/\/www.alteacultural.com\/es\/2020\/12\/16\/actes-cancellats-desembre-2020\/","title":{"rendered":"Actos cancelados diciembre 2020"},"content":{"rendered":"\n<p>Desde la Concejal\u00eda de Cultura se informa sobre la cancelaci\u00f3n de los siguientes conciertos de la programaci\u00f3n de DICIEMBRE 2020, como precauci\u00f3n con motivo de la situaci\u00f3n epidemiol\u00f3gica Covid-19 del momento en Altea:<\/p>\n\n\n\n<ul><li>Munduan 18<em>\/<\/em>dic<\/li><li>Concierto Nadal OPP de la SFA 19\/dic<\/li><li>Concierto Extraordinario de Navidad Banda SFA 20\/dic<\/li><li>Concierto de Navidad SRM Altea la Vella 20\/dic<\/li><\/ul>\n\n\n\n<p>As\u00ed mismo, desde la web alteacultural.com y altea.es se informar\u00e1 de posible nuevas cancelaciones, por lo que se recomienda visitar la p\u00e1gina de los eventos programados para encontrar m\u00e1s info.<\/p>\n","protected":false},"excerpt":{"rendered":"<p>Desde la Concejal\u00eda de Cultura se informa sobre la cancelaci\u00f3n de los siguientes conciertos de la programaci\u00f3n de DICIEMBRE [&hellip;]<\/p>\n","protected":false},"author":1,"featured_media":2287,"comment_status":"open","ping_status":"open","sticky":false,"template":"","format":"standard","meta":{"_expiration-date-status":"saved","_expiration-date":1608489480,"_expiration-date-type":"","_expiration-date-categories":[],"_expiration-date-options":{"expireType":"category-remove","id":2289,"category":["64"],"categoryTaxonomy":"category"},"footnotes":""},"yoast_head":"<!-- This site is optimized with the Yoast SEO plugin v22.8 - https:\/\/yoast.com\/wordpress\/plugins\/seo\/ -->\n<title>Actos cancelados diciembre 2020 - Altea Cultural<\/title>\n<meta name=\"robots\" content=\"index, follow, max-snippet:-1, max-image-preview:large, max-video-preview:-1\" \/>\n<link rel=\"canonical\" href=\"https:\/\/www.alteacultural.com\/es\/2020\/12\/16\/actes-cancellats-desembre-2020\/\" \/>\n<meta property=\"og:locale\" content=\"es_ES\" \/>\n<meta property=\"og:type\" content=\"article\" \/>\n<meta property=\"og:title\" content=\"Actos cancelados diciembre 2020 - Altea Cultural\" \/>\n<meta property=\"og:description\" content=\"Desde la Concejal\u00eda de Cultura se informa sobre la cancelaci\u00f3n de los siguientes conciertos de la programaci\u00f3n de DICIEMBRE [&hellip;]\" \/>\n<meta property=\"og:url\" content=\"https:\/\/www.alteacultural.com\/es\/2020\/12\/16\/actes-cancellats-desembre-2020\/\" \/>\n<meta property=\"og:site_name\" content=\"Altea Cultural\" \/>\n<meta property=\"article:published_time\" content=\"2020-12-16T16:46:52+00:00\" \/>\n<meta property=\"article:modified_time\" content=\"2020-12-20T18:41:42+00:00\" \/>\n<meta property=\"og:image\" content=\"https:\/\/www.alteacultural.com\/wp-content\/uploads\/2020\/12\/evento-cancelado.jpg\" \/>\n\t<meta property=\"og:image:width\" content=\"400\" \/>\n\t<meta property=\"og:image:height\" content=\"202\" \/>\n\t<meta property=\"og:image:type\" content=\"image\/jpeg\" \/>\n<meta name=\"author\" content=\"sfaltea.com-admin\" \/>\n<meta name=\"twitter:card\" content=\"summary_large_image\" \/>\n<meta name=\"twitter:label1\" content=\"Escrito por\" \/>\n\t<meta name=\"twitter:data1\" content=\"sfaltea.com-admin\" \/>\n<script type=\"application\/ld+json\" class=\"yoast-schema-graph\">{\"@context\":\"https:\/\/schema.org\",\"@graph\":[{\"@type\":\"WebPage\",\"@id\":\"https:\/\/www.alteacultural.com\/es\/2020\/12\/16\/actes-cancellats-desembre-2020\/\",\"url\":\"https:\/\/www.alteacultural.com\/es\/2020\/12\/16\/actes-cancellats-desembre-2020\/\",\"name\":\"Actos cancelados diciembre 2020 - Altea Cultural\",\"isPartOf\":{\"@id\":\"https:\/\/www.alteacultural.com\/es\/#website\"},\"primaryImageOfPage\":{\"@id\":\"https:\/\/www.alteacultural.com\/es\/2020\/12\/16\/actes-cancellats-desembre-2020\/#primaryimage\"},\"image\":{\"@id\":\"https:\/\/www.alteacultural.com\/es\/2020\/12\/16\/actes-cancellats-desembre-2020\/#primaryimage\"},\"thumbnailUrl\":\"https:\/\/www.alteacultural.com\/wp-content\/uploads\/2020\/12\/evento-cancelado.jpg\",\"datePublished\":\"2020-12-16T16:46:52+00:00\",\"dateModified\":\"2020-12-20T18:41:42+00:00\",\"author\":{\"@id\":\"https:\/\/www.alteacultural.com\/es\/#\/schema\/person\/c4e137537f1af546d214a315255e5172\"},\"breadcrumb\":{\"@id\":\"https:\/\/www.alteacultural.com\/es\/2020\/12\/16\/actes-cancellats-desembre-2020\/#breadcrumb\"},\"inLanguage\":\"es\",\"potentialAction\":[{\"@type\":\"ReadAction\",\"target\":[\"https:\/\/www.alteacultural.com\/es\/2020\/12\/16\/actes-cancellats-desembre-2020\/\"]}]},{\"@type\":\"ImageObject\",\"inLanguage\":\"es\",\"@id\":\"https:\/\/www.alteacultural.com\/es\/2020\/12\/16\/actes-cancellats-desembre-2020\/#primaryimage\",\"url\":\"https:\/\/www.alteacultural.com\/wp-content\/uploads\/2020\/12\/evento-cancelado.jpg\",\"contentUrl\":\"https:\/\/www.alteacultural.com\/wp-content\/uploads\/2020\/12\/evento-cancelado.jpg\",\"width\":400,\"height\":202},{\"@type\":\"BreadcrumbList\",\"@id\":\"https:\/\/www.alteacultural.com\/es\/2020\/12\/16\/actes-cancellats-desembre-2020\/#breadcrumb\",\"itemListElement\":[{\"@type\":\"ListItem\",\"position\":1,\"name\":\"Inici\",\"item\":\"https:\/\/www.alteacultural.com\/es\/\"},{\"@type\":\"ListItem\",\"position\":2,\"name\":\"Actos cancelados diciembre 2020\"}]},{\"@type\":\"WebSite\",\"@id\":\"https:\/\/www.alteacultural.com\/es\/#website\",\"url\":\"https:\/\/www.alteacultural.com\/es\/\",\"name\":\"Altea Cultural\",\"description\":\"Regidoria de Cultura de l&#039;Ajuntament d&#039;Altea\",\"potentialAction\":[{\"@type\":\"SearchAction\",\"target\":{\"@type\":\"EntryPoint\",\"urlTemplate\":\"https:\/\/www.alteacultural.com\/es\/?s={search_term_string}\"},\"query-input\":\"required name=search_term_string\"}],\"inLanguage\":\"es\"},{\"@type\":\"Person\",\"@id\":\"https:\/\/www.alteacultural.com\/es\/#\/schema\/person\/c4e137537f1af546d214a315255e5172\",\"name\":\"sfaltea.com-admin\",\"image\":{\"@type\":\"ImageObject\",\"inLanguage\":\"es\",\"@id\":\"https:\/\/www.alteacultural.com\/es\/#\/schema\/person\/image\/\",\"url\":\"https:\/\/secure.gravatar.com\/avatar\/f7473fa2fbd351270ccfd469de536202?s=96&d=mm&r=g\",\"contentUrl\":\"https:\/\/secure.gravatar.com\/avatar\/f7473fa2fbd351270ccfd469de536202?s=96&d=mm&r=g\",\"caption\":\"sfaltea.com-admin\"},\"url\":\"https:\/\/www.alteacultural.com\/es\/author\/sfaltea-com-admin\/\"}]}<\/script>\n<!-- \/ Yoast SEO plugin. -->","yoast_head_json":{"title":"Actos cancelados diciembre 2020 - Altea Cultural","robots":{"index":"index","follow":"follow","max-snippet":"max-snippet:-1","max-image-preview":"max-image-preview:large","max-video-preview":"max-video-preview:-1"},"canonical":"https:\/\/www.alteacultural.com\/es\/2020\/12\/16\/actes-cancellats-desembre-2020\/","og_locale":"es_ES","og_type":"article","og_title":"Actos cancelados diciembre 2020 - Altea Cultural","og_description":"Desde la Concejal\u00eda de Cultura se informa sobre la cancelaci\u00f3n de los siguientes conciertos de la programaci\u00f3n de DICIEMBRE [&hellip;]","og_url":"https:\/\/www.alteacultural.com\/es\/2020\/12\/16\/actes-cancellats-desembre-2020\/","og_site_name":"Altea Cultural","article_published_time":"2020-12-16T16:46:52+00:00","article_modified_time":"2020-12-20T18:41:42+00:00","og_image":[{"width":400,"height":202,"url":"https:\/\/www.alteacultural.com\/wp-content\/uploads\/2020\/12\/evento-cancelado.jpg","type":"image\/jpeg"}],"author":"sfaltea.com-admin","twitter_card":"summary_large_image","twitter_misc":{"Escrito por":"sfaltea.com-admin"},"schema":{"@context":"https:\/\/schema.org","@graph":[{"@type":"WebPage","@id":"https:\/\/www.alteacultural.com\/es\/2020\/12\/16\/actes-cancellats-desembre-2020\/","url":"https:\/\/www.alteacultural.com\/es\/2020\/12\/16\/actes-cancellats-desembre-2020\/","name":"Actos cancelados diciembre 2020 - Altea Cultural","isPartOf":{"@id":"https:\/\/www.alteacultural.com\/es\/#website"},"primaryImageOfPage":{"@id":"https:\/\/www.alteacultural.com\/es\/2020\/12\/16\/actes-cancellats-desembre-2020\/#primaryimage"},"image":{"@id":"https:\/\/www.alteacultural.com\/es\/2020\/12\/16\/actes-cancellats-desembre-2020\/#primaryimage"},"thumbnailUrl":"https:\/\/www.alteacultural.com\/wp-content\/uploads\/2020\/12\/evento-cancelado.jpg","datePublished":"2020-12-16T16:46:52+00:00","dateModified":"2020-12-20T18:41:42+00:00","author":{"@id":"https:\/\/www.alteacultural.com\/es\/#\/schema\/person\/c4e137537f1af546d214a315255e5172"},"breadcrumb":{"@id":"https:\/\/www.alteacultural.com\/es\/2020\/12\/16\/actes-cancellats-desembre-2020\/#breadcrumb"},"inLanguage":"es","potentialAction":[{"@type":"ReadAction","target":["https:\/\/www.alteacultural.com\/es\/2020\/12\/16\/actes-cancellats-desembre-2020\/"]}]},{"@type":"ImageObject","inLanguage":"es","@id":"https:\/\/www.alteacultural.com\/es\/2020\/12\/16\/actes-cancellats-desembre-2020\/#primaryimage","url":"https:\/\/www.alteacultural.com\/wp-content\/uploads\/2020\/12\/evento-cancelado.jpg","contentUrl":"https:\/\/www.alteacultural.com\/wp-content\/uploads\/2020\/12\/evento-cancelado.jpg","width":400,"height":202},{"@type":"BreadcrumbList","@id":"https:\/\/www.alteacultural.com\/es\/2020\/12\/16\/actes-cancellats-desembre-2020\/#breadcrumb","itemListElement":[{"@type":"ListItem","position":1,"name":"Inici","item":"https:\/\/www.alteacultural.com\/es\/"},{"@type":"ListItem","position":2,"name":"Actos cancelados diciembre 2020"}]},{"@type":"WebSite","@id":"https:\/\/www.alteacultural.com\/es\/#website","url":"https:\/\/www.alteacultural.com\/es\/","name":"Altea Cultural","description":"Regidoria de Cultura de l&#039;Ajuntament d&#039;Altea","potentialAction":[{"@type":"SearchAction","target":{"@type":"EntryPoint","urlTemplate":"https:\/\/www.alteacultural.com\/es\/?s={search_term_string}"},"query-input":"required name=search_term_string"}],"inLanguage":"es"},{"@type":"Person","@id":"https:\/\/www.alteacultural.com\/es\/#\/schema\/person\/c4e137537f1af546d214a315255e5172","name":"sfaltea.com-admin","image":{"@type":"ImageObject","inLanguage":"es","@id":"https:\/\/www.alteacultural.com\/es\/#\/schema\/person\/image\/","url":"https:\/\/secure.gravatar.com\/avatar\/f7473fa2fbd351270ccfd469de536202?s=96&d=mm&r=g","contentUrl":"https:\/\/secure.gravatar.com\/avatar\/f7473fa2fbd351270ccfd469de536202?s=96&d=mm&r=g","caption":"sfaltea.com-admin"},"url":"https:\/\/www.alteacultural.com\/es\/author\/sfaltea-com-admin\/"}]}},"_links":{"self":[{"href":"https:\/\/www.alteacultural.com\/es\/wp-json\/wp\/v2\/posts\/2289"}],"collection":[{"href":"https:\/\/www.alteacultural.com\/es\/wp-json\/wp\/v2\/posts"}],"about":[{"href":"https:\/\/www.alteacultural.com\/es\/wp-json\/wp\/v2\/types\/post"}],"author":[{"embeddable":true,"href":"https:\/\/www.alteacultural.com\/es\/wp-json\/wp\/v2\/users\/1"}],"replies":[{"embeddable":true,"href":"https:\/\/www.alteacultural.com\/es\/wp-json\/wp\/v2\/comments?post=2289"}],"version-history":[{"count":2,"href":"https:\/\/www.alteacultural.com\/es\/wp-json\/wp\/v2\/posts\/2289\/revisions"}],"predecessor-version":[{"id":2291,"href":"https:\/\/www.alteacultural.com\/es\/wp-json\/wp\/v2\/posts\/2289\/revisions\/2291"}],"wp:featuredmedia":[{"embeddable":true,"href":"https:\/\/www.alteacultural.com\/es\/wp-json\/wp\/v2\/media\/2287"}],"wp:attachment":[{"href":"https:\/\/www.alteacultural.com\/es\/wp-json\/wp\/v2\/media?parent=2289"}],"curies":[{"name":"wp","href":"https:\/\/api.w.org\/{rel}","templated":true}]}}