{"id":22943,"date":"2023-01-20T12:56:07","date_gmt":"2023-01-20T11:56:07","guid":{"rendered":"https:\/\/www.alteacultural.com\/?p=22943"},"modified":"2023-01-20T12:56:25","modified_gmt":"2023-01-20T11:56:25","slug":"programa-19-02-2023","status":"publish","type":"post","link":"https:\/\/www.alteacultural.com\/es\/2023\/01\/20\/programa-19-02-2023\/","title":{"rendered":"Programa 19-02-2023"},"content":{"rendered":"\t\t<div data-elementor-type=\"wp-post\" data-elementor-id=\"22943\" class=\"elementor elementor-22943\">\n\t\t\t\t\t\t<section class=\"elementor-section elementor-top-section elementor-element elementor-element-1fcb64c elementor-section-boxed elementor-section-height-default elementor-section-height-default exad-glass-effect-no exad-sticky-section-no\" data-id=\"1fcb64c\" data-element_type=\"section\">\n\t\t\t\t\t\t<div class=\"elementor-container elementor-column-gap-default\">\n\t\t\t\t\t<div class=\"elementor-column elementor-col-50 elementor-top-column elementor-element elementor-element-928d7ea exad-glass-effect-no exad-sticky-section-no\" data-id=\"928d7ea\" data-element_type=\"column\">\n\t\t\t<div class=\"elementor-widget-wrap elementor-element-populated\">\n\t\t\t\t\t\t<div class=\"elementor-element elementor-element-d19d03c exad-sticky-section-no exad-glass-effect-no elementor-widget elementor-widget-text-editor\" data-id=\"d19d03c\" data-element_type=\"widget\" data-widget_type=\"text-editor.default\">\n\t\t\t\t<div class=\"elementor-widget-container\">\n\t\t\t\t\t\t\t<p style=\"text-align: center;\">Programa \u00b7 19\/02\/2023 \u00b7 Beethoven Fest 2022<\/p>\t\t\t\t\t\t<\/div>\n\t\t\t\t<\/div>\n\t\t\t\t\t<\/div>\n\t\t<\/div>\n\t\t\t\t<div class=\"elementor-column elementor-col-50 elementor-top-column elementor-element elementor-element-041b80c exad-glass-effect-no exad-sticky-section-no\" data-id=\"041b80c\" data-element_type=\"column\">\n\t\t\t<div class=\"elementor-widget-wrap elementor-element-populated\">\n\t\t\t\t\t\t<div class=\"elementor-element elementor-element-961ad1f exad-sticky-section-no exad-glass-effect-no elementor-widget elementor-widget-image\" data-id=\"961ad1f\" data-element_type=\"widget\" data-widget_type=\"image.default\">\n\t\t\t\t<div class=\"elementor-widget-container\">\n\t\t\t\t\t\t\t\t\t\t\t\t\t\t<a href=\"https:\/\/www.alteacultural.com\/2023\/01\/19\/programa-19-02-2023\/\">\n\t\t\t\t\t\t\t<img decoding=\"async\" data-src=\"https:\/\/www.alteacultural.com\/wp-content\/uploads\/elementor\/thumbs\/valencia-pt48thfiy0n8d036da41ndkk48zbusn7jwawsx7u0c.jpg\" title=\"valenci\u00e0\" alt=\"valenci\u00e0\" src=\"data:image\/gif;base64,R0lGODlhAQABAAAAACH5BAEKAAEALAAAAAABAAEAAAICTAEAOw==\" class=\"lazyload\" style=\"--smush-placeholder-width: 30px; --smush-placeholder-aspect-ratio: 30\/30;\" \/>\t\t\t\t\t\t\t\t<\/a>\n\t\t\t\t\t\t\t\t\t\t\t\t\t<\/div>\n\t\t\t\t<\/div>\n\t\t\t\t\t<\/div>\n\t\t<\/div>\n\t\t\t\t\t<\/div>\n\t\t<\/section>\n\t\t\t\t<section class=\"elementor-section elementor-top-section elementor-element elementor-element-73b943d elementor-section-boxed elementor-section-height-default elementor-section-height-default exad-glass-effect-no exad-sticky-section-no\" data-id=\"73b943d\" data-element_type=\"section\">\n\t\t\t\t\t\t<div class=\"elementor-container elementor-column-gap-default\">\n\t\t\t\t\t<div class=\"elementor-column elementor-col-100 elementor-top-column elementor-element elementor-element-73e008d exad-glass-effect-no exad-sticky-section-no\" data-id=\"73e008d\" data-element_type=\"column\">\n\t\t\t<div class=\"elementor-widget-wrap elementor-element-populated\">\n\t\t\t\t\t\t<div class=\"elementor-element elementor-element-47a15ef exad-sticky-section-no exad-glass-effect-no elementor-widget elementor-widget-text-editor\" data-id=\"47a15ef\" data-element_type=\"widget\" data-widget_type=\"text-editor.default\">\n\t\t\t\t<div class=\"elementor-widget-container\">\n\t\t\t\t\t\t\t<h1 style=\"text-align: center;\"><span style=\"color: #ffffff;\">AKRAM TRIO<\/span><\/h1>\t\t\t\t\t\t<\/div>\n\t\t\t\t<\/div>\n\t\t\t\t\t<\/div>\n\t\t<\/div>\n\t\t\t\t\t<\/div>\n\t\t<\/section>\n\t\t\t\t<section class=\"elementor-section elementor-top-section elementor-element elementor-element-f2845cd elementor-section-boxed elementor-section-height-default elementor-section-height-default exad-glass-effect-no exad-sticky-section-no\" data-id=\"f2845cd\" data-element_type=\"section\">\n\t\t\t\t\t\t<div class=\"elementor-container elementor-column-gap-default\">\n\t\t\t\t\t<div class=\"elementor-column elementor-col-100 elementor-top-column elementor-element elementor-element-99fde3d exad-glass-effect-no exad-sticky-section-no\" data-id=\"99fde3d\" data-element_type=\"column\">\n\t\t\t<div class=\"elementor-widget-wrap elementor-element-populated\">\n\t\t\t\t\t\t<div class=\"elementor-element elementor-element-353eb5a exad-sticky-section-no exad-glass-effect-no elementor-widget elementor-widget-text-editor\" data-id=\"353eb5a\" data-element_type=\"widget\" data-widget_type=\"text-editor.default\">\n\t\t\t\t<div class=\"elementor-widget-container\">\n\t\t\t\t\t\t\t<div class=\"traductor-textarea form-group\"><h3 class=\"textarea-desti col-xs-12 col-sm-6\" style=\"text-align: center;\"><span style=\"text-decoration: underline; color: #ff6600;\">PROGRAMA<\/span><\/h3><div><span style=\"text-decoration: underline; color: #ff6600;\">\u00a0<\/span><\/div><div><span style=\"text-decoration: underline; color: #ff6600;\">\u00a0<\/span><\/div><\/div><div class=\"traductor-textarea form-group\"><h3 style=\"text-align: center;\"><span style=\"text-decoration: underline;\"><span style=\"color: #ff6600; text-decoration: underline;\">1\u00aa Parte<\/span><\/span><\/h3><div><span style=\"text-decoration: underline;\"><span style=\"color: #ff6600; text-decoration: underline;\">\u00a0<\/span><\/span><\/div><p>\u00a0<\/p><h3 style=\"text-align: center;\">&#8211; Trio op. 11 para a clarinete, violoncello y piano (L.van Beethoven)<\/h3><div>\u00a0<\/div><p>\u00a0<\/p><\/div><div class=\"traductor-textarea form-group\"><h3 style=\"text-align: center;\"><span style=\"text-decoration: underline;\"><span style=\"color: #ff6600; text-decoration: underline;\">2\u00aa Parte<\/span><\/span><\/h3><div><span style=\"text-decoration: underline;\"><span style=\"color: #ff6600; text-decoration: underline;\">\u00a0<\/span><\/span><\/div><p>\u00a0<\/p><h3 style=\"text-align: center;\">-Oblivion (Astor Piazzolla -arr. Guillermo Mond\u00e9jar)<\/h3><div>\u00a0<\/div><p>\u00a0<\/p><h3 style=\"text-align: center;\">-Adi\u00f3s Nonino (Astor Piazzolla &#8211; arr. Guillermo Mond\u00e9jar)<\/h3><div>\u00a0<\/div><p>\u00a0<\/p><h3 style=\"text-align: center;\">-Medley de Pop i Soul (arr. Guillermo Mond\u00e9jar) de temas de Tina Turner, Elton John, Abba, Mecano,\u00a0<\/h3><h3 style=\"text-align: center;\">Michael Jackson y Aretha Franklin<\/h3><\/div><h3 style=\"text-align: center;\">\u00a0<\/h3><h3>\u00a0<\/h3><h3 style=\"text-align: center;\"><span style=\"text-decoration: underline; color: #ff6600;\">AKRAM TRIO<\/span><\/h3><div><span style=\"text-decoration: underline; color: #ff6600;\">\u00a0<\/span><\/div><p>\u00a0<\/p><h3 class=\"traductor-textarea form-group\" style=\"text-align: center;\">Akram Trio nace en el 2018 como proyecto de tres m\u00fasicos profesionales alicantinos con formaci\u00f3n en el extranjero: Mar\u00eda Palacios (clarinete), Desir\u00e9e S\u00e1nchez (violoncello) y Guillermo Mond\u00e9jar (piano).<\/h3><div>\u00a0<\/div><p>\u00a0<\/p><h3 class=\"traductor-textarea form-group\" style=\"text-align: center;\">El nombre de Akram Trio surge de la antigua ra\u00edz \u00e1rabe de la ciudad de Alicante (Akra), ya que los tres m\u00fasicos coincidieron en el Conservatorio Profesional \u00abGuitarrista Jos\u00e9 Tom\u00e0s\u00bb de Alicante cuando realizaban sus estudios musicales.<\/h3><h3>\u00a0<\/h3><h3 class=\"traductor-textarea form-group\" style=\"text-align: center;\">El objectivo del grupo es dar a conocer al p\u00fablico las amplias posibilidades sonoras de esta formaci\u00f3n que conforman un repertorio vers\u00e1til que abarca el cl\u00e1sico, BSO, tango, jazz latino, soul, pop, rock de los 80 y 90&#8217;s y bossa nova hasta la m\u00fasica m\u00e1s actual.<\/h3><div>\u00a0<\/div><p>\u00a0<\/p><h3 class=\"traductor-textarea form-group\" style=\"text-align: center;\">Akram Trio ha actuado en numerosos municipios de la Provincia de Alicante y ha participado en diversos concursos de m\u00fasica de c\u00e1mara.<\/h3><div>\u00a0<\/div>\t\t\t\t\t\t<\/div>\n\t\t\t\t<\/div>\n\t\t\t\t\t<\/div>\n\t\t<\/div>\n\t\t\t\t\t<\/div>\n\t\t<\/section>\n\t\t\t\t<section class=\"elementor-section elementor-top-section elementor-element elementor-element-c66925c elementor-section-boxed elementor-section-height-default elementor-section-height-default exad-glass-effect-no exad-sticky-section-no\" data-id=\"c66925c\" data-element_type=\"section\">\n\t\t\t\t\t\t<div class=\"elementor-container elementor-column-gap-default\">\n\t\t\t\t\t<div class=\"elementor-column elementor-col-100 elementor-top-column elementor-element elementor-element-151023a exad-glass-effect-no exad-sticky-section-no\" data-id=\"151023a\" data-element_type=\"column\">\n\t\t\t<div class=\"elementor-widget-wrap\">\n\t\t\t\t\t\t\t<\/div>\n\t\t<\/div>\n\t\t\t\t\t<\/div>\n\t\t<\/section>\n\t\t\t\t<section class=\"elementor-section elementor-top-section elementor-element elementor-element-5625a3c elementor-section-boxed elementor-section-height-default elementor-section-height-default exad-glass-effect-no exad-sticky-section-no\" data-id=\"5625a3c\" data-element_type=\"section\">\n\t\t\t\t\t\t<div class=\"elementor-container elementor-column-gap-default\">\n\t\t\t\t\t<div class=\"elementor-column elementor-col-100 elementor-top-column elementor-element elementor-element-64c120d exad-glass-effect-no exad-sticky-section-no\" data-id=\"64c120d\" data-element_type=\"column\">\n\t\t\t<div class=\"elementor-widget-wrap\">\n\t\t\t\t\t\t\t<\/div>\n\t\t<\/div>\n\t\t\t\t\t<\/div>\n\t\t<\/section>\n\t\t\t\t<section class=\"elementor-section elementor-top-section elementor-element elementor-element-7d46883 elementor-section-boxed elementor-section-height-default elementor-section-height-default exad-glass-effect-no exad-sticky-section-no\" data-id=\"7d46883\" data-element_type=\"section\">\n\t\t\t\t\t\t<div class=\"elementor-container elementor-column-gap-default\">\n\t\t\t\t\t<div class=\"elementor-column elementor-col-100 elementor-top-column elementor-element elementor-element-16ce4bc exad-glass-effect-no exad-sticky-section-no\" data-id=\"16ce4bc\" data-element_type=\"column\">\n\t\t\t<div class=\"elementor-widget-wrap elementor-element-populated\">\n\t\t\t\t\t\t<div class=\"elementor-element elementor-element-35b8ea1 elementor-arrows-position-inside elementor-pagination-position-outside exad-sticky-section-no exad-glass-effect-no elementor-widget elementor-widget-image-carousel\" data-id=\"35b8ea1\" data-element_type=\"widget\" data-settings=\"{&quot;navigation&quot;:&quot;both&quot;,&quot;autoplay&quot;:&quot;yes&quot;,&quot;pause_on_hover&quot;:&quot;yes&quot;,&quot;pause_on_interaction&quot;:&quot;yes&quot;,&quot;autoplay_speed&quot;:5000,&quot;infinite&quot;:&quot;yes&quot;,&quot;speed&quot;:500}\" data-widget_type=\"image-carousel.default\">\n\t\t\t\t<div class=\"elementor-widget-container\">\n\t\t\t\t\t<div class=\"elementor-image-carousel-wrapper swiper\" dir=\"ltr\">\n\t\t\t<div class=\"elementor-image-carousel swiper-wrapper\" aria-live=\"off\">\n\t\t\t\t\t\t\t\t<div class=\"swiper-slide\" role=\"group\" aria-roledescription=\"slide\" aria-label=\"1 de 3\"><figure class=\"swiper-slide-inner\"><img decoding=\"async\" class=\"swiper-slide-image lazyload\" data-src=\"https:\/\/www.alteacultural.com\/wp-content\/uploads\/2023\/01\/Akram-Trio-300x300.jpeg\" alt=\"Akram Trio\" src=\"data:image\/gif;base64,R0lGODlhAQABAAAAACH5BAEKAAEALAAAAAABAAEAAAICTAEAOw==\" style=\"--smush-placeholder-width: 300px; --smush-placeholder-aspect-ratio: 300\/300;\" \/><\/figure><\/div><div class=\"swiper-slide\" role=\"group\" aria-roledescription=\"slide\" aria-label=\"2 de 3\"><figure class=\"swiper-slide-inner\"><img decoding=\"async\" class=\"swiper-slide-image lazyload\" data-src=\"https:\/\/www.alteacultural.com\/wp-content\/uploads\/2023\/01\/Foto-3-300x300.jpg\" alt=\"Foto 3\" src=\"data:image\/gif;base64,R0lGODlhAQABAAAAACH5BAEKAAEALAAAAAABAAEAAAICTAEAOw==\" style=\"--smush-placeholder-width: 300px; --smush-placeholder-aspect-ratio: 300\/300;\" \/><\/figure><\/div><div class=\"swiper-slide\" role=\"group\" aria-roledescription=\"slide\" aria-label=\"3 de 3\"><figure class=\"swiper-slide-inner\"><img decoding=\"async\" class=\"swiper-slide-image lazyload\" data-src=\"https:\/\/www.alteacultural.com\/wp-content\/uploads\/2023\/01\/violonchelo-300x300.jpg\" alt=\"Violoncello\" src=\"data:image\/gif;base64,R0lGODlhAQABAAAAACH5BAEKAAEALAAAAAABAAEAAAICTAEAOw==\" style=\"--smush-placeholder-width: 300px; --smush-placeholder-aspect-ratio: 300\/300;\" \/><\/figure><\/div>\t\t\t<\/div>\n\t\t\t\t\t\t\t\t\t\t\t\t<div class=\"elementor-swiper-button elementor-swiper-button-prev\" role=\"button\" tabindex=\"0\">\n\t\t\t\t\t\t<i aria-hidden=\"true\" class=\"eicon-chevron-left\"><\/i>\t\t\t\t\t<\/div>\n\t\t\t\t\t<div class=\"elementor-swiper-button elementor-swiper-button-next\" role=\"button\" tabindex=\"0\">\n\t\t\t\t\t\t<i aria-hidden=\"true\" class=\"eicon-chevron-right\"><\/i>\t\t\t\t\t<\/div>\n\t\t\t\t\n\t\t\t\t\t\t\t\t\t<div class=\"swiper-pagination\"><\/div>\n\t\t\t\t\t\t\t\t\t<\/div>\n\t\t\t\t<\/div>\n\t\t\t\t<\/div>\n\t\t\t\t<div class=\"elementor-element elementor-element-30c43d4 elementor-align-center exad-sticky-section-no exad-glass-effect-no elementor-widget elementor-widget-button\" data-id=\"30c43d4\" data-element_type=\"widget\" data-widget_type=\"button.default\">\n\t\t\t\t<div class=\"elementor-widget-container\">\n\t\t\t\t\t<div class=\"elementor-button-wrapper\">\n\t\t\t<a class=\"elementor-button elementor-button-link elementor-size-sm\" href=\"https:\/\/www.alteacultural.com\/agenda\/\">\n\t\t\t\t\t\t<span class=\"elementor-button-content-wrapper\">\n\t\t\t\t\t\t\t\t\t<span class=\"elementor-button-text\">Agenda cultural completa<\/span>\n\t\t\t\t\t<\/span>\n\t\t\t\t\t<\/a>\n\t\t<\/div>\n\t\t\t\t<\/div>\n\t\t\t\t<\/div>\n\t\t\t\t<div class=\"elementor-element elementor-element-c0558ab exad-sticky-section-no exad-glass-effect-no elementor-widget elementor-widget-image\" data-id=\"c0558ab\" data-element_type=\"widget\" data-widget_type=\"image.default\">\n\t\t\t\t<div class=\"elementor-widget-container\">\n\t\t\t\t\t\t\t\t\t\t\t\t\t\t<a href=\"https:\/\/www.alteacultural.com\/alertes\">\n\t\t\t\t\t\t\t<img fetchpriority=\"high\" decoding=\"async\" width=\"2560\" height=\"1280\" src=\"https:\/\/www.alteacultural.com\/wp-content\/uploads\/2022\/04\/100x200-rollupbanner-medium_es2_AdpatParaRedesHoriz-01-scaled.jpg\" class=\"attachment-large size-large wp-image-18827\" alt=\"\" srcset=\"https:\/\/www.alteacultural.com\/wp-content\/uploads\/2022\/04\/100x200-rollupbanner-medium_es2_AdpatParaRedesHoriz-01-scaled.jpg 2560w, https:\/\/www.alteacultural.com\/wp-content\/uploads\/2022\/04\/100x200-rollupbanner-medium_es2_AdpatParaRedesHoriz-01-768x384.jpg 768w, https:\/\/www.alteacultural.com\/wp-content\/uploads\/2022\/04\/100x200-rollupbanner-medium_es2_AdpatParaRedesHoriz-01-1536x768.jpg 1536w, https:\/\/www.alteacultural.com\/wp-content\/uploads\/2022\/04\/100x200-rollupbanner-medium_es2_AdpatParaRedesHoriz-01-2048x1024.jpg 2048w\" sizes=\"(max-width: 2560px) 100vw, 2560px\" \/>\t\t\t\t\t\t\t\t<\/a>\n\t\t\t\t\t\t\t\t\t\t\t\t\t<\/div>\n\t\t\t\t<\/div>\n\t\t\t\t\t<\/div>\n\t\t<\/div>\n\t\t\t\t\t<\/div>\n\t\t<\/section>\n\t\t\t\t<section class=\"elementor-section elementor-top-section elementor-element elementor-element-75129c9 elementor-section-boxed elementor-section-height-default elementor-section-height-default exad-glass-effect-no exad-sticky-section-no\" data-id=\"75129c9\" data-element_type=\"section\">\n\t\t\t\t\t\t<div class=\"elementor-container elementor-column-gap-default\">\n\t\t\t\t\t<div class=\"elementor-column elementor-col-100 elementor-top-column elementor-element elementor-element-fafffc0 exad-glass-effect-no exad-sticky-section-no\" data-id=\"fafffc0\" data-element_type=\"column\">\n\t\t\t<div class=\"elementor-widget-wrap elementor-element-populated\">\n\t\t\t\t\t\t\t<\/div>\n\t\t<\/div>\n\t\t\t\t\t<\/div>\n\t\t<\/section>\n\t\t\t\t<section class=\"elementor-section elementor-top-section elementor-element elementor-element-a5974ad elementor-section-boxed elementor-section-height-default elementor-section-height-default exad-glass-effect-no exad-sticky-section-no\" data-id=\"a5974ad\" data-element_type=\"section\">\n\t\t\t\t\t\t<div class=\"elementor-container elementor-column-gap-default\">\n\t\t\t\t\t<div class=\"elementor-column elementor-col-100 elementor-top-column elementor-element elementor-element-8d2ca0a exad-glass-effect-no exad-sticky-section-no\" data-id=\"8d2ca0a\" data-element_type=\"column\">\n\t\t\t<div class=\"elementor-widget-wrap elementor-element-populated\">\n\t\t\t\t\t\t\t<\/div>\n\t\t<\/div>\n\t\t\t\t\t<\/div>\n\t\t<\/section>\n\t\t\t\t<section class=\"elementor-section elementor-top-section elementor-element elementor-element-2f3f51e elementor-section-boxed elementor-section-height-default elementor-section-height-default exad-glass-effect-no exad-sticky-section-no\" data-id=\"2f3f51e\" data-element_type=\"section\">\n\t\t\t\t\t\t<div class=\"elementor-container elementor-column-gap-default\">\n\t\t\t\t\t<div class=\"elementor-column elementor-col-100 elementor-top-column elementor-element elementor-element-e3d1e47 exad-glass-effect-no exad-sticky-section-no\" data-id=\"e3d1e47\" data-element_type=\"column\">\n\t\t\t<div class=\"elementor-widget-wrap elementor-element-populated\">\n\t\t\t\t\t\t\t<\/div>\n\t\t<\/div>\n\t\t\t\t\t<\/div>\n\t\t<\/section>\n\t\t\t\t<\/div>\n\t\t","protected":false},"excerpt":{"rendered":"<p>Programa \u00b7 19\/02\/2023 \u00b7 Beethoven Fest 2022 AKRAM TRIO PROGRAMA \u00a0\u00a0 1\u00aa Parte \u00a0 \u00a0 &#8211; Trio op. 11 [&hellip;]<\/p>\n","protected":false},"author":1,"featured_media":0,"comment_status":"closed","ping_status":"closed","sticky":false,"template":"elementor_canvas","format":"standard","meta":{"_expiration-date-status":"","_expiration-date":0,"_expiration-date-type":"","_expiration-date-categories":[],"_expiration-date-options":[],"footnotes":""},"yoast_head":"<!-- This site is optimized with the Yoast SEO plugin v22.8 - https:\/\/yoast.com\/wordpress\/plugins\/seo\/ -->\n<title>Programa 19-02-2023 - Altea Cultural<\/title>\n<meta name=\"robots\" content=\"index, follow, max-snippet:-1, max-image-preview:large, max-video-preview:-1\" \/>\n<link rel=\"canonical\" href=\"https:\/\/www.alteacultural.com\/es\/2023\/01\/20\/programa-19-02-2023\/\" \/>\n<meta property=\"og:locale\" content=\"es_ES\" \/>\n<meta property=\"og:type\" content=\"article\" \/>\n<meta property=\"og:title\" content=\"Programa 19-02-2023 - Altea Cultural\" \/>\n<meta property=\"og:description\" content=\"Programa \u00b7 19\/02\/2023 \u00b7 Beethoven Fest 2022 AKRAM TRIO PROGRAMA \u00a0\u00a0 1\u00aa Parte \u00a0 \u00a0 &#8211; Trio op. 11 [&hellip;]\" \/>\n<meta property=\"og:url\" content=\"https:\/\/www.alteacultural.com\/es\/2023\/01\/20\/programa-19-02-2023\/\" \/>\n<meta property=\"og:site_name\" content=\"Altea Cultural\" \/>\n<meta property=\"article:published_time\" content=\"2023-01-20T11:56:07+00:00\" \/>\n<meta property=\"article:modified_time\" content=\"2023-01-20T11:56:25+00:00\" \/>\n<meta property=\"og:image\" content=\"https:\/\/www.alteacultural.com\/wp-content\/uploads\/elementor\/thumbs\/valencia-pt48thfiy0n8d036da41ndkk48zbusn7jwawsx7u0c.jpg\" \/>\n<meta name=\"author\" content=\"sfaltea.com-admin\" \/>\n<meta name=\"twitter:card\" content=\"summary_large_image\" \/>\n<meta name=\"twitter:label1\" content=\"Escrito por\" \/>\n\t<meta name=\"twitter:data1\" content=\"sfaltea.com-admin\" \/>\n\t<meta name=\"twitter:label2\" content=\"Tiempo de lectura\" \/>\n\t<meta name=\"twitter:data2\" content=\"4 minutos\" \/>\n<script type=\"application\/ld+json\" class=\"yoast-schema-graph\">{\"@context\":\"https:\/\/schema.org\",\"@graph\":[{\"@type\":\"WebPage\",\"@id\":\"https:\/\/www.alteacultural.com\/es\/2023\/01\/20\/programa-19-02-2023\/\",\"url\":\"https:\/\/www.alteacultural.com\/es\/2023\/01\/20\/programa-19-02-2023\/\",\"name\":\"Programa 19-02-2023 - Altea Cultural\",\"isPartOf\":{\"@id\":\"https:\/\/www.alteacultural.com\/es\/#website\"},\"primaryImageOfPage\":{\"@id\":\"https:\/\/www.alteacultural.com\/es\/2023\/01\/20\/programa-19-02-2023\/#primaryimage\"},\"image\":{\"@id\":\"https:\/\/www.alteacultural.com\/es\/2023\/01\/20\/programa-19-02-2023\/#primaryimage\"},\"thumbnailUrl\":\"https:\/\/www.alteacultural.com\/wp-content\/uploads\/elementor\/thumbs\/valencia-pt48thfiy0n8d036da41ndkk48zbusn7jwawsx7u0c.jpg\",\"datePublished\":\"2023-01-20T11:56:07+00:00\",\"dateModified\":\"2023-01-20T11:56:25+00:00\",\"author\":{\"@id\":\"https:\/\/www.alteacultural.com\/es\/#\/schema\/person\/c4e137537f1af546d214a315255e5172\"},\"breadcrumb\":{\"@id\":\"https:\/\/www.alteacultural.com\/es\/2023\/01\/20\/programa-19-02-2023\/#breadcrumb\"},\"inLanguage\":\"es\",\"potentialAction\":[{\"@type\":\"ReadAction\",\"target\":[\"https:\/\/www.alteacultural.com\/es\/2023\/01\/20\/programa-19-02-2023\/\"]}]},{\"@type\":\"ImageObject\",\"inLanguage\":\"es\",\"@id\":\"https:\/\/www.alteacultural.com\/es\/2023\/01\/20\/programa-19-02-2023\/#primaryimage\",\"url\":\"https:\/\/www.alteacultural.com\/wp-content\/uploads\/elementor\/thumbs\/valencia-pt48thfiy0n8d036da41ndkk48zbusn7jwawsx7u0c.jpg\",\"contentUrl\":\"https:\/\/www.alteacultural.com\/wp-content\/uploads\/elementor\/thumbs\/valencia-pt48thfiy0n8d036da41ndkk48zbusn7jwawsx7u0c.jpg\"},{\"@type\":\"BreadcrumbList\",\"@id\":\"https:\/\/www.alteacultural.com\/es\/2023\/01\/20\/programa-19-02-2023\/#breadcrumb\",\"itemListElement\":[{\"@type\":\"ListItem\",\"position\":1,\"name\":\"Inici\",\"item\":\"https:\/\/www.alteacultural.com\/es\/\"},{\"@type\":\"ListItem\",\"position\":2,\"name\":\"Programa 19-02-2023\"}]},{\"@type\":\"WebSite\",\"@id\":\"https:\/\/www.alteacultural.com\/es\/#website\",\"url\":\"https:\/\/www.alteacultural.com\/es\/\",\"name\":\"Altea Cultural\",\"description\":\"Regidoria de Cultura de l&#039;Ajuntament d&#039;Altea\",\"potentialAction\":[{\"@type\":\"SearchAction\",\"target\":{\"@type\":\"EntryPoint\",\"urlTemplate\":\"https:\/\/www.alteacultural.com\/es\/?s={search_term_string}\"},\"query-input\":\"required name=search_term_string\"}],\"inLanguage\":\"es\"},{\"@type\":\"Person\",\"@id\":\"https:\/\/www.alteacultural.com\/es\/#\/schema\/person\/c4e137537f1af546d214a315255e5172\",\"name\":\"sfaltea.com-admin\",\"image\":{\"@type\":\"ImageObject\",\"inLanguage\":\"es\",\"@id\":\"https:\/\/www.alteacultural.com\/es\/#\/schema\/person\/image\/\",\"url\":\"https:\/\/secure.gravatar.com\/avatar\/f7473fa2fbd351270ccfd469de536202?s=96&d=mm&r=g\",\"contentUrl\":\"https:\/\/secure.gravatar.com\/avatar\/f7473fa2fbd351270ccfd469de536202?s=96&d=mm&r=g\",\"caption\":\"sfaltea.com-admin\"},\"url\":\"https:\/\/www.alteacultural.com\/es\/author\/sfaltea-com-admin\/\"}]}<\/script>\n<!-- \/ Yoast SEO plugin. -->","yoast_head_json":{"title":"Programa 19-02-2023 - Altea Cultural","robots":{"index":"index","follow":"follow","max-snippet":"max-snippet:-1","max-image-preview":"max-image-preview:large","max-video-preview":"max-video-preview:-1"},"canonical":"https:\/\/www.alteacultural.com\/es\/2023\/01\/20\/programa-19-02-2023\/","og_locale":"es_ES","og_type":"article","og_title":"Programa 19-02-2023 - Altea Cultural","og_description":"Programa \u00b7 19\/02\/2023 \u00b7 Beethoven Fest 2022 AKRAM TRIO PROGRAMA \u00a0\u00a0 1\u00aa Parte \u00a0 \u00a0 &#8211; Trio op. 11 [&hellip;]","og_url":"https:\/\/www.alteacultural.com\/es\/2023\/01\/20\/programa-19-02-2023\/","og_site_name":"Altea Cultural","article_published_time":"2023-01-20T11:56:07+00:00","article_modified_time":"2023-01-20T11:56:25+00:00","og_image":[{"url":"https:\/\/www.alteacultural.com\/wp-content\/uploads\/elementor\/thumbs\/valencia-pt48thfiy0n8d036da41ndkk48zbusn7jwawsx7u0c.jpg"}],"author":"sfaltea.com-admin","twitter_card":"summary_large_image","twitter_misc":{"Escrito por":"sfaltea.com-admin","Tiempo de lectura":"4 minutos"},"schema":{"@context":"https:\/\/schema.org","@graph":[{"@type":"WebPage","@id":"https:\/\/www.alteacultural.com\/es\/2023\/01\/20\/programa-19-02-2023\/","url":"https:\/\/www.alteacultural.com\/es\/2023\/01\/20\/programa-19-02-2023\/","name":"Programa 19-02-2023 - Altea Cultural","isPartOf":{"@id":"https:\/\/www.alteacultural.com\/es\/#website"},"primaryImageOfPage":{"@id":"https:\/\/www.alteacultural.com\/es\/2023\/01\/20\/programa-19-02-2023\/#primaryimage"},"image":{"@id":"https:\/\/www.alteacultural.com\/es\/2023\/01\/20\/programa-19-02-2023\/#primaryimage"},"thumbnailUrl":"https:\/\/www.alteacultural.com\/wp-content\/uploads\/elementor\/thumbs\/valencia-pt48thfiy0n8d036da41ndkk48zbusn7jwawsx7u0c.jpg","datePublished":"2023-01-20T11:56:07+00:00","dateModified":"2023-01-20T11:56:25+00:00","author":{"@id":"https:\/\/www.alteacultural.com\/es\/#\/schema\/person\/c4e137537f1af546d214a315255e5172"},"breadcrumb":{"@id":"https:\/\/www.alteacultural.com\/es\/2023\/01\/20\/programa-19-02-2023\/#breadcrumb"},"inLanguage":"es","potentialAction":[{"@type":"ReadAction","target":["https:\/\/www.alteacultural.com\/es\/2023\/01\/20\/programa-19-02-2023\/"]}]},{"@type":"ImageObject","inLanguage":"es","@id":"https:\/\/www.alteacultural.com\/es\/2023\/01\/20\/programa-19-02-2023\/#primaryimage","url":"https:\/\/www.alteacultural.com\/wp-content\/uploads\/elementor\/thumbs\/valencia-pt48thfiy0n8d036da41ndkk48zbusn7jwawsx7u0c.jpg","contentUrl":"https:\/\/www.alteacultural.com\/wp-content\/uploads\/elementor\/thumbs\/valencia-pt48thfiy0n8d036da41ndkk48zbusn7jwawsx7u0c.jpg"},{"@type":"BreadcrumbList","@id":"https:\/\/www.alteacultural.com\/es\/2023\/01\/20\/programa-19-02-2023\/#breadcrumb","itemListElement":[{"@type":"ListItem","position":1,"name":"Inici","item":"https:\/\/www.alteacultural.com\/es\/"},{"@type":"ListItem","position":2,"name":"Programa 19-02-2023"}]},{"@type":"WebSite","@id":"https:\/\/www.alteacultural.com\/es\/#website","url":"https:\/\/www.alteacultural.com\/es\/","name":"Altea Cultural","description":"Regidoria de Cultura de l&#039;Ajuntament d&#039;Altea","potentialAction":[{"@type":"SearchAction","target":{"@type":"EntryPoint","urlTemplate":"https:\/\/www.alteacultural.com\/es\/?s={search_term_string}"},"query-input":"required name=search_term_string"}],"inLanguage":"es"},{"@type":"Person","@id":"https:\/\/www.alteacultural.com\/es\/#\/schema\/person\/c4e137537f1af546d214a315255e5172","name":"sfaltea.com-admin","image":{"@type":"ImageObject","inLanguage":"es","@id":"https:\/\/www.alteacultural.com\/es\/#\/schema\/person\/image\/","url":"https:\/\/secure.gravatar.com\/avatar\/f7473fa2fbd351270ccfd469de536202?s=96&d=mm&r=g","contentUrl":"https:\/\/secure.gravatar.com\/avatar\/f7473fa2fbd351270ccfd469de536202?s=96&d=mm&r=g","caption":"sfaltea.com-admin"},"url":"https:\/\/www.alteacultural.com\/es\/author\/sfaltea-com-admin\/"}]}},"_links":{"self":[{"href":"https:\/\/www.alteacultural.com\/es\/wp-json\/wp\/v2\/posts\/22943"}],"collection":[{"href":"https:\/\/www.alteacultural.com\/es\/wp-json\/wp\/v2\/posts"}],"about":[{"href":"https:\/\/www.alteacultural.com\/es\/wp-json\/wp\/v2\/types\/post"}],"author":[{"embeddable":true,"href":"https:\/\/www.alteacultural.com\/es\/wp-json\/wp\/v2\/users\/1"}],"replies":[{"embeddable":true,"href":"https:\/\/www.alteacultural.com\/es\/wp-json\/wp\/v2\/comments?post=22943"}],"version-history":[{"count":4,"href":"https:\/\/www.alteacultural.com\/es\/wp-json\/wp\/v2\/posts\/22943\/revisions"}],"predecessor-version":[{"id":22948,"href":"https:\/\/www.alteacultural.com\/es\/wp-json\/wp\/v2\/posts\/22943\/revisions\/22948"}],"wp:attachment":[{"href":"https:\/\/www.alteacultural.com\/es\/wp-json\/wp\/v2\/media?parent=22943"}],"curies":[{"name":"wp","href":"https:\/\/api.w.org\/{rel}","templated":true}]}}