{"id":2314,"date":"2020-12-19T12:20:48","date_gmt":"2020-12-19T11:20:48","guid":{"rendered":"https:\/\/www.alteacultural.com\/2020\/12\/19\/bon-nadal\/"},"modified":"2021-01-06T20:19:41","modified_gmt":"2021-01-06T19:19:41","slug":"bon-nadal","status":"publish","type":"post","link":"https:\/\/www.alteacultural.com\/es\/2020\/12\/19\/bon-nadal\/","title":{"rendered":"\u00a1Feliz Navidad!"},"content":{"rendered":"\n<p>La Concejal\u00eda de Cultura del Ayuntamiento de Altea le desea FELIZ NAVIDAD y PR\u00d3PERO A\u00d1O NUEVO 2021!!<\/p>\n\n\n\n<figure class=\"wp-block-image size-large\"><img fetchpriority=\"high\" decoding=\"async\" width=\"1024\" height=\"576\" src=\"https:\/\/www.alteacultural.com\/wp-content\/uploads\/2020\/12\/INSTAGRAM-FELICITACION-1080x608px-r-1024x576.jpg\" alt=\"\" class=\"wp-image-2312\" srcset=\"https:\/\/www.alteacultural.com\/wp-content\/uploads\/2020\/12\/INSTAGRAM-FELICITACION-1080x608px-r-1024x576.jpg 1024w, https:\/\/www.alteacultural.com\/wp-content\/uploads\/2020\/12\/INSTAGRAM-FELICITACION-1080x608px-r-300x169.jpg 300w, https:\/\/www.alteacultural.com\/wp-content\/uploads\/2020\/12\/INSTAGRAM-FELICITACION-1080x608px-r-768x432.jpg 768w, https:\/\/www.alteacultural.com\/wp-content\/uploads\/2020\/12\/INSTAGRAM-FELICITACION-1080x608px-r.jpg 1080w\" sizes=\"(max-width: 1024px) 100vw, 1024px\" \/><\/figure>\n","protected":false},"excerpt":{"rendered":"<p>La Concejal\u00eda de Cultura del Ayuntamiento de Altea le desea FELIZ NAVIDAD y PR\u00d3PERO A\u00d1O NUEVO 2021!!<\/p>\n","protected":false},"author":1,"featured_media":2312,"comment_status":"open","ping_status":"open","sticky":false,"template":"","format":"standard","meta":{"_expiration-date-status":"saved","_expiration-date":1609960680,"_expiration-date-type":"","_expiration-date-categories":[],"_expiration-date-options":{"expireType":"category-remove","id":2314,"category":["64"],"categoryTaxonomy":"category"},"footnotes":""},"yoast_head":"<!-- This site is optimized with the Yoast SEO plugin v22.8 - https:\/\/yoast.com\/wordpress\/plugins\/seo\/ -->\n<title>\u00a1Feliz Navidad! - Altea Cultural<\/title>\n<meta name=\"robots\" content=\"index, follow, max-snippet:-1, max-image-preview:large, max-video-preview:-1\" \/>\n<link rel=\"canonical\" href=\"https:\/\/www.alteacultural.com\/es\/2020\/12\/19\/bon-nadal\/\" \/>\n<meta property=\"og:locale\" content=\"es_ES\" \/>\n<meta property=\"og:type\" content=\"article\" \/>\n<meta property=\"og:title\" content=\"\u00a1Feliz Navidad! - Altea Cultural\" \/>\n<meta property=\"og:description\" content=\"La Concejal\u00eda de Cultura del Ayuntamiento de Altea le desea FELIZ NAVIDAD y PR\u00d3PERO A\u00d1O NUEVO 2021!!\" \/>\n<meta property=\"og:url\" content=\"https:\/\/www.alteacultural.com\/es\/2020\/12\/19\/bon-nadal\/\" \/>\n<meta property=\"og:site_name\" content=\"Altea Cultural\" \/>\n<meta property=\"article:published_time\" content=\"2020-12-19T11:20:48+00:00\" \/>\n<meta property=\"article:modified_time\" content=\"2021-01-06T19:19:41+00:00\" \/>\n<meta property=\"og:image\" content=\"https:\/\/www.alteacultural.com\/wp-content\/uploads\/2020\/12\/INSTAGRAM-FELICITACION-1080x608px-r.jpg\" \/>\n\t<meta property=\"og:image:width\" content=\"1080\" \/>\n\t<meta property=\"og:image:height\" content=\"608\" \/>\n\t<meta property=\"og:image:type\" content=\"image\/jpeg\" \/>\n<meta name=\"author\" content=\"sfaltea.com-admin\" \/>\n<meta name=\"twitter:card\" content=\"summary_large_image\" \/>\n<meta name=\"twitter:label1\" content=\"Escrito por\" \/>\n\t<meta name=\"twitter:data1\" content=\"sfaltea.com-admin\" \/>\n<script type=\"application\/ld+json\" class=\"yoast-schema-graph\">{\"@context\":\"https:\/\/schema.org\",\"@graph\":[{\"@type\":\"WebPage\",\"@id\":\"https:\/\/www.alteacultural.com\/es\/2020\/12\/19\/bon-nadal\/\",\"url\":\"https:\/\/www.alteacultural.com\/es\/2020\/12\/19\/bon-nadal\/\",\"name\":\"\u00a1Feliz Navidad! - Altea Cultural\",\"isPartOf\":{\"@id\":\"https:\/\/www.alteacultural.com\/es\/#website\"},\"primaryImageOfPage\":{\"@id\":\"https:\/\/www.alteacultural.com\/es\/2020\/12\/19\/bon-nadal\/#primaryimage\"},\"image\":{\"@id\":\"https:\/\/www.alteacultural.com\/es\/2020\/12\/19\/bon-nadal\/#primaryimage\"},\"thumbnailUrl\":\"https:\/\/www.alteacultural.com\/wp-content\/uploads\/2020\/12\/INSTAGRAM-FELICITACION-1080x608px-r.jpg\",\"datePublished\":\"2020-12-19T11:20:48+00:00\",\"dateModified\":\"2021-01-06T19:19:41+00:00\",\"author\":{\"@id\":\"https:\/\/www.alteacultural.com\/es\/#\/schema\/person\/c4e137537f1af546d214a315255e5172\"},\"breadcrumb\":{\"@id\":\"https:\/\/www.alteacultural.com\/es\/2020\/12\/19\/bon-nadal\/#breadcrumb\"},\"inLanguage\":\"es\",\"potentialAction\":[{\"@type\":\"ReadAction\",\"target\":[\"https:\/\/www.alteacultural.com\/es\/2020\/12\/19\/bon-nadal\/\"]}]},{\"@type\":\"ImageObject\",\"inLanguage\":\"es\",\"@id\":\"https:\/\/www.alteacultural.com\/es\/2020\/12\/19\/bon-nadal\/#primaryimage\",\"url\":\"https:\/\/www.alteacultural.com\/wp-content\/uploads\/2020\/12\/INSTAGRAM-FELICITACION-1080x608px-r.jpg\",\"contentUrl\":\"https:\/\/www.alteacultural.com\/wp-content\/uploads\/2020\/12\/INSTAGRAM-FELICITACION-1080x608px-r.jpg\",\"width\":1080,\"height\":608},{\"@type\":\"BreadcrumbList\",\"@id\":\"https:\/\/www.alteacultural.com\/es\/2020\/12\/19\/bon-nadal\/#breadcrumb\",\"itemListElement\":[{\"@type\":\"ListItem\",\"position\":1,\"name\":\"Inici\",\"item\":\"https:\/\/www.alteacultural.com\/es\/\"},{\"@type\":\"ListItem\",\"position\":2,\"name\":\"\u00a1Feliz Navidad!\"}]},{\"@type\":\"WebSite\",\"@id\":\"https:\/\/www.alteacultural.com\/es\/#website\",\"url\":\"https:\/\/www.alteacultural.com\/es\/\",\"name\":\"Altea Cultural\",\"description\":\"Regidoria de Cultura de l&#039;Ajuntament d&#039;Altea\",\"potentialAction\":[{\"@type\":\"SearchAction\",\"target\":{\"@type\":\"EntryPoint\",\"urlTemplate\":\"https:\/\/www.alteacultural.com\/es\/?s={search_term_string}\"},\"query-input\":\"required name=search_term_string\"}],\"inLanguage\":\"es\"},{\"@type\":\"Person\",\"@id\":\"https:\/\/www.alteacultural.com\/es\/#\/schema\/person\/c4e137537f1af546d214a315255e5172\",\"name\":\"sfaltea.com-admin\",\"image\":{\"@type\":\"ImageObject\",\"inLanguage\":\"es\",\"@id\":\"https:\/\/www.alteacultural.com\/es\/#\/schema\/person\/image\/\",\"url\":\"https:\/\/secure.gravatar.com\/avatar\/f7473fa2fbd351270ccfd469de536202?s=96&d=mm&r=g\",\"contentUrl\":\"https:\/\/secure.gravatar.com\/avatar\/f7473fa2fbd351270ccfd469de536202?s=96&d=mm&r=g\",\"caption\":\"sfaltea.com-admin\"},\"url\":\"https:\/\/www.alteacultural.com\/es\/author\/sfaltea-com-admin\/\"}]}<\/script>\n<!-- \/ Yoast SEO plugin. -->","yoast_head_json":{"title":"\u00a1Feliz Navidad! - Altea Cultural","robots":{"index":"index","follow":"follow","max-snippet":"max-snippet:-1","max-image-preview":"max-image-preview:large","max-video-preview":"max-video-preview:-1"},"canonical":"https:\/\/www.alteacultural.com\/es\/2020\/12\/19\/bon-nadal\/","og_locale":"es_ES","og_type":"article","og_title":"\u00a1Feliz Navidad! - Altea Cultural","og_description":"La Concejal\u00eda de Cultura del Ayuntamiento de Altea le desea FELIZ NAVIDAD y PR\u00d3PERO A\u00d1O NUEVO 2021!!","og_url":"https:\/\/www.alteacultural.com\/es\/2020\/12\/19\/bon-nadal\/","og_site_name":"Altea Cultural","article_published_time":"2020-12-19T11:20:48+00:00","article_modified_time":"2021-01-06T19:19:41+00:00","og_image":[{"width":1080,"height":608,"url":"https:\/\/www.alteacultural.com\/wp-content\/uploads\/2020\/12\/INSTAGRAM-FELICITACION-1080x608px-r.jpg","type":"image\/jpeg"}],"author":"sfaltea.com-admin","twitter_card":"summary_large_image","twitter_misc":{"Escrito por":"sfaltea.com-admin"},"schema":{"@context":"https:\/\/schema.org","@graph":[{"@type":"WebPage","@id":"https:\/\/www.alteacultural.com\/es\/2020\/12\/19\/bon-nadal\/","url":"https:\/\/www.alteacultural.com\/es\/2020\/12\/19\/bon-nadal\/","name":"\u00a1Feliz Navidad! - Altea Cultural","isPartOf":{"@id":"https:\/\/www.alteacultural.com\/es\/#website"},"primaryImageOfPage":{"@id":"https:\/\/www.alteacultural.com\/es\/2020\/12\/19\/bon-nadal\/#primaryimage"},"image":{"@id":"https:\/\/www.alteacultural.com\/es\/2020\/12\/19\/bon-nadal\/#primaryimage"},"thumbnailUrl":"https:\/\/www.alteacultural.com\/wp-content\/uploads\/2020\/12\/INSTAGRAM-FELICITACION-1080x608px-r.jpg","datePublished":"2020-12-19T11:20:48+00:00","dateModified":"2021-01-06T19:19:41+00:00","author":{"@id":"https:\/\/www.alteacultural.com\/es\/#\/schema\/person\/c4e137537f1af546d214a315255e5172"},"breadcrumb":{"@id":"https:\/\/www.alteacultural.com\/es\/2020\/12\/19\/bon-nadal\/#breadcrumb"},"inLanguage":"es","potentialAction":[{"@type":"ReadAction","target":["https:\/\/www.alteacultural.com\/es\/2020\/12\/19\/bon-nadal\/"]}]},{"@type":"ImageObject","inLanguage":"es","@id":"https:\/\/www.alteacultural.com\/es\/2020\/12\/19\/bon-nadal\/#primaryimage","url":"https:\/\/www.alteacultural.com\/wp-content\/uploads\/2020\/12\/INSTAGRAM-FELICITACION-1080x608px-r.jpg","contentUrl":"https:\/\/www.alteacultural.com\/wp-content\/uploads\/2020\/12\/INSTAGRAM-FELICITACION-1080x608px-r.jpg","width":1080,"height":608},{"@type":"BreadcrumbList","@id":"https:\/\/www.alteacultural.com\/es\/2020\/12\/19\/bon-nadal\/#breadcrumb","itemListElement":[{"@type":"ListItem","position":1,"name":"Inici","item":"https:\/\/www.alteacultural.com\/es\/"},{"@type":"ListItem","position":2,"name":"\u00a1Feliz Navidad!"}]},{"@type":"WebSite","@id":"https:\/\/www.alteacultural.com\/es\/#website","url":"https:\/\/www.alteacultural.com\/es\/","name":"Altea Cultural","description":"Regidoria de Cultura de l&#039;Ajuntament d&#039;Altea","potentialAction":[{"@type":"SearchAction","target":{"@type":"EntryPoint","urlTemplate":"https:\/\/www.alteacultural.com\/es\/?s={search_term_string}"},"query-input":"required name=search_term_string"}],"inLanguage":"es"},{"@type":"Person","@id":"https:\/\/www.alteacultural.com\/es\/#\/schema\/person\/c4e137537f1af546d214a315255e5172","name":"sfaltea.com-admin","image":{"@type":"ImageObject","inLanguage":"es","@id":"https:\/\/www.alteacultural.com\/es\/#\/schema\/person\/image\/","url":"https:\/\/secure.gravatar.com\/avatar\/f7473fa2fbd351270ccfd469de536202?s=96&d=mm&r=g","contentUrl":"https:\/\/secure.gravatar.com\/avatar\/f7473fa2fbd351270ccfd469de536202?s=96&d=mm&r=g","caption":"sfaltea.com-admin"},"url":"https:\/\/www.alteacultural.com\/es\/author\/sfaltea-com-admin\/"}]}},"_links":{"self":[{"href":"https:\/\/www.alteacultural.com\/es\/wp-json\/wp\/v2\/posts\/2314"}],"collection":[{"href":"https:\/\/www.alteacultural.com\/es\/wp-json\/wp\/v2\/posts"}],"about":[{"href":"https:\/\/www.alteacultural.com\/es\/wp-json\/wp\/v2\/types\/post"}],"author":[{"embeddable":true,"href":"https:\/\/www.alteacultural.com\/es\/wp-json\/wp\/v2\/users\/1"}],"replies":[{"embeddable":true,"href":"https:\/\/www.alteacultural.com\/es\/wp-json\/wp\/v2\/comments?post=2314"}],"version-history":[{"count":2,"href":"https:\/\/www.alteacultural.com\/es\/wp-json\/wp\/v2\/posts\/2314\/revisions"}],"predecessor-version":[{"id":2316,"href":"https:\/\/www.alteacultural.com\/es\/wp-json\/wp\/v2\/posts\/2314\/revisions\/2316"}],"wp:featuredmedia":[{"embeddable":true,"href":"https:\/\/www.alteacultural.com\/es\/wp-json\/wp\/v2\/media\/2312"}],"wp:attachment":[{"href":"https:\/\/www.alteacultural.com\/es\/wp-json\/wp\/v2\/media?parent=2314"}],"curies":[{"name":"wp","href":"https:\/\/api.w.org\/{rel}","templated":true}]}}