{"id":24345,"date":"2023-03-27T20:25:26","date_gmt":"2023-03-27T18:25:26","guid":{"rendered":"https:\/\/www.alteacultural.com\/2023\/03\/27\/els-premis-altea-2023-ja-tenen-finalistes\/"},"modified":"2023-03-27T20:25:26","modified_gmt":"2023-03-27T18:25:26","slug":"els-premis-altea-2023-ja-tenen-finalistes","status":"publish","type":"post","link":"https:\/\/www.alteacultural.com\/es\/2023\/03\/27\/els-premis-altea-2023-ja-tenen-finalistes\/","title":{"rendered":"Els Premis Altea 2023 ja tenen finalistes"},"content":{"rendered":"\n<p>Els diferents jurats de les tres modalitats objecte de concurs en els \u00abVII Premis Altea de Literatura i Investigaci\u00f3\u00bb han tingut l&#8217;oportunitat d&#8217;estudiar, analitzar i valorar un total de <strong>133 originals participants<\/strong> en l&#8217;edici\u00f3 d&#8217;enguany, una dels de major concurr\u00e8ncia, amb <strong>13 obres presentades<\/strong> al \u00abPremi d\u2019Assaig i Investigaci\u00f3 Francesc Mart\u00ednez i Mart\u00ednez<em>\u00bb; <\/em><strong>42<\/strong><em>, <\/em>al <em>\u00ab<\/em>Premi Altea de Literatura Infantil i Juvenil\u00bb; <strong>i 78<\/strong> al \u00abPremi Carmelina S\u00e1nchez-Cutillas de Novell\u00b7la i Prosa Creativa\u00bb.<\/p>\n\n\n\n<p>La resoluci\u00f3 dels premis tindr\u00e0 lloc en el tradicional sopar de gala en l&#8217;espai Mirador del Palau Altea Centre d\u2019Arts, dissabte 1 d&#8217;abril, a partir de les 20.00 h. Per aix\u00f2, els diferents jurats han comunicat ja a l&#8217;organitzaci\u00f3 la selecci\u00f3 de les obres que s&#8217;han situat com a finalistes en aquesta setena edici\u00f3 dels \u00abPremis Altea de Literatura i Investigaci\u00f3\u00bb.<\/p>\n\n\n\n<p>En el cas del \u00ab<strong>Premi Francesc Mart\u00ednez i Mart\u00ednez d\u2019Assaig i Investigaci\u00f3<\/strong>\u00bb (dotat amb <strong>3.000 \u20ac<\/strong>), Irene Ballester Buigues (Institut Alacant\u00ed de Cultura Juan Gil-Albert), Jordi Juli\u00e0 Garriga (guanyador de l&#8217;anterior edici\u00f3) i Josep Martines Peres (Acad\u00e8mia Valenciana de la Llengua) han seleccionat com a <strong>obres finalistes un rigor\u00f3s estudi sobre arquitectures porticades valencianes (llotges, porxos i \u00abriuraus\u00bb) i una investigaci\u00f3 innovadora que tracta temes d&#8217;espiritualitat i de religiositat femenina en el segle XVIII mitjan\u00e7ant la reconstrucci\u00f3 de la vida d&#8217;una monja: sor Josefa d&#8217;Ordu\u00f1a i Jes\u00fas<\/strong>.<\/p>\n\n\n\n<p>El jurat del \u00ab<strong>Premi Altea de Literatura Infantil i Juvenil<\/strong>\u00bb (amb <strong>4.000 \u20ac<\/strong> de dotaci\u00f3) est\u00e0 integrat en aquesta setena edici\u00f3 per Mari \u00c0ngels Franc\u00e9s D\u00edez (Acad\u00e8mia Valenciana de la Llengua), Dari Escandell Maestre (Universitat d&#8217;Alacant) i Silvestre Vilaplana i Barn\u00e9s (guanyador de l&#8217;anterior edici\u00f3), ha seleccionat com a <strong>obres finalistes: a) una novel\u00b7la juvenil plena d&#8217;aventures amb una protagonista intr\u00e8pida que no dubtar\u00e0 a submergir-se en un m\u00f3n de fantasia en terres llunyanes; b) una novel\u00b7la breu amb una trama de misteri i intertextualitat liter\u00e0ria i musical, protagonitzada per una jove a la recerca de la seua identitat; i c) una novel\u00b7la hist\u00f2rica amb les aventures d&#8217;un grup de joves cam\u00ed de la maduresa, amb un misteri per descobrir<\/strong>.<\/p>\n\n\n\n<p>Per part seua, el jurat del \u00ab<strong>Premi Carmelina S\u00e1nchez-Cutillas de Novell\u00b7la i Prosa Creativa<\/strong>\u00bb, dotat amb<strong> 5.000 \u20ac <\/strong>per la Fundaci\u00f3 Caixaltea, est\u00e0 integrat per Modest Barrera Aymerich (autor guanyador de l&#8217;anterior edici\u00f3), Enric Balaguer Pascual (Universitat d&#8217;Alacant) i \u00c0ngels Gregori Parra (Acad\u00e8mia Valenciana de la Llengua). <strong>Haur\u00e0 de triar l&#8217;obra guanyadora entre: a) una novel\u00b7la centrada en el grup musical ABBA en la qual s&#8217;escenifiquen efica\u00e7ment els mitjans de relaci\u00f3 virtuals, la seua for\u00e7a i efic\u00e0cia, aix\u00ed com els seus equ\u00edvocs i falsedats; b) un llibre de mem\u00f2ries que evoca, amb textos i fotografies, la inf\u00e0ncia i l&#8217;adolesc\u00e8ncia del protagonista a l&#8217;Elx dels anys seixanta i setanta del segle XX; i c) una novel\u00b7la amb escenari itali\u00e0 que tracta subtilment les relacions humanes a trav\u00e9s dels mitjans de comunicaci\u00f3 actuals: xarxes socials, correus electr\u00f2nics, p\u00e0gines de contacte, etc<\/strong>.<\/p>\n\n\n\n<p>MAMEN ASENCIO I L&#8217;\u00abORQUESTRA BLAVA\u00bb<\/p>\n\n\n\n<p>La gala dels VII \u00abPremis Altea de Literatura i Investigaci\u00f3\u00bb ser\u00e0 condu\u00efda enguany per la c\u00e8lebre i popular periodista i presentadora d&#8217;RNE i TVE Mamen Asencio, origin\u00e0ria \u2014precisament\u2014 d&#8217;Altea. On no hi haur\u00e0 cap novetat, per descomptat, \u00e9s en el grup musical que amenitzar\u00e0 l&#8217;espectacle: com cada any, des de la primera edici\u00f3 dels \u00abPremis Altea\u00bb, un dels atractius m\u00e0xims del sopar de gala d&#8217;aquests premis ser\u00e0 la banda sonora d&#8217;esdeveniment, interpretada en directe pels m\u00fasics de l&#8217;Orquestra Blava: una formaci\u00f3 a cavall entre les antigues orquestres de jazz i les big bands actuals, que beu d&#8217;una tradici\u00f3 musical aut\u00f2ctona que s&#8217;origina en el repertori i les partitures afortunadament conservades de la m\u00edtica Orquestra Blava.<\/p>\n\n\n\n<p>TONI MESTRE<\/p>\n\n\n\n<p>L&#8217;\u00fanic dels premis que no ofereix cap possibilitat de sorpresa, intriga o incertesa \u00e9s el \u00ab<em>Premi Estela d\u2019Honor\u00bb, <\/em>en reconeixement a la mem\u00f2ria d&#8217;una personalitat rellevant en l&#8217;\u00e0mbit de la literatura, l&#8217;art o el coneixement. En l&#8217;edici\u00f3 d&#8217;enguany els \u00abPremis Altea\u00bb homenatjaran, amb la concessi\u00f3 d&#8217;aquest premi, la mem\u00f2ria i el llegat creatiu de l&#8217;escriptor i periodista Antoni Beneyto Mestre, Toni Mestre. En aquest sentit, segons l&#8217;organitzaci\u00f3, la vida i l&#8217;obra d&#8217;aquest poeta, prosista, locutor i periodista d&#8217;origen alte\u00e0 ser\u00e0 un dels fils conductors de la gala.<\/p>\n\n\n\n<p>UNA SORPRESA EN FORMA DE LLIBRE<\/p>\n\n\n\n<p>A m\u00e9s, en la gala del 2023, segons fonts de l&#8217;organitzaci\u00f3, no sols es donar\u00e0 a con\u00e9ixer, com \u00e9s tradicional, l&#8217;obra guanyadora del \u00abPremi Francesc Mart\u00ednez i Mart\u00ednez\u00bb de l&#8217;edici\u00f3 anterior, acuradament editada per la Institut Alacant\u00ed de Cultura Juan Gil-Albert (en aquest cas, el llibre <em>Perdre l\u2019<\/em>escriure. <em>Cr\u00f2niques particulars del m\u00f3n dels<\/em> <em>lletres, 2006-2013), <\/em>de Jordi Juli\u00e0: hi haur\u00e0 tamb\u00e9 l&#8217;obsequi sorpresa d&#8217;un segon llibre del qual nom\u00e9s ha pogut transcendir que \u00e9s \u00abespecialment significatiu en relaci\u00f3 amb les lletres valencianes contempor\u00e0nies, la hist\u00f2ria liter\u00e0ria de la Marina i els \u201cPremis Altea de Literatura i Investigaci\u00f3\u201d\u00bb.<\/p>\n\n\n\n<p><\/p>\n","protected":false},"excerpt":{"rendered":"<p>Els diferents jurats de les tres modalitats objecte de concurs en els \u00abVII Premis Altea de Literatura i Investigaci\u00f3\u00bb [&hellip;]<\/p>\n","protected":false},"author":1,"featured_media":16626,"comment_status":"open","ping_status":"open","sticky":false,"template":"","format":"standard","meta":{"_expiration-date-status":"","_expiration-date":1679941083,"_expiration-date-type":"draft","_expiration-date-categories":[],"_expiration-date-options":[],"footnotes":""},"yoast_head":"<!-- This site is optimized with the Yoast SEO plugin v22.8 - https:\/\/yoast.com\/wordpress\/plugins\/seo\/ -->\n<title>Els Premis Altea 2023 ja tenen finalistes - Altea Cultural<\/title>\n<meta name=\"robots\" content=\"index, follow, max-snippet:-1, max-image-preview:large, max-video-preview:-1\" \/>\n<link rel=\"canonical\" href=\"https:\/\/www.alteacultural.com\/es\/2023\/03\/27\/els-premis-altea-2023-ja-tenen-finalistes\/\" \/>\n<meta property=\"og:locale\" content=\"es_ES\" \/>\n<meta property=\"og:type\" content=\"article\" \/>\n<meta property=\"og:title\" content=\"Els Premis Altea 2023 ja tenen finalistes - Altea Cultural\" \/>\n<meta property=\"og:description\" content=\"Els diferents jurats de les tres modalitats objecte de concurs en els \u00abVII Premis Altea de Literatura i Investigaci\u00f3\u00bb [&hellip;]\" \/>\n<meta property=\"og:url\" content=\"https:\/\/www.alteacultural.com\/es\/2023\/03\/27\/els-premis-altea-2023-ja-tenen-finalistes\/\" \/>\n<meta property=\"og:site_name\" content=\"Altea Cultural\" \/>\n<meta property=\"article:published_time\" content=\"2023-03-27T18:25:26+00:00\" \/>\n<meta property=\"og:image\" content=\"https:\/\/www.alteacultural.com\/wp-content\/uploads\/2022\/03\/gala_premis_altea_2019-scaled.jpg\" \/>\n\t<meta property=\"og:image:width\" content=\"2560\" \/>\n\t<meta property=\"og:image:height\" content=\"1260\" \/>\n\t<meta property=\"og:image:type\" content=\"image\/jpeg\" \/>\n<meta name=\"author\" content=\"sfaltea.com-admin\" \/>\n<meta name=\"twitter:card\" content=\"summary_large_image\" \/>\n<meta name=\"twitter:label1\" content=\"Escrito por\" \/>\n\t<meta name=\"twitter:data1\" content=\"sfaltea.com-admin\" \/>\n\t<meta name=\"twitter:label2\" content=\"Tiempo de lectura\" \/>\n\t<meta name=\"twitter:data2\" content=\"4 minutos\" \/>\n<script type=\"application\/ld+json\" class=\"yoast-schema-graph\">{\"@context\":\"https:\/\/schema.org\",\"@graph\":[{\"@type\":\"WebPage\",\"@id\":\"https:\/\/www.alteacultural.com\/es\/2023\/03\/27\/els-premis-altea-2023-ja-tenen-finalistes\/\",\"url\":\"https:\/\/www.alteacultural.com\/es\/2023\/03\/27\/els-premis-altea-2023-ja-tenen-finalistes\/\",\"name\":\"Els Premis Altea 2023 ja tenen finalistes - Altea Cultural\",\"isPartOf\":{\"@id\":\"https:\/\/www.alteacultural.com\/es\/#website\"},\"primaryImageOfPage\":{\"@id\":\"https:\/\/www.alteacultural.com\/es\/2023\/03\/27\/els-premis-altea-2023-ja-tenen-finalistes\/#primaryimage\"},\"image\":{\"@id\":\"https:\/\/www.alteacultural.com\/es\/2023\/03\/27\/els-premis-altea-2023-ja-tenen-finalistes\/#primaryimage\"},\"thumbnailUrl\":\"https:\/\/www.alteacultural.com\/wp-content\/uploads\/2022\/03\/gala_premis_altea_2019-scaled.jpg\",\"datePublished\":\"2023-03-27T18:25:26+00:00\",\"dateModified\":\"2023-03-27T18:25:26+00:00\",\"author\":{\"@id\":\"https:\/\/www.alteacultural.com\/es\/#\/schema\/person\/c4e137537f1af546d214a315255e5172\"},\"breadcrumb\":{\"@id\":\"https:\/\/www.alteacultural.com\/es\/2023\/03\/27\/els-premis-altea-2023-ja-tenen-finalistes\/#breadcrumb\"},\"inLanguage\":\"es\",\"potentialAction\":[{\"@type\":\"ReadAction\",\"target\":[\"https:\/\/www.alteacultural.com\/es\/2023\/03\/27\/els-premis-altea-2023-ja-tenen-finalistes\/\"]}]},{\"@type\":\"ImageObject\",\"inLanguage\":\"es\",\"@id\":\"https:\/\/www.alteacultural.com\/es\/2023\/03\/27\/els-premis-altea-2023-ja-tenen-finalistes\/#primaryimage\",\"url\":\"https:\/\/www.alteacultural.com\/wp-content\/uploads\/2022\/03\/gala_premis_altea_2019-scaled.jpg\",\"contentUrl\":\"https:\/\/www.alteacultural.com\/wp-content\/uploads\/2022\/03\/gala_premis_altea_2019-scaled.jpg\",\"width\":2560,\"height\":1260},{\"@type\":\"BreadcrumbList\",\"@id\":\"https:\/\/www.alteacultural.com\/es\/2023\/03\/27\/els-premis-altea-2023-ja-tenen-finalistes\/#breadcrumb\",\"itemListElement\":[{\"@type\":\"ListItem\",\"position\":1,\"name\":\"Inici\",\"item\":\"https:\/\/www.alteacultural.com\/es\/\"},{\"@type\":\"ListItem\",\"position\":2,\"name\":\"Els Premis Altea 2023 ja tenen finalistes\"}]},{\"@type\":\"WebSite\",\"@id\":\"https:\/\/www.alteacultural.com\/es\/#website\",\"url\":\"https:\/\/www.alteacultural.com\/es\/\",\"name\":\"Altea Cultural\",\"description\":\"Regidoria de Cultura de l&#039;Ajuntament d&#039;Altea\",\"potentialAction\":[{\"@type\":\"SearchAction\",\"target\":{\"@type\":\"EntryPoint\",\"urlTemplate\":\"https:\/\/www.alteacultural.com\/es\/?s={search_term_string}\"},\"query-input\":\"required name=search_term_string\"}],\"inLanguage\":\"es\"},{\"@type\":\"Person\",\"@id\":\"https:\/\/www.alteacultural.com\/es\/#\/schema\/person\/c4e137537f1af546d214a315255e5172\",\"name\":\"sfaltea.com-admin\",\"image\":{\"@type\":\"ImageObject\",\"inLanguage\":\"es\",\"@id\":\"https:\/\/www.alteacultural.com\/es\/#\/schema\/person\/image\/\",\"url\":\"https:\/\/secure.gravatar.com\/avatar\/f7473fa2fbd351270ccfd469de536202?s=96&d=mm&r=g\",\"contentUrl\":\"https:\/\/secure.gravatar.com\/avatar\/f7473fa2fbd351270ccfd469de536202?s=96&d=mm&r=g\",\"caption\":\"sfaltea.com-admin\"},\"url\":\"https:\/\/www.alteacultural.com\/es\/author\/sfaltea-com-admin\/\"}]}<\/script>\n<!-- \/ Yoast SEO plugin. -->","yoast_head_json":{"title":"Els Premis Altea 2023 ja tenen finalistes - Altea Cultural","robots":{"index":"index","follow":"follow","max-snippet":"max-snippet:-1","max-image-preview":"max-image-preview:large","max-video-preview":"max-video-preview:-1"},"canonical":"https:\/\/www.alteacultural.com\/es\/2023\/03\/27\/els-premis-altea-2023-ja-tenen-finalistes\/","og_locale":"es_ES","og_type":"article","og_title":"Els Premis Altea 2023 ja tenen finalistes - Altea Cultural","og_description":"Els diferents jurats de les tres modalitats objecte de concurs en els \u00abVII Premis Altea de Literatura i Investigaci\u00f3\u00bb [&hellip;]","og_url":"https:\/\/www.alteacultural.com\/es\/2023\/03\/27\/els-premis-altea-2023-ja-tenen-finalistes\/","og_site_name":"Altea Cultural","article_published_time":"2023-03-27T18:25:26+00:00","og_image":[{"width":2560,"height":1260,"url":"https:\/\/www.alteacultural.com\/wp-content\/uploads\/2022\/03\/gala_premis_altea_2019-scaled.jpg","type":"image\/jpeg"}],"author":"sfaltea.com-admin","twitter_card":"summary_large_image","twitter_misc":{"Escrito por":"sfaltea.com-admin","Tiempo de lectura":"4 minutos"},"schema":{"@context":"https:\/\/schema.org","@graph":[{"@type":"WebPage","@id":"https:\/\/www.alteacultural.com\/es\/2023\/03\/27\/els-premis-altea-2023-ja-tenen-finalistes\/","url":"https:\/\/www.alteacultural.com\/es\/2023\/03\/27\/els-premis-altea-2023-ja-tenen-finalistes\/","name":"Els Premis Altea 2023 ja tenen finalistes - Altea Cultural","isPartOf":{"@id":"https:\/\/www.alteacultural.com\/es\/#website"},"primaryImageOfPage":{"@id":"https:\/\/www.alteacultural.com\/es\/2023\/03\/27\/els-premis-altea-2023-ja-tenen-finalistes\/#primaryimage"},"image":{"@id":"https:\/\/www.alteacultural.com\/es\/2023\/03\/27\/els-premis-altea-2023-ja-tenen-finalistes\/#primaryimage"},"thumbnailUrl":"https:\/\/www.alteacultural.com\/wp-content\/uploads\/2022\/03\/gala_premis_altea_2019-scaled.jpg","datePublished":"2023-03-27T18:25:26+00:00","dateModified":"2023-03-27T18:25:26+00:00","author":{"@id":"https:\/\/www.alteacultural.com\/es\/#\/schema\/person\/c4e137537f1af546d214a315255e5172"},"breadcrumb":{"@id":"https:\/\/www.alteacultural.com\/es\/2023\/03\/27\/els-premis-altea-2023-ja-tenen-finalistes\/#breadcrumb"},"inLanguage":"es","potentialAction":[{"@type":"ReadAction","target":["https:\/\/www.alteacultural.com\/es\/2023\/03\/27\/els-premis-altea-2023-ja-tenen-finalistes\/"]}]},{"@type":"ImageObject","inLanguage":"es","@id":"https:\/\/www.alteacultural.com\/es\/2023\/03\/27\/els-premis-altea-2023-ja-tenen-finalistes\/#primaryimage","url":"https:\/\/www.alteacultural.com\/wp-content\/uploads\/2022\/03\/gala_premis_altea_2019-scaled.jpg","contentUrl":"https:\/\/www.alteacultural.com\/wp-content\/uploads\/2022\/03\/gala_premis_altea_2019-scaled.jpg","width":2560,"height":1260},{"@type":"BreadcrumbList","@id":"https:\/\/www.alteacultural.com\/es\/2023\/03\/27\/els-premis-altea-2023-ja-tenen-finalistes\/#breadcrumb","itemListElement":[{"@type":"ListItem","position":1,"name":"Inici","item":"https:\/\/www.alteacultural.com\/es\/"},{"@type":"ListItem","position":2,"name":"Els Premis Altea 2023 ja tenen finalistes"}]},{"@type":"WebSite","@id":"https:\/\/www.alteacultural.com\/es\/#website","url":"https:\/\/www.alteacultural.com\/es\/","name":"Altea Cultural","description":"Regidoria de Cultura de l&#039;Ajuntament d&#039;Altea","potentialAction":[{"@type":"SearchAction","target":{"@type":"EntryPoint","urlTemplate":"https:\/\/www.alteacultural.com\/es\/?s={search_term_string}"},"query-input":"required name=search_term_string"}],"inLanguage":"es"},{"@type":"Person","@id":"https:\/\/www.alteacultural.com\/es\/#\/schema\/person\/c4e137537f1af546d214a315255e5172","name":"sfaltea.com-admin","image":{"@type":"ImageObject","inLanguage":"es","@id":"https:\/\/www.alteacultural.com\/es\/#\/schema\/person\/image\/","url":"https:\/\/secure.gravatar.com\/avatar\/f7473fa2fbd351270ccfd469de536202?s=96&d=mm&r=g","contentUrl":"https:\/\/secure.gravatar.com\/avatar\/f7473fa2fbd351270ccfd469de536202?s=96&d=mm&r=g","caption":"sfaltea.com-admin"},"url":"https:\/\/www.alteacultural.com\/es\/author\/sfaltea-com-admin\/"}]}},"_links":{"self":[{"href":"https:\/\/www.alteacultural.com\/es\/wp-json\/wp\/v2\/posts\/24345"}],"collection":[{"href":"https:\/\/www.alteacultural.com\/es\/wp-json\/wp\/v2\/posts"}],"about":[{"href":"https:\/\/www.alteacultural.com\/es\/wp-json\/wp\/v2\/types\/post"}],"author":[{"embeddable":true,"href":"https:\/\/www.alteacultural.com\/es\/wp-json\/wp\/v2\/users\/1"}],"replies":[{"embeddable":true,"href":"https:\/\/www.alteacultural.com\/es\/wp-json\/wp\/v2\/comments?post=24345"}],"version-history":[{"count":0,"href":"https:\/\/www.alteacultural.com\/es\/wp-json\/wp\/v2\/posts\/24345\/revisions"}],"wp:featuredmedia":[{"embeddable":true,"href":"https:\/\/www.alteacultural.com\/es\/wp-json\/wp\/v2\/media\/16626"}],"wp:attachment":[{"href":"https:\/\/www.alteacultural.com\/es\/wp-json\/wp\/v2\/media?parent=24345"}],"curies":[{"name":"wp","href":"https:\/\/api.w.org\/{rel}","templated":true}]}}