{"id":24651,"date":"2023-04-03T23:08:24","date_gmt":"2023-04-03T21:08:24","guid":{"rendered":"https:\/\/www.alteacultural.com\/2023\/04\/03\/solsmarina-lultim-ngaranna-i-llotges-porxos-i-riuraus-guanyadors-de-premis-altea-2023\/"},"modified":"2023-04-03T23:08:24","modified_gmt":"2023-04-03T21:08:24","slug":"solsmarina-lultim-ngaranna-i-llotges-porxos-i-riuraus-guanyadors-de-premis-altea-2023","status":"publish","type":"post","link":"https:\/\/www.alteacultural.com\/es\/2023\/04\/03\/solsmarina-lultim-ngaranna-i-llotges-porxos-i-riuraus-guanyadors-de-premis-altea-2023\/","title":{"rendered":"&#8216;Solsmarina&#8217;, &#8216;L\u2019\u00faltim Ngaranna&#8217; i &#8216;Llotges, porxos i riuraus&#8217; guanyadors de Premis Altea 2023"},"content":{"rendered":"\n<figure class=\"wp-block-image\"><img decoding=\"async\" data-src=\"https:\/\/alteadigital.es\/wp-content\/uploads\/2023\/04\/premiados-web.jpg\" alt=\"\u201cSolsmarina\u201d, \u201cL\u2019\u00faltim Ngaranna\u201d i \u201cLlotges, porxos i riuraus\u201d guanyadors de Premis Altea 2023\" src=\"data:image\/gif;base64,R0lGODlhAQABAAAAACH5BAEKAAEALAAAAAABAAEAAAICTAEAOw==\" class=\"lazyload\" \/><\/figure>\n\n\n\n<p><strong>Durant la gala Toni Mestre \u00e9s reconegut amb \u201cel Premi Estela d\u2019Honor\u201d.<\/strong><\/p>\n\n\n\n<p>El dissabte 1 d\u2019abril, vig\u00edlia del Diumenge de Rams, Premis Altea de Literatura i Investigaci\u00f3 celebrava el seu gran sopar-gala de lliurament de premis que culminen la setena edici\u00f3, en qu\u00e8 han participat un total de 133 originals i dels quals \u201cSolsmarina\u201d de Xavier M\u00ednguez L\u00f3pez, \u201cL\u2019\u00faltim Ngaranna\u201d de David Boteller M\u00e1s i \u201cLlotges, porxos i riuraus\u201d de Miquel del Rei Aynat, s\u2019han erigit com les obres guanyadores. Aix\u00ed mateix, l\u2019escriptor i periodista Toni Mestre rebia, de manera p\u00f2stuma, el reconeixement Estela d\u2019Honor per la seua traject\u00f2ria professional.<\/p>\n\n\n\n<p>La gala en qu\u00e8 es van donar a con\u00e8ixer els guardonats, d\u2019entre els tres finalistes en cada modalitat, era condu\u00efda per l\u2019alteana i periodista de RNE Mamen Asencio i amenitzada per l\u2019Orquestra Blava. Esta va comptar amb una \u00e0mplia representaci\u00f3 del m\u00f3n de les lletres valencianes i la societat alteana que no van voler perdre\u2019s una nit en qu\u00e8 \u201cAltea es converteix per unes hores a la capital valenciana de les lletres\u201d; com aix\u00ed la qualifica l\u2019ide\u00f2leg i un dels art\u00edfexs d\u2019estos premis, Joan Borja, que iniciava la Gala amb la seua intervenci\u00f3 explicant la relaci\u00f3 que al seu dia van tenir el Premi Estela d\u2019Honor 2023 i Carmelina S\u00e1nchez-Cutillas, protagonista tamb\u00e9 d\u2019estos premis i que Carmelina va con\u00e8ixer en una gala liter\u00e0ria, el 4 de juny de l\u2019any 2004, en qu\u00e8 l\u2019associaci\u00f3 d\u2019escriptors rendia un homenatge a una persona excepcional de les lletres contempor\u00e0nies que era la pr\u00f2pia Carmelina i el discurs laudatori va anar a c\u00e0rrec d\u2019un altre alte\u00e0, escriptor i periodista, Antoni Beneyto Mestre, Toni Mestre.<\/p>\n\n\n\n<div class=\"wp-block-image\"><figure class=\"aligncenter\"><img decoding=\"async\" data-src=\"https:\/\/alteadigital.es\/wp-content\/uploads\/2023\/04\/intervencio-Joan-Borja-web.jpg\" alt=\"\" class=\"wp-image-110551 lazyload\" src=\"data:image\/gif;base64,R0lGODlhAQABAAAAACH5BAEKAAEALAAAAAABAAEAAAICTAEAOw==\" \/><\/figure><\/div>\n\n\n\n<p>Joan Borja recordava la relaci\u00f3 d\u2019amistat entre tots dos escriptors i \u201cen una nit com hui, em sembla realment bonic el que ens puguem reunir ac\u00ed a Palau Altea, Centre d\u2019Arts per celebrar que ara \u00e9s Altea qui rivalitza de la manera m\u00e9s digna, noble i civilitzada l\u2019afecte, honor i mem\u00f2ria a tots ells. Toni Mestre, Francesc Mart\u00ednez i Mart\u00ednez i Carmelina S\u00e1nchez-Cutillas\u201d. Argumentava Borja.<\/p>\n\n\n\n<p>Despr\u00e9s de la intervenci\u00f3 de Joan Borja, era l\u2019edil de Cultura, Aurora Serrat, que agra\u00efa als presents la seua assist\u00e8ncia, que qualificava com \u201cun dels motius de l\u2019\u00e8xit i la consolidaci\u00f3 de Premis Altea de Literatura i Investigaci\u00f3\u201d pel seu suport a l\u2019esdeveniment cada vespra del Diumenge de Rams.<\/p>\n\n\n\n<p>En paraules de Serrat, \u201cdonar suport a projectes com el de Premis Altea ens fan voler seguir sent poble, voler seguir posant en valor la nostra cultura i seguir donant suport als creadors i creadores que ens regalen hist\u00f2ries, fantasies, cerques i viatges d\u2019altres mons que tanta falta ens fan\u201d.<\/p>\n\n\n\n<div class=\"wp-block-image\"><figure class=\"aligncenter\"><img decoding=\"async\" data-src=\"https:\/\/alteadigital.es\/wp-content\/uploads\/2023\/04\/intervencio-Aurora-web.jpg\" alt=\"\" class=\"wp-image-110555 lazyload\" src=\"data:image\/gif;base64,R0lGODlhAQABAAAAACH5BAEKAAEALAAAAAABAAEAAAICTAEAOw==\" \/><\/figure><\/div>\n\n\n\n<p>La responsable municipal de Cultura era l\u2019encarregada d\u2019atorgar el premi Estela d\u2019Honor al periodista i escriptor alte\u00e0 Toni Mestre. Un premi concebut per recon\u00e8ixer la mem\u00f2ria dels creadors i les creadores que han destacat vitalment en l\u2019\u00e0mbit de la literatura, de l\u2019art o de la investigaci\u00f3. Com explicava Aurora Serrat, \u201cconsisteix en una reproducci\u00f3 a escala de l\u2019Estela Funer\u00e0ria Ib\u00e8rica d\u2019Altea la Vella, on convergeix un triple simbolisme relatiu a la hist\u00f2ria i el patrimoni cultural alteans, a la facultat dignificadora de la mem\u00f2ria humana i al valor i el reconeixement de l\u2019honor p\u00f2stum\u201d.<\/p>\n\n\n\n<p>A m\u00e9s, Aurora Serrat feia un recorregut per la vida i traject\u00f2ria professional de Toni Mestre, al qual, a m\u00e9s d\u2019una brillant carrera professional, el Premi Estela d\u2019Honor reconeix un gran comprom\u00eds amb el poble valenci\u00e0.<\/p>\n\n\n\n<p>\u201cAmb una llarga traject\u00f2ria professional al servei de la llengua i cultura valencianes, va ser un personatge fonamental de la Transici\u00f3 i el moviment cultural, iniciats els anys 1970\u201d; comentada Serrat, que apuntava que \u201cara \u00e9s el seu poble, Altea, qui li ret l\u2019homenatge que li devia, el Premi Estela d\u2019Honor 2023\u201d; un premi que era recollit pel seu germ\u00e0 Jos\u00e9 Manuel Beneyto.<\/p>\n\n\n\n<div class=\"wp-block-image\"><figure class=\"aligncenter\"><img decoding=\"async\" data-src=\"https:\/\/alteadigital.es\/wp-content\/uploads\/2023\/04\/estela-dhonor-web.jpg\" alt=\"\" class=\"wp-image-110553 lazyload\" src=\"data:image\/gif;base64,R0lGODlhAQABAAAAACH5BAEKAAEALAAAAAABAAEAAAICTAEAOw==\" \/><\/figure><\/div>\n\n\n\n<p>Despr\u00e9s del lliurament del reconeixement Estela d\u2019Honor continuava la vetllada amb el sopar, a la qual va seguir el lliurament dels tres guardons de Premis Altea, el Premi Carmelina S\u00e1nchez-Cutillas de Novela i Prosa Creativa, que va recaure a l\u2019obra de Xavier M\u00ednguez L\u00f3pez, \u201cSolsmarina\u201d, valorat en 5.000\u20ac i finan\u00e7at per la Fundaci\u00f3 Caixaltea, i el trofeu \u201cLa m\u00e0 del sol\u201d de l\u2019artista Pepe Azor\u00edn. Este premi era lliurat pel president de la Fundaci\u00f3 Caixaltea, Sergio Olivares.<\/p>\n\n\n\n<div class=\"wp-block-image\"><figure class=\"aligncenter\"><img decoding=\"async\" data-src=\"https:\/\/alteadigital.es\/wp-content\/uploads\/2023\/04\/Premi-Novela-web.jpg\" alt=\"\" class=\"wp-image-110557 lazyload\" src=\"data:image\/gif;base64,R0lGODlhAQABAAAAACH5BAEKAAEALAAAAAABAAEAAAICTAEAOw==\" \/><\/figure><\/div>\n\n\n\n<p>Xavier M\u00ednguez, agra\u00efa el premi i apuntava que \u201cSolsmarina va sorgir de la fascinaci\u00f3 que em va provocar la meua visita a Pentidattilo, un burg medieval a prop de la costa calabresa. La muntanya amb forma de m\u00e0 que d\u00f3na nom al poble \u00e9s, sens dubte, molt suggeridora i a mi em va suggerir escriure al voltant de la part antiga que una associaci\u00f3 estava intentant reconstruir malgrat la pressi\u00f3 de la m\u00e0fia local, la \u2018Ndraguetta\u2019 .<\/p>\n\n\n\n<p>\u201cEl proc\u00e9s d\u2019escriptura ha sigut molt llarg. Des que vaig escriure el primer cap\u00edtol fins que el vaig acabar van passar alguns anys. \u00c9s m\u00e9s, vaig reescriure algunes parts i en vaig modificar moltes altres. La idea era reflexionar sobre la solitud, per\u00f2 al final la novel\u00b7la tamb\u00e9 reflexiona sobre la identitat, lligant ambdues idees. Marina, la protagonista, per combatre la solitud que paradoxalment ha buscat, es desdobla en m\u00faltiples identitats, i acaba contemplant en quina mesura cadascuna forma part de la seua ess\u00e8ncia, fent la persona que \u00e9s\u201d. Esplicava M\u00ednguez, que afegia que \u201cla novel\u00b7la est\u00e0 ambientada a It\u00e0lia, pa\u00eds on vaig viure de jove i on torne sempre que m\u2019\u00e9s possible\u201d.<\/p>\n\n\n\n<p>\u201cSolsmarina t\u00e9 molts components diversos: realisme m\u00e0gic, xarxes socials, traject\u00f2ries personals singulars, etc. Francament, vaig gaudir molt escrivint-la, encara que combinar tants elements tamb\u00e9 suposava un repte. Ho vaig resoldre amb el peculiar humor de la protagonista, que sap treure ferro a les seues reflexions m\u00e9s transcendents\u201d, conclou Xavier M\u00ednguez.<\/p>\n\n\n\n<p>El Premi Altea de Literatura Infantil i Juvenil era per a David Boteller Mas, amb la seua obra L\u2019\u00faltim Ngaranna, al qual li era entregat el Trofeu Aila, de l\u2019\u00e0rea d\u2019Escultura de la Facultat de Belles Arts d\u2019Altea per Ver\u00f2nica Cant\u00f3, presidenta de l\u2019Acad\u00e8mia Valenciana de la Llengua i Amparo Navarro, rectora de la Universitat d\u2019Alacant. Este premi finan\u00e7at per l\u2019Ajuntament d\u2019Altea est\u00e0 valorat en 4.000\u20ac.<\/p>\n\n\n\n<div class=\"wp-block-image\"><figure class=\"aligncenter\"><img decoding=\"async\" data-src=\"https:\/\/alteadigital.es\/wp-content\/uploads\/2023\/04\/premi-Literatura-Juvenil-web.jpg\" alt=\"\" class=\"wp-image-110559 lazyload\" src=\"data:image\/gif;base64,R0lGODlhAQABAAAAACH5BAEKAAEALAAAAAABAAEAAAICTAEAOw==\" \/><\/figure><\/div>\n\n\n\n<p>Des de la seua inf\u00e0ncia, David Boteller va tenir un inter\u00e8s especial en l\u2019escriptura i en les novel\u00b7les fant\u00e0stiques i d\u2019aventures. Ha treballat a diverses institucions vinculades a l\u2019\u00e0mbit social i la cooperaci\u00f3 internacional que li han perm\u00e8s con\u00e8ixer de primera m\u00e0 la realitat dels pa\u00efsos amb escassos recursos.<\/p>\n\n\n\n<p>La Marina, una nena de 8 anys amb molt poca confian\u00e7a en ella mateixa, se sent frustrada per les dificultats que t\u00e9 a l\u2019escola. Esta situaci\u00f3 canvia quan, de forma fortu\u00efta, cau a les mans un llibre molt rar. Al llibre s\u2019explica la hist\u00f2ria de Wangari, una nena africana que \u00e9s triada pels avantpassats de la seua tribu per trobar un arbre misteri\u00f3s anomenat Ngaranna. L\u2019arbre \u00e9s el darrer recurs de la gent de la Terra dels Turons per evitar que la sequera els expulse de casa. Acompanyada pel seu amic Dinganii, una ratapinyada de cabells daurats, Wangari viu una llarga aventura a trav\u00e9s de la qual apr\u00e8n a superar obstacles i a guanyar confian\u00e7a en si mateixa. A m\u00e9s, Wangari ha de conviure amb una dificultat afegida: \u00e9s cega de naixement.<\/p>\n\n\n\n<p>\u201cEstic profundament emocionat per haver sigut guardonat amb el Premi Altea de Literatura Infantil i Juvenil. Formar part de la hist\u00f2ria del certamen \u00e9s un aut\u00e8ntic honor i una experi\u00e8ncia inoblidable. M\u2019agrada partir de fets quotidians per construir hist\u00f2ries fant\u00e0stiques i despertar la imaginaci\u00f3 de lectors i lectores\u201d, declarava Boteller, despr\u00e9s de la recollida del premi.<\/p>\n\n\n\n<p>I el Premi Francesc Mart\u00ednez i Mart\u00ednez, d\u2019assaig i investigaci\u00f3\u201d valorat amb 3.000\u20ac i finan\u00e7at per l\u2019Ajuntament d\u2019Altea, al qual se li lliura tamb\u00e9 el Trofeu Penell, de Seraf\u00edn Cort\u00e9s, ha recaigut a l\u2019obra \u201cLlotges, porxos i riuraus. G\u00e8nesi i desenvolupament de les \u201carquitectures porticades valencianes\u201d de l\u2019alte\u00e0 i arquitecte Miguel del Rey Aynat. En este cas, el trofeu era lliurat per la Pilar Tebar, directora cultural de l\u2019Institut Alacant\u00ed de Cultura Juan Gil-Albert.<\/p>\n\n\n\n<div class=\"wp-block-image\"><figure class=\"aligncenter\"><img decoding=\"async\" data-src=\"https:\/\/alteadigital.es\/wp-content\/uploads\/2023\/04\/Premi-Investigacio-web.jpg\" alt=\"\" class=\"wp-image-110561 lazyload\" src=\"data:image\/gif;base64,R0lGODlhAQABAAAAACH5BAEKAAEALAAAAAABAAEAAAICTAEAOw==\" \/><\/figure><\/div>\n\n\n\n<p>\u201cLlotges, porxos i riuraus. G\u00e8nesi i desenvolupament de les arquitectures porticades valencianes\u201d \u00e9s una monografia sobre un dels tipus de construccions que, juntament amb els corrals, les cases a les seues diverses composicions, les arquitectures primitives, les torres, barraques, safareigs, etc. pretenen crear un corpus que anomena Arquitectures en terra f\u00e8rtil i resumeixen l\u2019estat dels coneixements de l\u2019autor sobre l\u2019arquitectura rural valenciana avui dia.<\/p>\n\n\n\n<p>El llibre centra l\u2019atenci\u00f3 a l\u2019arquitectura del porxo o del riurau que el trobem a diversos llocs, per\u00f2 particularment importants a la comarca de la Marina. Les seues formes, materialitat, \u00e0mbits d\u2019exist\u00e8ncia, els vincularem a la cultura de la passa, per\u00f2 tamb\u00e9 a la cultura arquitect\u00f2nica dels porxos i llotges tradicionals valencians, essent d\u2019alguna manera les seues variacions locals una riquesa morfol\u00f2gica a l\u2019arquitectura.<\/p>\n\n\n\n<p>La import\u00e0ncia d\u2019estos porxos no acaba tan sols en el suport a l\u2019activitat agr\u00e0ria en les diverses facetes, sin\u00f3 que d\u00f3na suport a una manera de viure, viure al riurau a les zones meridionals, donant forma a estos espais de transici\u00f3 entre l\u2019interior i l\u2019exterior de la casa a la granja agr\u00e0ria, que s\u00f3n tan propis de la nostra manera d\u2019habitar-hi.<\/p>\n\n\n\n<p>Per a Miguel del Rey, \u201ceste estudi aporta una mirada m\u00e9s enll\u00e0 de les estrictes relacions del porticat o del riurau com a assecador de ra\u00efm passa, per entendre\u2019l com un tipus constructiu vinculat a la cultura del pa\u00eds, propi de la cultura mediterr\u00e0nia que t\u00e9 al territori valenci\u00e0 un llarg recorregut\u201d.<\/p>\n\n\n\n<p>\u201cM\u2019agrada i valore l\u2019arquitectura rural que hem conegut i viscut les persones de la meva generaci\u00f3\u201d, comentava Del Rey, que agra\u00efa el reconeixement a la seua obra.<\/p>\n\n\n\n<p>I la gala era clausurada per l\u2019Alcalde, Jaume Llinares, que agra\u00efa als presents la seua assist\u00e8ncia, i a les institucions que recolzen els guardons, el seu suport; com ara la Direcci\u00f3 General de Pol\u00edtica Ling\u00fc\u00edstica i Gesti\u00f3 del Multiling\u00fcisme, l\u2019Acad\u00e8mia Valenciana de la Llengua, la Fundaci\u00f3 Caixaltea, l\u2019Institut Alacant\u00ed de Cultura Juan Gil-Albert, Aila ediciones i la c\u00e0tedra Enric Valor de la Universitat d\u2019 Alacant, encap\u00e7alada pel seu director i impulsor de Premis Altea, Joan Borja. \u201cGr\u00e0cies a tots per la vostra pres\u00e8ncia i per acompanyar-nos en esta setena gala de Premis Altea. Enhorabona als premiats, que no hi ha dubte que sou els que m\u00e9s esteu gaudit esta nit, per\u00f2 sense els presents no hi hauria gala, i per aix\u00f2 l\u2019agra\u00efment m\u00e9s gran \u00e9s a tots vosaltres\u201d, apuntava Jaume Llinares; qui en la seua breu intervenci\u00f3 lloava el treball de la regidoria de Cultura i feia al\u00b7lusi\u00f3 al seu darrer any com a alcalde.<\/p>\n\n\n\n<div class=\"wp-block-image\"><figure class=\"aligncenter\"><img decoding=\"async\" data-src=\"https:\/\/alteadigital.es\/wp-content\/uploads\/2023\/04\/intervencio-Alcalde-web.jpg\" alt=\"\" class=\"wp-image-110563 lazyload\" src=\"data:image\/gif;base64,R0lGODlhAQABAAAAACH5BAEKAAEALAAAAAABAAEAAAICTAEAOw==\" \/><\/figure><\/div>\n\n\n\n<p>\u201cSi Altea ha de sobreeixir d\u2019este m\u00f3n globalitzat que ens uniformitza ha de ser per la seua clara defensa de la cultura, l\u2019art i el patrimoni. Els objectius que ens van portar a ser Capital Cultural Valenciana els hem de tindre sempre present i renovar. Amb aquest esperit vam iniciar fa 7 anys l\u2019aventura de Premis Altea i ens han passat diverses coses, entre les quals hi ha una greu pand\u00e8mia que ens va canviar la vida a tots, per\u00f2 c\u00ed hi som. M\u00e9s fortes i amb m\u00e9s il\u00b7lusions que mai. Anys en qu\u00e8 la regidoria de Cultura s\u2019ha bolcat perqu\u00e8 estos premis compten amb un reconeixement i mostra d\u2019aix\u00f2 \u00e9s la magn\u00edfica acollida entre escriptors i escriptores que este any han presentat 133 originals a concurs. Els participants han superat les nostres expectatives. Cal agrair al jurat la seua feina perqu\u00e8 \u00e9s dur haver de seleccionar entre tants originals. Gr\u00e0cies per la vostra tasca\u201d.<\/p>\n\n\n\n<p>L\u2019Alcalde dedicava tamb\u00e9 algunes paraules al reconegut Toni Mestre i explicava el seu record de quan el periodista ensenyava al seu programa de r\u00e0dio expressions correctes en valenci\u00e0.<\/p>\n\n\n\n<p>Jaume Llinares acabava donant l\u2019enhorabona als tres premiats i indicava, \u201cus heu unit a la llarga llista de guardonats de Premis Altea i gr\u00e0cies a vosaltres el nom d\u2019Altea segueix lligat amb determinaci\u00f3 a la literatura, la investigaci\u00f3 i la creativitat\u201d.<\/p>\n\n\n\n<p>\u201cGr\u00e0cies per la impagable companyia de l\u2019Orquestra Blava i segur que alguna vegada heu sentit a Joan Borja parlar del sentiment que les persones tenen de pert\u00e0nyer a una tribu. Per mi hi ha dos q\u00fcestions que defineixen el concepte de tribu. Una \u00e9s la territorialitat; res no \u00e9s el que som si hagu\u00e9rem nascut a 5.000 km de dist\u00e0ncia i l\u2019altra \u00e9s la llengua. Acabar\u00e9 com volia comen\u00e7ar, bona nit tribu. Llarga vida a Premis Altea i gr\u00e0cies per tot all\u00f2 que m\u2019heu ofert i fins sempre\u201d. Amb estes paraules Jaume Llinares tancava la gala Premis Altea 2023 i la seua participaci\u00f3 com a Alcalde a la mateixa. | ALTEADIGITAL.ES<\/p>\n\n\n\n<div class=\"wp-block-image\"><figure class=\"aligncenter\"><img decoding=\"async\" data-src=\"https:\/\/alteadigital.es\/wp-content\/uploads\/2023\/04\/foto-de-grupo-web.jpg\" alt=\"\" class=\"wp-image-110565 lazyload\" src=\"data:image\/gif;base64,R0lGODlhAQABAAAAACH5BAEKAAEALAAAAAABAAEAAAICTAEAOw==\" \/><\/figure><\/div>\n\n\n\n<p><\/p>\n","protected":false},"excerpt":{"rendered":"<p>Durant la gala Toni Mestre \u00e9s reconegut amb \u201cel Premi Estela d\u2019Honor\u201d. El dissabte 1 d\u2019abril, vig\u00edlia del Diumenge [&hellip;]<\/p>\n","protected":false},"author":1,"featured_media":24649,"comment_status":"open","ping_status":"open","sticky":false,"template":"","format":"standard","meta":{"_expiration-date-status":"","_expiration-date":1680555960,"_expiration-date-type":"draft","_expiration-date-categories":[],"_expiration-date-options":[],"footnotes":""},"yoast_head":"<!-- This site is optimized with the Yoast SEO plugin v22.8 - https:\/\/yoast.com\/wordpress\/plugins\/seo\/ -->\n<title>&#039;Solsmarina&#039;, &#039;L\u2019\u00faltim Ngaranna&#039; i &#039;Llotges, porxos i riuraus&#039; guanyadors de Premis Altea 2023 - Altea Cultural<\/title>\n<meta name=\"robots\" content=\"index, follow, max-snippet:-1, max-image-preview:large, max-video-preview:-1\" \/>\n<link rel=\"canonical\" href=\"https:\/\/www.alteacultural.com\/es\/2023\/04\/03\/solsmarina-lultim-ngaranna-i-llotges-porxos-i-riuraus-guanyadors-de-premis-altea-2023\/\" \/>\n<meta property=\"og:locale\" content=\"es_ES\" \/>\n<meta property=\"og:type\" content=\"article\" \/>\n<meta property=\"og:title\" content=\"&#039;Solsmarina&#039;, &#039;L\u2019\u00faltim Ngaranna&#039; i &#039;Llotges, porxos i riuraus&#039; guanyadors de Premis Altea 2023 - Altea Cultural\" \/>\n<meta property=\"og:description\" content=\"Durant la gala Toni Mestre \u00e9s reconegut amb \u201cel Premi Estela d\u2019Honor\u201d. El dissabte 1 d\u2019abril, vig\u00edlia del Diumenge [&hellip;]\" \/>\n<meta property=\"og:url\" content=\"https:\/\/www.alteacultural.com\/es\/2023\/04\/03\/solsmarina-lultim-ngaranna-i-llotges-porxos-i-riuraus-guanyadors-de-premis-altea-2023\/\" \/>\n<meta property=\"og:site_name\" content=\"Altea Cultural\" \/>\n<meta property=\"article:published_time\" content=\"2023-04-03T21:08:24+00:00\" \/>\n<meta property=\"og:image\" content=\"https:\/\/www.alteacultural.com\/wp-content\/uploads\/2023\/04\/5cccfef5-26af-4122-bbdb-b93d864f8cff_source-aspect-ratio_default_0.jpg\" \/>\n\t<meta property=\"og:image:width\" content=\"1500\" \/>\n\t<meta property=\"og:image:height\" content=\"1000\" \/>\n\t<meta property=\"og:image:type\" content=\"image\/jpeg\" \/>\n<meta name=\"author\" content=\"sfaltea.com-admin\" \/>\n<meta name=\"twitter:card\" content=\"summary_large_image\" \/>\n<meta name=\"twitter:label1\" content=\"Escrito por\" \/>\n\t<meta name=\"twitter:data1\" content=\"sfaltea.com-admin\" \/>\n\t<meta name=\"twitter:label2\" content=\"Tiempo de lectura\" \/>\n\t<meta name=\"twitter:data2\" content=\"11 minutos\" \/>\n<script type=\"application\/ld+json\" class=\"yoast-schema-graph\">{\"@context\":\"https:\/\/schema.org\",\"@graph\":[{\"@type\":\"WebPage\",\"@id\":\"https:\/\/www.alteacultural.com\/es\/2023\/04\/03\/solsmarina-lultim-ngaranna-i-llotges-porxos-i-riuraus-guanyadors-de-premis-altea-2023\/\",\"url\":\"https:\/\/www.alteacultural.com\/es\/2023\/04\/03\/solsmarina-lultim-ngaranna-i-llotges-porxos-i-riuraus-guanyadors-de-premis-altea-2023\/\",\"name\":\"'Solsmarina', 'L\u2019\u00faltim Ngaranna' i 'Llotges, porxos i riuraus' guanyadors de Premis Altea 2023 - Altea Cultural\",\"isPartOf\":{\"@id\":\"https:\/\/www.alteacultural.com\/es\/#website\"},\"primaryImageOfPage\":{\"@id\":\"https:\/\/www.alteacultural.com\/es\/2023\/04\/03\/solsmarina-lultim-ngaranna-i-llotges-porxos-i-riuraus-guanyadors-de-premis-altea-2023\/#primaryimage\"},\"image\":{\"@id\":\"https:\/\/www.alteacultural.com\/es\/2023\/04\/03\/solsmarina-lultim-ngaranna-i-llotges-porxos-i-riuraus-guanyadors-de-premis-altea-2023\/#primaryimage\"},\"thumbnailUrl\":\"https:\/\/www.alteacultural.com\/wp-content\/uploads\/2023\/04\/5cccfef5-26af-4122-bbdb-b93d864f8cff_source-aspect-ratio_default_0.jpg\",\"datePublished\":\"2023-04-03T21:08:24+00:00\",\"dateModified\":\"2023-04-03T21:08:24+00:00\",\"author\":{\"@id\":\"https:\/\/www.alteacultural.com\/es\/#\/schema\/person\/c4e137537f1af546d214a315255e5172\"},\"breadcrumb\":{\"@id\":\"https:\/\/www.alteacultural.com\/es\/2023\/04\/03\/solsmarina-lultim-ngaranna-i-llotges-porxos-i-riuraus-guanyadors-de-premis-altea-2023\/#breadcrumb\"},\"inLanguage\":\"es\",\"potentialAction\":[{\"@type\":\"ReadAction\",\"target\":[\"https:\/\/www.alteacultural.com\/es\/2023\/04\/03\/solsmarina-lultim-ngaranna-i-llotges-porxos-i-riuraus-guanyadors-de-premis-altea-2023\/\"]}]},{\"@type\":\"ImageObject\",\"inLanguage\":\"es\",\"@id\":\"https:\/\/www.alteacultural.com\/es\/2023\/04\/03\/solsmarina-lultim-ngaranna-i-llotges-porxos-i-riuraus-guanyadors-de-premis-altea-2023\/#primaryimage\",\"url\":\"https:\/\/www.alteacultural.com\/wp-content\/uploads\/2023\/04\/5cccfef5-26af-4122-bbdb-b93d864f8cff_source-aspect-ratio_default_0.jpg\",\"contentUrl\":\"https:\/\/www.alteacultural.com\/wp-content\/uploads\/2023\/04\/5cccfef5-26af-4122-bbdb-b93d864f8cff_source-aspect-ratio_default_0.jpg\",\"width\":1500,\"height\":1000},{\"@type\":\"BreadcrumbList\",\"@id\":\"https:\/\/www.alteacultural.com\/es\/2023\/04\/03\/solsmarina-lultim-ngaranna-i-llotges-porxos-i-riuraus-guanyadors-de-premis-altea-2023\/#breadcrumb\",\"itemListElement\":[{\"@type\":\"ListItem\",\"position\":1,\"name\":\"Inici\",\"item\":\"https:\/\/www.alteacultural.com\/es\/\"},{\"@type\":\"ListItem\",\"position\":2,\"name\":\"&#8216;Solsmarina&#8217;, &#8216;L\u2019\u00faltim Ngaranna&#8217; i &#8216;Llotges, porxos i riuraus&#8217; guanyadors de Premis Altea 2023\"}]},{\"@type\":\"WebSite\",\"@id\":\"https:\/\/www.alteacultural.com\/es\/#website\",\"url\":\"https:\/\/www.alteacultural.com\/es\/\",\"name\":\"Altea Cultural\",\"description\":\"Regidoria de Cultura de l&#039;Ajuntament d&#039;Altea\",\"potentialAction\":[{\"@type\":\"SearchAction\",\"target\":{\"@type\":\"EntryPoint\",\"urlTemplate\":\"https:\/\/www.alteacultural.com\/es\/?s={search_term_string}\"},\"query-input\":\"required name=search_term_string\"}],\"inLanguage\":\"es\"},{\"@type\":\"Person\",\"@id\":\"https:\/\/www.alteacultural.com\/es\/#\/schema\/person\/c4e137537f1af546d214a315255e5172\",\"name\":\"sfaltea.com-admin\",\"image\":{\"@type\":\"ImageObject\",\"inLanguage\":\"es\",\"@id\":\"https:\/\/www.alteacultural.com\/es\/#\/schema\/person\/image\/\",\"url\":\"https:\/\/secure.gravatar.com\/avatar\/f7473fa2fbd351270ccfd469de536202?s=96&d=mm&r=g\",\"contentUrl\":\"https:\/\/secure.gravatar.com\/avatar\/f7473fa2fbd351270ccfd469de536202?s=96&d=mm&r=g\",\"caption\":\"sfaltea.com-admin\"},\"url\":\"https:\/\/www.alteacultural.com\/es\/author\/sfaltea-com-admin\/\"}]}<\/script>\n<!-- \/ Yoast SEO plugin. -->","yoast_head_json":{"title":"'Solsmarina', 'L\u2019\u00faltim Ngaranna' i 'Llotges, porxos i riuraus' guanyadors de Premis Altea 2023 - Altea Cultural","robots":{"index":"index","follow":"follow","max-snippet":"max-snippet:-1","max-image-preview":"max-image-preview:large","max-video-preview":"max-video-preview:-1"},"canonical":"https:\/\/www.alteacultural.com\/es\/2023\/04\/03\/solsmarina-lultim-ngaranna-i-llotges-porxos-i-riuraus-guanyadors-de-premis-altea-2023\/","og_locale":"es_ES","og_type":"article","og_title":"'Solsmarina', 'L\u2019\u00faltim Ngaranna' i 'Llotges, porxos i riuraus' guanyadors de Premis Altea 2023 - Altea Cultural","og_description":"Durant la gala Toni Mestre \u00e9s reconegut amb \u201cel Premi Estela d\u2019Honor\u201d. El dissabte 1 d\u2019abril, vig\u00edlia del Diumenge [&hellip;]","og_url":"https:\/\/www.alteacultural.com\/es\/2023\/04\/03\/solsmarina-lultim-ngaranna-i-llotges-porxos-i-riuraus-guanyadors-de-premis-altea-2023\/","og_site_name":"Altea Cultural","article_published_time":"2023-04-03T21:08:24+00:00","og_image":[{"width":1500,"height":1000,"url":"https:\/\/www.alteacultural.com\/wp-content\/uploads\/2023\/04\/5cccfef5-26af-4122-bbdb-b93d864f8cff_source-aspect-ratio_default_0.jpg","type":"image\/jpeg"}],"author":"sfaltea.com-admin","twitter_card":"summary_large_image","twitter_misc":{"Escrito por":"sfaltea.com-admin","Tiempo de lectura":"11 minutos"},"schema":{"@context":"https:\/\/schema.org","@graph":[{"@type":"WebPage","@id":"https:\/\/www.alteacultural.com\/es\/2023\/04\/03\/solsmarina-lultim-ngaranna-i-llotges-porxos-i-riuraus-guanyadors-de-premis-altea-2023\/","url":"https:\/\/www.alteacultural.com\/es\/2023\/04\/03\/solsmarina-lultim-ngaranna-i-llotges-porxos-i-riuraus-guanyadors-de-premis-altea-2023\/","name":"'Solsmarina', 'L\u2019\u00faltim Ngaranna' i 'Llotges, porxos i riuraus' guanyadors de Premis Altea 2023 - Altea Cultural","isPartOf":{"@id":"https:\/\/www.alteacultural.com\/es\/#website"},"primaryImageOfPage":{"@id":"https:\/\/www.alteacultural.com\/es\/2023\/04\/03\/solsmarina-lultim-ngaranna-i-llotges-porxos-i-riuraus-guanyadors-de-premis-altea-2023\/#primaryimage"},"image":{"@id":"https:\/\/www.alteacultural.com\/es\/2023\/04\/03\/solsmarina-lultim-ngaranna-i-llotges-porxos-i-riuraus-guanyadors-de-premis-altea-2023\/#primaryimage"},"thumbnailUrl":"https:\/\/www.alteacultural.com\/wp-content\/uploads\/2023\/04\/5cccfef5-26af-4122-bbdb-b93d864f8cff_source-aspect-ratio_default_0.jpg","datePublished":"2023-04-03T21:08:24+00:00","dateModified":"2023-04-03T21:08:24+00:00","author":{"@id":"https:\/\/www.alteacultural.com\/es\/#\/schema\/person\/c4e137537f1af546d214a315255e5172"},"breadcrumb":{"@id":"https:\/\/www.alteacultural.com\/es\/2023\/04\/03\/solsmarina-lultim-ngaranna-i-llotges-porxos-i-riuraus-guanyadors-de-premis-altea-2023\/#breadcrumb"},"inLanguage":"es","potentialAction":[{"@type":"ReadAction","target":["https:\/\/www.alteacultural.com\/es\/2023\/04\/03\/solsmarina-lultim-ngaranna-i-llotges-porxos-i-riuraus-guanyadors-de-premis-altea-2023\/"]}]},{"@type":"ImageObject","inLanguage":"es","@id":"https:\/\/www.alteacultural.com\/es\/2023\/04\/03\/solsmarina-lultim-ngaranna-i-llotges-porxos-i-riuraus-guanyadors-de-premis-altea-2023\/#primaryimage","url":"https:\/\/www.alteacultural.com\/wp-content\/uploads\/2023\/04\/5cccfef5-26af-4122-bbdb-b93d864f8cff_source-aspect-ratio_default_0.jpg","contentUrl":"https:\/\/www.alteacultural.com\/wp-content\/uploads\/2023\/04\/5cccfef5-26af-4122-bbdb-b93d864f8cff_source-aspect-ratio_default_0.jpg","width":1500,"height":1000},{"@type":"BreadcrumbList","@id":"https:\/\/www.alteacultural.com\/es\/2023\/04\/03\/solsmarina-lultim-ngaranna-i-llotges-porxos-i-riuraus-guanyadors-de-premis-altea-2023\/#breadcrumb","itemListElement":[{"@type":"ListItem","position":1,"name":"Inici","item":"https:\/\/www.alteacultural.com\/es\/"},{"@type":"ListItem","position":2,"name":"&#8216;Solsmarina&#8217;, &#8216;L\u2019\u00faltim Ngaranna&#8217; i &#8216;Llotges, porxos i riuraus&#8217; guanyadors de Premis Altea 2023"}]},{"@type":"WebSite","@id":"https:\/\/www.alteacultural.com\/es\/#website","url":"https:\/\/www.alteacultural.com\/es\/","name":"Altea Cultural","description":"Regidoria de Cultura de l&#039;Ajuntament d&#039;Altea","potentialAction":[{"@type":"SearchAction","target":{"@type":"EntryPoint","urlTemplate":"https:\/\/www.alteacultural.com\/es\/?s={search_term_string}"},"query-input":"required name=search_term_string"}],"inLanguage":"es"},{"@type":"Person","@id":"https:\/\/www.alteacultural.com\/es\/#\/schema\/person\/c4e137537f1af546d214a315255e5172","name":"sfaltea.com-admin","image":{"@type":"ImageObject","inLanguage":"es","@id":"https:\/\/www.alteacultural.com\/es\/#\/schema\/person\/image\/","url":"https:\/\/secure.gravatar.com\/avatar\/f7473fa2fbd351270ccfd469de536202?s=96&d=mm&r=g","contentUrl":"https:\/\/secure.gravatar.com\/avatar\/f7473fa2fbd351270ccfd469de536202?s=96&d=mm&r=g","caption":"sfaltea.com-admin"},"url":"https:\/\/www.alteacultural.com\/es\/author\/sfaltea-com-admin\/"}]}},"_links":{"self":[{"href":"https:\/\/www.alteacultural.com\/es\/wp-json\/wp\/v2\/posts\/24651"}],"collection":[{"href":"https:\/\/www.alteacultural.com\/es\/wp-json\/wp\/v2\/posts"}],"about":[{"href":"https:\/\/www.alteacultural.com\/es\/wp-json\/wp\/v2\/types\/post"}],"author":[{"embeddable":true,"href":"https:\/\/www.alteacultural.com\/es\/wp-json\/wp\/v2\/users\/1"}],"replies":[{"embeddable":true,"href":"https:\/\/www.alteacultural.com\/es\/wp-json\/wp\/v2\/comments?post=24651"}],"version-history":[{"count":0,"href":"https:\/\/www.alteacultural.com\/es\/wp-json\/wp\/v2\/posts\/24651\/revisions"}],"wp:featuredmedia":[{"embeddable":true,"href":"https:\/\/www.alteacultural.com\/es\/wp-json\/wp\/v2\/media\/24649"}],"wp:attachment":[{"href":"https:\/\/www.alteacultural.com\/es\/wp-json\/wp\/v2\/media?parent=24651"}],"curies":[{"name":"wp","href":"https:\/\/api.w.org\/{rel}","templated":true}]}}