{"id":2480,"date":"2021-01-25T20:48:03","date_gmt":"2021-01-25T19:48:03","guid":{"rendered":"https:\/\/www.alteacultural.com\/2021\/01\/25\/imperfectes-coneguts-ajornat\/"},"modified":"2021-03-17T09:43:13","modified_gmt":"2021-03-17T08:43:13","slug":"imperfectes-coneguts-ajornat","status":"publish","type":"post","link":"https:\/\/www.alteacultural.com\/es\/2021\/01\/25\/imperfectes-coneguts-ajornat\/","title":{"rendered":"\u2018Imperfectes coneguts\u2019 aplazado"},"content":{"rendered":"\n<p>Debido a la situaci\u00f3n epidemiol\u00f3gica Covid-19 actual en Altea, por responsabilidad se ha decidido APLAZAR el espect\u00e1culo \u2018Imperfectes coneguts\u2019 a cargo de la CIA Pla i Rev\u00e9s, previsto para este s\u00e1bado 30\/01\/2021, a una nueva fecha que se indicar\u00e1 pr\u00f3ximamente mediante nuevo cartel, publicaci\u00f3n en www.alteacultural.com y difusi\u00f3n a trav\u00e9s del <a href=\"https:\/\/www.alteacultural.com\/2020\/01\/04\/nuevo-numero-whatsapp-de-difusion-de-la-agenda-cultural\/?lang=es\" target=\"_blank\" rel=\"noreferrer noopener\">WhatsApp de la Agenda Cultural de Altea<\/a>.<\/p>\n\n\n\n<p>Se informa que las entradas compradas para la fecha inicial se podr\u00e1n utilizar en la nueva fecha. As\u00ed mismo, aquellos compradores que deseen la <strong>devoluci\u00f3n de las entradas<\/strong>, lo podr\u00e1n solicitar hasta el d\u00eda de la nueva fecha de la siguiente forma:<br>\u2013 Entradas <strong>compradas on-line<\/strong>: <a href=\"https:\/\/form.jotform.com\/210245293142345\" target=\"_blank\" rel=\"noreferrer noopener\">clic aqu\u00ed<\/a> (SOLO vendidas on-line).<br>\u2013 Entradas <strong>compradas en la Casa de Cultura<\/strong>: env\u00eda un WhatsApp al 691 443 443 o e-mail a cultura@altea.es y se lo informar\u00e1 en 24-48h sobre la devoluci\u00f3n.<br>\u2013 Entradas<strong> compradas a miembros de Pla i Rev\u00e9s<\/strong>: tienes que contactar con la persona que te ha vendido la entrada.<\/p>\n\n\n\n<p>Rogamos que disculp\u00e9is las molestias y muchas gracias por vuestra comprensi\u00f3n.<\/p>\n\n\n\n<div class=\"wp-block-image\"><figure class=\"aligncenter size-large\"><img fetchpriority=\"high\" decoding=\"async\" width=\"724\" height=\"1024\" src=\"https:\/\/www.alteacultural.com\/wp-content\/uploads\/2021\/01\/Imperfectes-coneguts_Cartell_AJORNAT-01-724x1024.jpg\" alt=\"\" class=\"wp-image-2477\" srcset=\"https:\/\/www.alteacultural.com\/wp-content\/uploads\/2021\/01\/Imperfectes-coneguts_Cartell_AJORNAT-01-724x1024.jpg 724w, https:\/\/www.alteacultural.com\/wp-content\/uploads\/2021\/01\/Imperfectes-coneguts_Cartell_AJORNAT-01-212x300.jpg 212w, https:\/\/www.alteacultural.com\/wp-content\/uploads\/2021\/01\/Imperfectes-coneguts_Cartell_AJORNAT-01-768x1086.jpg 768w, https:\/\/www.alteacultural.com\/wp-content\/uploads\/2021\/01\/Imperfectes-coneguts_Cartell_AJORNAT-01-1086x1536.jpg 1086w, https:\/\/www.alteacultural.com\/wp-content\/uploads\/2021\/01\/Imperfectes-coneguts_Cartell_AJORNAT-01.jpg 1240w\" sizes=\"(max-width: 724px) 100vw, 724px\" \/><\/figure><\/div>\n","protected":false},"excerpt":{"rendered":"<p>Debido a la situaci\u00f3n epidemiol\u00f3gica Covid-19 actual en Altea, por responsabilidad se ha decidido APLAZAR el espect\u00e1culo \u2018Imperfectes coneguts\u2019 [&hellip;]<\/p>\n","protected":false},"author":1,"featured_media":2477,"comment_status":"open","ping_status":"open","sticky":false,"template":"","format":"standard","meta":{"_expiration-date-status":"saved","_expiration-date":0,"_expiration-date-type":"","_expiration-date-categories":[],"_expiration-date-options":[],"footnotes":""},"yoast_head":"<!-- This site is optimized with the Yoast SEO plugin v22.8 - https:\/\/yoast.com\/wordpress\/plugins\/seo\/ -->\n<title>\u2018Imperfectes coneguts\u2019 aplazado - Altea Cultural<\/title>\n<meta name=\"robots\" content=\"index, follow, max-snippet:-1, max-image-preview:large, max-video-preview:-1\" \/>\n<link rel=\"canonical\" href=\"https:\/\/www.alteacultural.com\/es\/2021\/01\/25\/imperfectes-coneguts-ajornat\/\" \/>\n<meta property=\"og:locale\" content=\"es_ES\" \/>\n<meta property=\"og:type\" content=\"article\" \/>\n<meta property=\"og:title\" content=\"\u2018Imperfectes coneguts\u2019 aplazado - Altea Cultural\" \/>\n<meta property=\"og:description\" content=\"Debido a la situaci\u00f3n epidemiol\u00f3gica Covid-19 actual en Altea, por responsabilidad se ha decidido APLAZAR el espect\u00e1culo \u2018Imperfectes coneguts\u2019 [&hellip;]\" \/>\n<meta property=\"og:url\" content=\"https:\/\/www.alteacultural.com\/es\/2021\/01\/25\/imperfectes-coneguts-ajornat\/\" \/>\n<meta property=\"og:site_name\" content=\"Altea Cultural\" \/>\n<meta property=\"article:published_time\" content=\"2021-01-25T19:48:03+00:00\" \/>\n<meta property=\"article:modified_time\" content=\"2021-03-17T08:43:13+00:00\" \/>\n<meta property=\"og:image\" content=\"https:\/\/www.alteacultural.com\/wp-content\/uploads\/2021\/01\/Imperfectes-coneguts_Cartell_AJORNAT-01.jpg\" \/>\n\t<meta property=\"og:image:width\" content=\"1240\" \/>\n\t<meta property=\"og:image:height\" content=\"1754\" \/>\n\t<meta property=\"og:image:type\" content=\"image\/jpeg\" \/>\n<meta name=\"author\" content=\"sfaltea.com-admin\" \/>\n<meta name=\"twitter:card\" content=\"summary_large_image\" \/>\n<meta name=\"twitter:label1\" content=\"Escrito por\" \/>\n\t<meta name=\"twitter:data1\" content=\"sfaltea.com-admin\" \/>\n\t<meta name=\"twitter:label2\" content=\"Tiempo de lectura\" \/>\n\t<meta name=\"twitter:data2\" content=\"1 minuto\" \/>\n<script type=\"application\/ld+json\" class=\"yoast-schema-graph\">{\"@context\":\"https:\/\/schema.org\",\"@graph\":[{\"@type\":\"WebPage\",\"@id\":\"https:\/\/www.alteacultural.com\/es\/2021\/01\/25\/imperfectes-coneguts-ajornat\/\",\"url\":\"https:\/\/www.alteacultural.com\/es\/2021\/01\/25\/imperfectes-coneguts-ajornat\/\",\"name\":\"\u2018Imperfectes coneguts\u2019 aplazado - Altea Cultural\",\"isPartOf\":{\"@id\":\"https:\/\/www.alteacultural.com\/es\/#website\"},\"primaryImageOfPage\":{\"@id\":\"https:\/\/www.alteacultural.com\/es\/2021\/01\/25\/imperfectes-coneguts-ajornat\/#primaryimage\"},\"image\":{\"@id\":\"https:\/\/www.alteacultural.com\/es\/2021\/01\/25\/imperfectes-coneguts-ajornat\/#primaryimage\"},\"thumbnailUrl\":\"https:\/\/www.alteacultural.com\/wp-content\/uploads\/2021\/01\/Imperfectes-coneguts_Cartell_AJORNAT-01.jpg\",\"datePublished\":\"2021-01-25T19:48:03+00:00\",\"dateModified\":\"2021-03-17T08:43:13+00:00\",\"author\":{\"@id\":\"https:\/\/www.alteacultural.com\/es\/#\/schema\/person\/c4e137537f1af546d214a315255e5172\"},\"breadcrumb\":{\"@id\":\"https:\/\/www.alteacultural.com\/es\/2021\/01\/25\/imperfectes-coneguts-ajornat\/#breadcrumb\"},\"inLanguage\":\"es\",\"potentialAction\":[{\"@type\":\"ReadAction\",\"target\":[\"https:\/\/www.alteacultural.com\/es\/2021\/01\/25\/imperfectes-coneguts-ajornat\/\"]}]},{\"@type\":\"ImageObject\",\"inLanguage\":\"es\",\"@id\":\"https:\/\/www.alteacultural.com\/es\/2021\/01\/25\/imperfectes-coneguts-ajornat\/#primaryimage\",\"url\":\"https:\/\/www.alteacultural.com\/wp-content\/uploads\/2021\/01\/Imperfectes-coneguts_Cartell_AJORNAT-01.jpg\",\"contentUrl\":\"https:\/\/www.alteacultural.com\/wp-content\/uploads\/2021\/01\/Imperfectes-coneguts_Cartell_AJORNAT-01.jpg\",\"width\":1240,\"height\":1754},{\"@type\":\"BreadcrumbList\",\"@id\":\"https:\/\/www.alteacultural.com\/es\/2021\/01\/25\/imperfectes-coneguts-ajornat\/#breadcrumb\",\"itemListElement\":[{\"@type\":\"ListItem\",\"position\":1,\"name\":\"Inici\",\"item\":\"https:\/\/www.alteacultural.com\/es\/\"},{\"@type\":\"ListItem\",\"position\":2,\"name\":\"\u2018Imperfectes coneguts\u2019 aplazado\"}]},{\"@type\":\"WebSite\",\"@id\":\"https:\/\/www.alteacultural.com\/es\/#website\",\"url\":\"https:\/\/www.alteacultural.com\/es\/\",\"name\":\"Altea Cultural\",\"description\":\"Regidoria de Cultura de l&#039;Ajuntament d&#039;Altea\",\"potentialAction\":[{\"@type\":\"SearchAction\",\"target\":{\"@type\":\"EntryPoint\",\"urlTemplate\":\"https:\/\/www.alteacultural.com\/es\/?s={search_term_string}\"},\"query-input\":\"required name=search_term_string\"}],\"inLanguage\":\"es\"},{\"@type\":\"Person\",\"@id\":\"https:\/\/www.alteacultural.com\/es\/#\/schema\/person\/c4e137537f1af546d214a315255e5172\",\"name\":\"sfaltea.com-admin\",\"image\":{\"@type\":\"ImageObject\",\"inLanguage\":\"es\",\"@id\":\"https:\/\/www.alteacultural.com\/es\/#\/schema\/person\/image\/\",\"url\":\"https:\/\/secure.gravatar.com\/avatar\/f7473fa2fbd351270ccfd469de536202?s=96&d=mm&r=g\",\"contentUrl\":\"https:\/\/secure.gravatar.com\/avatar\/f7473fa2fbd351270ccfd469de536202?s=96&d=mm&r=g\",\"caption\":\"sfaltea.com-admin\"},\"url\":\"https:\/\/www.alteacultural.com\/es\/author\/sfaltea-com-admin\/\"}]}<\/script>\n<!-- \/ Yoast SEO plugin. -->","yoast_head_json":{"title":"\u2018Imperfectes coneguts\u2019 aplazado - Altea Cultural","robots":{"index":"index","follow":"follow","max-snippet":"max-snippet:-1","max-image-preview":"max-image-preview:large","max-video-preview":"max-video-preview:-1"},"canonical":"https:\/\/www.alteacultural.com\/es\/2021\/01\/25\/imperfectes-coneguts-ajornat\/","og_locale":"es_ES","og_type":"article","og_title":"\u2018Imperfectes coneguts\u2019 aplazado - Altea Cultural","og_description":"Debido a la situaci\u00f3n epidemiol\u00f3gica Covid-19 actual en Altea, por responsabilidad se ha decidido APLAZAR el espect\u00e1culo \u2018Imperfectes coneguts\u2019 [&hellip;]","og_url":"https:\/\/www.alteacultural.com\/es\/2021\/01\/25\/imperfectes-coneguts-ajornat\/","og_site_name":"Altea Cultural","article_published_time":"2021-01-25T19:48:03+00:00","article_modified_time":"2021-03-17T08:43:13+00:00","og_image":[{"width":1240,"height":1754,"url":"https:\/\/www.alteacultural.com\/wp-content\/uploads\/2021\/01\/Imperfectes-coneguts_Cartell_AJORNAT-01.jpg","type":"image\/jpeg"}],"author":"sfaltea.com-admin","twitter_card":"summary_large_image","twitter_misc":{"Escrito por":"sfaltea.com-admin","Tiempo de lectura":"1 minuto"},"schema":{"@context":"https:\/\/schema.org","@graph":[{"@type":"WebPage","@id":"https:\/\/www.alteacultural.com\/es\/2021\/01\/25\/imperfectes-coneguts-ajornat\/","url":"https:\/\/www.alteacultural.com\/es\/2021\/01\/25\/imperfectes-coneguts-ajornat\/","name":"\u2018Imperfectes coneguts\u2019 aplazado - Altea Cultural","isPartOf":{"@id":"https:\/\/www.alteacultural.com\/es\/#website"},"primaryImageOfPage":{"@id":"https:\/\/www.alteacultural.com\/es\/2021\/01\/25\/imperfectes-coneguts-ajornat\/#primaryimage"},"image":{"@id":"https:\/\/www.alteacultural.com\/es\/2021\/01\/25\/imperfectes-coneguts-ajornat\/#primaryimage"},"thumbnailUrl":"https:\/\/www.alteacultural.com\/wp-content\/uploads\/2021\/01\/Imperfectes-coneguts_Cartell_AJORNAT-01.jpg","datePublished":"2021-01-25T19:48:03+00:00","dateModified":"2021-03-17T08:43:13+00:00","author":{"@id":"https:\/\/www.alteacultural.com\/es\/#\/schema\/person\/c4e137537f1af546d214a315255e5172"},"breadcrumb":{"@id":"https:\/\/www.alteacultural.com\/es\/2021\/01\/25\/imperfectes-coneguts-ajornat\/#breadcrumb"},"inLanguage":"es","potentialAction":[{"@type":"ReadAction","target":["https:\/\/www.alteacultural.com\/es\/2021\/01\/25\/imperfectes-coneguts-ajornat\/"]}]},{"@type":"ImageObject","inLanguage":"es","@id":"https:\/\/www.alteacultural.com\/es\/2021\/01\/25\/imperfectes-coneguts-ajornat\/#primaryimage","url":"https:\/\/www.alteacultural.com\/wp-content\/uploads\/2021\/01\/Imperfectes-coneguts_Cartell_AJORNAT-01.jpg","contentUrl":"https:\/\/www.alteacultural.com\/wp-content\/uploads\/2021\/01\/Imperfectes-coneguts_Cartell_AJORNAT-01.jpg","width":1240,"height":1754},{"@type":"BreadcrumbList","@id":"https:\/\/www.alteacultural.com\/es\/2021\/01\/25\/imperfectes-coneguts-ajornat\/#breadcrumb","itemListElement":[{"@type":"ListItem","position":1,"name":"Inici","item":"https:\/\/www.alteacultural.com\/es\/"},{"@type":"ListItem","position":2,"name":"\u2018Imperfectes coneguts\u2019 aplazado"}]},{"@type":"WebSite","@id":"https:\/\/www.alteacultural.com\/es\/#website","url":"https:\/\/www.alteacultural.com\/es\/","name":"Altea Cultural","description":"Regidoria de Cultura de l&#039;Ajuntament d&#039;Altea","potentialAction":[{"@type":"SearchAction","target":{"@type":"EntryPoint","urlTemplate":"https:\/\/www.alteacultural.com\/es\/?s={search_term_string}"},"query-input":"required name=search_term_string"}],"inLanguage":"es"},{"@type":"Person","@id":"https:\/\/www.alteacultural.com\/es\/#\/schema\/person\/c4e137537f1af546d214a315255e5172","name":"sfaltea.com-admin","image":{"@type":"ImageObject","inLanguage":"es","@id":"https:\/\/www.alteacultural.com\/es\/#\/schema\/person\/image\/","url":"https:\/\/secure.gravatar.com\/avatar\/f7473fa2fbd351270ccfd469de536202?s=96&d=mm&r=g","contentUrl":"https:\/\/secure.gravatar.com\/avatar\/f7473fa2fbd351270ccfd469de536202?s=96&d=mm&r=g","caption":"sfaltea.com-admin"},"url":"https:\/\/www.alteacultural.com\/es\/author\/sfaltea-com-admin\/"}]}},"_links":{"self":[{"href":"https:\/\/www.alteacultural.com\/es\/wp-json\/wp\/v2\/posts\/2480"}],"collection":[{"href":"https:\/\/www.alteacultural.com\/es\/wp-json\/wp\/v2\/posts"}],"about":[{"href":"https:\/\/www.alteacultural.com\/es\/wp-json\/wp\/v2\/types\/post"}],"author":[{"embeddable":true,"href":"https:\/\/www.alteacultural.com\/es\/wp-json\/wp\/v2\/users\/1"}],"replies":[{"embeddable":true,"href":"https:\/\/www.alteacultural.com\/es\/wp-json\/wp\/v2\/comments?post=2480"}],"version-history":[{"count":2,"href":"https:\/\/www.alteacultural.com\/es\/wp-json\/wp\/v2\/posts\/2480\/revisions"}],"predecessor-version":[{"id":2484,"href":"https:\/\/www.alteacultural.com\/es\/wp-json\/wp\/v2\/posts\/2480\/revisions\/2484"}],"wp:featuredmedia":[{"embeddable":true,"href":"https:\/\/www.alteacultural.com\/es\/wp-json\/wp\/v2\/media\/2477"}],"wp:attachment":[{"href":"https:\/\/www.alteacultural.com\/es\/wp-json\/wp\/v2\/media?parent=2480"}],"curies":[{"name":"wp","href":"https:\/\/api.w.org\/{rel}","templated":true}]}}