{"id":2518,"date":"2021-02-04T09:22:30","date_gmt":"2021-02-04T08:22:30","guid":{"rendered":"https:\/\/www.alteacultural.com\/2021\/02\/04\/nota-de-premsa-premis-altea\/"},"modified":"2021-02-05T14:36:25","modified_gmt":"2021-02-05T13:36:25","slug":"nota-de-premsa-premis-altea","status":"publish","type":"post","link":"https:\/\/www.alteacultural.com\/es\/2021\/02\/04\/nota-de-premsa-premis-altea\/","title":{"rendered":"R\u00e8cord de participaci\u00f3 en els premis altea de literatura i investigaci\u00f3 2021 amb 160 originals"},"content":{"rendered":"\n<div class=\"wp-block-image\"><figure class=\"aligncenter size-large\"><img fetchpriority=\"high\" decoding=\"async\" width=\"720\" height=\"200\" src=\"https:\/\/www.alteacultural.com\/wp-content\/uploads\/2021\/02\/record-participacio.jpg\" alt=\"\" class=\"wp-image-2524\" srcset=\"https:\/\/www.alteacultural.com\/wp-content\/uploads\/2021\/02\/record-participacio.jpg 720w, https:\/\/www.alteacultural.com\/wp-content\/uploads\/2021\/02\/record-participacio-300x83.jpg 300w\" sizes=\"(max-width: 720px) 100vw, 720px\" \/><\/figure><\/div>\n\n\n\n<p class=\"has-text-align-center\"><strong>R\u00c8CORD DE PARTICIPACI\u00d3 EN ELS PREMIS ALTEA DE<br>LITERATURA I INVESTIGACI\u00d3 2021 AMB 160 ORIGINALS<\/strong><\/p>\n\n\n\n<p class=\"has-text-align-center\"><strong>PRESENTATS<\/strong><\/p>\n\n\n\n<p>Tal com es regulava en les bases de la convocat\u00f2ria dels V Premis Altea de Literatura i Investigaci\u00f3, el passat diumenge 31 de gener es tancava el termini d\u2019admissi\u00f3 d\u2019originals en els tres premis a qu\u00e8 les autores i els autors podien presentar originals: el Premi Altea de Literatura Infantil i Juvenil, el Premi d\u2019Assaig i Investigaci\u00f3 Francesc Mart\u00ednez i Mart\u00ednez i el Premi Carmelina S\u00e1nchez-Cutillas de Novel\u00b7la i Prosa Creativa.<\/p>\n\n\n\n<p>Un any m\u00e9s els Premis Altea han aconseguit batre el propi r\u00e8cord de participaci\u00f3: si en l\u2019edici\u00f3 de 2020 ja s\u2019havia aconseguit una resposta sense precedents per part d\u2019escriptors i investigadors (amb 120 treballs participants), en la present edici\u00f3 la xifra d\u2019originals presentats ha augmentat encara en un ter\u00e7 m\u00e9s i han tornat a batre el r\u00e8cord de participaci\u00f3 amb un total de 160 originals presentats.<\/p>\n\n\n\n<p>De m\u00e9s a m\u00e9s, es produeix la circumst\u00e0ncia que l\u2019augment de participaci\u00f3 s\u2019ha produ\u00eft en les tres modalitats convocades. Si el Premi Altea de Literatura Infantil i Juvenil ha passat de 54 aspirants a 59, i el Premi d\u2019Assaig i Investigaci\u00f3 Francesc Mart\u00ednez i Mart\u00ednez ha pujat d\u201911 a 12, l\u2019increment m\u00e9s espectacular s\u2019ha produ\u00eft, sens dubte, en el Premi Carmelina S\u00e1nchez-Cutillas de Novel\u00b7la i Prosa Creativa, que ha passat dels 55 originals presentats l\u2019any passat a un total de 90 novel\u00b7les (o obres de \u00abprosa creativa\u00bb) que optaran enguany al premi estrella de convocat\u00f2ria, patrocinat per la Fundaci\u00f3 Caixaltea.<\/p>\n\n\n\n<p>Cal recordar que els Premis Altea de Literatura i Investigaci\u00f3 \u2014que en poc m\u00e9s d\u2019un lustre han aconseguit consolidar-se com uns dels m\u00e9s prestigiosos del circuit literari valenci\u00e0\u2014 resulten possibles gr\u00e0cies a les sinergies creades entre les institucions que hi col\u00b7laboren: l\u2019Ajuntament d\u2019Altea, la Fundaci\u00f3 Caixaltea, Aila Edicions, l\u2019Institut Alacant\u00ed de Cultura Juan Gil-Albert, l\u2019Acad\u00e8mia Valenciana de la Llengua, la C\u00e0tedra Enric Valor de la Universitat d\u2019Alacant i, des del 2020, la Generalitat Valenciana per mitj\u00e0 de la Direcci\u00f3 General de Pol\u00edtica Ling\u00fc\u00edstica i Gesti\u00f3 del Multiling\u00fcisme.<\/p>\n\n\n\n<p class=\"has-text-align-center\"><strong>Enlla\u00e7 a la nota de premsa<\/strong><\/p>\n\n\n\n<p class=\"has-text-align-center\"><a href=\"https:\/\/www.alteacultural.com\/wp-content\/uploads\/2021\/02\/Nota-de-premsa-_-Record-de-participacio-en-els-Premis-Altea.pdf\" target=\"_blank\" rel=\"noreferrer noopener\">https:\/\/www.alteacultural.com\/wp-content\/uploads\/2021\/02\/Nota-de-premsa-_-Record-de-participacio-en-els-Premis-Altea.pdf<\/a><\/p>\n","protected":false},"excerpt":{"rendered":"<p>R\u00c8CORD DE PARTICIPACI\u00d3 EN ELS PREMIS ALTEA DELITERATURA I INVESTIGACI\u00d3 2021 AMB 160 ORIGINALS PRESENTATS Tal com es regulava [&hellip;]<\/p>\n","protected":false},"author":1,"featured_media":2533,"comment_status":"open","ping_status":"open","sticky":false,"template":"","format":"standard","meta":{"_expiration-date-status":"saved","_expiration-date":0,"_expiration-date-type":"","_expiration-date-categories":[],"_expiration-date-options":[],"footnotes":""},"yoast_head":"<!-- This site is optimized with the Yoast SEO plugin v22.8 - https:\/\/yoast.com\/wordpress\/plugins\/seo\/ -->\n<title>R\u00e8cord de participaci\u00f3 en els premis altea de literatura i investigaci\u00f3 2021 amb 160 originals - Altea Cultural<\/title>\n<meta name=\"robots\" content=\"index, follow, max-snippet:-1, max-image-preview:large, max-video-preview:-1\" \/>\n<link rel=\"canonical\" href=\"https:\/\/www.alteacultural.com\/es\/2021\/02\/04\/nota-de-premsa-premis-altea\/\" \/>\n<meta property=\"og:locale\" content=\"es_ES\" \/>\n<meta property=\"og:type\" content=\"article\" \/>\n<meta property=\"og:title\" content=\"R\u00e8cord de participaci\u00f3 en els premis altea de literatura i investigaci\u00f3 2021 amb 160 originals - Altea Cultural\" \/>\n<meta property=\"og:description\" content=\"R\u00c8CORD DE PARTICIPACI\u00d3 EN ELS PREMIS ALTEA DELITERATURA I INVESTIGACI\u00d3 2021 AMB 160 ORIGINALS PRESENTATS Tal com es regulava [&hellip;]\" \/>\n<meta property=\"og:url\" content=\"https:\/\/www.alteacultural.com\/es\/2021\/02\/04\/nota-de-premsa-premis-altea\/\" \/>\n<meta property=\"og:site_name\" content=\"Altea Cultural\" \/>\n<meta property=\"article:published_time\" content=\"2021-02-04T08:22:30+00:00\" \/>\n<meta property=\"article:modified_time\" content=\"2021-02-05T13:36:25+00:00\" \/>\n<meta property=\"og:image\" content=\"https:\/\/www.alteacultural.com\/wp-content\/uploads\/2021\/02\/record-participacio-portada.jpg\" \/>\n\t<meta property=\"og:image:width\" content=\"660\" \/>\n\t<meta property=\"og:image:height\" content=\"192\" \/>\n\t<meta property=\"og:image:type\" content=\"image\/jpeg\" \/>\n<meta name=\"author\" content=\"sfaltea.com-admin\" \/>\n<meta name=\"twitter:card\" content=\"summary_large_image\" \/>\n<meta name=\"twitter:label1\" content=\"Escrito por\" \/>\n\t<meta name=\"twitter:data1\" content=\"sfaltea.com-admin\" \/>\n\t<meta name=\"twitter:label2\" content=\"Tiempo de lectura\" \/>\n\t<meta name=\"twitter:data2\" content=\"2 minutos\" \/>\n<script type=\"application\/ld+json\" class=\"yoast-schema-graph\">{\"@context\":\"https:\/\/schema.org\",\"@graph\":[{\"@type\":\"WebPage\",\"@id\":\"https:\/\/www.alteacultural.com\/es\/2021\/02\/04\/nota-de-premsa-premis-altea\/\",\"url\":\"https:\/\/www.alteacultural.com\/es\/2021\/02\/04\/nota-de-premsa-premis-altea\/\",\"name\":\"R\u00e8cord de participaci\u00f3 en els premis altea de literatura i investigaci\u00f3 2021 amb 160 originals - Altea Cultural\",\"isPartOf\":{\"@id\":\"https:\/\/www.alteacultural.com\/es\/#website\"},\"primaryImageOfPage\":{\"@id\":\"https:\/\/www.alteacultural.com\/es\/2021\/02\/04\/nota-de-premsa-premis-altea\/#primaryimage\"},\"image\":{\"@id\":\"https:\/\/www.alteacultural.com\/es\/2021\/02\/04\/nota-de-premsa-premis-altea\/#primaryimage\"},\"thumbnailUrl\":\"https:\/\/www.alteacultural.com\/wp-content\/uploads\/2021\/02\/record-participacio-portada.jpg\",\"datePublished\":\"2021-02-04T08:22:30+00:00\",\"dateModified\":\"2021-02-05T13:36:25+00:00\",\"author\":{\"@id\":\"https:\/\/www.alteacultural.com\/es\/#\/schema\/person\/c4e137537f1af546d214a315255e5172\"},\"breadcrumb\":{\"@id\":\"https:\/\/www.alteacultural.com\/es\/2021\/02\/04\/nota-de-premsa-premis-altea\/#breadcrumb\"},\"inLanguage\":\"es\",\"potentialAction\":[{\"@type\":\"ReadAction\",\"target\":[\"https:\/\/www.alteacultural.com\/es\/2021\/02\/04\/nota-de-premsa-premis-altea\/\"]}]},{\"@type\":\"ImageObject\",\"inLanguage\":\"es\",\"@id\":\"https:\/\/www.alteacultural.com\/es\/2021\/02\/04\/nota-de-premsa-premis-altea\/#primaryimage\",\"url\":\"https:\/\/www.alteacultural.com\/wp-content\/uploads\/2021\/02\/record-participacio-portada.jpg\",\"contentUrl\":\"https:\/\/www.alteacultural.com\/wp-content\/uploads\/2021\/02\/record-participacio-portada.jpg\",\"width\":660,\"height\":192},{\"@type\":\"BreadcrumbList\",\"@id\":\"https:\/\/www.alteacultural.com\/es\/2021\/02\/04\/nota-de-premsa-premis-altea\/#breadcrumb\",\"itemListElement\":[{\"@type\":\"ListItem\",\"position\":1,\"name\":\"Inici\",\"item\":\"https:\/\/www.alteacultural.com\/es\/\"},{\"@type\":\"ListItem\",\"position\":2,\"name\":\"R\u00e8cord de participaci\u00f3 en els premis altea de literatura i investigaci\u00f3 2021 amb 160 originals\"}]},{\"@type\":\"WebSite\",\"@id\":\"https:\/\/www.alteacultural.com\/es\/#website\",\"url\":\"https:\/\/www.alteacultural.com\/es\/\",\"name\":\"Altea Cultural\",\"description\":\"Regidoria de Cultura de l&#039;Ajuntament d&#039;Altea\",\"potentialAction\":[{\"@type\":\"SearchAction\",\"target\":{\"@type\":\"EntryPoint\",\"urlTemplate\":\"https:\/\/www.alteacultural.com\/es\/?s={search_term_string}\"},\"query-input\":\"required name=search_term_string\"}],\"inLanguage\":\"es\"},{\"@type\":\"Person\",\"@id\":\"https:\/\/www.alteacultural.com\/es\/#\/schema\/person\/c4e137537f1af546d214a315255e5172\",\"name\":\"sfaltea.com-admin\",\"image\":{\"@type\":\"ImageObject\",\"inLanguage\":\"es\",\"@id\":\"https:\/\/www.alteacultural.com\/es\/#\/schema\/person\/image\/\",\"url\":\"https:\/\/secure.gravatar.com\/avatar\/f7473fa2fbd351270ccfd469de536202?s=96&d=mm&r=g\",\"contentUrl\":\"https:\/\/secure.gravatar.com\/avatar\/f7473fa2fbd351270ccfd469de536202?s=96&d=mm&r=g\",\"caption\":\"sfaltea.com-admin\"},\"url\":\"https:\/\/www.alteacultural.com\/es\/author\/sfaltea-com-admin\/\"}]}<\/script>\n<!-- \/ Yoast SEO plugin. -->","yoast_head_json":{"title":"R\u00e8cord de participaci\u00f3 en els premis altea de literatura i investigaci\u00f3 2021 amb 160 originals - Altea Cultural","robots":{"index":"index","follow":"follow","max-snippet":"max-snippet:-1","max-image-preview":"max-image-preview:large","max-video-preview":"max-video-preview:-1"},"canonical":"https:\/\/www.alteacultural.com\/es\/2021\/02\/04\/nota-de-premsa-premis-altea\/","og_locale":"es_ES","og_type":"article","og_title":"R\u00e8cord de participaci\u00f3 en els premis altea de literatura i investigaci\u00f3 2021 amb 160 originals - Altea Cultural","og_description":"R\u00c8CORD DE PARTICIPACI\u00d3 EN ELS PREMIS ALTEA DELITERATURA I INVESTIGACI\u00d3 2021 AMB 160 ORIGINALS PRESENTATS Tal com es regulava [&hellip;]","og_url":"https:\/\/www.alteacultural.com\/es\/2021\/02\/04\/nota-de-premsa-premis-altea\/","og_site_name":"Altea Cultural","article_published_time":"2021-02-04T08:22:30+00:00","article_modified_time":"2021-02-05T13:36:25+00:00","og_image":[{"width":660,"height":192,"url":"https:\/\/www.alteacultural.com\/wp-content\/uploads\/2021\/02\/record-participacio-portada.jpg","type":"image\/jpeg"}],"author":"sfaltea.com-admin","twitter_card":"summary_large_image","twitter_misc":{"Escrito por":"sfaltea.com-admin","Tiempo de lectura":"2 minutos"},"schema":{"@context":"https:\/\/schema.org","@graph":[{"@type":"WebPage","@id":"https:\/\/www.alteacultural.com\/es\/2021\/02\/04\/nota-de-premsa-premis-altea\/","url":"https:\/\/www.alteacultural.com\/es\/2021\/02\/04\/nota-de-premsa-premis-altea\/","name":"R\u00e8cord de participaci\u00f3 en els premis altea de literatura i investigaci\u00f3 2021 amb 160 originals - Altea Cultural","isPartOf":{"@id":"https:\/\/www.alteacultural.com\/es\/#website"},"primaryImageOfPage":{"@id":"https:\/\/www.alteacultural.com\/es\/2021\/02\/04\/nota-de-premsa-premis-altea\/#primaryimage"},"image":{"@id":"https:\/\/www.alteacultural.com\/es\/2021\/02\/04\/nota-de-premsa-premis-altea\/#primaryimage"},"thumbnailUrl":"https:\/\/www.alteacultural.com\/wp-content\/uploads\/2021\/02\/record-participacio-portada.jpg","datePublished":"2021-02-04T08:22:30+00:00","dateModified":"2021-02-05T13:36:25+00:00","author":{"@id":"https:\/\/www.alteacultural.com\/es\/#\/schema\/person\/c4e137537f1af546d214a315255e5172"},"breadcrumb":{"@id":"https:\/\/www.alteacultural.com\/es\/2021\/02\/04\/nota-de-premsa-premis-altea\/#breadcrumb"},"inLanguage":"es","potentialAction":[{"@type":"ReadAction","target":["https:\/\/www.alteacultural.com\/es\/2021\/02\/04\/nota-de-premsa-premis-altea\/"]}]},{"@type":"ImageObject","inLanguage":"es","@id":"https:\/\/www.alteacultural.com\/es\/2021\/02\/04\/nota-de-premsa-premis-altea\/#primaryimage","url":"https:\/\/www.alteacultural.com\/wp-content\/uploads\/2021\/02\/record-participacio-portada.jpg","contentUrl":"https:\/\/www.alteacultural.com\/wp-content\/uploads\/2021\/02\/record-participacio-portada.jpg","width":660,"height":192},{"@type":"BreadcrumbList","@id":"https:\/\/www.alteacultural.com\/es\/2021\/02\/04\/nota-de-premsa-premis-altea\/#breadcrumb","itemListElement":[{"@type":"ListItem","position":1,"name":"Inici","item":"https:\/\/www.alteacultural.com\/es\/"},{"@type":"ListItem","position":2,"name":"R\u00e8cord de participaci\u00f3 en els premis altea de literatura i investigaci\u00f3 2021 amb 160 originals"}]},{"@type":"WebSite","@id":"https:\/\/www.alteacultural.com\/es\/#website","url":"https:\/\/www.alteacultural.com\/es\/","name":"Altea Cultural","description":"Regidoria de Cultura de l&#039;Ajuntament d&#039;Altea","potentialAction":[{"@type":"SearchAction","target":{"@type":"EntryPoint","urlTemplate":"https:\/\/www.alteacultural.com\/es\/?s={search_term_string}"},"query-input":"required name=search_term_string"}],"inLanguage":"es"},{"@type":"Person","@id":"https:\/\/www.alteacultural.com\/es\/#\/schema\/person\/c4e137537f1af546d214a315255e5172","name":"sfaltea.com-admin","image":{"@type":"ImageObject","inLanguage":"es","@id":"https:\/\/www.alteacultural.com\/es\/#\/schema\/person\/image\/","url":"https:\/\/secure.gravatar.com\/avatar\/f7473fa2fbd351270ccfd469de536202?s=96&d=mm&r=g","contentUrl":"https:\/\/secure.gravatar.com\/avatar\/f7473fa2fbd351270ccfd469de536202?s=96&d=mm&r=g","caption":"sfaltea.com-admin"},"url":"https:\/\/www.alteacultural.com\/es\/author\/sfaltea-com-admin\/"}]}},"_links":{"self":[{"href":"https:\/\/www.alteacultural.com\/es\/wp-json\/wp\/v2\/posts\/2518"}],"collection":[{"href":"https:\/\/www.alteacultural.com\/es\/wp-json\/wp\/v2\/posts"}],"about":[{"href":"https:\/\/www.alteacultural.com\/es\/wp-json\/wp\/v2\/types\/post"}],"author":[{"embeddable":true,"href":"https:\/\/www.alteacultural.com\/es\/wp-json\/wp\/v2\/users\/1"}],"replies":[{"embeddable":true,"href":"https:\/\/www.alteacultural.com\/es\/wp-json\/wp\/v2\/comments?post=2518"}],"version-history":[{"count":6,"href":"https:\/\/www.alteacultural.com\/es\/wp-json\/wp\/v2\/posts\/2518\/revisions"}],"predecessor-version":[{"id":2532,"href":"https:\/\/www.alteacultural.com\/es\/wp-json\/wp\/v2\/posts\/2518\/revisions\/2532"}],"wp:featuredmedia":[{"embeddable":true,"href":"https:\/\/www.alteacultural.com\/es\/wp-json\/wp\/v2\/media\/2533"}],"wp:attachment":[{"href":"https:\/\/www.alteacultural.com\/es\/wp-json\/wp\/v2\/media?parent=2518"}],"curies":[{"name":"wp","href":"https:\/\/api.w.org\/{rel}","templated":true}]}}