{"id":25245,"date":"2023-05-20T14:34:36","date_gmt":"2023-05-20T12:34:36","guid":{"rendered":"https:\/\/www.alteacultural.com\/2023\/05\/20\/programa-21-05-2023\/"},"modified":"2023-05-20T23:53:07","modified_gmt":"2023-05-20T21:53:07","slug":"programa-21-05-2023","status":"publish","type":"post","link":"https:\/\/www.alteacultural.com\/es\/2023\/05\/20\/programa-21-05-2023\/","title":{"rendered":"Programa 21-05-2023"},"content":{"rendered":"\t\t<div data-elementor-type=\"wp-post\" data-elementor-id=\"25245\" class=\"elementor elementor-25245\">\n\t\t\t\t\t\t<section class=\"elementor-section elementor-top-section elementor-element elementor-element-1fcb64c elementor-section-boxed elementor-section-height-default elementor-section-height-default exad-glass-effect-no exad-sticky-section-no\" data-id=\"1fcb64c\" data-element_type=\"section\">\n\t\t\t\t\t\t<div class=\"elementor-container elementor-column-gap-default\">\n\t\t\t\t\t<div class=\"elementor-column elementor-col-33 elementor-top-column elementor-element elementor-element-928d7ea exad-glass-effect-no exad-sticky-section-no\" data-id=\"928d7ea\" data-element_type=\"column\">\n\t\t\t<div class=\"elementor-widget-wrap elementor-element-populated\">\n\t\t\t\t\t\t<div class=\"elementor-element elementor-element-d19d03c exad-sticky-section-no exad-glass-effect-no elementor-widget elementor-widget-text-editor\" data-id=\"d19d03c\" data-element_type=\"widget\" data-widget_type=\"text-editor.default\">\n\t\t\t\t<div class=\"elementor-widget-container\">\n\t\t\t\t\t\t\t<p style=\"text-align: center;\">Programa \u00b7 21\/05\/2023<\/p>\t\t\t\t\t\t<\/div>\n\t\t\t\t<\/div>\n\t\t\t\t\t<\/div>\n\t\t<\/div>\n\t\t\t\t<div class=\"elementor-column elementor-col-33 elementor-top-column elementor-element elementor-element-041b80c exad-glass-effect-no exad-sticky-section-no\" data-id=\"041b80c\" data-element_type=\"column\">\n\t\t\t<div class=\"elementor-widget-wrap elementor-element-populated\">\n\t\t\t\t\t\t<div class=\"elementor-element elementor-element-961ad1f exad-sticky-section-no exad-glass-effect-no elementor-widget elementor-widget-image\" data-id=\"961ad1f\" data-element_type=\"widget\" data-widget_type=\"image.default\">\n\t\t\t\t<div class=\"elementor-widget-container\">\n\t\t\t\t\t\t\t\t\t\t\t\t\t\t<a href=\"https:\/\/www.alteacultural.com\/2023\/05\/20\/programa-21-05-2023\/\">\n\t\t\t\t\t\t\t<img decoding=\"async\" data-src=\"https:\/\/www.alteacultural.com\/wp-content\/uploads\/elementor\/thumbs\/valencia-pt48thfiy0n8d036da41ndkk48zbusn7jwawsx7u0c.jpg\" title=\"valenci\u00e0\" alt=\"valenci\u00e0\" src=\"data:image\/gif;base64,R0lGODlhAQABAAAAACH5BAEKAAEALAAAAAABAAEAAAICTAEAOw==\" class=\"lazyload\" style=\"--smush-placeholder-width: 30px; --smush-placeholder-aspect-ratio: 30\/30;\" \/>\t\t\t\t\t\t\t\t<\/a>\n\t\t\t\t\t\t\t\t\t\t\t\t\t<\/div>\n\t\t\t\t<\/div>\n\t\t\t\t\t<\/div>\n\t\t<\/div>\n\t\t\t\t<div class=\"elementor-column elementor-col-33 elementor-top-column elementor-element elementor-element-75c705c exad-glass-effect-no exad-sticky-section-no\" data-id=\"75c705c\" data-element_type=\"column\">\n\t\t\t<div class=\"elementor-widget-wrap elementor-element-populated\">\n\t\t\t\t\t\t<div class=\"elementor-element elementor-element-69f6410 exad-sticky-section-no exad-glass-effect-no elementor-widget elementor-widget-image\" data-id=\"69f6410\" data-element_type=\"widget\" data-widget_type=\"image.default\">\n\t\t\t\t<div class=\"elementor-widget-container\">\n\t\t\t\t\t\t\t\t\t\t\t\t\t\t<a href=\"https:\/\/www.alteacultural.com\/es\/2023\/05\/20\/programa-21-05-2023\/\">\n\t\t\t\t\t\t\t<img decoding=\"async\" data-src=\"https:\/\/www.alteacultural.com\/wp-content\/uploads\/elementor\/thumbs\/castellano-pt48r2ydh9cuovkse8qd9ze5gstk6n3wk0a8ngs1ws.jpg\" title=\"castellano\" alt=\"castellano\" src=\"data:image\/gif;base64,R0lGODlhAQABAAAAACH5BAEKAAEALAAAAAABAAEAAAICTAEAOw==\" class=\"lazyload\" style=\"--smush-placeholder-width: 30px; --smush-placeholder-aspect-ratio: 30\/30;\" \/>\t\t\t\t\t\t\t\t<\/a>\n\t\t\t\t\t\t\t\t\t\t\t\t\t<\/div>\n\t\t\t\t<\/div>\n\t\t\t\t\t<\/div>\n\t\t<\/div>\n\t\t\t\t\t<\/div>\n\t\t<\/section>\n\t\t\t\t<section class=\"elementor-section elementor-top-section elementor-element elementor-element-73b943d elementor-section-boxed elementor-section-height-default elementor-section-height-default exad-glass-effect-no exad-sticky-section-no\" data-id=\"73b943d\" data-element_type=\"section\">\n\t\t\t\t\t\t<div class=\"elementor-container elementor-column-gap-default\">\n\t\t\t\t\t<div class=\"elementor-column elementor-col-100 elementor-top-column elementor-element elementor-element-73e008d exad-glass-effect-no exad-sticky-section-no\" data-id=\"73e008d\" data-element_type=\"column\">\n\t\t\t<div class=\"elementor-widget-wrap elementor-element-populated\">\n\t\t\t\t\t\t<div class=\"elementor-element elementor-element-47a15ef exad-sticky-section-no exad-glass-effect-no elementor-widget elementor-widget-text-editor\" data-id=\"47a15ef\" data-element_type=\"widget\" data-widget_type=\"text-editor.default\">\n\t\t\t\t<div class=\"elementor-widget-container\">\n\t\t\t\t\t\t\t<h3 style=\"text-align: center;\"><span style=\"color: #ffffff;\">Festival de Bandas<\/span><\/h3>\t\t\t\t\t\t<\/div>\n\t\t\t\t<\/div>\n\t\t\t\t\t<\/div>\n\t\t<\/div>\n\t\t\t\t\t<\/div>\n\t\t<\/section>\n\t\t\t\t<section class=\"elementor-section elementor-top-section elementor-element elementor-element-f2845cd elementor-section-boxed elementor-section-height-default elementor-section-height-default exad-glass-effect-no exad-sticky-section-no\" data-id=\"f2845cd\" data-element_type=\"section\">\n\t\t\t\t\t\t<div class=\"elementor-container elementor-column-gap-default\">\n\t\t\t\t\t<div class=\"elementor-column elementor-col-100 elementor-top-column elementor-element elementor-element-99fde3d exad-glass-effect-no exad-sticky-section-no\" data-id=\"99fde3d\" data-element_type=\"column\">\n\t\t\t<div class=\"elementor-widget-wrap elementor-element-populated\">\n\t\t\t\t\t\t<div class=\"elementor-element elementor-element-4a5798e exad-sticky-section-no exad-glass-effect-no elementor-widget elementor-widget-accordion\" data-id=\"4a5798e\" data-element_type=\"widget\" data-widget_type=\"accordion.default\">\n\t\t\t\t<div class=\"elementor-widget-container\">\n\t\t\t\t\t<div class=\"elementor-accordion\">\n\t\t\t\t\t\t\t<div class=\"elementor-accordion-item\">\n\t\t\t\t\t<div id=\"elementor-tab-title-7791\" class=\"elementor-tab-title\" data-tab=\"1\" role=\"button\" aria-controls=\"elementor-tab-content-7791\" aria-expanded=\"false\">\n\t\t\t\t\t\t\t\t\t\t\t\t\t<span class=\"elementor-accordion-icon elementor-accordion-icon-left\" aria-hidden=\"true\">\n\t\t\t\t\t\t\t\t\t\t\t\t\t\t\t<span class=\"elementor-accordion-icon-closed\"><i class=\"fas fa-plus\"><\/i><\/span>\n\t\t\t\t\t\t\t\t<span class=\"elementor-accordion-icon-opened\"><i class=\"fas fa-minus\"><\/i><\/span>\n\t\t\t\t\t\t\t\t\t\t\t\t\t\t<\/span>\n\t\t\t\t\t\t\t\t\t\t\t\t<a class=\"elementor-accordion-title\" tabindex=\"0\">Programa<\/a>\n\t\t\t\t\t<\/div>\n\t\t\t\t\t<div id=\"elementor-tab-content-7791\" class=\"elementor-tab-content elementor-clearfix\" data-tab=\"1\" role=\"region\" aria-labelledby=\"elementor-tab-title-7791\"><h2><span style=\"color: #000080;\"><strong>Programa<\/strong><\/span><\/h2><p><br \/>PRIMERA PARTE<\/p><h3>Centre Art\u00edstic Cultural \u201cVerge de la Pau\u201d de Agost<\/h3><h4>CIBMV&#8217;23 Segunda secci\u00f3n<br \/><br \/><\/h4><h3>\u00b7 <span style=\"color: #808000;\"><em>So\u00f1ad el mar<\/em><\/span> (pasodoble), de Manuel Morales<br \/><br \/>\u00b7 <span style=\"color: #808000;\"><em>With Heart &amp; Voice<\/em><\/span>, de David R. Gillingham<\/h3><h3><br \/>\u00b7 <span style=\"color: #808000;\"><em>Sorolla<\/em> <\/span>(Jota del Ballet), de Juan Jos\u00e9 Colomer<\/h3><h3><br \/>\u00b7 <em><span style=\"color: #808000;\">La Ruta<\/span><\/em>, de David Pont Ripoll<\/h3><h3>\u00a0<\/h3><h3><span style=\"color: #000080;\">Director: Jos\u00e9 Algado<\/span><\/h3><p><br \/><br \/>SEGUNDA PARTE<\/p><h3>Banda Sinf\u00f3nica de la Stat. Filharm\u00f2nica Alteanense<\/h3><h4>CIBMV&#8217;23 Primera Secci\u00f3n<\/h4><h3><br \/>\u00b7 <span style=\"color: #808000;\"><em>Cielo Andaluz<\/em><\/span> (pasodoble), de Pascual Marquina Narro<span style=\"color: #999999;\"> [3&#8217;5\u00bb]<\/span><\/h3><h3><br \/>\u00b7 <span style=\"color: #808000;\"><em>Smphony for Winds<\/em><\/span>, de Martin Ellerby<\/h3><p style=\"padding-left: 40px;\"><strong>I. Tribute [6\u20195\u2019\u2019] <\/strong><br \/><strong>II. Chorale [7\u201945\u2019\u2019] <\/strong><br \/><strong>III. Display [4\u20195\u2019\u2019]<\/strong><\/p><h3><br \/>\u00b7 <em><span style=\"color: #808000;\">Simfonia n\u00fam. 2 \u2018De la Mar\u2019<\/span><\/em>, de Mart\u00ednez Gallego<span style=\"color: #999999;\"> [20&#8217;15\u00bb]<\/span><\/h3><h3>\u00a0<\/h3><h3><span style=\"color: #000080;\">Director: Rafael M. Garrig\u00f3s Garc\u00eda<\/span><\/h3><\/div>\n\t\t\t\t<\/div>\n\t\t\t\t\t\t\t<div class=\"elementor-accordion-item\">\n\t\t\t\t\t<div id=\"elementor-tab-title-7792\" class=\"elementor-tab-title\" data-tab=\"2\" role=\"button\" aria-controls=\"elementor-tab-content-7792\" aria-expanded=\"false\">\n\t\t\t\t\t\t\t\t\t\t\t\t\t<span class=\"elementor-accordion-icon elementor-accordion-icon-left\" aria-hidden=\"true\">\n\t\t\t\t\t\t\t\t\t\t\t\t\t\t\t<span class=\"elementor-accordion-icon-closed\"><i class=\"fas fa-plus\"><\/i><\/span>\n\t\t\t\t\t\t\t\t<span class=\"elementor-accordion-icon-opened\"><i class=\"fas fa-minus\"><\/i><\/span>\n\t\t\t\t\t\t\t\t\t\t\t\t\t\t<\/span>\n\t\t\t\t\t\t\t\t\t\t\t\t<a class=\"elementor-accordion-title\" tabindex=\"0\">El festival<\/a>\n\t\t\t\t\t<\/div>\n\t\t\t\t\t<div id=\"elementor-tab-content-7792\" class=\"elementor-tab-content elementor-clearfix\" data-tab=\"2\" role=\"region\" aria-labelledby=\"elementor-tab-title-7792\"><p>Este Festival de Bandas, organizado la Sociedad Filarm\u00f3nica Alteanense, est\u00e1 enmarcado en la celebraci\u00f3n de conciertos de preparaci\u00f3n de la banda para su participaci\u00f3n en el Certamen Internacional de Bandas de M\u00fasica Ciudad de Val\u00e8ncia 2023, y \u2013como no- integrado en su ciclo de conciertos de primavera que, en formado concierto-festival, cuenta en este caso con la participaci\u00f3n de la banda sinf\u00f3nica del \u201cCentro Art\u00edstico Cultural Virgen de la Pau de Agost\u201d.<\/p><p>\u00a0<\/p><p>Este concierto-festival tiene un rescoldo especial para ambas bandas, pues tanto la banda de Agost como la banda de Altea participar\u00e1n en el Certamen Internacional de Bandas de M\u00fasica Ciudad de Val\u00e8ncia, en julio de este a\u00f1o, no como contrincantes, puesto que cada una de las bandas participar\u00e1n en secciones distintas. La banda de Agost participar\u00e1 en la SECCI\u00d3N SEGUNDA del Certamen, que incluye bandas de hasta 80 m\u00fasicos en plantilla; y la banda de Altea en la SECCI\u00d3N PRIMERA, que incluye otras bandas de hasta 110 m\u00fasicos en plantilla.<\/p><p>\u00a0<\/p><p>En este concierto, ambas bandas nos interpretar\u00e1n las obras con que participar\u00e1n al Certamen.<\/p><\/div>\n\t\t\t\t<\/div>\n\t\t\t\t\t\t\t<div class=\"elementor-accordion-item\">\n\t\t\t\t\t<div id=\"elementor-tab-title-7793\" class=\"elementor-tab-title\" data-tab=\"3\" role=\"button\" aria-controls=\"elementor-tab-content-7793\" aria-expanded=\"false\">\n\t\t\t\t\t\t\t\t\t\t\t\t\t<span class=\"elementor-accordion-icon elementor-accordion-icon-left\" aria-hidden=\"true\">\n\t\t\t\t\t\t\t\t\t\t\t\t\t\t\t<span class=\"elementor-accordion-icon-closed\"><i class=\"fas fa-plus\"><\/i><\/span>\n\t\t\t\t\t\t\t\t<span class=\"elementor-accordion-icon-opened\"><i class=\"fas fa-minus\"><\/i><\/span>\n\t\t\t\t\t\t\t\t\t\t\t\t\t\t<\/span>\n\t\t\t\t\t\t\t\t\t\t\t\t<a class=\"elementor-accordion-title\" tabindex=\"0\">Notes al programa<\/a>\n\t\t\t\t\t<\/div>\n\t\t\t\t\t<div id=\"elementor-tab-content-7793\" class=\"elementor-tab-content elementor-clearfix\" data-tab=\"3\" role=\"region\" aria-labelledby=\"elementor-tab-title-7793\"><p><strong>CIELO ANDALUZ, DE PASCUAL MARQUINA NARRO<\/strong><\/p><p>\u00a0<\/p><p>Pascual Marquina Narro (1873-1948) naci\u00f3 en una familia de m\u00fasicos. Su padre, Santiago Marquina Redrado, era director de diversas orquestas, entre otras la Banda Musical de la Uni\u00f3n Bilbilitana, la Banda de M\u00fasica de Tob\u00e9 y la Banda de M\u00fasica de Torrella. Las primeras lecciones de m\u00fasica las recibe de su padre, pero a partir de los siete a\u00f1os pasa a formar parte del Coro de Infantes de la Bas\u00edlica del Santo Sepulcro, bajo la direcci\u00f3n de Ildefonso Pardos. A los nueve a\u00f1os toca la flauta travesera con la Banda Musical de la Uni\u00f3n Bilbilitana. A los quince escribe su primera composici\u00f3n, una obra para tenor y \u00f3rgano, titulada Osarum. Se convierte en director de la Banda de M\u00fasica de Daroca a los 17 a\u00f1os.<\/p><p>\u00a0<\/p><p>Dos a\u00f1os m\u00e1s tarde, hace el servicio militar en la Banda del Regimiento Luchana en Barcelona. A la vez estudia en el Conservatorio Superior Municipal de M\u00fasica Barcelona composici\u00f3n y armon\u00eda, bajo la supervisi\u00f3n de Jos\u00e9 Mar\u00eda Varela Silvari (1848-1926), Mart\u00ednez Sorolla y Bonet, entre otros. En 1901 se convierte en director de la Banda de M\u00fasica del Regimiento de Cazadores de Llerena y m\u00e1s tarde, en 1916, de la Banda de M\u00fasica del Segundo Regimiento de Ingenieros de Zapadores de Madrid, con la que dio muchos conciertos tanto en Espa\u00f1a como en el extranjero.<\/p><p>\u00a0<\/p><p>En 1904 comienza a componer obras tonales para impresionar al p\u00fablico de Madrid. En 1914 se convierte en director del Teatro de la Zarzuela. Fue durante 18 a\u00f1os director art\u00edstico de la compa\u00f1\u00eda discogr\u00e1fica La Voz de su Amo.<\/p><p>\u00a0<\/p><p>Se le entreg\u00f3 la Cruz de la Orden de Victoria del Reino Unido por una composici\u00f3n en la que reun\u00eda el himno espa\u00f1ol, la Marcha Real, y la canci\u00f3n popular God save the Queen, con ocasi\u00f3n de la boda de Alfonso XIII de Espa\u00f1a con Victoria Eugenia de Battenberg. Tambi\u00e9n fue honrado con la cruz y la placa de la Orden de San Hermenegildo, la Cruz del M\u00e9rito Militar y la Cruz del Rif.<\/p><p>\u00a0<\/p><p>Tambi\u00e9n es el compositor del \u00abRey del Pasodoble\u00bb, el mundialmente famoso Espa\u00f1a ca\u00f1\u00ed, que originalmente llevaba el nombre de El patronista Ca\u00f1\u00ed, dedicado al patronista almanse\u00f1o Jos\u00e9 L\u00f3pez de la Osa. La obra fue estrenada en Almansa (localidad en la que resid\u00eda Jos\u00e9 L\u00f3pez) en la calle Aniceto Coloma en la puerta de su vivienda, interpretada por la Banda de Ingenieros de Madrid. La compuso en un viaje en tren a Madrid, inspirado en el traqueteo del tren.<\/p><p>\u00a0<\/p><p>Hay calles dedicadas a Pascual Marquina en las ciudades de Cartagena, Calatayud, Zaragoza, Oviedo, Montilla, Almansa y Villena.<\/p><p>\u00a0<\/p><p>\u00a0<\/p><p>\u00a0<\/p><p>\u00a0<\/p><p><strong>\u00abSYMPHONY FOR WINDS\u00bb, DE MARTIN ELLERBY<\/strong><\/p><p>\u00a0<\/p><p>Obra escrita en tres movimientos que explotan la amplia gama de colores y din\u00e1micas disponibles en el ensemble de viento contempor\u00e1neo.<\/p><p>\u00a0<\/p><ol><li>Tribute: Dos estados de \u00e1nimo muy contrastantes: uno r\u00edtmico y agresivo, el otro tranquilo y relajado; sin embargo, ambos, en el mismo tempo, compiten entre s\u00ed para dominar la obertura. El primer sujeto siempre busca un tema, presentado plenamente en la conclusi\u00f3n, mientras que el segundo sujeto siempre tiene un tema que se extiende y desarrolla en cada reaparici\u00f3n.<\/li><li>Chorale: Una serie de corales en un lenguaje simple y directo proporciona un aura de calma entre el primer y tercer movimiento. Son primordiales el color instrumental, las din\u00e1micas suaves, y el uso de la celesta y los instrumentos de percusi\u00f3n afinada.<\/li><li>Display: El final es un scherzo tenso y din\u00e1mico que contrasta los tutti con las combinaciones m\u00e1s sutiles de instrumentos solistas. Basada en los principios de las escalas y arpegios, aunque adaptada, la melod\u00eda siempre se esfuerza por formar parte de la persecuci\u00f3n. Es como un \u201cconcierto para orquesta\u201d en miniatura.<\/li><\/ol><p>BIOGRAF\u00cdA MARTIN ELLERBY<\/p><p>\u00a0<\/p><p>Martin Ellerby naci\u00f3 en Worksop, Inglaterra en 1957. Despu\u00e9s de graduarse en el London College of Music, estudi\u00f3 composici\u00f3n con Joseph Horovitz y contrapunto con W. S. Lloyd Webber en el Royal College of Music, y con Wilfred Josephs.<\/p><p>\u00a0<\/p><p>Ha compuesto varias sinfon\u00edas y obras concertantes, m\u00fasica para cuerdas, varias sonatas y suites instrumentales, canciones y m\u00fasica coral, incluida una misa para coro y orquesta. Tambi\u00e9n ha escrito obras para brass band y banda sinf\u00f3nica.<\/p><p>\u00a0<\/p><p>Entre sus premios y menciones se encuentran el W. S. Lloyd Webber Director\u2019s Prize, el Westminster Prize, el Arts Council of Great Britain Dio Fund Award, un Allcard Award, el George Butterworth y el Norman Sykes Memorial Fund Awards, el Freedom de la Ciudad de Londres, el Royal Military School of Music 2008 Dr. Martin Ellerby Class, el 2012 BUMA International Brass Award (Holanda) y la John Henry Iles Medal of the Worshipful Company of Musicians.<\/p><p>\u00a0<\/p><p>Tiene un Doctorado en Artes Musicales (DMA) de la Universidad de Salford, un Doctorado Honorario en Letras (Hon DLitt) de la Universidad de West London, as\u00ed como cinco becas. Es el director art\u00edstico de Studio Music Company (Londres), examinador externo de la Royal Air Force Music Services (RAF Northolt) y Director Honorario de la Victoria College of Music Examinations Board.<\/p><p>\u00a0<\/p><p>\u00a0<\/p><p><strong><br \/>SINFON\u00cdA N\u00ba 2 \u201cDE LA MAR\u201d de F.J. Mart\u00ednez Gallego<\/strong><\/p><p><br \/>Obra compuesta por encargo del Certamen Internacional de Bandas de M\u00fasica Villa de Altea al compositor Mart\u00ednez Gallego para el edici\u00f3n 2019 del certamen. Esta edici\u00f3n fue dedicada a la designaci\u00f3n de Altea como \u201cCapital Cultural Valenciana\u201d, bajo el lema \u201cMAR DE CULTURES\u201d.<\/p><p>\u00a0<\/p><p>En su conjunto, la obra est\u00e1 estructurada en 3 movimientos que se interpretan ininterrumpidamente.<\/p><p>\u00a0<\/p><p>Fuera de cualquier idea sobre m\u00fasica descriptiva, el 1er. Movimiento representa a la antigua Altea, la Altea arcaica que se nutri\u00f3 durante su historia de diferentes culturas. Movimiento r\u00edtmico con un material tem\u00e1tico procedente de una Canci\u00f3n Popular de esta poblaci\u00f3n, \u2018Sierra Molinet\u2019.<\/p><p>\u00a0<\/p><p>Las primeras notas de otra melod\u00eda popular, \u2018Mariner\u2019, aparecen como nexo de uni\u00f3n entre algunas secciones de toda la obra.<\/p><p>\u00a0<\/p><p>El 2\u00ba. Movimiento representa el \u2018Mar\u2019 y el monumento que lo mira de frente, la Iglesia de \u2018Nuestra Se\u00f1ora del Consuelo\u2019.<\/p><p>\u00a0<\/p><p>El tema B, dedicado a la Iglesia, se nutre de unas p\u00e1ginas del compositor renacentista Carlo Gesualdo, compositor adelantado a su \u00e9poca, con una obra original, extra\u00f1a y sorprendente en el Renacimiento, sobre todo por su concepto del \u2018Cromatismo\u2019.<\/p><p>\u00a0<\/p><p>Este cromatismo tambi\u00e9n ser\u00e1 parte fundamental en el 3er. Movimiento de la Sinfon\u00eda.<\/p><p>\u00a0<\/p><p>Con un nuevo tema, original del autor, y en contraposici\u00f3n al 1\u00ba, este \u00faltimo movimiento representa la actual y moderna Altea. El lazo de uni\u00f3n con la primera parte de la obra es el uso de unas nuevas y peculiares variaciones sobre dicho tema.<\/p><p>\u00a0<\/p><p>La obra, en su totalidad, se nutre de un lenguaje modal, modos, algunos de ellos, construidos por el propio autor.<\/p><p>\u00a0<\/p><p>\u00a0<\/p><p>FRANCISCO MART\u00cdNEZ GALLEGO<\/p><p>\u00a0<\/p><p>Natural de San Antonio de Requena (Valencia). Comenz\u00f3 sus estudios musicales en la Escuela de M\u00fasica de la Sociedad Musical \u201cLa Arm\u00f3nica\u201d de San Antonio, pasando con posterioridad a los Conservatorios de Murcia, Torrente y Valencia, centro \u00e9ste en el que obtiene el T\u00edtulo Superior de Clarinete.<\/p><p>\u00a0<\/p><p>No obstante, el campo en el que se va a ver plenamente realizado va a ser en el de la composici\u00f3n. Ampliar\u00e1 su formaci\u00f3n en este terreno con el profesor y compositor de Jazz Daniel Flors, con Miguel \u00c1ngel Mat\u00e9u y Teo Aparicio Barber\u00e1n.<\/p><p>\u00a0<\/p><p>Posteriormente, finaliza el Grado Superior de Composici\u00f3n en el Conservatorio Superior de Castell\u00f3n. En esta nueva etapa estudia con profesores, entre los que cabe destacar, como Ferrer Ferr\u00e1n, C\u00e9sar Cano, Miguel \u00c1ngel Berbis, Claudia Montero, Jes\u00fas Vizcaino y Emilio Caland\u00edn.<\/p><p>\u00a0<\/p><p>A partir de 1998 comienza a interesarse por la direcci\u00f3n de banda ampliando estudios con diferentes profesores entre los que cabe resaltar a Jos\u00e9 Rafael Pascual Vilaplana. Su principal actividad como director, en la actualidad, se centra en la S. M. \u201cEl Arte\u201d de Sinarcas (Valencia), con la que recientemente ha obtenido Primer Premio y Menci\u00f3n de Honor en la 39 Edici\u00f3n del Certamen Provincial de Valencia y Primer Premio y Menci\u00f3n de Honor en la 37 Edici\u00f3n del Certamen de Bandas de la Comunidad Valenciana.<\/p><p>\u00a0<\/p><p>Entre m\u00faltiples 1os. Premios, 2os. Premios y Acc\u00e9sits destacan:<\/p><ul><li>1er. Premio en el I Concurso Nacional de M\u00fasica Festera de Altea, a\u00f1o 2000.<\/li><li>1er. Premio en el II Concurso de Composici\u00f3n de M\u00fasica Festera de Calpe, a\u00f1o 2002.<\/li><li>1er. Premio de Composici\u00f3n de M\u00fasica Sinf\u00f3nica para Banda de Finestrat, a\u00f1o 2005.<\/li><li>1er. Premio en el Concurso de Composici\u00f3n de Pasodobles de Sant Joan de Mor\u00f3, a\u00f1o 2009.<\/li><li>1er. Premio del V Concurso de Composici\u00f3n \u2018Vila de Muro 2015\u2019, a\u00f1o 2015.<\/li><\/ul><p>En noviembre de 2014 viaj\u00f3 a los EEUU donde fue interpretada y grabada, para la discogr\u00e1fica NAXOS, su Sinfon\u00eda n\u00ba. 1 \u2018Kaprekar\u2019 por la Wind Symphony de la Universidad Estatal de Ilinois.<\/p><p>\u00a0<\/p><p>Varias de sus composiciones para banda son interpretadas como obras obligadas y libres en diversos cert\u00e1menes.<\/p><p>\u00a0<\/p><p>Es miembro de la SGAE (Sociedad General de Autores y Editores), de COSICOVA (Asociaci\u00f3n de Compositores Sinf\u00f3nicos Valencianos) y de ACMMIC (Asociaci\u00f3n de Compositores de M\u00fasica de Moros y Cristianos).<\/p><p>\u00a0<\/p><p>En la actualidad es profesor de Armon\u00eda, An\u00e1lisis y Fundamentos de Composici\u00f3n en el Conservatorio Profesional de M\u00fasica \u2018Mestre Molins\u2019 de Quart de Poblet (Valencia).<\/p><\/div>\n\t\t\t\t<\/div>\n\t\t\t\t\t\t\t<div class=\"elementor-accordion-item\">\n\t\t\t\t\t<div id=\"elementor-tab-title-7794\" class=\"elementor-tab-title\" data-tab=\"4\" role=\"button\" aria-controls=\"elementor-tab-content-7794\" aria-expanded=\"false\">\n\t\t\t\t\t\t\t\t\t\t\t\t\t<span class=\"elementor-accordion-icon elementor-accordion-icon-left\" aria-hidden=\"true\">\n\t\t\t\t\t\t\t\t\t\t\t\t\t\t\t<span class=\"elementor-accordion-icon-closed\"><i class=\"fas fa-plus\"><\/i><\/span>\n\t\t\t\t\t\t\t\t<span class=\"elementor-accordion-icon-opened\"><i class=\"fas fa-minus\"><\/i><\/span>\n\t\t\t\t\t\t\t\t\t\t\t\t\t\t<\/span>\n\t\t\t\t\t\t\t\t\t\t\t\t<a class=\"elementor-accordion-title\" tabindex=\"0\">Historial CAC Verge de la Pau Agost i el seu director<\/a>\n\t\t\t\t\t<\/div>\n\t\t\t\t\t<div id=\"elementor-tab-content-7794\" class=\"elementor-tab-content elementor-clearfix\" data-tab=\"4\" role=\"region\" aria-labelledby=\"elementor-tab-title-7794\"><p><strong>LA BANDA<\/strong><\/p><p><br \/>El Centre Art\u00edstic Cultural \u201cVerge de la Pau\u201d se fund\u00f3 el 23 de febrero de 1978. Algunos profesores de la Banda Municipal de Alicante, nacidos en Agost, junto con un grupo de aficionados y simpatizantes de la m\u00fasica, se re\u00fanen con la idea de crear una nueva entidad musical formando el que hoy es el Centre Art\u00edstic Cultural \u201cVerge de la Pau\u201d, m\u00e1s conocida en Agost como \u201cLa m\u00fasica nova\u201d. Dos meses m\u00e1s tarde, en un peque\u00f1o local cedido por el Ayuntamiento, se abre la escuela de m\u00fasica en la cual imparten clases los profesores fundadores de la sociedad. Un a\u00f1o m\u00e1s tarde, la banda ofrece el concierto de presentaci\u00f3n en el colegio \u00abLa Rambla\u00bb, dirigido por \u00c1ngel Castell\u00f3 Mart\u00ednez, en el cual se interpretaron una selecci\u00f3n de pasodobles. La banda estaba formada por los profesores, algunos miembros de la directiva y los alumnos m\u00e1s aventajados. Hasta finales de 1981, la banda la dirigen indistintamente los profesores fundadores, acabando aqu\u00ed el que podr\u00edamos denominar la etapa de formaci\u00f3n.<\/p><p><br \/>El 1982 se nombra el primer director titular de la Banda de M\u00fasica, recayendo el cargo en Jos\u00e9 Castell\u00f3 Rizo. En este momento la banda cuenta con 50 m\u00fasicos y empieza a participar en diferentes cert\u00e1menes de \u00e1mbito nacional, consiguiendo en su primera participaci\u00f3n, el 2.\u00ba premio en la segunda secci\u00f3n del certamen provincial de Alicante. El 1984 pasa a ocupar el cargo de presidente D. Antonio Torregrosa Mart\u00ednez (actual cronista de la sociedad), desarrollando durante los a\u00f1os que estuvo al frente de la sociedad una gran tarea social y de coordinaci\u00f3n. Bajo su presidencia, se inaugur\u00f3 al local social y se cre\u00f3 oficialmente la Escola de M\u00fasica \u2018Verge de la Pau\u2019 en el a\u00f1o 1995, estando como centro de ense\u00f1amiento musical reconocido. Jos\u00e9 Castell\u00f3 deja la direcci\u00f3n de la banda el julio de 1985, habiendo realizado en 3 a\u00f1os y medio 33 conciertos, 11 festivales, y participado en 9 cert\u00e1menes.<\/p><p><br \/>A partir de este momento se hace cargo de la direcci\u00f3n de la Banda Manuel Castell\u00f3 Rizo, hermano del anterior director, contando la banda en estos momentos con una plantilla de 65 m\u00fasicos. El 2 de diciembre de 1989 se inaugur\u00f3 el local social, en el cual se cuenta con sala de ensayos, 5 aulas para impartir clases de m\u00fasica, archivo, despachos, almac\u00e9n para instrumental, y sala de audiovisuales. Durante este periodo, la banda realiza giras con varios conciertos por Austria el 1989, Holanda el 1991 y Francia el 1993, dejando un gran sabor de boca, y haciendo de embajador de nuestro pueblo en los diferentes pa\u00edses europeos.<\/p><p><br \/>En 2013, la sociedad acontece en un nueva etapa marcada por un cambio generacional, en el que los m\u00e1s j\u00f3venes toman parte de la gesti\u00f3n y en el que la direcci\u00f3n art\u00edstica recae bajo la batuta del maestro Jos\u00e9 Vicente Algado Climent. Durante este periodo, la banda tiene una intensa participaci\u00f3n en cert\u00e1menes, tanto en \u00e1mbito nacional como internacional, y en la que sin duda, marca una \u00e9poca de grandes \u00e9xitos musicales. La banda participa en 11 cert\u00e1menes, obteniendo 10 primeros premios, 3 de ellos con menci\u00f3n de honor. Adem\u00e1s, realiza gran cantidad de conciertos y organiza numerosas actividades, afrontando proyectos muy diversos y ofreciendo al p\u00fablico asistente unas actuaciones muy variadas. Adem\u00e1s, se edita el CD \u201cSons que fan hist\u00f3rica\u201c, un trabajo recopilatorio de las actuaciones de la banda en los diferentes concursos.<\/p><p><br \/>A d\u00eda de hoy, la banda del Centre Art\u00edstic Cultural \u201cVerge de la Pau\u201d ha participado en m\u00e1s de 60 cert\u00e1menes, habiendo conseguido en ellos 36 primeros premios, de los cuales habr\u00eda que destacar el primer premio al certamen de la Ciudad de Cullera en 1997, los primeros premios con menci\u00f3n de honor obtenidos al certamen internacional \u2018Ciudad de Val\u00e8ncia\u2019, a la secci\u00f3n segunda en los a\u00f1os 1988 y 1997 y a la secci\u00f3n tercera en 2008. Adem\u00e1s destacar los 9 primeros premios con menci\u00f3n de honor conseguidos al certamen provincial de Alicante, entre los a\u00f1os 1985 y 2015 y los primeros premios conseguidos en 1991, 2003, 2015 y 2018 en el certamen de la Comunitat Valenciana. Adem\u00e1s, en el \u00e1mbito festero, es la banda m\u00e1s galardona en la actualidad en el certamen de m\u00fasica festera de Elda, en el que ha obtenido el primer premio en los a\u00f1os: 1991, 2000, 2004, 2006, 2010, 2017 y 2019, adem\u00e1s, ha participado en el certamen de m\u00fasica festera de \u00abAltea la Vella\u00bb en 2015, en el certamen de interpretaci\u00f3n de m\u00fasica festera de Alcoy 2018 y en el certamen de m\u00fasica festera \u2018Vila de Cocentaina\u2019 en 2022, obteniendo el primer premio.<\/p><p>\u00a0<\/p><p><strong><br \/>EL DIRECTOR<\/strong><br \/><br \/>Jos\u00e9 Algado nace en 1981 e inicia sus estudios musicales en el Centro Musical Puig Campana de Finestrat con su padre, continu\u00e1ndolos en el Conservatorio \u201cJos\u00e9 P\u00e9rez Barcel\u00f3\u201d de Benidorm y en el Conservatorio \u201cOscar Espl\u00e1\u201d de Alicante, donde finaliza los estudios de profesor de trompa.<\/p><p><br \/>En el a\u00f1o 1996 fue becado por el Centro de Estudios Norte Americano para realizar un curso de verano en el \u201cInternational Musica Camp\u201d en Minot (EEUU).<\/p><p><br \/>En el campo de la direcci\u00f3n inicia sus estudios, en 1999, asistiendo a diferentes cursos de direcci\u00f3n con: Jos\u00e9 R. Pascual, Frank de Vuyk, Crist\u00f3bal Soler, Rafael Sanz Espert, Douglas Bostock. Estudia composici\u00f3n con Joan Enric Canet en el Conservatorio Superior de Alicante y con Norman Milan\u00e9s. Es Graduado Superior en Direcci\u00f3n de Orquesta por el Conservatorio Superior de M\u00fasica de Murcia, donde estudi\u00f3 con C\u00e9sar \u00c1lvarez y Jose Miguel Rodilla. Ha sido becado en dos ocasiones, por la Conseller\u00eda de Educaci\u00f3n de la Generalitat Valenciana, para asistir a los cursos de direcci\u00f3n de banda de la Bercklee College of Music con Rafael Sanz Espert.<\/p><p><br \/>Como director ha dirigido diferentes formaciones, como por ejemplo: Orquesta Sinf\u00f3nica de la Catedral de Madrid, Banda del Centro Musical Puig Campana de Finestrat, Banda de Lanjar\u00f3n (Granada), Banda Municipal de \u201clos Palacios y Villafranca\u201d (Sevilla), Banda Sinf\u00f3nica de Ojijares (Granada), Orquesta de la Universidad de Valencia, Banda Nacional de Conciertos de Cuba, Rundfunk-Blasorchester Leipzig (Alemania), Orquesta Sinf\u00f3nica del Conservatorio Superior de Murcia y ha acompa\u00f1ado a importantes solistas como: Ara Malikiam, Joaquin Palomares, Manuel Blanco, Ricardo Molla.<\/p><p><br \/>Ha sido director titular de la Agrupaci\u00f3n Coral de Finestrat (1999-2005), de la Banda \u201cLa lira\u201d de Monforte del Cid (2006-2007), la Banda del Ateneo Musical de Cocentaina (2007-2009), Banda del Centro Musical Puig Campana de Finestrat (2005-2012) y Orquesta de C\u00e1mara de la Uni\u00f3n Musical de Benidorm.<\/p><p>Ha sido galardonado con:<\/p><ul><li>El 1er premio en el concurso de j\u00f3venes int\u00e9rpretes de Villena en el a\u00f1o 1996, colaborando posteriormente en la grabaci\u00f3n de un CD.<\/li><li>Premio al mejor int\u00e9rprete en el \u201cInternational Music Camp\u201d de Minot (USA) en el a\u00f1o 1996.<\/li><li>La batuta del maestro \u201cGuillermo Tomas\u201d, atorgada por la Banda Nacional de Conciertos y el Ministerio de Cultura de Cuba, en el 2005.<\/li><li>El 1er premio en el Certamen de m\u00fasica de Moros y Cristianos de la Font d\u2019en Carros con la Banda del Ateneu Musical de Cocentaina, en el a\u00f1o 2007.<\/li><li>El 1er premio en la segunda categor\u00eda del Certamen Provincial de Alicante con el Centre Art\u00edstic Cultural Verge de la Pau de Agost en el a\u00f1o 2013.<\/li><li>El 3er premio en la segunda categor\u00eda del Certamen Internacional de Valencia con el Centre Art\u00edstic Cultural Verge de la Pau d\u2019Agost en el a\u00f1o 2014.<\/li><li>El 1er premi en el Certamen de M\u00fasica Festera de Altea la Vella con el Centre Art\u00edstic Cultural Verge de la Pau de Agost, febrero de 2015.<\/li><li>1er Premio y Menci\u00f3n de Honor en la segunda categor\u00eda del Certamen Provincial de Alicante con el Centre Art\u00edstic Cultural \u201cVerge de la Pau\u201d de Agost, marzo de 2015.<\/li><li>1er Premio en el Certamen de bandas juveniles de Beniarr\u00e9s con la Banda Joven del Centre Art\u00edstic Cultural \u201cVerge de la Pau\u201d de Agost, abril de 2015.<\/li><li>1er Premio en el Certamen de bandas de la Comunitat Valenciana con el Centre Art\u00edstic Cultural \u201cVerge de la Pau\u201d de Agost, noviembre de 2015.<\/li><li>1er Premio en el Certamen de M\u00fasica de Moros y Cristianos de Elda con el Centre Art\u00edstic Cultural \u201cVerge de la Pau\u201d de Agost, marzo de 2017.<\/li><li>1er Premio i Menci\u00f3n de Honor en la segunda categor\u00eda del Certamen Provincial de Alicante con el Centre Art\u00edstic Cultural \u201cVerge de la Pau\u201d de Agost, abril de 2018.<\/li><\/ul><p>Ha formado parte como miembro del jurado del: Concurso de metales de Namur (B\u00e9lgica), Certamen de M\u00fasica de Moros y Cristianos de Agosto, del XLV y XLVI Certamen Provincial de Bandas de la Diputaci\u00f3n de Alicante y de la 33 edici\u00f3n del Certamen de M\u00fasica Moros y Cristianos de Elda.<\/p><p>\u00a0<\/p><p>Actualmente es director titular de la Banda del Centre Art\u00edstic Cultural \u201cVerge de la Pau\u201d de Agost y de la Uni\u00f3n Musical de Polop de la Marina.<\/p><\/div>\n\t\t\t\t<\/div>\n\t\t\t\t\t\t\t<div class=\"elementor-accordion-item\">\n\t\t\t\t\t<div id=\"elementor-tab-title-7795\" class=\"elementor-tab-title\" data-tab=\"5\" role=\"button\" aria-controls=\"elementor-tab-content-7795\" aria-expanded=\"false\">\n\t\t\t\t\t\t\t\t\t\t\t\t\t<span class=\"elementor-accordion-icon elementor-accordion-icon-left\" aria-hidden=\"true\">\n\t\t\t\t\t\t\t\t\t\t\t\t\t\t\t<span class=\"elementor-accordion-icon-closed\"><i class=\"fas fa-plus\"><\/i><\/span>\n\t\t\t\t\t\t\t\t<span class=\"elementor-accordion-icon-opened\"><i class=\"fas fa-minus\"><\/i><\/span>\n\t\t\t\t\t\t\t\t\t\t\t\t\t\t<\/span>\n\t\t\t\t\t\t\t\t\t\t\t\t<a class=\"elementor-accordion-title\" tabindex=\"0\">Historial B. S. Stat. Filharm\u00f2nica Alteanense i el seu director<\/a>\n\t\t\t\t\t<\/div>\n\t\t\t\t\t<div id=\"elementor-tab-content-7795\" class=\"elementor-tab-content elementor-clearfix\" data-tab=\"5\" role=\"region\" aria-labelledby=\"elementor-tab-title-7795\"><p><strong>BANDA SINF\u00d3NICA DE LA STAT. FILHARM\u00d2NICA ALTEANENSE<\/strong><\/p><p><br \/>Los or\u00edgenes de la Sociedad Filarm\u00f3nica Alteanense se remontan a 1889, a\u00f1o en el que se crea una agrupaci\u00f3n musical que en la tarde del 25 de agosto interpret\u00f3 los acordes del pasodoble Mazantini, escrito por Ger\u00f3nimo Gim\u00e9nez y dedicado al diestro de Elgoibar, bajo la batuta del maestro Francisco V. Marzal Ferrer (Almoines). Veintis\u00e9is a\u00f1os despu\u00e9s, el 1 de agosto de 1915, adquiri\u00f3 naturaleza de entidad jur\u00eddica la Sociedad Filarm\u00f3nica Alteanense, presidida entonces por el m\u00e9dico Jos\u00e9 Sevila S\u00e1nchez y bajo el impulso del maestro de m\u00fasica Jos\u00e9 P\u00e9rez Albi\u00f1ana.<\/p><p>\u00a0<\/p><p>Ciento veinticinco a\u00f1os de una banda que ha obtenido m\u00e1s de treinta premios y galardones a lo largo de su historia, con especial significaci\u00f3n los primeros premios conseguidos en el Certamen Internacional de Frankfurt (1973), en la Olimpiada Mundial de la M\u00fasica WMC Kerkrade (Holanda) (dos medallas de oro en 1985 y dos medallas de oro, menci\u00f3n de honor y estandarte de honor en 1989), Certamen de la Diputaci\u00f3n de Alicante (1986 y 1988), Certamen de la Comunidad Valenciana (1986), Certamen Internacional Ciudad de Valencia (1987 y 1990), Campo de Criptana (1994) y segundo premio en la secci\u00f3n primera del XI Certamen Nacional Ciudad de Murcia (2001). En 1992 se le otorg\u00f3 el Premio Nacional Cultura Viva de Agrupaciones Musicales \u00abpor su gran calidad interpretativa, reflejada en importantes \u00e9xitos internacionales\u00bb, y fue seleccionada entre las veinte mejores bandas de la Comunidad Valenciana con motivo de los conciertos especiales del proyecto M\u00fasica 92.<\/p><p>\u00a0<\/p><p>Los galardones m\u00e1s reciente son la medalla de oro con menci\u00f3n de honor en la XV Olimpiada Mundial de la M\u00fasica WMC Kerkrade (Holanda) 2005 y el Primer Premio en el Concurso Internacional de Bandas Filarmonia D\u2019Ouro (Portugal) 2016. Numeros\u00edsimas distinciones y reconocimientos ocupan las vitrinas, entre las que se halla la de Importantes del Diario <em>Informaci\u00f3n<\/em> de noviembre del a\u00f1o 2000, y de ciudades espa\u00f1olas y otros pa\u00edses europeos. En 2004 se le otorg\u00f3 el Premio Euterpe, m\u00e1ximo distinci\u00f3n que concede la Federaci\u00f3n de Sociedades Musicales de la Comunidad Valenciana.<\/p><p>\u00a0<\/p><p>En la Sociedad Filarm\u00f3nica Alteanense se integran, adem\u00e1s de la banda sinf\u00f3nica, una coral polif\u00f3nica, una orquesta de pulso y p\u00faa, una orquesta de c\u00e1mara, una colla de dol\u00e7aina i tabalet, varios grupos de c\u00e1mara y su escuela de m\u00fasica, con m\u00e1s de 350 alumnos.<\/p><p>\u00a0<\/p><p>La SFA organiza anualmente numerosas actividades, entre las que destacan las Jornadas M\u00fasico-Culturales en honor a Santa Cecilia y el Certamen Internacional de Bandas de M\u00fasica Villa de Altea, uno de los m\u00e1s prestigiosos de Europa.<\/p><p>\u00a0<\/p><p>La SFA ha realizado numerosas grabaciones para RNE, TVE, R\u00e0dio 9 y edici\u00f3n propia. En la actualidad, la plantilla de esta agrupaci\u00f3n est\u00e1 compuesta por m\u00e1s de un centenar de m\u00fasicos, y est\u00e1 dirigida por D. Jaime Fco. Ripoll Martins, \u00faltimo de los 18 directores durante toda su historia.<\/p><p>\u00a0<\/p><p>Tambi\u00e9n la han dirigido, como invitados, compositores y directores tan destacados como Jos\u00e9 Fuster, Fernando Penella, Jef Penders, Vicente Perell\u00f3 Dom\u00e9nech, Pablo S\u00e1nchez Torrella, Rafael Talens Pell\u00f3, Bernab\u00e9 Sanch\u00eds Sanz, Julio Ribelles Brunet, Enrique Garc\u00eda Asensio, Bernardo Adam Ferrero, Frank De Vuyst y Jordi Franc\u00e9s Sanju\u00e1n.<\/p><p><strong><br \/><br \/><\/strong><\/p><p><strong>Rafael M. Garrig\u00f3s Garc\u00eda<br \/><br \/><\/strong><\/p><p>En los conservatorios superiores de Valencia, Madrid, Granada y Murcia ha realizado estudios de trompa, piano, composici\u00f3n, direcci\u00f3n de coros y direcci\u00f3n de orquesta, obteniendo Premio Extraordinario Fin de Estudios en Composici\u00f3n y Direcci\u00f3n de Coros.<\/p><p><br \/>Es profesor del Conservatorio Profesional \u201cGuitarrista Jos\u00e9 Tom\u00e1s\u201d de Alicante donde ha impartido las asignaturas de Direcci\u00f3n Sinf\u00f3nico-Coral, Orquesta, Inform\u00e1tica Musical y Lenguaje Musical.<\/p><p><br \/>Ha sido director titular de, entre otras, la Banda de M\u00fasica \u201dLa Primitiva\u201d de la Associaci\u00f3 d\u2019Amics de la M\u00fasica de Callosa d\u2019En Sarri\u00e1, Banda Sinf\u00f3nica y Orquesta de C\u00e1mara de la Societat Filharm\u00f2nica Alteanense, Banda Sinf\u00f3nica de la Societat Musical \u201c La Alianza \u201d de Mutxamel, Banda Sinf\u00f3nica de la Sociedad Filarm\u00f3nica Uni\u00f3n Musical de Agost, Uni\u00f3n Musical de Canyada (Alicante), Banda Sinf\u00f3nica de la Sociedad Instructiva Uni\u00f3n Musical de Tavernes de la Valldigna (Valencia), y Uni\u00f3n Musical Santa Cecilia de Enguera (Valencia). En la actualidad, 16 a\u00f1os despu\u00e9s vuelve como director titular de la Banda Sinf\u00f3nica de la Societat Filharm\u00f2nica Alteanense.<\/p><p><br \/>Es director musical de la Orquesta de la compa\u00f1\u00eda de \u00d3pera y Zarzuela \u201cCompa\u00f1\u00eda L\u00edrica de Andaluc\u00eda\u201d con la que ha dirigido numerosas representaciones de grandes zarzuelas.<\/p><p><br \/>Ha sido invitado a dirigir orquestas y bandas en Espa\u00f1a, Italia, Colombia y Portugal, y ha impartido diferentes cursos y Master Class de Direcci\u00f3n en Espa\u00f1a, Italia y Colombia en colaboraci\u00f3n de la ANBIMA (Federaci\u00f3n Nacional Italiana de Bandas), Federaci\u00f3n de Sociedades Musicales de la Comunidad Valenciana, Conseller\u00eda de Educaci\u00f3n de la Comunidad Valenciana, Consejer\u00eda de Educaci\u00f3n de Andaluc\u00eda, etc.<\/p><p><br \/>Durante 2013 ha sido seleccionado como director de la Jove Banda Simf\u00f2nica de la Federaci\u00f3n de Sociedades Musicales de la Comunidad Valenciana, realizando conciertos en ciudades como Madrid y Valencia, y giras de conciertos por Espa\u00f1a, Holanda y B\u00e9lgica invitados por WMC de Kerkrade.<\/p><p><strong>\u00a0<\/strong><\/p><\/div>\n\t\t\t\t<\/div>\n\t\t\t\t\t\t\t\t<\/div>\n\t\t\t\t<\/div>\n\t\t\t\t<\/div>\n\t\t\t\t\t<\/div>\n\t\t<\/div>\n\t\t\t\t\t<\/div>\n\t\t<\/section>\n\t\t\t\t<section class=\"elementor-section elementor-top-section elementor-element elementor-element-a7109f5 elementor-section-boxed elementor-section-height-default elementor-section-height-default exad-glass-effect-no exad-sticky-section-no\" data-id=\"a7109f5\" data-element_type=\"section\">\n\t\t\t\t\t\t<div class=\"elementor-container elementor-column-gap-default\">\n\t\t\t\t\t<div class=\"elementor-column elementor-col-100 elementor-top-column elementor-element elementor-element-3c07a8f exad-glass-effect-no exad-sticky-section-no\" data-id=\"3c07a8f\" data-element_type=\"column\">\n\t\t\t<div class=\"elementor-widget-wrap\">\n\t\t\t\t\t\t\t<\/div>\n\t\t<\/div>\n\t\t\t\t\t<\/div>\n\t\t<\/section>\n\t\t\t\t<section class=\"elementor-section elementor-top-section elementor-element elementor-element-7d46883 elementor-section-boxed elementor-section-height-default elementor-section-height-default exad-glass-effect-no exad-sticky-section-no\" data-id=\"7d46883\" data-element_type=\"section\">\n\t\t\t\t\t\t<div class=\"elementor-container elementor-column-gap-default\">\n\t\t\t\t\t<div class=\"elementor-column elementor-col-100 elementor-top-column elementor-element elementor-element-16ce4bc exad-glass-effect-no exad-sticky-section-no\" data-id=\"16ce4bc\" data-element_type=\"column\">\n\t\t\t<div class=\"elementor-widget-wrap elementor-element-populated\">\n\t\t\t\t\t\t<div class=\"elementor-element elementor-element-35b8ea1 elementor-arrows-position-inside elementor-pagination-position-outside exad-sticky-section-no exad-glass-effect-no elementor-widget elementor-widget-image-carousel\" data-id=\"35b8ea1\" data-element_type=\"widget\" data-settings=\"{&quot;navigation&quot;:&quot;both&quot;,&quot;autoplay&quot;:&quot;yes&quot;,&quot;pause_on_hover&quot;:&quot;yes&quot;,&quot;pause_on_interaction&quot;:&quot;yes&quot;,&quot;autoplay_speed&quot;:5000,&quot;infinite&quot;:&quot;yes&quot;,&quot;speed&quot;:500}\" data-widget_type=\"image-carousel.default\">\n\t\t\t\t<div class=\"elementor-widget-container\">\n\t\t\t\t\t<div class=\"elementor-image-carousel-wrapper swiper\" dir=\"ltr\">\n\t\t\t<div class=\"elementor-image-carousel swiper-wrapper\" aria-live=\"off\">\n\t\t\t\t\t\t\t\t<div class=\"swiper-slide\" role=\"group\" aria-roledescription=\"slide\" aria-label=\"1 de 4\"><figure class=\"swiper-slide-inner\"><img decoding=\"async\" class=\"swiper-slide-image lazyload\" data-src=\"https:\/\/www.alteacultural.com\/wp-content\/uploads\/2023\/03\/Altea_bandaSFA-1024x425-1-300x300.jpg\" alt=\"Altea_bandaSFA-1024x425\" src=\"data:image\/gif;base64,R0lGODlhAQABAAAAACH5BAEKAAEALAAAAAABAAEAAAICTAEAOw==\" style=\"--smush-placeholder-width: 300px; --smush-placeholder-aspect-ratio: 300\/300;\" \/><\/figure><\/div><div class=\"swiper-slide\" role=\"group\" aria-roledescription=\"slide\" aria-label=\"2 de 4\"><figure class=\"swiper-slide-inner\"><img decoding=\"async\" class=\"swiper-slide-image lazyload\" data-src=\"https:\/\/www.alteacultural.com\/wp-content\/uploads\/2023\/03\/rafa-garrigos-300x300.jpg\" alt=\"rafa garrigos\" src=\"data:image\/gif;base64,R0lGODlhAQABAAAAACH5BAEKAAEALAAAAAABAAEAAAICTAEAOw==\" style=\"--smush-placeholder-width: 300px; --smush-placeholder-aspect-ratio: 300\/300;\" \/><\/figure><\/div><div class=\"swiper-slide\" role=\"group\" aria-roledescription=\"slide\" aria-label=\"3 de 4\"><figure class=\"swiper-slide-inner\"><img decoding=\"async\" class=\"swiper-slide-image lazyload\" data-src=\"https:\/\/www.alteacultural.com\/wp-content\/uploads\/2023\/05\/Banda_Agost_LaSocietat-scaled-1-300x300.jpg\" alt=\"Banda_Agost_LaSocietat-scaled\" src=\"data:image\/gif;base64,R0lGODlhAQABAAAAACH5BAEKAAEALAAAAAABAAEAAAICTAEAOw==\" style=\"--smush-placeholder-width: 300px; --smush-placeholder-aspect-ratio: 300\/300;\" \/><\/figure><\/div><div class=\"swiper-slide\" role=\"group\" aria-roledescription=\"slide\" aria-label=\"4 de 4\"><figure class=\"swiper-slide-inner\"><img decoding=\"async\" class=\"swiper-slide-image lazyload\" data-src=\"https:\/\/www.alteacultural.com\/wp-content\/uploads\/2023\/05\/JoseAlgado-842x561-1-300x300.jpg\" alt=\"JoseAlgado-842x561\" src=\"data:image\/gif;base64,R0lGODlhAQABAAAAACH5BAEKAAEALAAAAAABAAEAAAICTAEAOw==\" style=\"--smush-placeholder-width: 300px; --smush-placeholder-aspect-ratio: 300\/300;\" \/><\/figure><\/div>\t\t\t<\/div>\n\t\t\t\t\t\t\t\t\t\t\t\t<div class=\"elementor-swiper-button elementor-swiper-button-prev\" role=\"button\" tabindex=\"0\">\n\t\t\t\t\t\t<i aria-hidden=\"true\" class=\"eicon-chevron-left\"><\/i>\t\t\t\t\t<\/div>\n\t\t\t\t\t<div class=\"elementor-swiper-button elementor-swiper-button-next\" role=\"button\" tabindex=\"0\">\n\t\t\t\t\t\t<i aria-hidden=\"true\" class=\"eicon-chevron-right\"><\/i>\t\t\t\t\t<\/div>\n\t\t\t\t\n\t\t\t\t\t\t\t\t\t<div class=\"swiper-pagination\"><\/div>\n\t\t\t\t\t\t\t\t\t<\/div>\n\t\t\t\t<\/div>\n\t\t\t\t<\/div>\n\t\t\t\t<div class=\"elementor-element elementor-element-3da9f74 elementor-widget-divider--view-line exad-sticky-section-no exad-glass-effect-no elementor-widget elementor-widget-divider\" data-id=\"3da9f74\" data-element_type=\"widget\" data-widget_type=\"divider.default\">\n\t\t\t\t<div class=\"elementor-widget-container\">\n\t\t\t\t\t<div class=\"elementor-divider\">\n\t\t\t<span class=\"elementor-divider-separator\">\n\t\t\t\t\t\t<\/span>\n\t\t<\/div>\n\t\t\t\t<\/div>\n\t\t\t\t<\/div>\n\t\t\t\t<div class=\"elementor-element elementor-element-c0558ab exad-sticky-section-no exad-glass-effect-no elementor-widget elementor-widget-image\" data-id=\"c0558ab\" data-element_type=\"widget\" data-widget_type=\"image.default\">\n\t\t\t\t<div class=\"elementor-widget-container\">\n\t\t\t\t\t\t\t\t\t\t\t\t\t\t<a href=\"https:\/\/www.alteacultural.com\/alertes\">\n\t\t\t\t\t\t\t<img fetchpriority=\"high\" decoding=\"async\" width=\"2560\" height=\"1280\" src=\"https:\/\/www.alteacultural.com\/wp-content\/uploads\/2022\/04\/100x200-rollupbanner-medium_es2_AdpatParaRedesHoriz-01-scaled.jpg\" class=\"attachment-large size-large wp-image-18827\" alt=\"\" srcset=\"https:\/\/www.alteacultural.com\/wp-content\/uploads\/2022\/04\/100x200-rollupbanner-medium_es2_AdpatParaRedesHoriz-01-scaled.jpg 2560w, https:\/\/www.alteacultural.com\/wp-content\/uploads\/2022\/04\/100x200-rollupbanner-medium_es2_AdpatParaRedesHoriz-01-768x384.jpg 768w, https:\/\/www.alteacultural.com\/wp-content\/uploads\/2022\/04\/100x200-rollupbanner-medium_es2_AdpatParaRedesHoriz-01-1536x768.jpg 1536w, https:\/\/www.alteacultural.com\/wp-content\/uploads\/2022\/04\/100x200-rollupbanner-medium_es2_AdpatParaRedesHoriz-01-2048x1024.jpg 2048w\" sizes=\"(max-width: 2560px) 100vw, 2560px\" \/>\t\t\t\t\t\t\t\t<\/a>\n\t\t\t\t\t\t\t\t\t\t\t\t\t<\/div>\n\t\t\t\t<\/div>\n\t\t\t\t<div class=\"elementor-element elementor-element-d269b34 elementor-align-center exad-sticky-section-no exad-glass-effect-no elementor-widget elementor-widget-button\" data-id=\"d269b34\" data-element_type=\"widget\" data-widget_type=\"button.default\">\n\t\t\t\t<div class=\"elementor-widget-container\">\n\t\t\t\t\t<div class=\"elementor-button-wrapper\">\n\t\t\t<a class=\"elementor-button elementor-button-link elementor-size-sm\" href=\"https:\/\/www.alteacultural.com\/agenda\/\">\n\t\t\t\t\t\t<span class=\"elementor-button-content-wrapper\">\n\t\t\t\t\t\t\t\t\t<span class=\"elementor-button-text\">Agenda cultural completa<\/span>\n\t\t\t\t\t<\/span>\n\t\t\t\t\t<\/a>\n\t\t<\/div>\n\t\t\t\t<\/div>\n\t\t\t\t<\/div>\n\t\t\t\t\t<\/div>\n\t\t<\/div>\n\t\t\t\t\t<\/div>\n\t\t<\/section>\n\t\t\t\t<section class=\"elementor-section elementor-top-section elementor-element elementor-element-75129c9 elementor-section-boxed elementor-section-height-default elementor-section-height-default exad-glass-effect-no exad-sticky-section-no\" data-id=\"75129c9\" data-element_type=\"section\">\n\t\t\t\t\t\t<div class=\"elementor-container elementor-column-gap-default\">\n\t\t\t\t\t<div class=\"elementor-column elementor-col-100 elementor-top-column elementor-element elementor-element-fafffc0 exad-glass-effect-no exad-sticky-section-no\" data-id=\"fafffc0\" data-element_type=\"column\">\n\t\t\t<div class=\"elementor-widget-wrap elementor-element-populated\">\n\t\t\t\t\t\t\t<\/div>\n\t\t<\/div>\n\t\t\t\t\t<\/div>\n\t\t<\/section>\n\t\t\t\t<section class=\"elementor-section elementor-top-section elementor-element elementor-element-a5974ad elementor-section-boxed elementor-section-height-default elementor-section-height-default exad-glass-effect-no exad-sticky-section-no\" data-id=\"a5974ad\" data-element_type=\"section\">\n\t\t\t\t\t\t<div class=\"elementor-container elementor-column-gap-default\">\n\t\t\t\t\t<div class=\"elementor-column elementor-col-100 elementor-top-column elementor-element elementor-element-8d2ca0a exad-glass-effect-no exad-sticky-section-no\" data-id=\"8d2ca0a\" data-element_type=\"column\">\n\t\t\t<div class=\"elementor-widget-wrap elementor-element-populated\">\n\t\t\t\t\t\t\t<\/div>\n\t\t<\/div>\n\t\t\t\t\t<\/div>\n\t\t<\/section>\n\t\t\t\t<section class=\"elementor-section elementor-top-section elementor-element elementor-element-2f3f51e elementor-section-boxed elementor-section-height-default elementor-section-height-default exad-glass-effect-no exad-sticky-section-no\" data-id=\"2f3f51e\" data-element_type=\"section\">\n\t\t\t\t\t\t<div class=\"elementor-container elementor-column-gap-default\">\n\t\t\t\t\t<div class=\"elementor-column elementor-col-100 elementor-top-column elementor-element elementor-element-e3d1e47 exad-glass-effect-no exad-sticky-section-no\" data-id=\"e3d1e47\" data-element_type=\"column\">\n\t\t\t<div class=\"elementor-widget-wrap elementor-element-populated\">\n\t\t\t\t\t\t\t<\/div>\n\t\t<\/div>\n\t\t\t\t\t<\/div>\n\t\t<\/section>\n\t\t\t\t<section class=\"elementor-section elementor-top-section elementor-element elementor-element-bbd1b70 elementor-section-boxed elementor-section-height-default elementor-section-height-default exad-glass-effect-no exad-sticky-section-no\" data-id=\"bbd1b70\" data-element_type=\"section\">\n\t\t\t\t\t\t<div class=\"elementor-container elementor-column-gap-default\">\n\t\t\t\t\t<div class=\"elementor-column elementor-col-100 elementor-top-column elementor-element elementor-element-2c59734 exad-glass-effect-no exad-sticky-section-no\" data-id=\"2c59734\" data-element_type=\"column\">\n\t\t\t<div class=\"elementor-widget-wrap\">\n\t\t\t\t\t\t\t<\/div>\n\t\t<\/div>\n\t\t\t\t\t<\/div>\n\t\t<\/section>\n\t\t\t\t<\/div>\n\t\t","protected":false},"excerpt":{"rendered":"<p>Programa \u00b7 21\/05\/2023 Festival de Bandas Programa Programa PRIMERA PARTE Centre Art\u00edstic Cultural \u201cVerge de la Pau\u201d de Agost [&hellip;]<\/p>\n","protected":false},"author":1,"featured_media":0,"comment_status":"closed","ping_status":"closed","sticky":false,"template":"elementor_canvas","format":"standard","meta":{"_expiration-date-status":"","_expiration-date":0,"_expiration-date-type":"","_expiration-date-categories":[],"_expiration-date-options":[],"footnotes":""},"yoast_head":"<!-- This site is optimized with the Yoast SEO plugin v22.8 - https:\/\/yoast.com\/wordpress\/plugins\/seo\/ -->\n<title>Programa 21-05-2023 - Altea Cultural<\/title>\n<meta name=\"robots\" content=\"index, follow, max-snippet:-1, max-image-preview:large, max-video-preview:-1\" \/>\n<link rel=\"canonical\" href=\"https:\/\/www.alteacultural.com\/es\/2023\/05\/20\/programa-21-05-2023\/\" \/>\n<meta property=\"og:locale\" content=\"es_ES\" \/>\n<meta property=\"og:type\" content=\"article\" \/>\n<meta property=\"og:title\" content=\"Programa 21-05-2023 - Altea Cultural\" \/>\n<meta property=\"og:description\" content=\"Programa \u00b7 21\/05\/2023 Festival de Bandas Programa Programa PRIMERA PARTE Centre Art\u00edstic Cultural \u201cVerge de la Pau\u201d de Agost [&hellip;]\" \/>\n<meta property=\"og:url\" content=\"https:\/\/www.alteacultural.com\/es\/2023\/05\/20\/programa-21-05-2023\/\" \/>\n<meta property=\"og:site_name\" content=\"Altea Cultural\" \/>\n<meta property=\"article:published_time\" content=\"2023-05-20T12:34:36+00:00\" \/>\n<meta property=\"article:modified_time\" content=\"2023-05-20T21:53:07+00:00\" \/>\n<meta property=\"og:image\" content=\"https:\/\/www.alteacultural.com\/wp-content\/uploads\/elementor\/thumbs\/valencia-pt48thfiy0n8d036da41ndkk48zbusn7jwawsx7u0c.jpg\" \/>\n<meta name=\"author\" content=\"sfaltea.com-admin\" \/>\n<meta name=\"twitter:card\" content=\"summary_large_image\" \/>\n<meta name=\"twitter:label1\" content=\"Escrito por\" \/>\n\t<meta name=\"twitter:data1\" content=\"sfaltea.com-admin\" \/>\n\t<meta name=\"twitter:label2\" content=\"Tiempo de lectura\" \/>\n\t<meta name=\"twitter:data2\" content=\"21 minutos\" \/>\n<script type=\"application\/ld+json\" class=\"yoast-schema-graph\">{\"@context\":\"https:\/\/schema.org\",\"@graph\":[{\"@type\":\"WebPage\",\"@id\":\"https:\/\/www.alteacultural.com\/es\/2023\/05\/20\/programa-21-05-2023\/\",\"url\":\"https:\/\/www.alteacultural.com\/es\/2023\/05\/20\/programa-21-05-2023\/\",\"name\":\"Programa 21-05-2023 - Altea Cultural\",\"isPartOf\":{\"@id\":\"https:\/\/www.alteacultural.com\/es\/#website\"},\"primaryImageOfPage\":{\"@id\":\"https:\/\/www.alteacultural.com\/es\/2023\/05\/20\/programa-21-05-2023\/#primaryimage\"},\"image\":{\"@id\":\"https:\/\/www.alteacultural.com\/es\/2023\/05\/20\/programa-21-05-2023\/#primaryimage\"},\"thumbnailUrl\":\"https:\/\/www.alteacultural.com\/wp-content\/uploads\/elementor\/thumbs\/valencia-pt48thfiy0n8d036da41ndkk48zbusn7jwawsx7u0c.jpg\",\"datePublished\":\"2023-05-20T12:34:36+00:00\",\"dateModified\":\"2023-05-20T21:53:07+00:00\",\"author\":{\"@id\":\"https:\/\/www.alteacultural.com\/es\/#\/schema\/person\/c4e137537f1af546d214a315255e5172\"},\"breadcrumb\":{\"@id\":\"https:\/\/www.alteacultural.com\/es\/2023\/05\/20\/programa-21-05-2023\/#breadcrumb\"},\"inLanguage\":\"es\",\"potentialAction\":[{\"@type\":\"ReadAction\",\"target\":[\"https:\/\/www.alteacultural.com\/es\/2023\/05\/20\/programa-21-05-2023\/\"]}]},{\"@type\":\"ImageObject\",\"inLanguage\":\"es\",\"@id\":\"https:\/\/www.alteacultural.com\/es\/2023\/05\/20\/programa-21-05-2023\/#primaryimage\",\"url\":\"https:\/\/www.alteacultural.com\/wp-content\/uploads\/elementor\/thumbs\/valencia-pt48thfiy0n8d036da41ndkk48zbusn7jwawsx7u0c.jpg\",\"contentUrl\":\"https:\/\/www.alteacultural.com\/wp-content\/uploads\/elementor\/thumbs\/valencia-pt48thfiy0n8d036da41ndkk48zbusn7jwawsx7u0c.jpg\"},{\"@type\":\"BreadcrumbList\",\"@id\":\"https:\/\/www.alteacultural.com\/es\/2023\/05\/20\/programa-21-05-2023\/#breadcrumb\",\"itemListElement\":[{\"@type\":\"ListItem\",\"position\":1,\"name\":\"Inici\",\"item\":\"https:\/\/www.alteacultural.com\/es\/\"},{\"@type\":\"ListItem\",\"position\":2,\"name\":\"Programa 21-05-2023\"}]},{\"@type\":\"WebSite\",\"@id\":\"https:\/\/www.alteacultural.com\/es\/#website\",\"url\":\"https:\/\/www.alteacultural.com\/es\/\",\"name\":\"Altea Cultural\",\"description\":\"Regidoria de Cultura de l&#039;Ajuntament d&#039;Altea\",\"potentialAction\":[{\"@type\":\"SearchAction\",\"target\":{\"@type\":\"EntryPoint\",\"urlTemplate\":\"https:\/\/www.alteacultural.com\/es\/?s={search_term_string}\"},\"query-input\":\"required name=search_term_string\"}],\"inLanguage\":\"es\"},{\"@type\":\"Person\",\"@id\":\"https:\/\/www.alteacultural.com\/es\/#\/schema\/person\/c4e137537f1af546d214a315255e5172\",\"name\":\"sfaltea.com-admin\",\"image\":{\"@type\":\"ImageObject\",\"inLanguage\":\"es\",\"@id\":\"https:\/\/www.alteacultural.com\/es\/#\/schema\/person\/image\/\",\"url\":\"https:\/\/secure.gravatar.com\/avatar\/f7473fa2fbd351270ccfd469de536202?s=96&d=mm&r=g\",\"contentUrl\":\"https:\/\/secure.gravatar.com\/avatar\/f7473fa2fbd351270ccfd469de536202?s=96&d=mm&r=g\",\"caption\":\"sfaltea.com-admin\"},\"url\":\"https:\/\/www.alteacultural.com\/es\/author\/sfaltea-com-admin\/\"}]}<\/script>\n<!-- \/ Yoast SEO plugin. -->","yoast_head_json":{"title":"Programa 21-05-2023 - Altea Cultural","robots":{"index":"index","follow":"follow","max-snippet":"max-snippet:-1","max-image-preview":"max-image-preview:large","max-video-preview":"max-video-preview:-1"},"canonical":"https:\/\/www.alteacultural.com\/es\/2023\/05\/20\/programa-21-05-2023\/","og_locale":"es_ES","og_type":"article","og_title":"Programa 21-05-2023 - Altea Cultural","og_description":"Programa \u00b7 21\/05\/2023 Festival de Bandas Programa Programa PRIMERA PARTE Centre Art\u00edstic Cultural \u201cVerge de la Pau\u201d de Agost [&hellip;]","og_url":"https:\/\/www.alteacultural.com\/es\/2023\/05\/20\/programa-21-05-2023\/","og_site_name":"Altea Cultural","article_published_time":"2023-05-20T12:34:36+00:00","article_modified_time":"2023-05-20T21:53:07+00:00","og_image":[{"url":"https:\/\/www.alteacultural.com\/wp-content\/uploads\/elementor\/thumbs\/valencia-pt48thfiy0n8d036da41ndkk48zbusn7jwawsx7u0c.jpg"}],"author":"sfaltea.com-admin","twitter_card":"summary_large_image","twitter_misc":{"Escrito por":"sfaltea.com-admin","Tiempo de lectura":"21 minutos"},"schema":{"@context":"https:\/\/schema.org","@graph":[{"@type":"WebPage","@id":"https:\/\/www.alteacultural.com\/es\/2023\/05\/20\/programa-21-05-2023\/","url":"https:\/\/www.alteacultural.com\/es\/2023\/05\/20\/programa-21-05-2023\/","name":"Programa 21-05-2023 - Altea Cultural","isPartOf":{"@id":"https:\/\/www.alteacultural.com\/es\/#website"},"primaryImageOfPage":{"@id":"https:\/\/www.alteacultural.com\/es\/2023\/05\/20\/programa-21-05-2023\/#primaryimage"},"image":{"@id":"https:\/\/www.alteacultural.com\/es\/2023\/05\/20\/programa-21-05-2023\/#primaryimage"},"thumbnailUrl":"https:\/\/www.alteacultural.com\/wp-content\/uploads\/elementor\/thumbs\/valencia-pt48thfiy0n8d036da41ndkk48zbusn7jwawsx7u0c.jpg","datePublished":"2023-05-20T12:34:36+00:00","dateModified":"2023-05-20T21:53:07+00:00","author":{"@id":"https:\/\/www.alteacultural.com\/es\/#\/schema\/person\/c4e137537f1af546d214a315255e5172"},"breadcrumb":{"@id":"https:\/\/www.alteacultural.com\/es\/2023\/05\/20\/programa-21-05-2023\/#breadcrumb"},"inLanguage":"es","potentialAction":[{"@type":"ReadAction","target":["https:\/\/www.alteacultural.com\/es\/2023\/05\/20\/programa-21-05-2023\/"]}]},{"@type":"ImageObject","inLanguage":"es","@id":"https:\/\/www.alteacultural.com\/es\/2023\/05\/20\/programa-21-05-2023\/#primaryimage","url":"https:\/\/www.alteacultural.com\/wp-content\/uploads\/elementor\/thumbs\/valencia-pt48thfiy0n8d036da41ndkk48zbusn7jwawsx7u0c.jpg","contentUrl":"https:\/\/www.alteacultural.com\/wp-content\/uploads\/elementor\/thumbs\/valencia-pt48thfiy0n8d036da41ndkk48zbusn7jwawsx7u0c.jpg"},{"@type":"BreadcrumbList","@id":"https:\/\/www.alteacultural.com\/es\/2023\/05\/20\/programa-21-05-2023\/#breadcrumb","itemListElement":[{"@type":"ListItem","position":1,"name":"Inici","item":"https:\/\/www.alteacultural.com\/es\/"},{"@type":"ListItem","position":2,"name":"Programa 21-05-2023"}]},{"@type":"WebSite","@id":"https:\/\/www.alteacultural.com\/es\/#website","url":"https:\/\/www.alteacultural.com\/es\/","name":"Altea Cultural","description":"Regidoria de Cultura de l&#039;Ajuntament d&#039;Altea","potentialAction":[{"@type":"SearchAction","target":{"@type":"EntryPoint","urlTemplate":"https:\/\/www.alteacultural.com\/es\/?s={search_term_string}"},"query-input":"required name=search_term_string"}],"inLanguage":"es"},{"@type":"Person","@id":"https:\/\/www.alteacultural.com\/es\/#\/schema\/person\/c4e137537f1af546d214a315255e5172","name":"sfaltea.com-admin","image":{"@type":"ImageObject","inLanguage":"es","@id":"https:\/\/www.alteacultural.com\/es\/#\/schema\/person\/image\/","url":"https:\/\/secure.gravatar.com\/avatar\/f7473fa2fbd351270ccfd469de536202?s=96&d=mm&r=g","contentUrl":"https:\/\/secure.gravatar.com\/avatar\/f7473fa2fbd351270ccfd469de536202?s=96&d=mm&r=g","caption":"sfaltea.com-admin"},"url":"https:\/\/www.alteacultural.com\/es\/author\/sfaltea-com-admin\/"}]}},"_links":{"self":[{"href":"https:\/\/www.alteacultural.com\/es\/wp-json\/wp\/v2\/posts\/25245"}],"collection":[{"href":"https:\/\/www.alteacultural.com\/es\/wp-json\/wp\/v2\/posts"}],"about":[{"href":"https:\/\/www.alteacultural.com\/es\/wp-json\/wp\/v2\/types\/post"}],"author":[{"embeddable":true,"href":"https:\/\/www.alteacultural.com\/es\/wp-json\/wp\/v2\/users\/1"}],"replies":[{"embeddable":true,"href":"https:\/\/www.alteacultural.com\/es\/wp-json\/wp\/v2\/comments?post=25245"}],"version-history":[{"count":6,"href":"https:\/\/www.alteacultural.com\/es\/wp-json\/wp\/v2\/posts\/25245\/revisions"}],"predecessor-version":[{"id":25254,"href":"https:\/\/www.alteacultural.com\/es\/wp-json\/wp\/v2\/posts\/25245\/revisions\/25254"}],"wp:attachment":[{"href":"https:\/\/www.alteacultural.com\/es\/wp-json\/wp\/v2\/media?parent=25245"}],"curies":[{"name":"wp","href":"https:\/\/api.w.org\/{rel}","templated":true}]}}