{"id":26474,"date":"2023-06-09T10:48:31","date_gmt":"2023-06-09T08:48:31","guid":{"rendered":"https:\/\/www.alteacultural.com\/2023\/07\/03\/la-obra-atalaya-terra-del-escultor-viktor-ferrando-ya-luce-en-el-paseo-de-altea\/"},"modified":"2023-07-14T09:05:54","modified_gmt":"2023-07-14T07:05:54","slug":"la-obra-atalaya-terra-del-escultor-viktor-ferrando-ya-luce-en-el-paseo-de-altea","status":"publish","type":"post","link":"https:\/\/www.alteacultural.com\/es\/2023\/06\/09\/la-obra-atalaya-terra-del-escultor-viktor-ferrando-ya-luce-en-el-paseo-de-altea\/","title":{"rendered":"La obra \u201cAtalaya Terra\u201d del escultor V\u00edktor Ferrando ya luce en el Paseo de Altea"},"content":{"rendered":"\n<p><\/p>\n\n\n\n<figure class=\"wp-block-image\"><img decoding=\"async\" data-src=\"https:\/\/alteadigital.es\/wp-content\/uploads\/2023\/06\/escultura-e-intervinientes-web.jpg\" alt=\"L\u2019obra \u201cAtalaya Terra\u201d de l\u2019escultor V\u00edktor Ferrando ja llueix al Passeig d\u2019Altea\" src=\"data:image\/gif;base64,R0lGODlhAQABAAAAACH5BAEKAAEALAAAAAABAAEAAAICTAEAOw==\" class=\"lazyload\" \/><\/figure>\n\n\n\n<p><strong>La escultura ha sido donada al municio por el Rotary Club.<\/strong><\/p>\n\n\n\n<p>A medio d\u00eda de hoy ha tenido lugar la inauguraci\u00f3n de la escultura que el artista V\u00edktor Ferrando ha creado para Altea, denominada \u201cAtalaya Terra\u201d. Una obra de arte donada al municipio por el Rotary Club Internacional, que ha sido ubicada en la Plaza de Europa, frente a la playa de l\u2019Espig\u00f3. Al acto inaugural han asistido las autoridades&nbsp; municipales, el propio artista y varios miembros del Rotary Club.<\/p>\n\n\n\n<p>Se trata de una obra de grandes dimensiones, tiene una altura de 3,5 metros y un peso de 4.500kg, y ha sido realizada con materiales recuperados del tendido ferroviario donados por Ferrocarrils de la Generalitat Valenciana y procedentes del tramo comprendido entre Benidorm y Altea.<\/p>\n\n\n\n<p>Han intervenido en los parlamentos inaugurales la edil de Cultura, Aurora Serrat; el presidente Rotary Club Calpe, Carlos Valcarcel; el director de la Banca March sucursal de Altea, Santiago Crespo; el fundador de GALESA, Mariano Hervas; Jose Ib\u00e1\u00f1ez, Gobernador Electo del Distrito 2203 del Rotary Club Internacional;&nbsp; V\u00edctor Javier Elena, Gobernador del Rotary Club Distrito 2203 y el propio artista V\u00edktor Ferrando.<\/p>\n\n\n\n<div class=\"wp-block-image\"><figure class=\"aligncenter\"><img decoding=\"async\" data-src=\"https:\/\/alteadigital.es\/wp-content\/uploads\/2023\/06\/inaugurac-1-web.jpg\" alt=\"\" class=\"wp-image-112103 lazyload\" src=\"data:image\/gif;base64,R0lGODlhAQABAAAAACH5BAEKAAEALAAAAAABAAEAAAICTAEAOw==\" \/><\/figure><\/div>\n\n\n\n<p>La primera en intervenir ha sido la responsable municipal de Cultura, quien ha agradecido la presencia de los asistentes y ha se\u00f1alado, \u201choy nos reunimos aqu\u00ed con un prop\u00f3sito especial, inaugurar y celebrar una magn\u00edfica escultura creada por el talentoso artista V\u00edktor Ferrando. Pero antes de sumergirnos en esta impactante obra de arte, es importante reconocer y agradecer al Rotary Club por su generosidad al concedernos esta pieza al pueblo de Altea\u201d. As\u00ed mismo, Serrat ha agradecido el compromiso de la Banca March por su apuesta por el proyecto.<\/p>\n\n\n\n<p>\u201cAl observar esta escultura de Viktor Ferrando, somos testigos de su habilidad excepcional para transmitir emociones a trav\u00e9s de su arte. Sus creaciones tienen la capacidad, adem\u00e1s de impactarnos visualmente, de trascender las barreras y llegar a los corazones de las personas, provocando reflexiones y despertando la imaginaci\u00f3n. Esta escultura en particular es un testimonio del talento de Ferrando, y es un regalo que perdurar\u00e1 en nuestro pueblo como un s\u00edmbolo de su creatividad y visi\u00f3n\u201d; ha declarado la edil de Cultura.<\/p>\n\n\n\n<p>\u201cEn nombre de toda Altea, quiero expresar mi m\u00e1s sincero agradecimiento a V\u00edktor Ferrando por su contribuci\u00f3n al mundo del arte y su capacidad para inspirarnos. Tambi\u00e9n quiero extender mi gratitud al Rotary Club por su generosidad y compromiso con el desarrollo cultural de nuestra ciudad\u201d. Ha concluido Aurora Serrat, concejala de Cultura en funciones del Ayuntamiento de Altea.<\/p>\n\n\n\n<p>El Rotary Club ha donado a Altea de forma perpetua y gratuita, sin restricci\u00f3n de uso, el bien y en contraprestaci\u00f3n el Ayuntamiento se ha comprometido a promover su difusi\u00f3n a fin de colaborar con la consideraci\u00f3n de Altea como un municipio impulsor de la cultura; as\u00ed como ha instalado la obra en plaza de Europa. Esta es la segunda de las 16 esculturas que se instalar\u00e1n a lo largo del corredor mediterr\u00e1neo, como as\u00ed contempla el proyecto del Rotary.<\/p>\n\n\n\n<p>En el transcurso de su intervenci\u00f3n Ferrando ha tenido tambi\u00e9n palabras de gratitud para el&nbsp; Rotary Club en todas sus extensiones, para el departamento de Cultura del Ayuntamiento de \u00c1ltea y su t\u00e9cnico, Ignacio Beltr\u00e1n, para el departamento de Urbanismo que ha dise\u00f1ado y colocado la base sobre la que se asienta la escultura&nbsp; y las distintas colaboraciones con las que ha contado en la realizaci\u00f3n de la misma como por ejemplo la empresa GALESA, autora del galvanizado de la obra, que consiste en el recubrimiento de las piezas con zinc para protegerla de la oxidaci\u00f3n y la corrosi\u00f3n. Un hecho que Ferrando ha destacado como garant\u00eda del buen estado de conservaci\u00f3n que va a tener la escultura, evitando futuras intervenciones de mantenimiento.<\/p>\n\n\n\n<p>V\u00edktor Ferrando ha resaltado la procedencia del material de la obra, indicando que, \u201cel material que la gente se encontrar\u00e1 es la reconversi\u00f3n de un patrimonio hist\u00f3rico que no se ha perdido. Las v\u00edas del tren que hace 100 a\u00f1os eran utilizadas por nuestros antepasados ahora las recuperamos en esta escultura inspirada en el planeta Venus. El planeta con m\u00e1s fuerza que incluso podemos ver en ocasiones desde aqu\u00ed mismo donde se ha instalado Atalaya Terra\u201d.<\/p>\n\n\n\n<p>V\u00edktor Ferrando, ha aludido al reciclado y la sostenibilidad como principios b\u00e1sicos de sus proyectos.<\/p>\n\n\n\n<p>Tras los parlamentos se ha procedido a descubrir la placa inaugural que, a los pies de la escultura, apunta una rese\u00f1a de la obra, quien es su autor y el ente benefactor de la misma. |ALTEADIGITAL.ES<\/p>\n","protected":false},"excerpt":{"rendered":"<p>La escultura ha sido donada al municio por el Rotary Club. A medio d\u00eda de hoy ha tenido lugar [&hellip;]<\/p>\n","protected":false},"author":1,"featured_media":26472,"comment_status":"open","ping_status":"open","sticky":false,"template":"","format":"standard","meta":{"_expiration-date-status":"","_expiration-date":1689318137,"_expiration-date-type":"draft","_expiration-date-categories":[],"_expiration-date-options":[],"footnotes":""},"yoast_head":"<!-- This site is optimized with the Yoast SEO plugin v22.8 - https:\/\/yoast.com\/wordpress\/plugins\/seo\/ -->\n<title>La obra \u201cAtalaya Terra\u201d del escultor V\u00edktor Ferrando ya luce en el Paseo de Altea - Altea Cultural<\/title>\n<meta name=\"robots\" content=\"index, follow, max-snippet:-1, max-image-preview:large, max-video-preview:-1\" \/>\n<link rel=\"canonical\" href=\"https:\/\/www.alteacultural.com\/es\/2023\/06\/09\/la-obra-atalaya-terra-del-escultor-viktor-ferrando-ya-luce-en-el-paseo-de-altea\/\" \/>\n<meta property=\"og:locale\" content=\"es_ES\" \/>\n<meta property=\"og:type\" content=\"article\" \/>\n<meta property=\"og:title\" content=\"La obra \u201cAtalaya Terra\u201d del escultor V\u00edktor Ferrando ya luce en el Paseo de Altea - Altea Cultural\" \/>\n<meta property=\"og:description\" content=\"La escultura ha sido donada al municio por el Rotary Club. A medio d\u00eda de hoy ha tenido lugar [&hellip;]\" \/>\n<meta property=\"og:url\" content=\"https:\/\/www.alteacultural.com\/es\/2023\/06\/09\/la-obra-atalaya-terra-del-escultor-viktor-ferrando-ya-luce-en-el-paseo-de-altea\/\" \/>\n<meta property=\"og:site_name\" content=\"Altea Cultural\" \/>\n<meta property=\"article:published_time\" content=\"2023-06-09T08:48:31+00:00\" \/>\n<meta property=\"article:modified_time\" content=\"2023-07-14T07:05:54+00:00\" \/>\n<meta property=\"og:image\" content=\"https:\/\/www.alteacultural.com\/wp-content\/uploads\/2023\/07\/inauguracion-escultura-atalaya-terra.jpg\" \/>\n\t<meta property=\"og:image:width\" content=\"1028\" \/>\n\t<meta property=\"og:image:height\" content=\"678\" \/>\n\t<meta property=\"og:image:type\" content=\"image\/jpeg\" \/>\n<meta name=\"author\" content=\"sfaltea.com-admin\" \/>\n<meta name=\"twitter:card\" content=\"summary_large_image\" \/>\n<meta name=\"twitter:label1\" content=\"Escrito por\" \/>\n\t<meta name=\"twitter:data1\" content=\"sfaltea.com-admin\" \/>\n\t<meta name=\"twitter:label2\" content=\"Tiempo de lectura\" \/>\n\t<meta name=\"twitter:data2\" content=\"4 minutos\" \/>\n<script type=\"application\/ld+json\" class=\"yoast-schema-graph\">{\"@context\":\"https:\/\/schema.org\",\"@graph\":[{\"@type\":\"WebPage\",\"@id\":\"https:\/\/www.alteacultural.com\/es\/2023\/06\/09\/la-obra-atalaya-terra-del-escultor-viktor-ferrando-ya-luce-en-el-paseo-de-altea\/\",\"url\":\"https:\/\/www.alteacultural.com\/es\/2023\/06\/09\/la-obra-atalaya-terra-del-escultor-viktor-ferrando-ya-luce-en-el-paseo-de-altea\/\",\"name\":\"La obra \u201cAtalaya Terra\u201d del escultor V\u00edktor Ferrando ya luce en el Paseo de Altea - Altea Cultural\",\"isPartOf\":{\"@id\":\"https:\/\/www.alteacultural.com\/es\/#website\"},\"primaryImageOfPage\":{\"@id\":\"https:\/\/www.alteacultural.com\/es\/2023\/06\/09\/la-obra-atalaya-terra-del-escultor-viktor-ferrando-ya-luce-en-el-paseo-de-altea\/#primaryimage\"},\"image\":{\"@id\":\"https:\/\/www.alteacultural.com\/es\/2023\/06\/09\/la-obra-atalaya-terra-del-escultor-viktor-ferrando-ya-luce-en-el-paseo-de-altea\/#primaryimage\"},\"thumbnailUrl\":\"https:\/\/www.alteacultural.com\/wp-content\/uploads\/2023\/07\/inauguracion-escultura-atalaya-terra.jpg\",\"datePublished\":\"2023-06-09T08:48:31+00:00\",\"dateModified\":\"2023-07-14T07:05:54+00:00\",\"author\":{\"@id\":\"https:\/\/www.alteacultural.com\/es\/#\/schema\/person\/c4e137537f1af546d214a315255e5172\"},\"breadcrumb\":{\"@id\":\"https:\/\/www.alteacultural.com\/es\/2023\/06\/09\/la-obra-atalaya-terra-del-escultor-viktor-ferrando-ya-luce-en-el-paseo-de-altea\/#breadcrumb\"},\"inLanguage\":\"es\",\"potentialAction\":[{\"@type\":\"ReadAction\",\"target\":[\"https:\/\/www.alteacultural.com\/es\/2023\/06\/09\/la-obra-atalaya-terra-del-escultor-viktor-ferrando-ya-luce-en-el-paseo-de-altea\/\"]}]},{\"@type\":\"ImageObject\",\"inLanguage\":\"es\",\"@id\":\"https:\/\/www.alteacultural.com\/es\/2023\/06\/09\/la-obra-atalaya-terra-del-escultor-viktor-ferrando-ya-luce-en-el-paseo-de-altea\/#primaryimage\",\"url\":\"https:\/\/www.alteacultural.com\/wp-content\/uploads\/2023\/07\/inauguracion-escultura-atalaya-terra.jpg\",\"contentUrl\":\"https:\/\/www.alteacultural.com\/wp-content\/uploads\/2023\/07\/inauguracion-escultura-atalaya-terra.jpg\",\"width\":1028,\"height\":678},{\"@type\":\"BreadcrumbList\",\"@id\":\"https:\/\/www.alteacultural.com\/es\/2023\/06\/09\/la-obra-atalaya-terra-del-escultor-viktor-ferrando-ya-luce-en-el-paseo-de-altea\/#breadcrumb\",\"itemListElement\":[{\"@type\":\"ListItem\",\"position\":1,\"name\":\"Inici\",\"item\":\"https:\/\/www.alteacultural.com\/es\/\"},{\"@type\":\"ListItem\",\"position\":2,\"name\":\"La obra \u201cAtalaya Terra\u201d del escultor V\u00edktor Ferrando ya luce en el Paseo de Altea\"}]},{\"@type\":\"WebSite\",\"@id\":\"https:\/\/www.alteacultural.com\/es\/#website\",\"url\":\"https:\/\/www.alteacultural.com\/es\/\",\"name\":\"Altea Cultural\",\"description\":\"Regidoria de Cultura de l&#039;Ajuntament d&#039;Altea\",\"potentialAction\":[{\"@type\":\"SearchAction\",\"target\":{\"@type\":\"EntryPoint\",\"urlTemplate\":\"https:\/\/www.alteacultural.com\/es\/?s={search_term_string}\"},\"query-input\":\"required name=search_term_string\"}],\"inLanguage\":\"es\"},{\"@type\":\"Person\",\"@id\":\"https:\/\/www.alteacultural.com\/es\/#\/schema\/person\/c4e137537f1af546d214a315255e5172\",\"name\":\"sfaltea.com-admin\",\"image\":{\"@type\":\"ImageObject\",\"inLanguage\":\"es\",\"@id\":\"https:\/\/www.alteacultural.com\/es\/#\/schema\/person\/image\/\",\"url\":\"https:\/\/secure.gravatar.com\/avatar\/f7473fa2fbd351270ccfd469de536202?s=96&d=mm&r=g\",\"contentUrl\":\"https:\/\/secure.gravatar.com\/avatar\/f7473fa2fbd351270ccfd469de536202?s=96&d=mm&r=g\",\"caption\":\"sfaltea.com-admin\"},\"url\":\"https:\/\/www.alteacultural.com\/es\/author\/sfaltea-com-admin\/\"}]}<\/script>\n<!-- \/ Yoast SEO plugin. -->","yoast_head_json":{"title":"La obra \u201cAtalaya Terra\u201d del escultor V\u00edktor Ferrando ya luce en el Paseo de Altea - Altea Cultural","robots":{"index":"index","follow":"follow","max-snippet":"max-snippet:-1","max-image-preview":"max-image-preview:large","max-video-preview":"max-video-preview:-1"},"canonical":"https:\/\/www.alteacultural.com\/es\/2023\/06\/09\/la-obra-atalaya-terra-del-escultor-viktor-ferrando-ya-luce-en-el-paseo-de-altea\/","og_locale":"es_ES","og_type":"article","og_title":"La obra \u201cAtalaya Terra\u201d del escultor V\u00edktor Ferrando ya luce en el Paseo de Altea - Altea Cultural","og_description":"La escultura ha sido donada al municio por el Rotary Club. A medio d\u00eda de hoy ha tenido lugar [&hellip;]","og_url":"https:\/\/www.alteacultural.com\/es\/2023\/06\/09\/la-obra-atalaya-terra-del-escultor-viktor-ferrando-ya-luce-en-el-paseo-de-altea\/","og_site_name":"Altea Cultural","article_published_time":"2023-06-09T08:48:31+00:00","article_modified_time":"2023-07-14T07:05:54+00:00","og_image":[{"width":1028,"height":678,"url":"https:\/\/www.alteacultural.com\/wp-content\/uploads\/2023\/07\/inauguracion-escultura-atalaya-terra.jpg","type":"image\/jpeg"}],"author":"sfaltea.com-admin","twitter_card":"summary_large_image","twitter_misc":{"Escrito por":"sfaltea.com-admin","Tiempo de lectura":"4 minutos"},"schema":{"@context":"https:\/\/schema.org","@graph":[{"@type":"WebPage","@id":"https:\/\/www.alteacultural.com\/es\/2023\/06\/09\/la-obra-atalaya-terra-del-escultor-viktor-ferrando-ya-luce-en-el-paseo-de-altea\/","url":"https:\/\/www.alteacultural.com\/es\/2023\/06\/09\/la-obra-atalaya-terra-del-escultor-viktor-ferrando-ya-luce-en-el-paseo-de-altea\/","name":"La obra \u201cAtalaya Terra\u201d del escultor V\u00edktor Ferrando ya luce en el Paseo de Altea - Altea Cultural","isPartOf":{"@id":"https:\/\/www.alteacultural.com\/es\/#website"},"primaryImageOfPage":{"@id":"https:\/\/www.alteacultural.com\/es\/2023\/06\/09\/la-obra-atalaya-terra-del-escultor-viktor-ferrando-ya-luce-en-el-paseo-de-altea\/#primaryimage"},"image":{"@id":"https:\/\/www.alteacultural.com\/es\/2023\/06\/09\/la-obra-atalaya-terra-del-escultor-viktor-ferrando-ya-luce-en-el-paseo-de-altea\/#primaryimage"},"thumbnailUrl":"https:\/\/www.alteacultural.com\/wp-content\/uploads\/2023\/07\/inauguracion-escultura-atalaya-terra.jpg","datePublished":"2023-06-09T08:48:31+00:00","dateModified":"2023-07-14T07:05:54+00:00","author":{"@id":"https:\/\/www.alteacultural.com\/es\/#\/schema\/person\/c4e137537f1af546d214a315255e5172"},"breadcrumb":{"@id":"https:\/\/www.alteacultural.com\/es\/2023\/06\/09\/la-obra-atalaya-terra-del-escultor-viktor-ferrando-ya-luce-en-el-paseo-de-altea\/#breadcrumb"},"inLanguage":"es","potentialAction":[{"@type":"ReadAction","target":["https:\/\/www.alteacultural.com\/es\/2023\/06\/09\/la-obra-atalaya-terra-del-escultor-viktor-ferrando-ya-luce-en-el-paseo-de-altea\/"]}]},{"@type":"ImageObject","inLanguage":"es","@id":"https:\/\/www.alteacultural.com\/es\/2023\/06\/09\/la-obra-atalaya-terra-del-escultor-viktor-ferrando-ya-luce-en-el-paseo-de-altea\/#primaryimage","url":"https:\/\/www.alteacultural.com\/wp-content\/uploads\/2023\/07\/inauguracion-escultura-atalaya-terra.jpg","contentUrl":"https:\/\/www.alteacultural.com\/wp-content\/uploads\/2023\/07\/inauguracion-escultura-atalaya-terra.jpg","width":1028,"height":678},{"@type":"BreadcrumbList","@id":"https:\/\/www.alteacultural.com\/es\/2023\/06\/09\/la-obra-atalaya-terra-del-escultor-viktor-ferrando-ya-luce-en-el-paseo-de-altea\/#breadcrumb","itemListElement":[{"@type":"ListItem","position":1,"name":"Inici","item":"https:\/\/www.alteacultural.com\/es\/"},{"@type":"ListItem","position":2,"name":"La obra \u201cAtalaya Terra\u201d del escultor V\u00edktor Ferrando ya luce en el Paseo de Altea"}]},{"@type":"WebSite","@id":"https:\/\/www.alteacultural.com\/es\/#website","url":"https:\/\/www.alteacultural.com\/es\/","name":"Altea Cultural","description":"Regidoria de Cultura de l&#039;Ajuntament d&#039;Altea","potentialAction":[{"@type":"SearchAction","target":{"@type":"EntryPoint","urlTemplate":"https:\/\/www.alteacultural.com\/es\/?s={search_term_string}"},"query-input":"required name=search_term_string"}],"inLanguage":"es"},{"@type":"Person","@id":"https:\/\/www.alteacultural.com\/es\/#\/schema\/person\/c4e137537f1af546d214a315255e5172","name":"sfaltea.com-admin","image":{"@type":"ImageObject","inLanguage":"es","@id":"https:\/\/www.alteacultural.com\/es\/#\/schema\/person\/image\/","url":"https:\/\/secure.gravatar.com\/avatar\/f7473fa2fbd351270ccfd469de536202?s=96&d=mm&r=g","contentUrl":"https:\/\/secure.gravatar.com\/avatar\/f7473fa2fbd351270ccfd469de536202?s=96&d=mm&r=g","caption":"sfaltea.com-admin"},"url":"https:\/\/www.alteacultural.com\/es\/author\/sfaltea-com-admin\/"}]}},"_links":{"self":[{"href":"https:\/\/www.alteacultural.com\/es\/wp-json\/wp\/v2\/posts\/26474"}],"collection":[{"href":"https:\/\/www.alteacultural.com\/es\/wp-json\/wp\/v2\/posts"}],"about":[{"href":"https:\/\/www.alteacultural.com\/es\/wp-json\/wp\/v2\/types\/post"}],"author":[{"embeddable":true,"href":"https:\/\/www.alteacultural.com\/es\/wp-json\/wp\/v2\/users\/1"}],"replies":[{"embeddable":true,"href":"https:\/\/www.alteacultural.com\/es\/wp-json\/wp\/v2\/comments?post=26474"}],"version-history":[{"count":2,"href":"https:\/\/www.alteacultural.com\/es\/wp-json\/wp\/v2\/posts\/26474\/revisions"}],"predecessor-version":[{"id":26695,"href":"https:\/\/www.alteacultural.com\/es\/wp-json\/wp\/v2\/posts\/26474\/revisions\/26695"}],"wp:featuredmedia":[{"embeddable":true,"href":"https:\/\/www.alteacultural.com\/es\/wp-json\/wp\/v2\/media\/26472"}],"wp:attachment":[{"href":"https:\/\/www.alteacultural.com\/es\/wp-json\/wp\/v2\/media?parent=26474"}],"curies":[{"name":"wp","href":"https:\/\/api.w.org\/{rel}","templated":true}]}}