{"id":26485,"date":"2023-06-22T12:00:00","date_gmt":"2023-06-22T10:00:00","guid":{"rendered":"https:\/\/www.alteacultural.com\/?p=26485"},"modified":"2023-07-04T10:02:44","modified_gmt":"2023-07-04T08:02:44","slug":"a-boqueta-nit-inunda-la-placa-de-laigua-de-bona-musica-cada-dijous-de-juliol-i-agost","status":"publish","type":"post","link":"https:\/\/www.alteacultural.com\/es\/2023\/06\/22\/a-boqueta-nit-inunda-la-placa-de-laigua-de-bona-musica-cada-dijous-de-juliol-i-agost\/","title":{"rendered":"A Boqueta Nit inunda la Pla\u00e7a de l\u2019Aigua de bona m\u00fasica cada dijous de juliol i agost"},"content":{"rendered":"\n<figure class=\"wp-block-image\"><img decoding=\"async\" data-src=\"https:\/\/alteadigital.es\/wp-content\/uploads\/2023\/06\/cartell-web.jpg\" alt=\"A Boqueta Nit inunda la Pla\u00e7a de l\u2019Aigua de bona m\u00fasica cada dijous de juliol i agost\" src=\"data:image\/gif;base64,R0lGODlhAQABAAAAACH5BAEKAAEALAAAAAABAAEAAAICTAEAOw==\" class=\"lazyload\" \/><\/figure>\n\n\n\n<p>La regidoria de Cultura ha donat a con\u00e8ixer el programa de concerts que componen M\u00fasica a Boqueta Nit 2023 i s\u00f3n 9 les propostes que durant cada dijous de juliol i agost ompliran la Pla\u00e7a de l\u2019Aigua de bona m\u00fasica; aix\u00ed ho han informat la recent nomenada edil d\u2019\u00e0rea, Pepa Victoria P\u00e9rez i el director musical de la proposta, Juan Tom\u00e1s Lavi\u00f3s.<\/p>\n\n\n\n<div class=\"wp-block-image\"><figure class=\"aligncenter\"><img decoding=\"async\" data-src=\"https:\/\/alteadigital.es\/wp-content\/uploads\/2023\/06\/presentacio.jpg\" alt=\"\" class=\"wp-image-112367 lazyload\" src=\"data:image\/gif;base64,R0lGODlhAQABAAAAACH5BAEKAAEALAAAAAABAAEAAAICTAEAOw==\" \/><\/figure><\/div>\n\n\n\n<p>\u201cEste \u00e9s un projecte consolidat i la present edici\u00f3 ja \u00e9s la setzena. Com \u00e9s habitual, els dijous de juliol i agost a les 21.00h podrem gaudir de diferents concerts. Arrenca la programaci\u00f3 amb les tres primeres setmanes de propostes de la Societat Filarm\u00f2nica Alteanense i tot seguit, la resta de concerts estan programats per la regidoria de Cultura\u201d. Ha explicat la responsable d\u2019\u00e0rea municipal.<\/p>\n\n\n\n<p>L\u00b4edil ha indicat que la venda d\u00b4entrades est\u00e0 disponible a la Casa de Cultura, a www.alteacultural.com i una hora abans de les actuacions a la mateixa Pla\u00e7a de l\u00b4Aigua. \u201cL\u2019aforament est\u00e0 limitat a 200 persones i com sabeu \u00e9s un cicle de concerts que t\u00e9 molt \u00e8xit, per la qual cosa recomane, qui estiga interessat a assistir que adquirisca les entrades com m\u00e9s aviat millor\u201d; ha matisat Pepa Victoria P\u00e9rez.<\/p>\n\n\n\n<p>La regidora ha agra\u00eft a la SFA la seua disponibilitat i feina a l\u2019hora de fer els tres primers concerts.<\/p>\n\n\n\n<p>Per part seua, Juan Tom\u00e1s Lavi\u00f3s, director musical de la iniciativa ha detallat les agrupacions que oferiran cadascun dels concerts i l\u2019estil musical dels mateixos.<\/p>\n\n\n\n<p><strong>Programa de concerts<\/strong><\/p>\n\n\n\n<p><strong>Dijous 6 de juliol<\/strong>;&nbsp;<strong>dijous 13 de juliol i dijous 20 de juliol<\/strong>, \u201cM\u00fasica a Clau de Blau\u201d, que s\u00f3n els tres concerts que ofereixen les diferents agrupacions de la SFA i de la comarca. El primer ser\u00e0 a c\u00e0rrec de la Bandeta Jove de la SFA. El 13 de juliol ser\u00e0 la Big Band Taller Ateneu La Vila, un projecte innovador de m\u00fasica moderna. I el 20 de juliol s\u2019estrenar\u00e0 una nova agrupaci\u00f3 nascuda al si del conservatori d\u2019Altea com \u00e9s la Bandeta La Crian\u00e7a.<\/p>\n\n\n\n<p><strong>Dijous 27 de juliol,<\/strong>&nbsp;Three Bells, format per tres grans trompetistes procedents de diferents \u00e0mbits i que estrenen projecte.<\/p>\n\n\n\n<p><strong>Dijous 3 d\u2019agost<\/strong>, Marina Big Band: Llatina, procedent de D\u00e9nia, encap\u00e7alada per la cantant Eva Olivencia, amb una \u00e0mplia traject\u00f2ria com a cantant de jazz.<\/p>\n\n\n\n<p><strong>Dijous 10 d\u2019agost,<\/strong>&nbsp;\u201cEsther\u201d cantautora que t\u00e9 una llarga traject\u00f2ria i que porta el projecte \u201cles cartes que mai vaig cremar\u201d.<\/p>\n\n\n\n<p><strong>Dijous 17 d\u2019agost<\/strong>, \u201cMouloud el Meskaui \u201camb m\u00fasica nord-africana.<\/p>\n\n\n\n<p><strong>Dijous 24 d\u2019agost<\/strong>, \u201cConnecta Percussi\u00f3\u201d, un grup de percussi\u00f3 amb dos joves promeses que ja han guanyat molts concursos i estan becats en diferents estudis.<\/p>\n\n\n\n<p><strong>Dijous 31 d\u2019agost,&nbsp;<\/strong>\u201cCucump\u00e1 Orquestra\u201d, un projecte de m\u00fasica llatina els components del qual resideixen a Altea i a la Marina Baixa.<\/p>\n\n\n\n<p>Finalment, la responsable d\u2019\u00e0rea i el director musical del projecte han animat els alteans, alteanes i residents a la Comarca a gaudir dels concerts que presenta la XVI edici\u00f3 de M\u00fasica a Boqueta Nit.<\/p>\n\n\n\n<p>El preu de les entrades \u00e9s de 9\u20ac per entrada individual a taquilla i 6\u20ac si la compra \u00e9s online. L\u2019abonament per a les actuacions del 6 al 20 de juliol \u00e9s de 15\u20ac i 12\u20ac compra en l\u00ednia i l\u2019abonament per a les actuacions del 27 de juliol al 31 d\u2019agost \u00e9s de 35\u20ac o 28\u20ac si la compra \u00e9s online. |ALTEADIGITAL.ES<\/p>\n","protected":false},"excerpt":{"rendered":"<p>La regidoria de Cultura ha donat a con\u00e8ixer el programa de concerts que componen M\u00fasica a Boqueta Nit 2023 [&hellip;]<\/p>\n","protected":false},"author":1,"featured_media":26217,"comment_status":"open","ping_status":"open","sticky":false,"template":"","format":"standard","meta":{"_expiration-date-status":"","_expiration-date":1688457562,"_expiration-date-type":"draft","_expiration-date-categories":[],"_expiration-date-options":[],"footnotes":""},"yoast_head":"<!-- This site is optimized with the Yoast SEO plugin v22.8 - https:\/\/yoast.com\/wordpress\/plugins\/seo\/ -->\n<title>A Boqueta Nit inunda la Pla\u00e7a de l\u2019Aigua de bona m\u00fasica cada dijous de juliol i agost - Altea Cultural<\/title>\n<meta name=\"robots\" content=\"index, follow, max-snippet:-1, max-image-preview:large, max-video-preview:-1\" \/>\n<link rel=\"canonical\" href=\"https:\/\/www.alteacultural.com\/es\/2023\/06\/22\/a-boqueta-nit-inunda-la-placa-de-laigua-de-bona-musica-cada-dijous-de-juliol-i-agost\/\" \/>\n<meta property=\"og:locale\" content=\"es_ES\" \/>\n<meta property=\"og:type\" content=\"article\" \/>\n<meta property=\"og:title\" content=\"A Boqueta Nit inunda la Pla\u00e7a de l\u2019Aigua de bona m\u00fasica cada dijous de juliol i agost - Altea Cultural\" \/>\n<meta property=\"og:description\" content=\"La regidoria de Cultura ha donat a con\u00e8ixer el programa de concerts que componen M\u00fasica a Boqueta Nit 2023 [&hellip;]\" \/>\n<meta property=\"og:url\" content=\"https:\/\/www.alteacultural.com\/es\/2023\/06\/22\/a-boqueta-nit-inunda-la-placa-de-laigua-de-bona-musica-cada-dijous-de-juliol-i-agost\/\" \/>\n<meta property=\"og:site_name\" content=\"Altea Cultural\" \/>\n<meta property=\"article:published_time\" content=\"2023-06-22T10:00:00+00:00\" \/>\n<meta property=\"article:modified_time\" content=\"2023-07-04T08:02:44+00:00\" \/>\n<meta property=\"og:image\" content=\"https:\/\/www.alteacultural.com\/wp-content\/uploads\/2023\/06\/Musica_a_Boqueta_Nit_2023_Cartell-01.jpg\" \/>\n\t<meta property=\"og:image:width\" content=\"1754\" \/>\n\t<meta property=\"og:image:height\" content=\"2480\" \/>\n\t<meta property=\"og:image:type\" content=\"image\/jpeg\" \/>\n<meta name=\"author\" content=\"sfaltea.com-admin\" \/>\n<meta name=\"twitter:card\" content=\"summary_large_image\" \/>\n<meta name=\"twitter:label1\" content=\"Escrito por\" \/>\n\t<meta name=\"twitter:data1\" content=\"sfaltea.com-admin\" \/>\n\t<meta name=\"twitter:label2\" content=\"Tiempo de lectura\" \/>\n\t<meta name=\"twitter:data2\" content=\"3 minutos\" \/>\n<script type=\"application\/ld+json\" class=\"yoast-schema-graph\">{\"@context\":\"https:\/\/schema.org\",\"@graph\":[{\"@type\":\"WebPage\",\"@id\":\"https:\/\/www.alteacultural.com\/es\/2023\/06\/22\/a-boqueta-nit-inunda-la-placa-de-laigua-de-bona-musica-cada-dijous-de-juliol-i-agost\/\",\"url\":\"https:\/\/www.alteacultural.com\/es\/2023\/06\/22\/a-boqueta-nit-inunda-la-placa-de-laigua-de-bona-musica-cada-dijous-de-juliol-i-agost\/\",\"name\":\"A Boqueta Nit inunda la Pla\u00e7a de l\u2019Aigua de bona m\u00fasica cada dijous de juliol i agost - Altea Cultural\",\"isPartOf\":{\"@id\":\"https:\/\/www.alteacultural.com\/es\/#website\"},\"primaryImageOfPage\":{\"@id\":\"https:\/\/www.alteacultural.com\/es\/2023\/06\/22\/a-boqueta-nit-inunda-la-placa-de-laigua-de-bona-musica-cada-dijous-de-juliol-i-agost\/#primaryimage\"},\"image\":{\"@id\":\"https:\/\/www.alteacultural.com\/es\/2023\/06\/22\/a-boqueta-nit-inunda-la-placa-de-laigua-de-bona-musica-cada-dijous-de-juliol-i-agost\/#primaryimage\"},\"thumbnailUrl\":\"https:\/\/www.alteacultural.com\/wp-content\/uploads\/2023\/06\/Musica_a_Boqueta_Nit_2023_Cartell-01.jpg\",\"datePublished\":\"2023-06-22T10:00:00+00:00\",\"dateModified\":\"2023-07-04T08:02:44+00:00\",\"author\":{\"@id\":\"https:\/\/www.alteacultural.com\/es\/#\/schema\/person\/c4e137537f1af546d214a315255e5172\"},\"breadcrumb\":{\"@id\":\"https:\/\/www.alteacultural.com\/es\/2023\/06\/22\/a-boqueta-nit-inunda-la-placa-de-laigua-de-bona-musica-cada-dijous-de-juliol-i-agost\/#breadcrumb\"},\"inLanguage\":\"es\",\"potentialAction\":[{\"@type\":\"ReadAction\",\"target\":[\"https:\/\/www.alteacultural.com\/es\/2023\/06\/22\/a-boqueta-nit-inunda-la-placa-de-laigua-de-bona-musica-cada-dijous-de-juliol-i-agost\/\"]}]},{\"@type\":\"ImageObject\",\"inLanguage\":\"es\",\"@id\":\"https:\/\/www.alteacultural.com\/es\/2023\/06\/22\/a-boqueta-nit-inunda-la-placa-de-laigua-de-bona-musica-cada-dijous-de-juliol-i-agost\/#primaryimage\",\"url\":\"https:\/\/www.alteacultural.com\/wp-content\/uploads\/2023\/06\/Musica_a_Boqueta_Nit_2023_Cartell-01.jpg\",\"contentUrl\":\"https:\/\/www.alteacultural.com\/wp-content\/uploads\/2023\/06\/Musica_a_Boqueta_Nit_2023_Cartell-01.jpg\",\"width\":1754,\"height\":2480},{\"@type\":\"BreadcrumbList\",\"@id\":\"https:\/\/www.alteacultural.com\/es\/2023\/06\/22\/a-boqueta-nit-inunda-la-placa-de-laigua-de-bona-musica-cada-dijous-de-juliol-i-agost\/#breadcrumb\",\"itemListElement\":[{\"@type\":\"ListItem\",\"position\":1,\"name\":\"Inici\",\"item\":\"https:\/\/www.alteacultural.com\/es\/\"},{\"@type\":\"ListItem\",\"position\":2,\"name\":\"A Boqueta Nit inunda la Pla\u00e7a de l\u2019Aigua de bona m\u00fasica cada dijous de juliol i agost\"}]},{\"@type\":\"WebSite\",\"@id\":\"https:\/\/www.alteacultural.com\/es\/#website\",\"url\":\"https:\/\/www.alteacultural.com\/es\/\",\"name\":\"Altea Cultural\",\"description\":\"Regidoria de Cultura de l&#039;Ajuntament d&#039;Altea\",\"potentialAction\":[{\"@type\":\"SearchAction\",\"target\":{\"@type\":\"EntryPoint\",\"urlTemplate\":\"https:\/\/www.alteacultural.com\/es\/?s={search_term_string}\"},\"query-input\":\"required name=search_term_string\"}],\"inLanguage\":\"es\"},{\"@type\":\"Person\",\"@id\":\"https:\/\/www.alteacultural.com\/es\/#\/schema\/person\/c4e137537f1af546d214a315255e5172\",\"name\":\"sfaltea.com-admin\",\"image\":{\"@type\":\"ImageObject\",\"inLanguage\":\"es\",\"@id\":\"https:\/\/www.alteacultural.com\/es\/#\/schema\/person\/image\/\",\"url\":\"https:\/\/secure.gravatar.com\/avatar\/f7473fa2fbd351270ccfd469de536202?s=96&d=mm&r=g\",\"contentUrl\":\"https:\/\/secure.gravatar.com\/avatar\/f7473fa2fbd351270ccfd469de536202?s=96&d=mm&r=g\",\"caption\":\"sfaltea.com-admin\"},\"url\":\"https:\/\/www.alteacultural.com\/es\/author\/sfaltea-com-admin\/\"}]}<\/script>\n<!-- \/ Yoast SEO plugin. -->","yoast_head_json":{"title":"A Boqueta Nit inunda la Pla\u00e7a de l\u2019Aigua de bona m\u00fasica cada dijous de juliol i agost - Altea Cultural","robots":{"index":"index","follow":"follow","max-snippet":"max-snippet:-1","max-image-preview":"max-image-preview:large","max-video-preview":"max-video-preview:-1"},"canonical":"https:\/\/www.alteacultural.com\/es\/2023\/06\/22\/a-boqueta-nit-inunda-la-placa-de-laigua-de-bona-musica-cada-dijous-de-juliol-i-agost\/","og_locale":"es_ES","og_type":"article","og_title":"A Boqueta Nit inunda la Pla\u00e7a de l\u2019Aigua de bona m\u00fasica cada dijous de juliol i agost - Altea Cultural","og_description":"La regidoria de Cultura ha donat a con\u00e8ixer el programa de concerts que componen M\u00fasica a Boqueta Nit 2023 [&hellip;]","og_url":"https:\/\/www.alteacultural.com\/es\/2023\/06\/22\/a-boqueta-nit-inunda-la-placa-de-laigua-de-bona-musica-cada-dijous-de-juliol-i-agost\/","og_site_name":"Altea Cultural","article_published_time":"2023-06-22T10:00:00+00:00","article_modified_time":"2023-07-04T08:02:44+00:00","og_image":[{"width":1754,"height":2480,"url":"https:\/\/www.alteacultural.com\/wp-content\/uploads\/2023\/06\/Musica_a_Boqueta_Nit_2023_Cartell-01.jpg","type":"image\/jpeg"}],"author":"sfaltea.com-admin","twitter_card":"summary_large_image","twitter_misc":{"Escrito por":"sfaltea.com-admin","Tiempo de lectura":"3 minutos"},"schema":{"@context":"https:\/\/schema.org","@graph":[{"@type":"WebPage","@id":"https:\/\/www.alteacultural.com\/es\/2023\/06\/22\/a-boqueta-nit-inunda-la-placa-de-laigua-de-bona-musica-cada-dijous-de-juliol-i-agost\/","url":"https:\/\/www.alteacultural.com\/es\/2023\/06\/22\/a-boqueta-nit-inunda-la-placa-de-laigua-de-bona-musica-cada-dijous-de-juliol-i-agost\/","name":"A Boqueta Nit inunda la Pla\u00e7a de l\u2019Aigua de bona m\u00fasica cada dijous de juliol i agost - Altea Cultural","isPartOf":{"@id":"https:\/\/www.alteacultural.com\/es\/#website"},"primaryImageOfPage":{"@id":"https:\/\/www.alteacultural.com\/es\/2023\/06\/22\/a-boqueta-nit-inunda-la-placa-de-laigua-de-bona-musica-cada-dijous-de-juliol-i-agost\/#primaryimage"},"image":{"@id":"https:\/\/www.alteacultural.com\/es\/2023\/06\/22\/a-boqueta-nit-inunda-la-placa-de-laigua-de-bona-musica-cada-dijous-de-juliol-i-agost\/#primaryimage"},"thumbnailUrl":"https:\/\/www.alteacultural.com\/wp-content\/uploads\/2023\/06\/Musica_a_Boqueta_Nit_2023_Cartell-01.jpg","datePublished":"2023-06-22T10:00:00+00:00","dateModified":"2023-07-04T08:02:44+00:00","author":{"@id":"https:\/\/www.alteacultural.com\/es\/#\/schema\/person\/c4e137537f1af546d214a315255e5172"},"breadcrumb":{"@id":"https:\/\/www.alteacultural.com\/es\/2023\/06\/22\/a-boqueta-nit-inunda-la-placa-de-laigua-de-bona-musica-cada-dijous-de-juliol-i-agost\/#breadcrumb"},"inLanguage":"es","potentialAction":[{"@type":"ReadAction","target":["https:\/\/www.alteacultural.com\/es\/2023\/06\/22\/a-boqueta-nit-inunda-la-placa-de-laigua-de-bona-musica-cada-dijous-de-juliol-i-agost\/"]}]},{"@type":"ImageObject","inLanguage":"es","@id":"https:\/\/www.alteacultural.com\/es\/2023\/06\/22\/a-boqueta-nit-inunda-la-placa-de-laigua-de-bona-musica-cada-dijous-de-juliol-i-agost\/#primaryimage","url":"https:\/\/www.alteacultural.com\/wp-content\/uploads\/2023\/06\/Musica_a_Boqueta_Nit_2023_Cartell-01.jpg","contentUrl":"https:\/\/www.alteacultural.com\/wp-content\/uploads\/2023\/06\/Musica_a_Boqueta_Nit_2023_Cartell-01.jpg","width":1754,"height":2480},{"@type":"BreadcrumbList","@id":"https:\/\/www.alteacultural.com\/es\/2023\/06\/22\/a-boqueta-nit-inunda-la-placa-de-laigua-de-bona-musica-cada-dijous-de-juliol-i-agost\/#breadcrumb","itemListElement":[{"@type":"ListItem","position":1,"name":"Inici","item":"https:\/\/www.alteacultural.com\/es\/"},{"@type":"ListItem","position":2,"name":"A Boqueta Nit inunda la Pla\u00e7a de l\u2019Aigua de bona m\u00fasica cada dijous de juliol i agost"}]},{"@type":"WebSite","@id":"https:\/\/www.alteacultural.com\/es\/#website","url":"https:\/\/www.alteacultural.com\/es\/","name":"Altea Cultural","description":"Regidoria de Cultura de l&#039;Ajuntament d&#039;Altea","potentialAction":[{"@type":"SearchAction","target":{"@type":"EntryPoint","urlTemplate":"https:\/\/www.alteacultural.com\/es\/?s={search_term_string}"},"query-input":"required name=search_term_string"}],"inLanguage":"es"},{"@type":"Person","@id":"https:\/\/www.alteacultural.com\/es\/#\/schema\/person\/c4e137537f1af546d214a315255e5172","name":"sfaltea.com-admin","image":{"@type":"ImageObject","inLanguage":"es","@id":"https:\/\/www.alteacultural.com\/es\/#\/schema\/person\/image\/","url":"https:\/\/secure.gravatar.com\/avatar\/f7473fa2fbd351270ccfd469de536202?s=96&d=mm&r=g","contentUrl":"https:\/\/secure.gravatar.com\/avatar\/f7473fa2fbd351270ccfd469de536202?s=96&d=mm&r=g","caption":"sfaltea.com-admin"},"url":"https:\/\/www.alteacultural.com\/es\/author\/sfaltea-com-admin\/"}]}},"_links":{"self":[{"href":"https:\/\/www.alteacultural.com\/es\/wp-json\/wp\/v2\/posts\/26485"}],"collection":[{"href":"https:\/\/www.alteacultural.com\/es\/wp-json\/wp\/v2\/posts"}],"about":[{"href":"https:\/\/www.alteacultural.com\/es\/wp-json\/wp\/v2\/types\/post"}],"author":[{"embeddable":true,"href":"https:\/\/www.alteacultural.com\/es\/wp-json\/wp\/v2\/users\/1"}],"replies":[{"embeddable":true,"href":"https:\/\/www.alteacultural.com\/es\/wp-json\/wp\/v2\/comments?post=26485"}],"version-history":[{"count":1,"href":"https:\/\/www.alteacultural.com\/es\/wp-json\/wp\/v2\/posts\/26485\/revisions"}],"predecessor-version":[{"id":26486,"href":"https:\/\/www.alteacultural.com\/es\/wp-json\/wp\/v2\/posts\/26485\/revisions\/26486"}],"wp:featuredmedia":[{"embeddable":true,"href":"https:\/\/www.alteacultural.com\/es\/wp-json\/wp\/v2\/media\/26217"}],"wp:attachment":[{"href":"https:\/\/www.alteacultural.com\/es\/wp-json\/wp\/v2\/media?parent=26485"}],"curies":[{"name":"wp","href":"https:\/\/api.w.org\/{rel}","templated":true}]}}