{"id":26491,"date":"2023-06-21T12:06:00","date_gmt":"2023-06-21T10:06:00","guid":{"rendered":"https:\/\/www.alteacultural.com\/2023\/06\/21\/cultura-presenta-la-xxi-edicio-dalteatre\/"},"modified":"2023-07-04T10:12:45","modified_gmt":"2023-07-04T08:12:45","slug":"cultura-presenta-la-xxi-edicio-dalteatre","status":"publish","type":"post","link":"https:\/\/www.alteacultural.com\/es\/2023\/06\/21\/cultura-presenta-la-xxi-edicio-dalteatre\/","title":{"rendered":"Cultura presenta la XXI edici\u00f3n de Alteatre"},"content":{"rendered":"\n<figure class=\"wp-block-image\"><img decoding=\"async\" data-src=\"https:\/\/alteadigital.es\/wp-content\/uploads\/2023\/06\/Alteatre-carell-Perez-y-Carratala.jpg\" alt=\"Cultura presenta la XXI edici\u00f3n de Alteatre\" src=\"data:image\/gif;base64,R0lGODlhAQABAAAAACH5BAEKAAEALAAAAAABAAEAAAICTAEAOw==\" class=\"lazyload\" \/><\/figure>\n\n\n\n<p><strong>La programaci\u00f3n incluye cinco representaciones durante los s\u00e1bados de julio<\/strong><\/p>\n\n\n\n<p>La concejala de Cultura, Pepa Victoria P\u00e9rez y el presidente de Pla y Rev\u00e9s, Joan Carratal\u00e0, han presentado la 21 edici\u00f3n de la Muestra Nacional de Teatro Amateur, de Alteatre, la programaci\u00f3n del cual se desarrollar\u00e1 las noches de los s\u00e1bados durante el mes pr\u00f3ximo de julio en la Plaza del agua.<\/p>\n\n\n\n<p>C\u00f3mo ha indicado la edil, \u201ceste proyecto cumple 21 a\u00f1os y ya tiene un p\u00fablico fiel\u201d. La responsable municipal de Cultura, ha agradecido en Pla y Rev\u00e9s el trabajo realizado \u201cporque sin ellos ser\u00eda imposible hacer una muestra de estas dimensiones y adem\u00e1s que funciono bien, es un motivo de satisfacci\u00f3n\u201d.<\/p>\n\n\n\n<p>Ser\u00e1n cuatro los grupos teatrales los que act\u00faan, adem\u00e1s de la representaci\u00f3n de la clausura que, como es habitual, ser\u00e1 a cargo del grupo \u00abPla i Rev\u00e9s\u201d. Por su parte, Joan Carratal\u00e0, presidente de \u00abPla i Rev\u00e9s\u201d. y miembro del jurado que ha seleccionado las obras participantes, ha sido el encargado de revelar el programa de esta XXI edici\u00f3n de Alteatre.<\/p>\n\n\n\n<p>En palabras de Carratal\u00e0, \u201ctodo esto no ser\u00eda posible sin la ayuda del Ayuntamiento. Queremos que el p\u00fablico se lo pase bien y vea teatro de calidad, puesto que en esta muestra de teatro amateu, contamos con un p\u00fablico fiel y consolidado\u201d. \u201cPor suerte el nivel de participaci\u00f3n contin\u00faa siendo importante, y al jurado cada vez nos es m\u00e1s complicado decidir las obras y grupos de teatro participantes, sin embargo, intentamos llevar el teatro de mayor calidad a nuestra muestra\u201d, ha comentado Carratal\u00e0.<\/p>\n\n\n\n<p><strong>Programa de representaciones:<\/strong><\/p>\n\n\n\n<p>La programaci\u00f3n teatral de esta edici\u00f3n se inicia el pr\u00f3ximo 1 de julio con \u201cPere i el Capit\u00e0\u201d de la compa\u00f1\u00eda Zorongo, procedente de B\u00e9tera; continuar\u00e1 el 8 de julio con la obra \u201cAngoixa\u201d del grupo de teatro Ambfiteatre, de Gand\u00eda. La tercera obra, prevista para el 15 de julio ser\u00e1 \u201cLas Picard\u00edas de Moliere\u201d de la compa\u00f1\u00eda Associaci\u00f2de teatre P\u00e0nic Esc\u00e8nic de Quartell. La programaci\u00f3n se cierra el 22 de julio \u201cEstr\u00e9s\u201d de la compa\u00f1\u00eda Associaci\u00f3 Ma\u00e7ateatre de Barcelona; y 29 de Julio \u201cEl Joc\u201d del grupo local Pla i Rev\u00e9s.<\/p>\n\n\n\n<p>El precio de las entradas es de ocho euros por representaci\u00f3n; seis euros en compra en l\u00ednea, y el abono para las cinco representaciones tiene un coste de 25 euros, o 20 euros en compra en l\u00ednea. Estas se pueden adquirir en la Casa de Cultura una hora antes de cada representaci\u00f3n en el acceso a la Plaza del agua. La compra en l\u00ednea en:&nbsp;<a href=\"https:\/\/www.alteacultural.com\/alteatre\/\">https:\/\/www.alteacultural.com\/alteatre\/<\/a><\/p>\n\n\n\n<p>El aforo del espacio est\u00e1 limitado a 150 personas por funci\u00f3n, por lo cual desde la organizaci\u00f3n se recomienda adquirir lo m\u00e1s pronto posible la entrada. |ALTEADIGITAL.ES<\/p>\n\n\n\n<div class=\"wp-block-image\"><figure class=\"aligncenter\"><img decoding=\"async\" data-src=\"https:\/\/alteadigital.es\/wp-content\/uploads\/2023\/06\/Caretll-Alteatre-XXI-724x1024.jpeg\" alt=\"\" class=\"wp-image-112346 lazyload\" src=\"data:image\/gif;base64,R0lGODlhAQABAAAAACH5BAEKAAEALAAAAAABAAEAAAICTAEAOw==\" style=\"--smush-placeholder-width: 724px; --smush-placeholder-aspect-ratio: 724\/1024;\" \/><\/figure><\/div>\n","protected":false},"excerpt":{"rendered":"<p>La programaci\u00f3n incluye cinco representaciones durante los s\u00e1bados de julio La concejala de Cultura, Pepa Victoria P\u00e9rez y el [&hellip;]<\/p>\n","protected":false},"author":1,"featured_media":26120,"comment_status":"open","ping_status":"open","sticky":false,"template":"","format":"standard","meta":{"_expiration-date-status":"","_expiration-date":0,"_expiration-date-type":"","_expiration-date-categories":[],"_expiration-date-options":[],"footnotes":""},"yoast_head":"<!-- This site is optimized with the Yoast SEO plugin v22.8 - https:\/\/yoast.com\/wordpress\/plugins\/seo\/ -->\n<title>Cultura presenta la XXI edici\u00f3n de Alteatre - Altea Cultural<\/title>\n<meta name=\"robots\" content=\"index, follow, max-snippet:-1, max-image-preview:large, max-video-preview:-1\" \/>\n<link rel=\"canonical\" href=\"https:\/\/www.alteacultural.com\/es\/2023\/06\/21\/cultura-presenta-la-xxi-edicio-dalteatre\/\" \/>\n<meta property=\"og:locale\" content=\"es_ES\" \/>\n<meta property=\"og:type\" content=\"article\" \/>\n<meta property=\"og:title\" content=\"Cultura presenta la XXI edici\u00f3n de Alteatre - Altea Cultural\" \/>\n<meta property=\"og:description\" content=\"La programaci\u00f3n incluye cinco representaciones durante los s\u00e1bados de julio La concejala de Cultura, Pepa Victoria P\u00e9rez y el [&hellip;]\" \/>\n<meta property=\"og:url\" content=\"https:\/\/www.alteacultural.com\/es\/2023\/06\/21\/cultura-presenta-la-xxi-edicio-dalteatre\/\" \/>\n<meta property=\"og:site_name\" content=\"Altea Cultural\" \/>\n<meta property=\"article:published_time\" content=\"2023-06-21T10:06:00+00:00\" \/>\n<meta property=\"article:modified_time\" content=\"2023-07-04T08:12:45+00:00\" \/>\n<meta property=\"og:image\" content=\"https:\/\/www.alteacultural.com\/wp-content\/uploads\/2023\/06\/Alteatre2023_Cartell-01-1-scaled.jpg\" \/>\n\t<meta property=\"og:image:width\" content=\"1810\" \/>\n\t<meta property=\"og:image:height\" content=\"2560\" \/>\n\t<meta property=\"og:image:type\" content=\"image\/jpeg\" \/>\n<meta name=\"author\" content=\"sfaltea.com-admin\" \/>\n<meta name=\"twitter:card\" content=\"summary_large_image\" \/>\n<meta name=\"twitter:label1\" content=\"Escrito por\" \/>\n\t<meta name=\"twitter:data1\" content=\"sfaltea.com-admin\" \/>\n\t<meta name=\"twitter:label2\" content=\"Tiempo de lectura\" \/>\n\t<meta name=\"twitter:data2\" content=\"3 minutos\" \/>\n<script type=\"application\/ld+json\" class=\"yoast-schema-graph\">{\"@context\":\"https:\/\/schema.org\",\"@graph\":[{\"@type\":\"WebPage\",\"@id\":\"https:\/\/www.alteacultural.com\/es\/2023\/06\/21\/cultura-presenta-la-xxi-edicio-dalteatre\/\",\"url\":\"https:\/\/www.alteacultural.com\/es\/2023\/06\/21\/cultura-presenta-la-xxi-edicio-dalteatre\/\",\"name\":\"Cultura presenta la XXI edici\u00f3n de Alteatre - Altea Cultural\",\"isPartOf\":{\"@id\":\"https:\/\/www.alteacultural.com\/es\/#website\"},\"primaryImageOfPage\":{\"@id\":\"https:\/\/www.alteacultural.com\/es\/2023\/06\/21\/cultura-presenta-la-xxi-edicio-dalteatre\/#primaryimage\"},\"image\":{\"@id\":\"https:\/\/www.alteacultural.com\/es\/2023\/06\/21\/cultura-presenta-la-xxi-edicio-dalteatre\/#primaryimage\"},\"thumbnailUrl\":\"https:\/\/www.alteacultural.com\/wp-content\/uploads\/2023\/06\/Alteatre2023_Cartell-01-1-scaled.jpg\",\"datePublished\":\"2023-06-21T10:06:00+00:00\",\"dateModified\":\"2023-07-04T08:12:45+00:00\",\"author\":{\"@id\":\"https:\/\/www.alteacultural.com\/es\/#\/schema\/person\/c4e137537f1af546d214a315255e5172\"},\"breadcrumb\":{\"@id\":\"https:\/\/www.alteacultural.com\/es\/2023\/06\/21\/cultura-presenta-la-xxi-edicio-dalteatre\/#breadcrumb\"},\"inLanguage\":\"es\",\"potentialAction\":[{\"@type\":\"ReadAction\",\"target\":[\"https:\/\/www.alteacultural.com\/es\/2023\/06\/21\/cultura-presenta-la-xxi-edicio-dalteatre\/\"]}]},{\"@type\":\"ImageObject\",\"inLanguage\":\"es\",\"@id\":\"https:\/\/www.alteacultural.com\/es\/2023\/06\/21\/cultura-presenta-la-xxi-edicio-dalteatre\/#primaryimage\",\"url\":\"https:\/\/www.alteacultural.com\/wp-content\/uploads\/2023\/06\/Alteatre2023_Cartell-01-1-scaled.jpg\",\"contentUrl\":\"https:\/\/www.alteacultural.com\/wp-content\/uploads\/2023\/06\/Alteatre2023_Cartell-01-1-scaled.jpg\",\"width\":1810,\"height\":2560},{\"@type\":\"BreadcrumbList\",\"@id\":\"https:\/\/www.alteacultural.com\/es\/2023\/06\/21\/cultura-presenta-la-xxi-edicio-dalteatre\/#breadcrumb\",\"itemListElement\":[{\"@type\":\"ListItem\",\"position\":1,\"name\":\"Inici\",\"item\":\"https:\/\/www.alteacultural.com\/es\/\"},{\"@type\":\"ListItem\",\"position\":2,\"name\":\"Cultura presenta la XXI edici\u00f3n de Alteatre\"}]},{\"@type\":\"WebSite\",\"@id\":\"https:\/\/www.alteacultural.com\/es\/#website\",\"url\":\"https:\/\/www.alteacultural.com\/es\/\",\"name\":\"Altea Cultural\",\"description\":\"Regidoria de Cultura de l&#039;Ajuntament d&#039;Altea\",\"potentialAction\":[{\"@type\":\"SearchAction\",\"target\":{\"@type\":\"EntryPoint\",\"urlTemplate\":\"https:\/\/www.alteacultural.com\/es\/?s={search_term_string}\"},\"query-input\":\"required name=search_term_string\"}],\"inLanguage\":\"es\"},{\"@type\":\"Person\",\"@id\":\"https:\/\/www.alteacultural.com\/es\/#\/schema\/person\/c4e137537f1af546d214a315255e5172\",\"name\":\"sfaltea.com-admin\",\"image\":{\"@type\":\"ImageObject\",\"inLanguage\":\"es\",\"@id\":\"https:\/\/www.alteacultural.com\/es\/#\/schema\/person\/image\/\",\"url\":\"https:\/\/secure.gravatar.com\/avatar\/f7473fa2fbd351270ccfd469de536202?s=96&d=mm&r=g\",\"contentUrl\":\"https:\/\/secure.gravatar.com\/avatar\/f7473fa2fbd351270ccfd469de536202?s=96&d=mm&r=g\",\"caption\":\"sfaltea.com-admin\"},\"url\":\"https:\/\/www.alteacultural.com\/es\/author\/sfaltea-com-admin\/\"}]}<\/script>\n<!-- \/ Yoast SEO plugin. -->","yoast_head_json":{"title":"Cultura presenta la XXI edici\u00f3n de Alteatre - Altea Cultural","robots":{"index":"index","follow":"follow","max-snippet":"max-snippet:-1","max-image-preview":"max-image-preview:large","max-video-preview":"max-video-preview:-1"},"canonical":"https:\/\/www.alteacultural.com\/es\/2023\/06\/21\/cultura-presenta-la-xxi-edicio-dalteatre\/","og_locale":"es_ES","og_type":"article","og_title":"Cultura presenta la XXI edici\u00f3n de Alteatre - Altea Cultural","og_description":"La programaci\u00f3n incluye cinco representaciones durante los s\u00e1bados de julio La concejala de Cultura, Pepa Victoria P\u00e9rez y el [&hellip;]","og_url":"https:\/\/www.alteacultural.com\/es\/2023\/06\/21\/cultura-presenta-la-xxi-edicio-dalteatre\/","og_site_name":"Altea Cultural","article_published_time":"2023-06-21T10:06:00+00:00","article_modified_time":"2023-07-04T08:12:45+00:00","og_image":[{"width":1810,"height":2560,"url":"https:\/\/www.alteacultural.com\/wp-content\/uploads\/2023\/06\/Alteatre2023_Cartell-01-1-scaled.jpg","type":"image\/jpeg"}],"author":"sfaltea.com-admin","twitter_card":"summary_large_image","twitter_misc":{"Escrito por":"sfaltea.com-admin","Tiempo de lectura":"3 minutos"},"schema":{"@context":"https:\/\/schema.org","@graph":[{"@type":"WebPage","@id":"https:\/\/www.alteacultural.com\/es\/2023\/06\/21\/cultura-presenta-la-xxi-edicio-dalteatre\/","url":"https:\/\/www.alteacultural.com\/es\/2023\/06\/21\/cultura-presenta-la-xxi-edicio-dalteatre\/","name":"Cultura presenta la XXI edici\u00f3n de Alteatre - Altea Cultural","isPartOf":{"@id":"https:\/\/www.alteacultural.com\/es\/#website"},"primaryImageOfPage":{"@id":"https:\/\/www.alteacultural.com\/es\/2023\/06\/21\/cultura-presenta-la-xxi-edicio-dalteatre\/#primaryimage"},"image":{"@id":"https:\/\/www.alteacultural.com\/es\/2023\/06\/21\/cultura-presenta-la-xxi-edicio-dalteatre\/#primaryimage"},"thumbnailUrl":"https:\/\/www.alteacultural.com\/wp-content\/uploads\/2023\/06\/Alteatre2023_Cartell-01-1-scaled.jpg","datePublished":"2023-06-21T10:06:00+00:00","dateModified":"2023-07-04T08:12:45+00:00","author":{"@id":"https:\/\/www.alteacultural.com\/es\/#\/schema\/person\/c4e137537f1af546d214a315255e5172"},"breadcrumb":{"@id":"https:\/\/www.alteacultural.com\/es\/2023\/06\/21\/cultura-presenta-la-xxi-edicio-dalteatre\/#breadcrumb"},"inLanguage":"es","potentialAction":[{"@type":"ReadAction","target":["https:\/\/www.alteacultural.com\/es\/2023\/06\/21\/cultura-presenta-la-xxi-edicio-dalteatre\/"]}]},{"@type":"ImageObject","inLanguage":"es","@id":"https:\/\/www.alteacultural.com\/es\/2023\/06\/21\/cultura-presenta-la-xxi-edicio-dalteatre\/#primaryimage","url":"https:\/\/www.alteacultural.com\/wp-content\/uploads\/2023\/06\/Alteatre2023_Cartell-01-1-scaled.jpg","contentUrl":"https:\/\/www.alteacultural.com\/wp-content\/uploads\/2023\/06\/Alteatre2023_Cartell-01-1-scaled.jpg","width":1810,"height":2560},{"@type":"BreadcrumbList","@id":"https:\/\/www.alteacultural.com\/es\/2023\/06\/21\/cultura-presenta-la-xxi-edicio-dalteatre\/#breadcrumb","itemListElement":[{"@type":"ListItem","position":1,"name":"Inici","item":"https:\/\/www.alteacultural.com\/es\/"},{"@type":"ListItem","position":2,"name":"Cultura presenta la XXI edici\u00f3n de Alteatre"}]},{"@type":"WebSite","@id":"https:\/\/www.alteacultural.com\/es\/#website","url":"https:\/\/www.alteacultural.com\/es\/","name":"Altea Cultural","description":"Regidoria de Cultura de l&#039;Ajuntament d&#039;Altea","potentialAction":[{"@type":"SearchAction","target":{"@type":"EntryPoint","urlTemplate":"https:\/\/www.alteacultural.com\/es\/?s={search_term_string}"},"query-input":"required name=search_term_string"}],"inLanguage":"es"},{"@type":"Person","@id":"https:\/\/www.alteacultural.com\/es\/#\/schema\/person\/c4e137537f1af546d214a315255e5172","name":"sfaltea.com-admin","image":{"@type":"ImageObject","inLanguage":"es","@id":"https:\/\/www.alteacultural.com\/es\/#\/schema\/person\/image\/","url":"https:\/\/secure.gravatar.com\/avatar\/f7473fa2fbd351270ccfd469de536202?s=96&d=mm&r=g","contentUrl":"https:\/\/secure.gravatar.com\/avatar\/f7473fa2fbd351270ccfd469de536202?s=96&d=mm&r=g","caption":"sfaltea.com-admin"},"url":"https:\/\/www.alteacultural.com\/es\/author\/sfaltea-com-admin\/"}]}},"_links":{"self":[{"href":"https:\/\/www.alteacultural.com\/es\/wp-json\/wp\/v2\/posts\/26491"}],"collection":[{"href":"https:\/\/www.alteacultural.com\/es\/wp-json\/wp\/v2\/posts"}],"about":[{"href":"https:\/\/www.alteacultural.com\/es\/wp-json\/wp\/v2\/types\/post"}],"author":[{"embeddable":true,"href":"https:\/\/www.alteacultural.com\/es\/wp-json\/wp\/v2\/users\/1"}],"replies":[{"embeddable":true,"href":"https:\/\/www.alteacultural.com\/es\/wp-json\/wp\/v2\/comments?post=26491"}],"version-history":[{"count":1,"href":"https:\/\/www.alteacultural.com\/es\/wp-json\/wp\/v2\/posts\/26491\/revisions"}],"predecessor-version":[{"id":26493,"href":"https:\/\/www.alteacultural.com\/es\/wp-json\/wp\/v2\/posts\/26491\/revisions\/26493"}],"wp:featuredmedia":[{"embeddable":true,"href":"https:\/\/www.alteacultural.com\/es\/wp-json\/wp\/v2\/media\/26120"}],"wp:attachment":[{"href":"https:\/\/www.alteacultural.com\/es\/wp-json\/wp\/v2\/media?parent=26491"}],"curies":[{"name":"wp","href":"https:\/\/api.w.org\/{rel}","templated":true}]}}