{"id":26499,"date":"2023-07-04T13:31:47","date_gmt":"2023-07-04T11:31:47","guid":{"rendered":"https:\/\/www.alteacultural.com\/2023\/07\/04\/la-casa-de-cultura-acull-lexposicio-fotografica-itinerant-me-llamo-me-llaman-amb-lobjectiu-de-sensibilitzar-sobre-la-malaltia-de-lalzheimer\/"},"modified":"2023-07-14T09:01:51","modified_gmt":"2023-07-14T07:01:51","slug":"la-casa-de-cultura-acull-lexposicio-fotografica-itinerant-me-llamo-me-llaman-amb-lobjectiu-de-sensibilitzar-sobre-la-malaltia-de-lalzheimer","status":"publish","type":"post","link":"https:\/\/www.alteacultural.com\/es\/2023\/07\/04\/la-casa-de-cultura-acull-lexposicio-fotografica-itinerant-me-llamo-me-llaman-amb-lobjectiu-de-sensibilitzar-sobre-la-malaltia-de-lalzheimer\/","title":{"rendered":"La Casa de Cultura acoge la exposici\u00f3n fotogr\u00e1fica itinerante \u201cme llamo, me llaman\u201d con el objetivo de sensibilizar sobre la enfermedad del Alzheimer"},"content":{"rendered":"\n<figure class=\"wp-block-image\"><img decoding=\"async\" data-src=\"https:\/\/alteadigital.es\/wp-content\/uploads\/2023\/07\/Expo-1.jpg\" alt=\"La Casa de Cultura acull l\u2019exposici\u00f3 fotogr\u00e0fica itinerant \u201cme llamo, me llaman\u201d amb l\u2019objectiu de sensibilitzar sobre la malaltia de l\u2019Alzheimer\" src=\"data:image\/gif;base64,R0lGODlhAQABAAAAACH5BAEKAAEALAAAAAABAAEAAAICTAEAOw==\" class=\"lazyload\" \/><\/figure>\n\n\n\n<p>La Concejal\u00eda de Cultura, dirigida por Pepa P\u00e9rez, ha inaugurado \u201cme llamo, me llaman\u201d de Benjam\u00edn Serrano junto a la Asociaci\u00f3n de Familiares y colaboradores de Alzheimer de la Marina Baixa, AFA, en la Biblioteca P\u00fablica Municipal de Altea.<\/p>\n\n\n\n<p>\u201cPienso que esta exposici\u00f3n es muy especial, agradezco el trabajo que hacen las asociaciones como AFA. A la vista est\u00e1, la labor de las fotograf\u00edas de Benjam\u00edn y mostrar la fuerza, la cercan\u00eda y los sentimientos de estas personas con Alzheimer de una manera desinteresada\u201d, ha se\u00f1alado Pepa P\u00e9rez en su intervenci\u00f3n. Y a\u00f1ad\u00eda: \u201cLa Concejal\u00eda de Cultura siempre apoyar\u00e1 causas como \u00e9sta\u201d.<\/p>\n\n\n\n<p>La muestra de Benjam\u00edn Serrano tiene como objetivo concienciar a la sociedad sobre la enfermedad del Alzheimer y reivindicar la necesidad de seguir investigando. Serrano muestra en su exposici\u00f3n retratos art\u00edsticos de personas usuarias de AFA, sin hablar de la enfermedad, con el objeto de visibilizar la sensibilidad, los sentimientos y las emociones de estas personas huyendo de los estereotipos de la enfermedad.<\/p>\n\n\n\n<p>Por su parte, Benjam\u00edn Serrano, declaraba: \u201cquiero dar las gracias al Ayuntamiento de Altea por darme este espacio para mostrar los retratos y a AFA por hacer posible esta exposici\u00f3n.&nbsp; Esta peque\u00f1a causa quiere mostrar la fuerza de estas personas sin hablar de la enfermedad\u201d.<\/p>\n\n\n\n<p>AFA Marina Baixa es una asociaci\u00f3n que cuenta con m\u00e1s de 20 a\u00f1os de experiencia, dando m\u00faltiples servicios a los enfermos de Alzheimer, a los familiares y cuidadores. Su presidenta, Garbi\u00f1e Mondrag\u00f3n, tambi\u00e9n fue la encargada de inaugurar la exposici\u00f3n y se\u00f1al\u00f3: \u201caunque estas personas no pueden recordar, son capaces de captar el sentimiento del amor y la fuerza del cari\u00f1o\u201d.<\/p>\n\n\n\n<p>La responsable municipal de Cultura invita a alteanos, alteanas y visitantes a que se acerquen a la Casa de Cultura a visitar la muestra. La exposici\u00f3n estar\u00e1 abierta hasta el 12 de julio y la entrada es gratuita. |ALTEADIGITAL.ES<\/p>\n\n\n\n<div class=\"wp-block-image\"><figure class=\"aligncenter\"><img decoding=\"async\" data-src=\"https:\/\/alteadigital.es\/wp-content\/uploads\/2023\/07\/expo-3.jpg\" alt=\"\" class=\"wp-image-112595 lazyload\" src=\"data:image\/gif;base64,R0lGODlhAQABAAAAACH5BAEKAAEALAAAAAABAAEAAAICTAEAOw==\" \/><\/figure><\/div>\n","protected":false},"excerpt":{"rendered":"<p>La Concejal\u00eda de Cultura, dirigida por Pepa P\u00e9rez, ha inaugurado \u201cme llamo, me llaman\u201d de Benjam\u00edn Serrano junto a [&hellip;]<\/p>\n","protected":false},"author":1,"featured_media":26385,"comment_status":"open","ping_status":"open","sticky":false,"template":"","format":"standard","meta":{"_expiration-date-status":"","_expiration-date":0,"_expiration-date-type":"","_expiration-date-categories":[],"_expiration-date-options":[],"footnotes":""},"yoast_head":"<!-- This site is optimized with the Yoast SEO plugin v22.8 - https:\/\/yoast.com\/wordpress\/plugins\/seo\/ -->\n<title>La Casa de Cultura acoge la exposici\u00f3n fotogr\u00e1fica itinerante \u201cme llamo, me llaman\u201d con el objetivo de sensibilizar sobre la enfermedad del Alzheimer - Altea Cultural<\/title>\n<meta name=\"robots\" content=\"index, follow, max-snippet:-1, max-image-preview:large, max-video-preview:-1\" \/>\n<link rel=\"canonical\" href=\"https:\/\/www.alteacultural.com\/es\/2023\/07\/04\/la-casa-de-cultura-acull-lexposicio-fotografica-itinerant-me-llamo-me-llaman-amb-lobjectiu-de-sensibilitzar-sobre-la-malaltia-de-lalzheimer\/\" \/>\n<meta property=\"og:locale\" content=\"es_ES\" \/>\n<meta property=\"og:type\" content=\"article\" \/>\n<meta property=\"og:title\" content=\"La Casa de Cultura acoge la exposici\u00f3n fotogr\u00e1fica itinerante \u201cme llamo, me llaman\u201d con el objetivo de sensibilizar sobre la enfermedad del Alzheimer - Altea Cultural\" \/>\n<meta property=\"og:description\" content=\"La Concejal\u00eda de Cultura, dirigida por Pepa P\u00e9rez, ha inaugurado \u201cme llamo, me llaman\u201d de Benjam\u00edn Serrano junto a [&hellip;]\" \/>\n<meta property=\"og:url\" content=\"https:\/\/www.alteacultural.com\/es\/2023\/07\/04\/la-casa-de-cultura-acull-lexposicio-fotografica-itinerant-me-llamo-me-llaman-amb-lobjectiu-de-sensibilitzar-sobre-la-malaltia-de-lalzheimer\/\" \/>\n<meta property=\"og:site_name\" content=\"Altea Cultural\" \/>\n<meta property=\"article:published_time\" content=\"2023-07-04T11:31:47+00:00\" \/>\n<meta property=\"article:modified_time\" content=\"2023-07-14T07:01:51+00:00\" \/>\n<meta property=\"og:image\" content=\"https:\/\/www.alteacultural.com\/wp-content\/uploads\/2023\/06\/2023-07-12-Expo-fotografica-Em-dic-em-diuen.jpeg\" \/>\n\t<meta property=\"og:image:width\" content=\"1131\" \/>\n\t<meta property=\"og:image:height\" content=\"1600\" \/>\n\t<meta property=\"og:image:type\" content=\"image\/jpeg\" \/>\n<meta name=\"author\" content=\"sfaltea.com-admin\" \/>\n<meta name=\"twitter:card\" content=\"summary_large_image\" \/>\n<meta name=\"twitter:label1\" content=\"Escrito por\" \/>\n\t<meta name=\"twitter:data1\" content=\"sfaltea.com-admin\" \/>\n\t<meta name=\"twitter:label2\" content=\"Tiempo de lectura\" \/>\n\t<meta name=\"twitter:data2\" content=\"2 minutos\" \/>\n<script type=\"application\/ld+json\" class=\"yoast-schema-graph\">{\"@context\":\"https:\/\/schema.org\",\"@graph\":[{\"@type\":\"WebPage\",\"@id\":\"https:\/\/www.alteacultural.com\/es\/2023\/07\/04\/la-casa-de-cultura-acull-lexposicio-fotografica-itinerant-me-llamo-me-llaman-amb-lobjectiu-de-sensibilitzar-sobre-la-malaltia-de-lalzheimer\/\",\"url\":\"https:\/\/www.alteacultural.com\/es\/2023\/07\/04\/la-casa-de-cultura-acull-lexposicio-fotografica-itinerant-me-llamo-me-llaman-amb-lobjectiu-de-sensibilitzar-sobre-la-malaltia-de-lalzheimer\/\",\"name\":\"La Casa de Cultura acoge la exposici\u00f3n fotogr\u00e1fica itinerante \u201cme llamo, me llaman\u201d con el objetivo de sensibilizar sobre la enfermedad del Alzheimer - Altea Cultural\",\"isPartOf\":{\"@id\":\"https:\/\/www.alteacultural.com\/es\/#website\"},\"primaryImageOfPage\":{\"@id\":\"https:\/\/www.alteacultural.com\/es\/2023\/07\/04\/la-casa-de-cultura-acull-lexposicio-fotografica-itinerant-me-llamo-me-llaman-amb-lobjectiu-de-sensibilitzar-sobre-la-malaltia-de-lalzheimer\/#primaryimage\"},\"image\":{\"@id\":\"https:\/\/www.alteacultural.com\/es\/2023\/07\/04\/la-casa-de-cultura-acull-lexposicio-fotografica-itinerant-me-llamo-me-llaman-amb-lobjectiu-de-sensibilitzar-sobre-la-malaltia-de-lalzheimer\/#primaryimage\"},\"thumbnailUrl\":\"https:\/\/www.alteacultural.com\/wp-content\/uploads\/2023\/06\/2023-07-12-Expo-fotografica-Em-dic-em-diuen.jpeg\",\"datePublished\":\"2023-07-04T11:31:47+00:00\",\"dateModified\":\"2023-07-14T07:01:51+00:00\",\"author\":{\"@id\":\"https:\/\/www.alteacultural.com\/es\/#\/schema\/person\/c4e137537f1af546d214a315255e5172\"},\"breadcrumb\":{\"@id\":\"https:\/\/www.alteacultural.com\/es\/2023\/07\/04\/la-casa-de-cultura-acull-lexposicio-fotografica-itinerant-me-llamo-me-llaman-amb-lobjectiu-de-sensibilitzar-sobre-la-malaltia-de-lalzheimer\/#breadcrumb\"},\"inLanguage\":\"es\",\"potentialAction\":[{\"@type\":\"ReadAction\",\"target\":[\"https:\/\/www.alteacultural.com\/es\/2023\/07\/04\/la-casa-de-cultura-acull-lexposicio-fotografica-itinerant-me-llamo-me-llaman-amb-lobjectiu-de-sensibilitzar-sobre-la-malaltia-de-lalzheimer\/\"]}]},{\"@type\":\"ImageObject\",\"inLanguage\":\"es\",\"@id\":\"https:\/\/www.alteacultural.com\/es\/2023\/07\/04\/la-casa-de-cultura-acull-lexposicio-fotografica-itinerant-me-llamo-me-llaman-amb-lobjectiu-de-sensibilitzar-sobre-la-malaltia-de-lalzheimer\/#primaryimage\",\"url\":\"https:\/\/www.alteacultural.com\/wp-content\/uploads\/2023\/06\/2023-07-12-Expo-fotografica-Em-dic-em-diuen.jpeg\",\"contentUrl\":\"https:\/\/www.alteacultural.com\/wp-content\/uploads\/2023\/06\/2023-07-12-Expo-fotografica-Em-dic-em-diuen.jpeg\",\"width\":1131,\"height\":1600},{\"@type\":\"BreadcrumbList\",\"@id\":\"https:\/\/www.alteacultural.com\/es\/2023\/07\/04\/la-casa-de-cultura-acull-lexposicio-fotografica-itinerant-me-llamo-me-llaman-amb-lobjectiu-de-sensibilitzar-sobre-la-malaltia-de-lalzheimer\/#breadcrumb\",\"itemListElement\":[{\"@type\":\"ListItem\",\"position\":1,\"name\":\"Inici\",\"item\":\"https:\/\/www.alteacultural.com\/es\/\"},{\"@type\":\"ListItem\",\"position\":2,\"name\":\"La Casa de Cultura acoge la exposici\u00f3n fotogr\u00e1fica itinerante \u201cme llamo, me llaman\u201d con el objetivo de sensibilizar sobre la enfermedad del Alzheimer\"}]},{\"@type\":\"WebSite\",\"@id\":\"https:\/\/www.alteacultural.com\/es\/#website\",\"url\":\"https:\/\/www.alteacultural.com\/es\/\",\"name\":\"Altea Cultural\",\"description\":\"Regidoria de Cultura de l&#039;Ajuntament d&#039;Altea\",\"potentialAction\":[{\"@type\":\"SearchAction\",\"target\":{\"@type\":\"EntryPoint\",\"urlTemplate\":\"https:\/\/www.alteacultural.com\/es\/?s={search_term_string}\"},\"query-input\":\"required name=search_term_string\"}],\"inLanguage\":\"es\"},{\"@type\":\"Person\",\"@id\":\"https:\/\/www.alteacultural.com\/es\/#\/schema\/person\/c4e137537f1af546d214a315255e5172\",\"name\":\"sfaltea.com-admin\",\"image\":{\"@type\":\"ImageObject\",\"inLanguage\":\"es\",\"@id\":\"https:\/\/www.alteacultural.com\/es\/#\/schema\/person\/image\/\",\"url\":\"https:\/\/secure.gravatar.com\/avatar\/f7473fa2fbd351270ccfd469de536202?s=96&d=mm&r=g\",\"contentUrl\":\"https:\/\/secure.gravatar.com\/avatar\/f7473fa2fbd351270ccfd469de536202?s=96&d=mm&r=g\",\"caption\":\"sfaltea.com-admin\"},\"url\":\"https:\/\/www.alteacultural.com\/es\/author\/sfaltea-com-admin\/\"}]}<\/script>\n<!-- \/ Yoast SEO plugin. -->","yoast_head_json":{"title":"La Casa de Cultura acoge la exposici\u00f3n fotogr\u00e1fica itinerante \u201cme llamo, me llaman\u201d con el objetivo de sensibilizar sobre la enfermedad del Alzheimer - Altea Cultural","robots":{"index":"index","follow":"follow","max-snippet":"max-snippet:-1","max-image-preview":"max-image-preview:large","max-video-preview":"max-video-preview:-1"},"canonical":"https:\/\/www.alteacultural.com\/es\/2023\/07\/04\/la-casa-de-cultura-acull-lexposicio-fotografica-itinerant-me-llamo-me-llaman-amb-lobjectiu-de-sensibilitzar-sobre-la-malaltia-de-lalzheimer\/","og_locale":"es_ES","og_type":"article","og_title":"La Casa de Cultura acoge la exposici\u00f3n fotogr\u00e1fica itinerante \u201cme llamo, me llaman\u201d con el objetivo de sensibilizar sobre la enfermedad del Alzheimer - Altea Cultural","og_description":"La Concejal\u00eda de Cultura, dirigida por Pepa P\u00e9rez, ha inaugurado \u201cme llamo, me llaman\u201d de Benjam\u00edn Serrano junto a [&hellip;]","og_url":"https:\/\/www.alteacultural.com\/es\/2023\/07\/04\/la-casa-de-cultura-acull-lexposicio-fotografica-itinerant-me-llamo-me-llaman-amb-lobjectiu-de-sensibilitzar-sobre-la-malaltia-de-lalzheimer\/","og_site_name":"Altea Cultural","article_published_time":"2023-07-04T11:31:47+00:00","article_modified_time":"2023-07-14T07:01:51+00:00","og_image":[{"width":1131,"height":1600,"url":"https:\/\/www.alteacultural.com\/wp-content\/uploads\/2023\/06\/2023-07-12-Expo-fotografica-Em-dic-em-diuen.jpeg","type":"image\/jpeg"}],"author":"sfaltea.com-admin","twitter_card":"summary_large_image","twitter_misc":{"Escrito por":"sfaltea.com-admin","Tiempo de lectura":"2 minutos"},"schema":{"@context":"https:\/\/schema.org","@graph":[{"@type":"WebPage","@id":"https:\/\/www.alteacultural.com\/es\/2023\/07\/04\/la-casa-de-cultura-acull-lexposicio-fotografica-itinerant-me-llamo-me-llaman-amb-lobjectiu-de-sensibilitzar-sobre-la-malaltia-de-lalzheimer\/","url":"https:\/\/www.alteacultural.com\/es\/2023\/07\/04\/la-casa-de-cultura-acull-lexposicio-fotografica-itinerant-me-llamo-me-llaman-amb-lobjectiu-de-sensibilitzar-sobre-la-malaltia-de-lalzheimer\/","name":"La Casa de Cultura acoge la exposici\u00f3n fotogr\u00e1fica itinerante \u201cme llamo, me llaman\u201d con el objetivo de sensibilizar sobre la enfermedad del Alzheimer - Altea Cultural","isPartOf":{"@id":"https:\/\/www.alteacultural.com\/es\/#website"},"primaryImageOfPage":{"@id":"https:\/\/www.alteacultural.com\/es\/2023\/07\/04\/la-casa-de-cultura-acull-lexposicio-fotografica-itinerant-me-llamo-me-llaman-amb-lobjectiu-de-sensibilitzar-sobre-la-malaltia-de-lalzheimer\/#primaryimage"},"image":{"@id":"https:\/\/www.alteacultural.com\/es\/2023\/07\/04\/la-casa-de-cultura-acull-lexposicio-fotografica-itinerant-me-llamo-me-llaman-amb-lobjectiu-de-sensibilitzar-sobre-la-malaltia-de-lalzheimer\/#primaryimage"},"thumbnailUrl":"https:\/\/www.alteacultural.com\/wp-content\/uploads\/2023\/06\/2023-07-12-Expo-fotografica-Em-dic-em-diuen.jpeg","datePublished":"2023-07-04T11:31:47+00:00","dateModified":"2023-07-14T07:01:51+00:00","author":{"@id":"https:\/\/www.alteacultural.com\/es\/#\/schema\/person\/c4e137537f1af546d214a315255e5172"},"breadcrumb":{"@id":"https:\/\/www.alteacultural.com\/es\/2023\/07\/04\/la-casa-de-cultura-acull-lexposicio-fotografica-itinerant-me-llamo-me-llaman-amb-lobjectiu-de-sensibilitzar-sobre-la-malaltia-de-lalzheimer\/#breadcrumb"},"inLanguage":"es","potentialAction":[{"@type":"ReadAction","target":["https:\/\/www.alteacultural.com\/es\/2023\/07\/04\/la-casa-de-cultura-acull-lexposicio-fotografica-itinerant-me-llamo-me-llaman-amb-lobjectiu-de-sensibilitzar-sobre-la-malaltia-de-lalzheimer\/"]}]},{"@type":"ImageObject","inLanguage":"es","@id":"https:\/\/www.alteacultural.com\/es\/2023\/07\/04\/la-casa-de-cultura-acull-lexposicio-fotografica-itinerant-me-llamo-me-llaman-amb-lobjectiu-de-sensibilitzar-sobre-la-malaltia-de-lalzheimer\/#primaryimage","url":"https:\/\/www.alteacultural.com\/wp-content\/uploads\/2023\/06\/2023-07-12-Expo-fotografica-Em-dic-em-diuen.jpeg","contentUrl":"https:\/\/www.alteacultural.com\/wp-content\/uploads\/2023\/06\/2023-07-12-Expo-fotografica-Em-dic-em-diuen.jpeg","width":1131,"height":1600},{"@type":"BreadcrumbList","@id":"https:\/\/www.alteacultural.com\/es\/2023\/07\/04\/la-casa-de-cultura-acull-lexposicio-fotografica-itinerant-me-llamo-me-llaman-amb-lobjectiu-de-sensibilitzar-sobre-la-malaltia-de-lalzheimer\/#breadcrumb","itemListElement":[{"@type":"ListItem","position":1,"name":"Inici","item":"https:\/\/www.alteacultural.com\/es\/"},{"@type":"ListItem","position":2,"name":"La Casa de Cultura acoge la exposici\u00f3n fotogr\u00e1fica itinerante \u201cme llamo, me llaman\u201d con el objetivo de sensibilizar sobre la enfermedad del Alzheimer"}]},{"@type":"WebSite","@id":"https:\/\/www.alteacultural.com\/es\/#website","url":"https:\/\/www.alteacultural.com\/es\/","name":"Altea Cultural","description":"Regidoria de Cultura de l&#039;Ajuntament d&#039;Altea","potentialAction":[{"@type":"SearchAction","target":{"@type":"EntryPoint","urlTemplate":"https:\/\/www.alteacultural.com\/es\/?s={search_term_string}"},"query-input":"required name=search_term_string"}],"inLanguage":"es"},{"@type":"Person","@id":"https:\/\/www.alteacultural.com\/es\/#\/schema\/person\/c4e137537f1af546d214a315255e5172","name":"sfaltea.com-admin","image":{"@type":"ImageObject","inLanguage":"es","@id":"https:\/\/www.alteacultural.com\/es\/#\/schema\/person\/image\/","url":"https:\/\/secure.gravatar.com\/avatar\/f7473fa2fbd351270ccfd469de536202?s=96&d=mm&r=g","contentUrl":"https:\/\/secure.gravatar.com\/avatar\/f7473fa2fbd351270ccfd469de536202?s=96&d=mm&r=g","caption":"sfaltea.com-admin"},"url":"https:\/\/www.alteacultural.com\/es\/author\/sfaltea-com-admin\/"}]}},"_links":{"self":[{"href":"https:\/\/www.alteacultural.com\/es\/wp-json\/wp\/v2\/posts\/26499"}],"collection":[{"href":"https:\/\/www.alteacultural.com\/es\/wp-json\/wp\/v2\/posts"}],"about":[{"href":"https:\/\/www.alteacultural.com\/es\/wp-json\/wp\/v2\/types\/post"}],"author":[{"embeddable":true,"href":"https:\/\/www.alteacultural.com\/es\/wp-json\/wp\/v2\/users\/1"}],"replies":[{"embeddable":true,"href":"https:\/\/www.alteacultural.com\/es\/wp-json\/wp\/v2\/comments?post=26499"}],"version-history":[{"count":1,"href":"https:\/\/www.alteacultural.com\/es\/wp-json\/wp\/v2\/posts\/26499\/revisions"}],"predecessor-version":[{"id":26500,"href":"https:\/\/www.alteacultural.com\/es\/wp-json\/wp\/v2\/posts\/26499\/revisions\/26500"}],"wp:featuredmedia":[{"embeddable":true,"href":"https:\/\/www.alteacultural.com\/es\/wp-json\/wp\/v2\/media\/26385"}],"wp:attachment":[{"href":"https:\/\/www.alteacultural.com\/es\/wp-json\/wp\/v2\/media?parent=26499"}],"curies":[{"name":"wp","href":"https:\/\/api.w.org\/{rel}","templated":true}]}}