{"id":26509,"date":"2023-07-05T13:43:05","date_gmt":"2023-07-05T11:43:05","guid":{"rendered":"https:\/\/www.alteacultural.com\/2023\/07\/05\/arranca-la-tercera-edicio-de-el-retorno-de-las-gargolas-amb-un-recorregut-per-les-23-participants\/"},"modified":"2023-07-14T08:57:44","modified_gmt":"2023-07-14T06:57:44","slug":"arranca-la-tercera-edicio-de-el-retorno-de-las-gargolas-amb-un-recorregut-per-les-23-participants","status":"publish","type":"post","link":"https:\/\/www.alteacultural.com\/es\/2023\/07\/05\/arranca-la-tercera-edicio-de-el-retorno-de-las-gargolas-amb-un-recorregut-per-les-23-participants\/","title":{"rendered":"Arranca la tercera edici\u00f3n de \u201cEl regreso de las G\u00e1rgolas\u201d con un recorrido por las 23 participantes"},"content":{"rendered":"\n<figure class=\"wp-block-image\"><img decoding=\"async\" data-src=\"https:\/\/alteadigital.es\/wp-content\/uploads\/2023\/07\/Recorrido-Costera-del-Mestre-web.jpg\" alt=\"Arranca la tercera edici\u00f3n de \u201cEl regreso de las G\u00e1rgolas\u201d con un recorrido por las 23 participantes\" src=\"data:image\/gif;base64,R0lGODlhAQABAAAAACH5BAEKAAEALAAAAAABAAEAAAICTAEAOw==\" class=\"lazyload\" \/><\/figure>\n\n\n\n<p><strong>La inauguraci\u00f3n de la presente muestra despierta el inter\u00e9s de decenas de personas.<\/strong><\/p>\n\n\n\n<p>En la tarde de ayer martes ten\u00eda lugar la inauguraci\u00f3n de la exposici\u00f3n al aire libre \u201cEl regreso de las g\u00e1rgolas\u201d en su tercera edici\u00f3n. A la misma acud\u00eda numeroso p\u00fablico, entre el que se encontraba la edil de Cultura, Pepa Victoria P\u00e9rez y varios ediles que no quisieron perderse esta cita cultural del verano que, con tan solo 3 a\u00f1os de vida, est\u00e1 consolidada.<\/p>\n\n\n\n<div class=\"wp-block-image\"><figure class=\"aligncenter\"><img decoding=\"async\" data-src=\"https:\/\/alteadigital.es\/wp-content\/uploads\/2023\/07\/recorrido-Casa-Cultura-web.jpg\" alt=\"\" class=\"wp-image-112632 lazyload\" src=\"data:image\/gif;base64,R0lGODlhAQABAAAAACH5BAEKAAEALAAAAAABAAEAAAICTAEAOw==\" \/><\/figure><\/div>\n\n\n\n<p>Se trata de una iniciativa coordinada por el artista local Enrique Lecuona, quien indicaba que en esta tercera edici\u00f3n son 23 las g\u00e1rgolas que se pueden admirar en las calles del Casco Antiguo de Altea. Lecuona romp\u00eda una lanza a favor de la creatividad, \u201cque es lo que es este proyecto. Un mont\u00f3n de artistas creando algo sin el mayor inter\u00e9s que el hecho de aceptar el reto de crear algo bello y compartirlo para que la gente lo vea\u201d. \u201cAgradezco a todos los artistas su trabajo y esfuerzo y al Ayuntamiento que es sensible a este proyecto y nos acompa\u00f1a\u201d. Conclu\u00eda Enrique Lecuona, escultor y ceramista afincado en Altea.<\/p>\n\n\n\n<p>Adem\u00e1s, la ruta por las diferentes g\u00e1rgolas estuvo acompa\u00f1ada por algunos de los creadores y creadoras de las mismas, quienes se mostraron emocionados por poder exhibir sus creaciones e inquietos por gustar al p\u00fablico. Entre las creadoras, la alteana Julia Martin-Albo, cuya g\u00e1rgola ha sido instalada en la fachada de la Casa de Cultura y que comentaba: \u201cmi contacto con el barro ha sido a trav\u00e9s de Enrique. No sab\u00eda que me pod\u00eda gustar tanto. Lo que me pasa es que la cabeza solo piensa en hacer cosas y creo que Altea simboliza mucho con el drag\u00f3n y la llave de las puertas de todo lo bonito que hay en Altea y he disfrutado mucho haciendo la g\u00e1rgola, aunque tambi\u00e9n me ha quitado el sue\u00f1o\u201d.<\/p>\n\n\n\n<div class=\"wp-block-image\"><figure class=\"aligncenter\"><img decoding=\"async\" data-src=\"https:\/\/alteadigital.es\/wp-content\/uploads\/2023\/07\/Gargola-web-1.jpg\" alt=\"\" class=\"wp-image-112628 lazyload\" src=\"data:image\/gif;base64,R0lGODlhAQABAAAAACH5BAEKAAEALAAAAAABAAEAAAICTAEAOw==\" \/><\/figure><\/div>\n\n\n\n<p>Julia es una de los 23 creadores que participan en esta presente edici\u00f3n de \u201cEl Regreso de las G\u00e1rgolas\u201d, que permanecer\u00e1 expuesta en las calles del Casco Antiguo de Altea hasta el mes de diciembre. Una singular iniciativa art\u00edstica que se suma a las numerosas que durante la \u00e9poca estival llenan las calles de Altea de artesan\u00eda, m\u00fasica, teatro, entre otros artes y son un buen pretexto para no dejar de visitar Altea. |ALTEADIGITAL.ES<\/p>\n\n\n\n<div class=\"wp-block-image\"><figure class=\"aligncenter\"><img decoding=\"async\" data-src=\"https:\/\/alteadigital.es\/wp-content\/uploads\/2023\/07\/recorrido-2-web.jpg\" alt=\"\" class=\"wp-image-112630 lazyload\" src=\"data:image\/gif;base64,R0lGODlhAQABAAAAACH5BAEKAAEALAAAAAABAAEAAAICTAEAOw==\" \/><\/figure><\/div>\n\n\n\n<p><\/p>\n\n\n\n<p><\/p>\n","protected":false},"excerpt":{"rendered":"<p>La inauguraci\u00f3n de la presente muestra despierta el inter\u00e9s de decenas de personas. En la tarde de ayer martes [&hellip;]<\/p>\n","protected":false},"author":1,"featured_media":26467,"comment_status":"open","ping_status":"open","sticky":false,"template":"","format":"standard","meta":{"_expiration-date-status":"","_expiration-date":1689317797,"_expiration-date-type":"draft","_expiration-date-categories":[],"_expiration-date-options":[],"footnotes":""},"yoast_head":"<!-- This site is optimized with the Yoast SEO plugin v22.8 - https:\/\/yoast.com\/wordpress\/plugins\/seo\/ -->\n<title>Arranca la tercera edici\u00f3n de \u201cEl regreso de las G\u00e1rgolas\u201d con un recorrido por las 23 participantes - Altea Cultural<\/title>\n<meta name=\"robots\" content=\"index, follow, max-snippet:-1, max-image-preview:large, max-video-preview:-1\" \/>\n<link rel=\"canonical\" href=\"https:\/\/www.alteacultural.com\/es\/2023\/07\/05\/arranca-la-tercera-edicio-de-el-retorno-de-las-gargolas-amb-un-recorregut-per-les-23-participants\/\" \/>\n<meta property=\"og:locale\" content=\"es_ES\" \/>\n<meta property=\"og:type\" content=\"article\" \/>\n<meta property=\"og:title\" content=\"Arranca la tercera edici\u00f3n de \u201cEl regreso de las G\u00e1rgolas\u201d con un recorrido por las 23 participantes - Altea Cultural\" \/>\n<meta property=\"og:description\" content=\"La inauguraci\u00f3n de la presente muestra despierta el inter\u00e9s de decenas de personas. En la tarde de ayer martes [&hellip;]\" \/>\n<meta property=\"og:url\" content=\"https:\/\/www.alteacultural.com\/es\/2023\/07\/05\/arranca-la-tercera-edicio-de-el-retorno-de-las-gargolas-amb-un-recorregut-per-les-23-participants\/\" \/>\n<meta property=\"og:site_name\" content=\"Altea Cultural\" \/>\n<meta property=\"article:published_time\" content=\"2023-07-05T11:43:05+00:00\" \/>\n<meta property=\"article:modified_time\" content=\"2023-07-14T06:57:44+00:00\" \/>\n<meta property=\"og:image\" content=\"https:\/\/www.alteacultural.com\/wp-content\/uploads\/2023\/07\/2023-07-04-Gargoles-Ban.jpg\" \/>\n\t<meta property=\"og:image:width\" content=\"735\" \/>\n\t<meta property=\"og:image:height\" content=\"447\" \/>\n\t<meta property=\"og:image:type\" content=\"image\/jpeg\" \/>\n<meta name=\"author\" content=\"sfaltea.com-admin\" \/>\n<meta name=\"twitter:card\" content=\"summary_large_image\" \/>\n<meta name=\"twitter:label1\" content=\"Escrito por\" \/>\n\t<meta name=\"twitter:data1\" content=\"sfaltea.com-admin\" \/>\n\t<meta name=\"twitter:label2\" content=\"Tiempo de lectura\" \/>\n\t<meta name=\"twitter:data2\" content=\"3 minutos\" \/>\n<script type=\"application\/ld+json\" class=\"yoast-schema-graph\">{\"@context\":\"https:\/\/schema.org\",\"@graph\":[{\"@type\":\"WebPage\",\"@id\":\"https:\/\/www.alteacultural.com\/es\/2023\/07\/05\/arranca-la-tercera-edicio-de-el-retorno-de-las-gargolas-amb-un-recorregut-per-les-23-participants\/\",\"url\":\"https:\/\/www.alteacultural.com\/es\/2023\/07\/05\/arranca-la-tercera-edicio-de-el-retorno-de-las-gargolas-amb-un-recorregut-per-les-23-participants\/\",\"name\":\"Arranca la tercera edici\u00f3n de \u201cEl regreso de las G\u00e1rgolas\u201d con un recorrido por las 23 participantes - Altea Cultural\",\"isPartOf\":{\"@id\":\"https:\/\/www.alteacultural.com\/es\/#website\"},\"primaryImageOfPage\":{\"@id\":\"https:\/\/www.alteacultural.com\/es\/2023\/07\/05\/arranca-la-tercera-edicio-de-el-retorno-de-las-gargolas-amb-un-recorregut-per-les-23-participants\/#primaryimage\"},\"image\":{\"@id\":\"https:\/\/www.alteacultural.com\/es\/2023\/07\/05\/arranca-la-tercera-edicio-de-el-retorno-de-las-gargolas-amb-un-recorregut-per-les-23-participants\/#primaryimage\"},\"thumbnailUrl\":\"https:\/\/www.alteacultural.com\/wp-content\/uploads\/2023\/07\/2023-07-04-Gargoles-Ban.jpg\",\"datePublished\":\"2023-07-05T11:43:05+00:00\",\"dateModified\":\"2023-07-14T06:57:44+00:00\",\"author\":{\"@id\":\"https:\/\/www.alteacultural.com\/es\/#\/schema\/person\/c4e137537f1af546d214a315255e5172\"},\"breadcrumb\":{\"@id\":\"https:\/\/www.alteacultural.com\/es\/2023\/07\/05\/arranca-la-tercera-edicio-de-el-retorno-de-las-gargolas-amb-un-recorregut-per-les-23-participants\/#breadcrumb\"},\"inLanguage\":\"es\",\"potentialAction\":[{\"@type\":\"ReadAction\",\"target\":[\"https:\/\/www.alteacultural.com\/es\/2023\/07\/05\/arranca-la-tercera-edicio-de-el-retorno-de-las-gargolas-amb-un-recorregut-per-les-23-participants\/\"]}]},{\"@type\":\"ImageObject\",\"inLanguage\":\"es\",\"@id\":\"https:\/\/www.alteacultural.com\/es\/2023\/07\/05\/arranca-la-tercera-edicio-de-el-retorno-de-las-gargolas-amb-un-recorregut-per-les-23-participants\/#primaryimage\",\"url\":\"https:\/\/www.alteacultural.com\/wp-content\/uploads\/2023\/07\/2023-07-04-Gargoles-Ban.jpg\",\"contentUrl\":\"https:\/\/www.alteacultural.com\/wp-content\/uploads\/2023\/07\/2023-07-04-Gargoles-Ban.jpg\",\"width\":735,\"height\":447},{\"@type\":\"BreadcrumbList\",\"@id\":\"https:\/\/www.alteacultural.com\/es\/2023\/07\/05\/arranca-la-tercera-edicio-de-el-retorno-de-las-gargolas-amb-un-recorregut-per-les-23-participants\/#breadcrumb\",\"itemListElement\":[{\"@type\":\"ListItem\",\"position\":1,\"name\":\"Inici\",\"item\":\"https:\/\/www.alteacultural.com\/es\/\"},{\"@type\":\"ListItem\",\"position\":2,\"name\":\"Arranca la tercera edici\u00f3n de \u201cEl regreso de las G\u00e1rgolas\u201d con un recorrido por las 23 participantes\"}]},{\"@type\":\"WebSite\",\"@id\":\"https:\/\/www.alteacultural.com\/es\/#website\",\"url\":\"https:\/\/www.alteacultural.com\/es\/\",\"name\":\"Altea Cultural\",\"description\":\"Regidoria de Cultura de l&#039;Ajuntament d&#039;Altea\",\"potentialAction\":[{\"@type\":\"SearchAction\",\"target\":{\"@type\":\"EntryPoint\",\"urlTemplate\":\"https:\/\/www.alteacultural.com\/es\/?s={search_term_string}\"},\"query-input\":\"required name=search_term_string\"}],\"inLanguage\":\"es\"},{\"@type\":\"Person\",\"@id\":\"https:\/\/www.alteacultural.com\/es\/#\/schema\/person\/c4e137537f1af546d214a315255e5172\",\"name\":\"sfaltea.com-admin\",\"image\":{\"@type\":\"ImageObject\",\"inLanguage\":\"es\",\"@id\":\"https:\/\/www.alteacultural.com\/es\/#\/schema\/person\/image\/\",\"url\":\"https:\/\/secure.gravatar.com\/avatar\/f7473fa2fbd351270ccfd469de536202?s=96&d=mm&r=g\",\"contentUrl\":\"https:\/\/secure.gravatar.com\/avatar\/f7473fa2fbd351270ccfd469de536202?s=96&d=mm&r=g\",\"caption\":\"sfaltea.com-admin\"},\"url\":\"https:\/\/www.alteacultural.com\/es\/author\/sfaltea-com-admin\/\"}]}<\/script>\n<!-- \/ Yoast SEO plugin. -->","yoast_head_json":{"title":"Arranca la tercera edici\u00f3n de \u201cEl regreso de las G\u00e1rgolas\u201d con un recorrido por las 23 participantes - Altea Cultural","robots":{"index":"index","follow":"follow","max-snippet":"max-snippet:-1","max-image-preview":"max-image-preview:large","max-video-preview":"max-video-preview:-1"},"canonical":"https:\/\/www.alteacultural.com\/es\/2023\/07\/05\/arranca-la-tercera-edicio-de-el-retorno-de-las-gargolas-amb-un-recorregut-per-les-23-participants\/","og_locale":"es_ES","og_type":"article","og_title":"Arranca la tercera edici\u00f3n de \u201cEl regreso de las G\u00e1rgolas\u201d con un recorrido por las 23 participantes - Altea Cultural","og_description":"La inauguraci\u00f3n de la presente muestra despierta el inter\u00e9s de decenas de personas. En la tarde de ayer martes [&hellip;]","og_url":"https:\/\/www.alteacultural.com\/es\/2023\/07\/05\/arranca-la-tercera-edicio-de-el-retorno-de-las-gargolas-amb-un-recorregut-per-les-23-participants\/","og_site_name":"Altea Cultural","article_published_time":"2023-07-05T11:43:05+00:00","article_modified_time":"2023-07-14T06:57:44+00:00","og_image":[{"width":735,"height":447,"url":"https:\/\/www.alteacultural.com\/wp-content\/uploads\/2023\/07\/2023-07-04-Gargoles-Ban.jpg","type":"image\/jpeg"}],"author":"sfaltea.com-admin","twitter_card":"summary_large_image","twitter_misc":{"Escrito por":"sfaltea.com-admin","Tiempo de lectura":"3 minutos"},"schema":{"@context":"https:\/\/schema.org","@graph":[{"@type":"WebPage","@id":"https:\/\/www.alteacultural.com\/es\/2023\/07\/05\/arranca-la-tercera-edicio-de-el-retorno-de-las-gargolas-amb-un-recorregut-per-les-23-participants\/","url":"https:\/\/www.alteacultural.com\/es\/2023\/07\/05\/arranca-la-tercera-edicio-de-el-retorno-de-las-gargolas-amb-un-recorregut-per-les-23-participants\/","name":"Arranca la tercera edici\u00f3n de \u201cEl regreso de las G\u00e1rgolas\u201d con un recorrido por las 23 participantes - Altea Cultural","isPartOf":{"@id":"https:\/\/www.alteacultural.com\/es\/#website"},"primaryImageOfPage":{"@id":"https:\/\/www.alteacultural.com\/es\/2023\/07\/05\/arranca-la-tercera-edicio-de-el-retorno-de-las-gargolas-amb-un-recorregut-per-les-23-participants\/#primaryimage"},"image":{"@id":"https:\/\/www.alteacultural.com\/es\/2023\/07\/05\/arranca-la-tercera-edicio-de-el-retorno-de-las-gargolas-amb-un-recorregut-per-les-23-participants\/#primaryimage"},"thumbnailUrl":"https:\/\/www.alteacultural.com\/wp-content\/uploads\/2023\/07\/2023-07-04-Gargoles-Ban.jpg","datePublished":"2023-07-05T11:43:05+00:00","dateModified":"2023-07-14T06:57:44+00:00","author":{"@id":"https:\/\/www.alteacultural.com\/es\/#\/schema\/person\/c4e137537f1af546d214a315255e5172"},"breadcrumb":{"@id":"https:\/\/www.alteacultural.com\/es\/2023\/07\/05\/arranca-la-tercera-edicio-de-el-retorno-de-las-gargolas-amb-un-recorregut-per-les-23-participants\/#breadcrumb"},"inLanguage":"es","potentialAction":[{"@type":"ReadAction","target":["https:\/\/www.alteacultural.com\/es\/2023\/07\/05\/arranca-la-tercera-edicio-de-el-retorno-de-las-gargolas-amb-un-recorregut-per-les-23-participants\/"]}]},{"@type":"ImageObject","inLanguage":"es","@id":"https:\/\/www.alteacultural.com\/es\/2023\/07\/05\/arranca-la-tercera-edicio-de-el-retorno-de-las-gargolas-amb-un-recorregut-per-les-23-participants\/#primaryimage","url":"https:\/\/www.alteacultural.com\/wp-content\/uploads\/2023\/07\/2023-07-04-Gargoles-Ban.jpg","contentUrl":"https:\/\/www.alteacultural.com\/wp-content\/uploads\/2023\/07\/2023-07-04-Gargoles-Ban.jpg","width":735,"height":447},{"@type":"BreadcrumbList","@id":"https:\/\/www.alteacultural.com\/es\/2023\/07\/05\/arranca-la-tercera-edicio-de-el-retorno-de-las-gargolas-amb-un-recorregut-per-les-23-participants\/#breadcrumb","itemListElement":[{"@type":"ListItem","position":1,"name":"Inici","item":"https:\/\/www.alteacultural.com\/es\/"},{"@type":"ListItem","position":2,"name":"Arranca la tercera edici\u00f3n de \u201cEl regreso de las G\u00e1rgolas\u201d con un recorrido por las 23 participantes"}]},{"@type":"WebSite","@id":"https:\/\/www.alteacultural.com\/es\/#website","url":"https:\/\/www.alteacultural.com\/es\/","name":"Altea Cultural","description":"Regidoria de Cultura de l&#039;Ajuntament d&#039;Altea","potentialAction":[{"@type":"SearchAction","target":{"@type":"EntryPoint","urlTemplate":"https:\/\/www.alteacultural.com\/es\/?s={search_term_string}"},"query-input":"required name=search_term_string"}],"inLanguage":"es"},{"@type":"Person","@id":"https:\/\/www.alteacultural.com\/es\/#\/schema\/person\/c4e137537f1af546d214a315255e5172","name":"sfaltea.com-admin","image":{"@type":"ImageObject","inLanguage":"es","@id":"https:\/\/www.alteacultural.com\/es\/#\/schema\/person\/image\/","url":"https:\/\/secure.gravatar.com\/avatar\/f7473fa2fbd351270ccfd469de536202?s=96&d=mm&r=g","contentUrl":"https:\/\/secure.gravatar.com\/avatar\/f7473fa2fbd351270ccfd469de536202?s=96&d=mm&r=g","caption":"sfaltea.com-admin"},"url":"https:\/\/www.alteacultural.com\/es\/author\/sfaltea-com-admin\/"}]}},"_links":{"self":[{"href":"https:\/\/www.alteacultural.com\/es\/wp-json\/wp\/v2\/posts\/26509"}],"collection":[{"href":"https:\/\/www.alteacultural.com\/es\/wp-json\/wp\/v2\/posts"}],"about":[{"href":"https:\/\/www.alteacultural.com\/es\/wp-json\/wp\/v2\/types\/post"}],"author":[{"embeddable":true,"href":"https:\/\/www.alteacultural.com\/es\/wp-json\/wp\/v2\/users\/1"}],"replies":[{"embeddable":true,"href":"https:\/\/www.alteacultural.com\/es\/wp-json\/wp\/v2\/comments?post=26509"}],"version-history":[{"count":1,"href":"https:\/\/www.alteacultural.com\/es\/wp-json\/wp\/v2\/posts\/26509\/revisions"}],"predecessor-version":[{"id":26510,"href":"https:\/\/www.alteacultural.com\/es\/wp-json\/wp\/v2\/posts\/26509\/revisions\/26510"}],"wp:featuredmedia":[{"embeddable":true,"href":"https:\/\/www.alteacultural.com\/es\/wp-json\/wp\/v2\/media\/26467"}],"wp:attachment":[{"href":"https:\/\/www.alteacultural.com\/es\/wp-json\/wp\/v2\/media?parent=26509"}],"curies":[{"name":"wp","href":"https:\/\/api.w.org\/{rel}","templated":true}]}}