{"id":26521,"date":"2023-07-08T22:18:47","date_gmt":"2023-07-08T20:18:47","guid":{"rendered":"https:\/\/www.alteacultural.com\/2023\/07\/08\/programa-09-07-2023\/"},"modified":"2023-07-09T01:01:58","modified_gmt":"2023-07-08T23:01:58","slug":"programa-09-07-2023","status":"publish","type":"post","link":"https:\/\/www.alteacultural.com\/es\/2023\/07\/08\/programa-09-07-2023\/","title":{"rendered":"Programa 09-07-2023"},"content":{"rendered":"\t\t<div data-elementor-type=\"wp-post\" data-elementor-id=\"26521\" class=\"elementor elementor-26521\">\n\t\t\t\t\t\t<section class=\"elementor-section elementor-top-section elementor-element elementor-element-1fcb64c elementor-section-boxed elementor-section-height-default elementor-section-height-default exad-glass-effect-no exad-sticky-section-no\" data-id=\"1fcb64c\" data-element_type=\"section\">\n\t\t\t\t\t\t<div class=\"elementor-container elementor-column-gap-default\">\n\t\t\t\t\t<div class=\"elementor-column elementor-col-33 elementor-top-column elementor-element elementor-element-928d7ea exad-glass-effect-no exad-sticky-section-no\" data-id=\"928d7ea\" data-element_type=\"column\">\n\t\t\t<div class=\"elementor-widget-wrap elementor-element-populated\">\n\t\t\t\t\t\t<div class=\"elementor-element elementor-element-d19d03c exad-sticky-section-no exad-glass-effect-no elementor-widget elementor-widget-text-editor\" data-id=\"d19d03c\" data-element_type=\"widget\" data-widget_type=\"text-editor.default\">\n\t\t\t\t<div class=\"elementor-widget-container\">\n\t\t\t\t\t\t\t<p style=\"text-align: center;\">Programa \u00b7 9\/07\/2023<\/p>\t\t\t\t\t\t<\/div>\n\t\t\t\t<\/div>\n\t\t\t\t\t<\/div>\n\t\t<\/div>\n\t\t\t\t<div class=\"elementor-column elementor-col-33 elementor-top-column elementor-element elementor-element-041b80c exad-glass-effect-no exad-sticky-section-no\" data-id=\"041b80c\" data-element_type=\"column\">\n\t\t\t<div class=\"elementor-widget-wrap elementor-element-populated\">\n\t\t\t\t\t\t<div class=\"elementor-element elementor-element-961ad1f exad-sticky-section-no exad-glass-effect-no elementor-widget elementor-widget-image\" data-id=\"961ad1f\" data-element_type=\"widget\" data-widget_type=\"image.default\">\n\t\t\t\t<div class=\"elementor-widget-container\">\n\t\t\t\t\t\t\t\t\t\t\t\t\t\t<a href=\"https:\/\/www.alteacultural.com\/2023\/07\/08\/programa-09-07-2023\/\">\n\t\t\t\t\t\t\t<img decoding=\"async\" data-src=\"https:\/\/www.alteacultural.com\/wp-content\/uploads\/elementor\/thumbs\/valencia-pt48thfiy0n8d036da41ndkk48zbusn7jwawsx7u0c.jpg\" title=\"valenci\u00e0\" alt=\"valenci\u00e0\" src=\"data:image\/gif;base64,R0lGODlhAQABAAAAACH5BAEKAAEALAAAAAABAAEAAAICTAEAOw==\" class=\"lazyload\" style=\"--smush-placeholder-width: 30px; --smush-placeholder-aspect-ratio: 30\/30;\" \/>\t\t\t\t\t\t\t\t<\/a>\n\t\t\t\t\t\t\t\t\t\t\t\t\t<\/div>\n\t\t\t\t<\/div>\n\t\t\t\t\t<\/div>\n\t\t<\/div>\n\t\t\t\t<div class=\"elementor-column elementor-col-33 elementor-top-column elementor-element elementor-element-75c705c exad-glass-effect-no exad-sticky-section-no\" data-id=\"75c705c\" data-element_type=\"column\">\n\t\t\t<div class=\"elementor-widget-wrap elementor-element-populated\">\n\t\t\t\t\t\t<div class=\"elementor-element elementor-element-69f6410 exad-sticky-section-no exad-glass-effect-no elementor-widget elementor-widget-image\" data-id=\"69f6410\" data-element_type=\"widget\" data-widget_type=\"image.default\">\n\t\t\t\t<div class=\"elementor-widget-container\">\n\t\t\t\t\t\t\t\t\t\t\t\t\t\t<a href=\"https:\/\/www.alteacultural.com\/2023\/07\/08\/programa-09-07-2023-english\/\">\n\t\t\t\t\t\t\t<img decoding=\"async\" data-src=\"https:\/\/www.alteacultural.com\/wp-content\/uploads\/elementor\/thumbs\/english-ingles-q417g510b0qbqofcps4y2ok4qvb8apls77f2aoofjg.jpg\" title=\"english-ingles\" alt=\"english-ingles\" src=\"data:image\/gif;base64,R0lGODlhAQABAAAAACH5BAEKAAEALAAAAAABAAEAAAICTAEAOw==\" class=\"lazyload\" style=\"--smush-placeholder-width: 30px; --smush-placeholder-aspect-ratio: 30\/30;\" \/>\t\t\t\t\t\t\t\t<\/a>\n\t\t\t\t\t\t\t\t\t\t\t\t\t<\/div>\n\t\t\t\t<\/div>\n\t\t\t\t\t<\/div>\n\t\t<\/div>\n\t\t\t\t\t<\/div>\n\t\t<\/section>\n\t\t\t\t<section class=\"elementor-section elementor-top-section elementor-element elementor-element-73b943d elementor-section-boxed elementor-section-height-default elementor-section-height-default exad-glass-effect-no exad-sticky-section-no\" data-id=\"73b943d\" data-element_type=\"section\">\n\t\t\t\t\t\t<div class=\"elementor-container elementor-column-gap-default\">\n\t\t\t\t\t<div class=\"elementor-column elementor-col-100 elementor-top-column elementor-element elementor-element-73e008d exad-glass-effect-no exad-sticky-section-no\" data-id=\"73e008d\" data-element_type=\"column\">\n\t\t\t<div class=\"elementor-widget-wrap elementor-element-populated\">\n\t\t\t\t\t\t<div class=\"elementor-element elementor-element-47a15ef exad-sticky-section-no exad-glass-effect-no elementor-widget elementor-widget-text-editor\" data-id=\"47a15ef\" data-element_type=\"widget\" data-widget_type=\"text-editor.default\">\n\t\t\t\t<div class=\"elementor-widget-container\">\n\t\t\t\t\t\t\t<h3 style=\"text-align: center;\"><span style=\"color: #ffffff;\">Concierto de Verano Banda SFA \/ Pre-CIBM Valencia<\/span><\/h3>\t\t\t\t\t\t<\/div>\n\t\t\t\t<\/div>\n\t\t\t\t\t<\/div>\n\t\t<\/div>\n\t\t\t\t\t<\/div>\n\t\t<\/section>\n\t\t\t\t<section class=\"elementor-section elementor-top-section elementor-element elementor-element-f2845cd elementor-section-boxed elementor-section-height-default elementor-section-height-default exad-glass-effect-no exad-sticky-section-no\" data-id=\"f2845cd\" data-element_type=\"section\">\n\t\t\t\t\t\t<div class=\"elementor-container elementor-column-gap-default\">\n\t\t\t\t\t<div class=\"elementor-column elementor-col-100 elementor-top-column elementor-element elementor-element-99fde3d exad-glass-effect-no exad-sticky-section-no\" data-id=\"99fde3d\" data-element_type=\"column\">\n\t\t\t<div class=\"elementor-widget-wrap elementor-element-populated\">\n\t\t\t\t\t\t<div class=\"elementor-element elementor-element-353eb5a exad-sticky-section-no exad-glass-effect-no elementor-widget elementor-widget-text-editor\" data-id=\"353eb5a\" data-element_type=\"widget\" data-widget_type=\"text-editor.default\">\n\t\t\t\t<div class=\"elementor-widget-container\">\n\t\t\t\t\t\t\t<div style=\"text-align: center;\"><h3 style=\"text-align: center;\"><span style=\"text-decoration: underline; color: #ff6600;\">PROGRAMA<\/span><\/h3><\/div><h3 style=\"text-align: center;\"><span style=\"color: #ff9900;\"><br \/>Banda Sinf\u00f3nica de la Societat Filharm\u00f2nica Alteanense<\/span><\/h3><div style=\"text-align: center;\"><h3>\u00a0<\/h3><\/div><h3 style=\"text-align: center;\"><span style=\"color: #0000ff;\">Filharm\u00f2nica Alteanense\u00a0<\/span>(<span style=\"color: #0000ff;\"><span style=\"color: #000000;\">4&#8217;45\u00bb)<\/span><br \/><\/span><\/h3><h5 style=\"text-align: center;\"><span style=\"color: #000000;\">(pasodoble)<br \/>de Jaime Fco. Ripoll Martins<\/span><\/h5><h3 style=\"text-align: center;\"><span style=\"color: #0000ff;\"><br \/><\/span><span style=\"color: #0000ff;\">Smphony for Winds<\/span><\/h3><h5 style=\"text-align: center;\"><span style=\"color: #000000;\">Martin Ellerby<br \/><\/span><\/h5><h5 style=\"text-align: center;\"><span style=\"color: #0000ff;\">-I Tribute<span style=\"color: #000000;\"> (6&#8217;5\u00bb)<\/span><br \/><\/span><span style=\"color: #0000ff;\">-II Chorale <\/span>(7&#8217;45\u00bb)<br \/><span style=\"color: #0000ff;\">-III Display <\/span>(4&#8217;5\u00bb)<\/h5><h5 style=\"text-align: center;\"><span style=\"color: #000000;\">\u00a0<\/span><\/h5><div><span style=\"color: #000000;\">\u00a0<\/span><\/div><h3 style=\"text-align: center;\"><span style=\"color: #0000ff;\">Simfonia n\u00fam. 2 <\/span><span style=\"color: #0000ff;\">\u201cde la Mar\u201d <\/span><strong style=\"color: #0000ff; font-size: 16px;\"><span style=\"color: #000000;\">(20&#8217;15\u00bb)<\/span><\/strong><\/h3><h5 style=\"text-align: center;\"><span style=\"color: #000000;\">Mart\u00ednez Gallego<\/span><\/h5><h5 style=\"text-align: center;\">\u00a0<\/h5><h3 style=\"text-align: center;\">\u00a0<\/h3><h3 style=\"text-align: center;\"><span style=\"color: #0000ff;\"><span style=\"color: #999999;\">Director: Rafael M. Garrig\u00f3s Garc\u00eda<\/span><\/span><\/h3>\t\t\t\t\t\t<\/div>\n\t\t\t\t<\/div>\n\t\t\t\t<div class=\"elementor-element elementor-element-e91ed3b exad-sticky-section-no exad-glass-effect-no elementor-widget elementor-widget-spacer\" data-id=\"e91ed3b\" data-element_type=\"widget\" data-widget_type=\"spacer.default\">\n\t\t\t\t<div class=\"elementor-widget-container\">\n\t\t\t\t\t<div class=\"elementor-spacer\">\n\t\t\t<div class=\"elementor-spacer-inner\"><\/div>\n\t\t<\/div>\n\t\t\t\t<\/div>\n\t\t\t\t<\/div>\n\t\t\t\t<div class=\"elementor-element elementor-element-3e1e795 exad-sticky-section-no exad-glass-effect-no elementor-widget elementor-widget-heading\" data-id=\"3e1e795\" data-element_type=\"widget\" data-widget_type=\"heading.default\">\n\t\t\t\t<div class=\"elementor-widget-container\">\n\t\t\t<h3 class=\"elementor-heading-title elementor-size-default\">Notes al programa<\/h3>\t\t<\/div>\n\t\t\t\t<\/div>\n\t\t\t\t<div class=\"elementor-element elementor-element-4a5798e exad-sticky-section-no exad-glass-effect-no elementor-widget elementor-widget-accordion\" data-id=\"4a5798e\" data-element_type=\"widget\" data-widget_type=\"accordion.default\">\n\t\t\t\t<div class=\"elementor-widget-container\">\n\t\t\t\t\t<div class=\"elementor-accordion\">\n\t\t\t\t\t\t\t<div class=\"elementor-accordion-item\">\n\t\t\t\t\t<div id=\"elementor-tab-title-7791\" class=\"elementor-tab-title\" data-tab=\"1\" role=\"button\" aria-controls=\"elementor-tab-content-7791\" aria-expanded=\"false\">\n\t\t\t\t\t\t\t\t\t\t\t\t\t<span class=\"elementor-accordion-icon elementor-accordion-icon-left\" aria-hidden=\"true\">\n\t\t\t\t\t\t\t\t\t\t\t\t\t\t\t<span class=\"elementor-accordion-icon-closed\"><i class=\"fas fa-plus\"><\/i><\/span>\n\t\t\t\t\t\t\t\t<span class=\"elementor-accordion-icon-opened\"><i class=\"fas fa-minus\"><\/i><\/span>\n\t\t\t\t\t\t\t\t\t\t\t\t\t\t<\/span>\n\t\t\t\t\t\t\t\t\t\t\t\t<a class=\"elementor-accordion-title\" tabindex=\"0\">Concierto de Verano -Pre-CIBM Valencia- de la B. S. de la Stat. Filharm\u00f2nica Alteanense<\/a>\n\t\t\t\t\t<\/div>\n\t\t\t\t\t<div id=\"elementor-tab-content-7791\" class=\"elementor-tab-content elementor-clearfix\" data-tab=\"1\" role=\"region\" aria-labelledby=\"elementor-tab-title-7791\"><p><strong>Concierto especial en el que la Banda Sinf\u00f3nica de la Sociedad Filarm\u00f3nica Alteanense interpreta su \u00faltimo concierto previo a su participaci\u00f3n en la Secci\u00f3n Primera del Certamen Internacional de Bandas de M\u00fasica Ciudad de Valencia 2023, el pr\u00f3ximo 15\/07\/2023, con el mismo programa con el que participar\u00e1 en el Certamen. \u00a1Acompa\u00f1a a la Banda! (+info <a href=\"https:\/\/www.bit.ly\/AcompanyaValencia\" target=\"_blank\" rel=\"noopener\">www.bit.ly\/AcompanyaValencia<\/a> o <a href=\"http:\/\/www.sfaltea.com\" target=\"_blank\" rel=\"noopener\">www.sfaltea.com<\/a>)<\/strong><strong>.<\/strong><\/p><p><strong><br \/>BANDA SINF\u00d3NICA DE LA STAT. FILHARM\u00d2NICA ALTEANENSE<\/strong><\/p><p>Los or\u00edgenes de la Sociedad Filarm\u00f3nica Alteanense se remontan a 1889, a\u00f1o en el que se crea una agrupaci\u00f3n musical que en la tarde del 25 de agosto interpret\u00f3 los acordes del pasodoble Mazantini, escrito por Ger\u00f3nimo Gim\u00e9nez y dedicado al diestro de Elgoibar, bajo la batuta del maestro Francisco V. Marzal Ferrer (Almoines). Veintis\u00e9is a\u00f1os despu\u00e9s, el 1 de agosto de 1915, adquiri\u00f3 naturaleza de entidad jur\u00eddica la Sociedad Filarm\u00f3nica Alteanense, presidida entonces por el m\u00e9dico Jos\u00e9 Sevila S\u00e1nchez y bajo el impulso del maestro de m\u00fasica Jos\u00e9 P\u00e9rez Albi\u00f1ana.<\/p><p>Ciento veinticinco a\u00f1os de una banda que ha obtenido m\u00e1s de treinta premios y galardones a lo largo de su historia, con especial significaci\u00f3n los primeros premios conseguidos en el Certamen Internacional de Frankfurt (1973), en la Olimpiada Mundial de la M\u00fasica WMC Kerkrade (Holanda) (dos medallas de oro en 1985 y dos medallas de oro, menci\u00f3n de honor y estandarte de honor en 1989), Certamen de la Diputaci\u00f3n de Alicante (1986 y 1988), Certamen de la Comunidad Valenciana (1986), Certamen Internacional Ciudad de Valencia (1987 y 1990), Campo de Criptana (1994) y segundo premio en la secci\u00f3n primera del XI Certamen Nacional Ciudad de Murcia (2001). En 1992 se le otorg\u00f3 el Premio Nacional Cultura Viva de Agrupaciones Musicales \u00abpor su gran calidad interpretativa, reflejada en importantes \u00e9xitos internacionales\u00bb, y fue seleccionada entre las veinte mejores bandas de la Comunidad Valenciana con motivo de los conciertos especiales del proyecto M\u00fasica 92.<\/p><p>Los galardones m\u00e1s reciente son la medalla de oro con menci\u00f3n de honor en la XV Olimpiada Mundial de la M\u00fasica WMC Kerkrade (Holanda) 2005 y el Primer Premio en el Concurso Internacional de Bandas Filarmonia D\u2019Ouro (Portugal) 2016. Numeros\u00edsimas distinciones y reconocimientos ocupan las vitrinas, entre las que se halla la de Importantes del Diario Informaci\u00f3n de noviembre del a\u00f1o 2000, y de ciudades espa\u00f1olas y otros pa\u00edses europeos. En 2004 se le otorg\u00f3 el Premio Euterpe, m\u00e1ximo distinci\u00f3n que concede la Federaci\u00f3n de Sociedades Musicales de la Comunidad Valenciana.<\/p><p>En la Sociedad Filarm\u00f3nica Alteanense se integran, adem\u00e1s de la banda sinf\u00f3nica, una coral polif\u00f3nica, una orquesta de pulso y p\u00faa, una orquesta de c\u00e1mara, una colla de dol\u00e7aina i tabalet, varios grupos de c\u00e1mara y su escuela de m\u00fasica, con m\u00e1s de 350 alumnos.<\/p><p>La SFA organiza anualmente numerosas actividades, entre las que destacan las Jornadas M\u00fasico-Culturales en honor a Santa Cecilia y el Certamen Internacional de Bandas de M\u00fasica Villa de Altea, uno de los m\u00e1s prestigiosos de Europa.<\/p><p>La SFA ha realizado numerosas grabaciones para RNE, TVE, R\u00e0dio 9 y edici\u00f3n propia. En la actualidad, la plantilla de esta agrupaci\u00f3n est\u00e1 compuesta por m\u00e1s de un centenar de m\u00fasicos, y est\u00e1 dirigida por D. Jaime Fco. Ripoll Martins, \u00faltimo de los 18 directores durante toda su historia.<\/p><p>Tambi\u00e9n la han dirigido, como invitados, compositores y directores tan destacados como Jos\u00e9 Fuster, Fernando Penella, Jef Penders, Vicente Perell\u00f3 Dom\u00e9nech, Pablo S\u00e1nchez Torrella, Rafael Talens Pell\u00f3, Bernab\u00e9 Sanch\u00eds Sanz, Julio Ribelles Brunet, Enrique Garc\u00eda Asensio, Bernardo Adam Ferrero, Frank De Vuyst y Jordi Franc\u00e9s Sanju\u00e1n.<\/p><\/div>\n\t\t\t\t<\/div>\n\t\t\t\t\t\t\t<div class=\"elementor-accordion-item\">\n\t\t\t\t\t<div id=\"elementor-tab-title-7792\" class=\"elementor-tab-title\" data-tab=\"2\" role=\"button\" aria-controls=\"elementor-tab-content-7792\" aria-expanded=\"false\">\n\t\t\t\t\t\t\t\t\t\t\t\t\t<span class=\"elementor-accordion-icon elementor-accordion-icon-left\" aria-hidden=\"true\">\n\t\t\t\t\t\t\t\t\t\t\t\t\t\t\t<span class=\"elementor-accordion-icon-closed\"><i class=\"fas fa-plus\"><\/i><\/span>\n\t\t\t\t\t\t\t\t<span class=\"elementor-accordion-icon-opened\"><i class=\"fas fa-minus\"><\/i><\/span>\n\t\t\t\t\t\t\t\t\t\t\t\t\t\t<\/span>\n\t\t\t\t\t\t\t\t\t\t\t\t<a class=\"elementor-accordion-title\" tabindex=\"0\">Filharm\u00f2nica Alteanense (pasodoble), de Jaime Fco. Ripoll Martins<\/a>\n\t\t\t\t\t<\/div>\n\t\t\t\t\t<div id=\"elementor-tab-content-7792\" class=\"elementor-tab-content elementor-clearfix\" data-tab=\"2\" role=\"region\" aria-labelledby=\"elementor-tab-title-7792\"><p><strong>Estreno absoluto<\/strong> del pasodoble escrito en 2023 por el compositor alteano -y m\u00fasico integrante de la Filarm\u00f3nica Alteanense- Jaime Fco. Ripoll Martins, que dedica a todos los componentes de la Filharm\u00f2nica y a su director Rafa M. Garrig\u00f3s Garcia, en el a\u00f1o de su participaci\u00f3n en el Certamen Internacional de Bandas de M\u00fasica Ciudad de Val\u00e8ncia 2023.<\/p><\/div>\n\t\t\t\t<\/div>\n\t\t\t\t\t\t\t<div class=\"elementor-accordion-item\">\n\t\t\t\t\t<div id=\"elementor-tab-title-7793\" class=\"elementor-tab-title\" data-tab=\"3\" role=\"button\" aria-controls=\"elementor-tab-content-7793\" aria-expanded=\"false\">\n\t\t\t\t\t\t\t\t\t\t\t\t\t<span class=\"elementor-accordion-icon elementor-accordion-icon-left\" aria-hidden=\"true\">\n\t\t\t\t\t\t\t\t\t\t\t\t\t\t\t<span class=\"elementor-accordion-icon-closed\"><i class=\"fas fa-plus\"><\/i><\/span>\n\t\t\t\t\t\t\t\t<span class=\"elementor-accordion-icon-opened\"><i class=\"fas fa-minus\"><\/i><\/span>\n\t\t\t\t\t\t\t\t\t\t\t\t\t\t<\/span>\n\t\t\t\t\t\t\t\t\t\t\t\t<a class=\"elementor-accordion-title\" tabindex=\"0\">Symphony for Winds, de Martin Ellerby<\/a>\n\t\t\t\t\t<\/div>\n\t\t\t\t\t<div id=\"elementor-tab-content-7793\" class=\"elementor-tab-content elementor-clearfix\" data-tab=\"3\" role=\"region\" aria-labelledby=\"elementor-tab-title-7793\"><p>Obra escrita en tres movimientos que explotan la amplia gama de colores y din\u00e1micas disponibles en el ensemble de viento contempor\u00e1neo.<\/p><p>1. Tribute: Dos estados de \u00e1nimo muy contrastantes: uno r\u00edtmico y agresivo, el otro tranquilo y relajado; sin embargo, ambos, en el mismo tempo, compiten entre s\u00ed para dominar la obertura. El primer sujeto siempre busca un tema, presentado plenamente en la conclusi\u00f3n, mientras que el segundo sujeto siempre tiene un tema que se extiende y desarrolla en cada reaparici\u00f3n.<br \/>2. Chorale: Una serie de corales en un lenguaje simple y directo proporciona un aura de calma entre el primer y tercer movimiento. Son primordiales el color instrumental, las din\u00e1micas suaves, y el uso de la celesta y los instrumentos de percusi\u00f3n afinada.<br \/>3. Display: El final es un scherzo tenso y din\u00e1mico que contrasta los tutti con las combinaciones m\u00e1s sutiles de instrumentos solistas. Basada en los principios de las escalas y arpegios, aunque adaptada, la melod\u00eda siempre se esfuerza por formar parte de la persecuci\u00f3n. Es como un \u201cconcierto para orquesta\u201d en miniatura.<\/p><p>\u00a0<\/p><p>BIOGRAF\u00cdA MARTIN ELLERBY<\/p><p>Martin Ellerby naci\u00f3 en Worksop, Inglaterra en 1957. Despu\u00e9s de graduarse en el London College of Music, estudi\u00f3 composici\u00f3n con Joseph Horovitz y contrapunto con W. S. Lloyd Webber en el Royal College of Music, y con Wilfred Josephs.<\/p><p>Ha compuesto varias sinfon\u00edas y obras concertantes, m\u00fasica para cuerdas, varias sonatas y suites instrumentales, canciones y m\u00fasica coral, incluida una misa para coro y orquesta. Tambi\u00e9n ha escrito obras para brass band y banda sinf\u00f3nica.<\/p><p>Entre sus premios y menciones se encuentran el W. S. Lloyd Webber Director\u2019s Prize, el Westminster Prize, el Arts Council of Great Britain Dio Fund Award, un Allcard Award, el George Butterworth y el Norman Sykes Memorial Fund Awards, el Freedom de la Ciudad de Londres, el Royal Military School of Music 2008 Dr. Martin Ellerby Class, el 2012 BUMA International Brass Award (Holanda) y la John Henry Iles Medal of the Worshipful Company of Musicians.<\/p><p>Tiene un Doctorado en Artes Musicales (DMA) de la Universidad de Salford, un Doctorado Honorario en Letras (Hon DLitt) de la Universidad de West London, as\u00ed como cinco becas. Es el director art\u00edstico de Studio Music Company (Londres), examinador externo de la Royal Air Force Music Services (RAF Northolt) y Director Honorario de la Victoria College of Music Examinations Board.<\/p><\/div>\n\t\t\t\t<\/div>\n\t\t\t\t\t\t\t<div class=\"elementor-accordion-item\">\n\t\t\t\t\t<div id=\"elementor-tab-title-7794\" class=\"elementor-tab-title\" data-tab=\"4\" role=\"button\" aria-controls=\"elementor-tab-content-7794\" aria-expanded=\"false\">\n\t\t\t\t\t\t\t\t\t\t\t\t\t<span class=\"elementor-accordion-icon elementor-accordion-icon-left\" aria-hidden=\"true\">\n\t\t\t\t\t\t\t\t\t\t\t\t\t\t\t<span class=\"elementor-accordion-icon-closed\"><i class=\"fas fa-plus\"><\/i><\/span>\n\t\t\t\t\t\t\t\t<span class=\"elementor-accordion-icon-opened\"><i class=\"fas fa-minus\"><\/i><\/span>\n\t\t\t\t\t\t\t\t\t\t\t\t\t\t<\/span>\n\t\t\t\t\t\t\t\t\t\t\t\t<a class=\"elementor-accordion-title\" tabindex=\"0\">Sinfon\u00eda N\u00fam. 2 \u2018De la Mar\u2019, de Mart\u00ednez Gallego<\/a>\n\t\t\t\t\t<\/div>\n\t\t\t\t\t<div id=\"elementor-tab-content-7794\" class=\"elementor-tab-content elementor-clearfix\" data-tab=\"4\" role=\"region\" aria-labelledby=\"elementor-tab-title-7794\"><p><strong>Obra compuesta por encargo del Certamen Internacional de Bandas de M\u00fasica Villa de Altea al compositor Mart\u00ednez Gallego para el edici\u00f3n 2019 del certamen. Esta edici\u00f3n fue dedicada a la designaci\u00f3n de Altea como \u201cCapital Cultural Valenciana\u201d, bajo el lema \u201cMAR DE CULTURES\u201d.<\/strong><\/p><p>En su conjunto, la obra est\u00e1 estructurada en 3 movimientos que se interpretan ininterrumpidamente.<\/p><p>Fuera de cualquier idea sobre m\u00fasica descriptiva, el 1er. Movimiento representa a la antigua Altea, la Altea arcaica que se nutri\u00f3 durante su historia de diferentes culturas. Movimiento r\u00edtmico con un material tem\u00e1tico procedente de una Canci\u00f3n Popular de esta poblaci\u00f3n, \u2018Sierra Molinet\u2019.<\/p><p>Las primeras notas de otra melod\u00eda popular, \u2018Mariner\u2019, aparecen como nexo de uni\u00f3n entre algunas secciones de toda la obra.<\/p><p>El 2\u00ba. Movimiento representa el \u2018Mar\u2019 y el monumento que lo mira de frente, la Iglesia de \u2018Nuestra Se\u00f1ora del Consuelo\u2019.<\/p><p>El tema B, dedicado a la Iglesia, se nutre de unas p\u00e1ginas del compositor renacentista Carlo Gesualdo, compositor adelantado a su \u00e9poca, con una obra original, extra\u00f1a y sorprendente en el Renacimiento, sobre todo por su concepto del \u2018Cromatismo\u2019.<\/p><p>Este cromatismo tambi\u00e9n ser\u00e1 parte fundamental en el 3er. Movimiento de la Sinfon\u00eda.<\/p><p>Con un nuevo tema, original del autor, y en contraposici\u00f3n al 1\u00ba, este \u00faltimo movimiento representa la actual y moderna Altea. El lazo de uni\u00f3n con la primera parte de la obra es el uso de unas nuevas y peculiares variaciones sobre dicho tema.<\/p><p>La obra, en su totalidad, se nutre de un lenguaje modal, modos, algunos de ellos, construidos por el propio autor.<\/p><p><strong><br \/>Francisco Mart\u00ednez Gallego<\/strong><\/p><p>Natural de San Antonio de Requena (Valencia). Comenz\u00f3 sus estudios musicales en la Escuela de M\u00fasica de la Sociedad Musical \u201cLa Arm\u00f3nica\u201d de San Antonio, pasando con posterioridad a los Conservatorios de Murcia, Torrente y Valencia, centro \u00e9ste en el que obtiene el T\u00edtulo Superior de Clarinete.<\/p><p>No obstante, el campo en el que se va a ver plenamente realizado va a ser en el de la composici\u00f3n. Ampliar\u00e1 su formaci\u00f3n en este terreno con el profesor y compositor de Jazz Daniel Flors, con Miguel \u00c1ngel Mat\u00e9u y Teo Aparicio Barber\u00e1n.<\/p><p>Posteriormente, finaliza el Grado Superior de Composici\u00f3n en el Conservatorio Superior de Castell\u00f3n. En esta nueva etapa estudia con profesores, entre los que cabe destacar, como Ferrer Ferr\u00e1n, C\u00e9sar Cano, Miguel \u00c1ngel Berbis, Claudia Montero, Jes\u00fas Vizcaino y Emilio Caland\u00edn.<\/p><p>A partir de 1998 comienza a interesarse por la direcci\u00f3n de banda ampliando estudios con diferentes profesores entre los que cabe resaltar a Jos\u00e9 Rafael Pascual Vilaplana. Su principal actividad como director, en la actualidad, se centra en la S. M. \u201cEl Arte\u201d de Sinarcas (Valencia), con la que recientemente ha obtenido Primer Premio y Menci\u00f3n de Honor en la 39 Edici\u00f3n del Certamen Provincial de Valencia y Primer Premio y Menci\u00f3n de Honor en la 37 Edici\u00f3n del Certamen de Bandas de la Comunidad Valenciana.<\/p><p>Entre m\u00faltiples 1os. Premios, 2os. Premios y Acc\u00e9sits destacan:<br \/>\u2022 1er. Premio en el I Concurso Nacional de M\u00fasica Festera de Altea, a\u00f1o 2000.<br \/>\u2022 1er. Premio en el II Concurso de Composici\u00f3n de M\u00fasica Festera de Calpe, a\u00f1o 2002.<br \/>\u2022 1er. Premio de Composici\u00f3n de M\u00fasica Sinf\u00f3nica para Banda de Finestrat, a\u00f1o 2005.<br \/>\u2022 1er. Premio en el Concurso de Composici\u00f3n de Pasodobles de Sant Joan de Mor\u00f3, a\u00f1o 2009.<br \/>\u2022 1er. Premio del V Concurso de Composici\u00f3n \u2018Vila de Muro 2015\u2019, a\u00f1o 2015.<\/p><p>En noviembre de 2014 viaj\u00f3 a los EEUU donde fue interpretada y grabada, para la discogr\u00e1fica NAXOS, su Sinfon\u00eda n\u00ba. 1 \u2018Kaprekar\u2019 por la Wind Symphony de la Universidad Estatal de Ilinois.<\/p><p>Varias de sus composiciones para banda son interpretadas como obras obligadas y libres en diversos cert\u00e1menes.<\/p><p>Es miembro de la SGAE (Sociedad General de Autores y Editores), de COSICOVA (Asociaci\u00f3n de Compositores Sinf\u00f3nicos Valencianos) y de ACMMIC (Asociaci\u00f3n de Compositores de M\u00fasica de Moros y Cristianos).<\/p><p>En la actualidad es profesor de Armon\u00eda, An\u00e1lisis y Fundamentos de Composici\u00f3n en el Conservatorio Profesional de M\u00fasica \u2018Mestre Molins\u2019 de Quart de Poblet (Valencia).<\/p><\/div>\n\t\t\t\t<\/div>\n\t\t\t\t\t\t\t<div class=\"elementor-accordion-item\">\n\t\t\t\t\t<div id=\"elementor-tab-title-7795\" class=\"elementor-tab-title\" data-tab=\"5\" role=\"button\" aria-controls=\"elementor-tab-content-7795\" aria-expanded=\"false\">\n\t\t\t\t\t\t\t\t\t\t\t\t\t<span class=\"elementor-accordion-icon elementor-accordion-icon-left\" aria-hidden=\"true\">\n\t\t\t\t\t\t\t\t\t\t\t\t\t\t\t<span class=\"elementor-accordion-icon-closed\"><i class=\"fas fa-plus\"><\/i><\/span>\n\t\t\t\t\t\t\t\t<span class=\"elementor-accordion-icon-opened\"><i class=\"fas fa-minus\"><\/i><\/span>\n\t\t\t\t\t\t\t\t\t\t\t\t\t\t<\/span>\n\t\t\t\t\t\t\t\t\t\t\t\t<a class=\"elementor-accordion-title\" tabindex=\"0\">El director: Rafael M. Garrig\u00f3s Garc\u00eda<\/a>\n\t\t\t\t\t<\/div>\n\t\t\t\t\t<div id=\"elementor-tab-content-7795\" class=\"elementor-tab-content elementor-clearfix\" data-tab=\"5\" role=\"region\" aria-labelledby=\"elementor-tab-title-7795\"><p>En los conservatorios superiores de Valencia, Madrid, Granada y Murcia ha realizado estudios de trompa, piano, composici\u00f3n, direcci\u00f3n de coros y direcci\u00f3n de orquesta, obteniendo Premio Extraordinario Fin de Estudios en Composici\u00f3n y Direcci\u00f3n de Coros.<br \/>Es profesor del Conservatorio Profesional \u201cGuitarrista Jos\u00e9 Tom\u00e1s\u201d de Alicante donde ha impartido las asignaturas de Direcci\u00f3n Sinf\u00f3nico-Coral, Orquesta, Inform\u00e1tica Musical y Lenguaje Musical.<br \/>Ha sido director titular de, entre otras, la Banda de M\u00fasica \u201dLa Primitiva\u201d de la Associaci\u00f3 d\u2019Amics de la M\u00fasica de Callosa d\u2019En Sarri\u00e1, Banda Sinf\u00f3nica y Orquesta de C\u00e1mara de la Societat Filharm\u00f2nica Alteanense, Banda Sinf\u00f3nica de la Societat Musical \u201c La Alianza \u201d de Mutxamel, Banda Sinf\u00f3nica de la Sociedad Filarm\u00f3nica Uni\u00f3n Musical de Agost, Uni\u00f3n Musical de Canyada (Alicante), Banda Sinf\u00f3nica de la Sociedad Instructiva Uni\u00f3n Musical de Tavernes de la Valldigna (Valencia), y Uni\u00f3n Musical Santa Cecilia de Enguera (Valencia). En la actualidad, 16 a\u00f1os despu\u00e9s vuelve como director titular de la Banda Sinf\u00f3nica de la Societat Filharm\u00f2nica Alteanense.<br \/>Es director musical de la Orquesta de la compa\u00f1\u00eda de \u00d3pera y Zarzuela \u201cCompa\u00f1\u00eda L\u00edrica de Andaluc\u00eda\u201d con la que ha dirigido numerosas representaciones de grandes zarzuelas.<br \/>Ha sido invitado a dirigir orquestas y bandas en Espa\u00f1a, Italia, Colombia y Portugal, y ha impartido diferentes cursos y Master Class de Direcci\u00f3n en Espa\u00f1a, Italia y Colombia en colaboraci\u00f3n de la ANBIMA (Federaci\u00f3n Nacional Italiana de Bandas), Federaci\u00f3n de Sociedades Musicales de la Comunidad Valenciana, Conseller\u00eda de Educaci\u00f3n de la Comunidad Valenciana, Consejer\u00eda de Educaci\u00f3n de Andaluc\u00eda, etc.<br \/>Durante 2013 ha sido seleccionado como director de la Jove Banda Simf\u00f2nica de la Federaci\u00f3n de Sociedades Musicales de la Comunidad Valenciana, realizando conciertos en ciudades como Madrid y Valencia, y giras de conciertos por Espa\u00f1a, Holanda y B\u00e9lgica invitados por WMC de Kerkrade.<\/p><\/div>\n\t\t\t\t<\/div>\n\t\t\t\t\t\t\t\t<\/div>\n\t\t\t\t<\/div>\n\t\t\t\t<\/div>\n\t\t\t\t\t<\/div>\n\t\t<\/div>\n\t\t\t\t\t<\/div>\n\t\t<\/section>\n\t\t\t\t<section class=\"elementor-section elementor-top-section elementor-element elementor-element-a7109f5 elementor-section-boxed elementor-section-height-default elementor-section-height-default exad-glass-effect-no exad-sticky-section-no\" data-id=\"a7109f5\" data-element_type=\"section\">\n\t\t\t\t\t\t<div class=\"elementor-container elementor-column-gap-default\">\n\t\t\t\t\t<div class=\"elementor-column elementor-col-100 elementor-top-column elementor-element elementor-element-3c07a8f exad-glass-effect-no exad-sticky-section-no\" data-id=\"3c07a8f\" data-element_type=\"column\">\n\t\t\t<div class=\"elementor-widget-wrap\">\n\t\t\t\t\t\t\t<\/div>\n\t\t<\/div>\n\t\t\t\t\t<\/div>\n\t\t<\/section>\n\t\t\t\t<section class=\"elementor-section elementor-top-section elementor-element elementor-element-7d46883 elementor-section-boxed elementor-section-height-default elementor-section-height-default exad-glass-effect-no exad-sticky-section-no\" data-id=\"7d46883\" data-element_type=\"section\">\n\t\t\t\t\t\t<div class=\"elementor-container elementor-column-gap-default\">\n\t\t\t\t\t<div class=\"elementor-column elementor-col-100 elementor-top-column elementor-element elementor-element-16ce4bc exad-glass-effect-no exad-sticky-section-no\" data-id=\"16ce4bc\" data-element_type=\"column\">\n\t\t\t<div class=\"elementor-widget-wrap elementor-element-populated\">\n\t\t\t\t\t\t<div class=\"elementor-element elementor-element-35b8ea1 elementor-arrows-position-inside elementor-pagination-position-outside exad-sticky-section-no exad-glass-effect-no elementor-widget elementor-widget-image-carousel\" data-id=\"35b8ea1\" data-element_type=\"widget\" data-settings=\"{&quot;navigation&quot;:&quot;both&quot;,&quot;autoplay&quot;:&quot;yes&quot;,&quot;pause_on_hover&quot;:&quot;yes&quot;,&quot;pause_on_interaction&quot;:&quot;yes&quot;,&quot;autoplay_speed&quot;:5000,&quot;infinite&quot;:&quot;yes&quot;,&quot;speed&quot;:500}\" data-widget_type=\"image-carousel.default\">\n\t\t\t\t<div class=\"elementor-widget-container\">\n\t\t\t\t\t<div class=\"elementor-image-carousel-wrapper swiper\" dir=\"ltr\">\n\t\t\t<div class=\"elementor-image-carousel swiper-wrapper\" aria-live=\"off\">\n\t\t\t\t\t\t\t\t<div class=\"swiper-slide\" role=\"group\" aria-roledescription=\"slide\" aria-label=\"1 de 4\"><figure class=\"swiper-slide-inner\"><img decoding=\"async\" class=\"swiper-slide-image lazyload\" data-src=\"https:\/\/www.alteacultural.com\/wp-content\/uploads\/2022\/11\/283779886_432095112252397_3957244407808756640_n-300x300.jpg\" alt=\"283779886_432095112252397_3957244407808756640_n\" src=\"data:image\/gif;base64,R0lGODlhAQABAAAAACH5BAEKAAEALAAAAAABAAEAAAICTAEAOw==\" style=\"--smush-placeholder-width: 300px; --smush-placeholder-aspect-ratio: 300\/300;\" \/><\/figure><\/div><div class=\"swiper-slide\" role=\"group\" aria-roledescription=\"slide\" aria-label=\"2 de 4\"><figure class=\"swiper-slide-inner\"><img decoding=\"async\" class=\"swiper-slide-image lazyload\" data-src=\"https:\/\/www.alteacultural.com\/wp-content\/uploads\/2022\/11\/283660488_432092595585982_182234252659491630_n-300x300.jpg\" alt=\"283660488_432092595585982_182234252659491630_n\" src=\"data:image\/gif;base64,R0lGODlhAQABAAAAACH5BAEKAAEALAAAAAABAAEAAAICTAEAOw==\" style=\"--smush-placeholder-width: 300px; --smush-placeholder-aspect-ratio: 300\/300;\" \/><\/figure><\/div><div class=\"swiper-slide\" role=\"group\" aria-roledescription=\"slide\" aria-label=\"3 de 4\"><figure class=\"swiper-slide-inner\"><img decoding=\"async\" class=\"swiper-slide-image lazyload\" data-src=\"https:\/\/www.alteacultural.com\/wp-content\/uploads\/2022\/11\/283825627_432095102252398_6307504848595609877_n-300x300.jpg\" alt=\"283825627_432095102252398_6307504848595609877_n\" src=\"data:image\/gif;base64,R0lGODlhAQABAAAAACH5BAEKAAEALAAAAAABAAEAAAICTAEAOw==\" style=\"--smush-placeholder-width: 300px; --smush-placeholder-aspect-ratio: 300\/300;\" \/><\/figure><\/div><div class=\"swiper-slide\" role=\"group\" aria-roledescription=\"slide\" aria-label=\"4 de 4\"><figure class=\"swiper-slide-inner\"><img decoding=\"async\" class=\"swiper-slide-image lazyload\" data-src=\"https:\/\/www.alteacultural.com\/wp-content\/uploads\/2023\/03\/rafa-garrigos-300x300.jpg\" alt=\"rafa garrigos\" src=\"data:image\/gif;base64,R0lGODlhAQABAAAAACH5BAEKAAEALAAAAAABAAEAAAICTAEAOw==\" style=\"--smush-placeholder-width: 300px; --smush-placeholder-aspect-ratio: 300\/300;\" \/><\/figure><\/div>\t\t\t<\/div>\n\t\t\t\t\t\t\t\t\t\t\t\t<div class=\"elementor-swiper-button elementor-swiper-button-prev\" role=\"button\" tabindex=\"0\">\n\t\t\t\t\t\t<i aria-hidden=\"true\" class=\"eicon-chevron-left\"><\/i>\t\t\t\t\t<\/div>\n\t\t\t\t\t<div class=\"elementor-swiper-button elementor-swiper-button-next\" role=\"button\" tabindex=\"0\">\n\t\t\t\t\t\t<i aria-hidden=\"true\" class=\"eicon-chevron-right\"><\/i>\t\t\t\t\t<\/div>\n\t\t\t\t\n\t\t\t\t\t\t\t\t\t<div class=\"swiper-pagination\"><\/div>\n\t\t\t\t\t\t\t\t\t<\/div>\n\t\t\t\t<\/div>\n\t\t\t\t<\/div>\n\t\t\t\t<div class=\"elementor-element elementor-element-3da9f74 elementor-widget-divider--view-line exad-sticky-section-no exad-glass-effect-no elementor-widget elementor-widget-divider\" data-id=\"3da9f74\" data-element_type=\"widget\" data-widget_type=\"divider.default\">\n\t\t\t\t<div class=\"elementor-widget-container\">\n\t\t\t\t\t<div class=\"elementor-divider\">\n\t\t\t<span class=\"elementor-divider-separator\">\n\t\t\t\t\t\t<\/span>\n\t\t<\/div>\n\t\t\t\t<\/div>\n\t\t\t\t<\/div>\n\t\t\t\t<div class=\"elementor-element elementor-element-c0558ab exad-sticky-section-no exad-glass-effect-no elementor-widget elementor-widget-image\" data-id=\"c0558ab\" data-element_type=\"widget\" data-widget_type=\"image.default\">\n\t\t\t\t<div class=\"elementor-widget-container\">\n\t\t\t\t\t\t\t\t\t\t\t\t\t\t<a href=\"https:\/\/www.bit.ly\/AcompanyaValencia\" target=\"_blank\">\n\t\t\t\t\t\t\t<img fetchpriority=\"high\" decoding=\"async\" width=\"1754\" height=\"2480\" src=\"https:\/\/www.alteacultural.com\/wp-content\/uploads\/2023\/07\/AcompanyaBandaCIBMValencia15jul2023_Cartell-01.jpg\" class=\"attachment-large size-large wp-image-26556\" alt=\"\" srcset=\"https:\/\/www.alteacultural.com\/wp-content\/uploads\/2023\/07\/AcompanyaBandaCIBMValencia15jul2023_Cartell-01.jpg 1754w, https:\/\/www.alteacultural.com\/wp-content\/uploads\/2023\/07\/AcompanyaBandaCIBMValencia15jul2023_Cartell-01-768x1086.jpg 768w, https:\/\/www.alteacultural.com\/wp-content\/uploads\/2023\/07\/AcompanyaBandaCIBMValencia15jul2023_Cartell-01-1086x1536.jpg 1086w, https:\/\/www.alteacultural.com\/wp-content\/uploads\/2023\/07\/AcompanyaBandaCIBMValencia15jul2023_Cartell-01-1448x2048.jpg 1448w\" sizes=\"(max-width: 1754px) 100vw, 1754px\" \/>\t\t\t\t\t\t\t\t<\/a>\n\t\t\t\t\t\t\t\t\t\t\t\t\t<\/div>\n\t\t\t\t<\/div>\n\t\t\t\t<div class=\"elementor-element elementor-element-8dd6875 elementor-widget-divider--view-line exad-sticky-section-no exad-glass-effect-no elementor-widget elementor-widget-divider\" data-id=\"8dd6875\" data-element_type=\"widget\" data-widget_type=\"divider.default\">\n\t\t\t\t<div class=\"elementor-widget-container\">\n\t\t\t\t\t<div class=\"elementor-divider\">\n\t\t\t<span class=\"elementor-divider-separator\">\n\t\t\t\t\t\t<\/span>\n\t\t<\/div>\n\t\t\t\t<\/div>\n\t\t\t\t<\/div>\n\t\t\t\t<div class=\"elementor-element elementor-element-c5adb8e exad-sticky-section-no exad-glass-effect-no elementor-widget elementor-widget-image\" data-id=\"c5adb8e\" data-element_type=\"widget\" data-widget_type=\"image.default\">\n\t\t\t\t<div class=\"elementor-widget-container\">\n\t\t\t\t\t\t\t\t\t\t\t\t\t\t<a href=\"https:\/\/www.alteacultural.com\/alertes\">\n\t\t\t\t\t\t\t<img decoding=\"async\" width=\"2560\" height=\"1280\" data-src=\"https:\/\/www.alteacultural.com\/wp-content\/uploads\/2022\/04\/100x200-rollupbanner-medium_es2_AdpatParaRedesHoriz-01-scaled.jpg\" class=\"attachment-large size-large wp-image-18827 lazyload\" alt=\"\" data-srcset=\"https:\/\/www.alteacultural.com\/wp-content\/uploads\/2022\/04\/100x200-rollupbanner-medium_es2_AdpatParaRedesHoriz-01-scaled.jpg 2560w, https:\/\/www.alteacultural.com\/wp-content\/uploads\/2022\/04\/100x200-rollupbanner-medium_es2_AdpatParaRedesHoriz-01-768x384.jpg 768w, https:\/\/www.alteacultural.com\/wp-content\/uploads\/2022\/04\/100x200-rollupbanner-medium_es2_AdpatParaRedesHoriz-01-1536x768.jpg 1536w, https:\/\/www.alteacultural.com\/wp-content\/uploads\/2022\/04\/100x200-rollupbanner-medium_es2_AdpatParaRedesHoriz-01-2048x1024.jpg 2048w\" data-sizes=\"(max-width: 2560px) 100vw, 2560px\" src=\"data:image\/gif;base64,R0lGODlhAQABAAAAACH5BAEKAAEALAAAAAABAAEAAAICTAEAOw==\" style=\"--smush-placeholder-width: 2560px; --smush-placeholder-aspect-ratio: 2560\/1280;\" \/>\t\t\t\t\t\t\t\t<\/a>\n\t\t\t\t\t\t\t\t\t\t\t\t\t<\/div>\n\t\t\t\t<\/div>\n\t\t\t\t<div class=\"elementor-element elementor-element-d269b34 elementor-align-center exad-sticky-section-no exad-glass-effect-no elementor-widget elementor-widget-button\" data-id=\"d269b34\" data-element_type=\"widget\" data-widget_type=\"button.default\">\n\t\t\t\t<div class=\"elementor-widget-container\">\n\t\t\t\t\t<div class=\"elementor-button-wrapper\">\n\t\t\t<a class=\"elementor-button elementor-button-link elementor-size-sm\" href=\"https:\/\/www.alteacultural.com\/agenda\/\">\n\t\t\t\t\t\t<span class=\"elementor-button-content-wrapper\">\n\t\t\t\t\t\t\t\t\t<span class=\"elementor-button-text\">Agenda cultural completa<\/span>\n\t\t\t\t\t<\/span>\n\t\t\t\t\t<\/a>\n\t\t<\/div>\n\t\t\t\t<\/div>\n\t\t\t\t<\/div>\n\t\t\t\t\t<\/div>\n\t\t<\/div>\n\t\t\t\t\t<\/div>\n\t\t<\/section>\n\t\t\t\t<section class=\"elementor-section elementor-top-section elementor-element elementor-element-75129c9 elementor-section-boxed elementor-section-height-default elementor-section-height-default exad-glass-effect-no exad-sticky-section-no\" data-id=\"75129c9\" data-element_type=\"section\">\n\t\t\t\t\t\t<div class=\"elementor-container elementor-column-gap-default\">\n\t\t\t\t\t<div class=\"elementor-column elementor-col-100 elementor-top-column elementor-element elementor-element-fafffc0 exad-glass-effect-no exad-sticky-section-no\" data-id=\"fafffc0\" data-element_type=\"column\">\n\t\t\t<div class=\"elementor-widget-wrap elementor-element-populated\">\n\t\t\t\t\t\t\t<\/div>\n\t\t<\/div>\n\t\t\t\t\t<\/div>\n\t\t<\/section>\n\t\t\t\t<section class=\"elementor-section elementor-top-section elementor-element elementor-element-a5974ad elementor-section-boxed elementor-section-height-default elementor-section-height-default exad-glass-effect-no exad-sticky-section-no\" data-id=\"a5974ad\" data-element_type=\"section\">\n\t\t\t\t\t\t<div class=\"elementor-container elementor-column-gap-default\">\n\t\t\t\t\t<div class=\"elementor-column elementor-col-100 elementor-top-column elementor-element elementor-element-8d2ca0a exad-glass-effect-no exad-sticky-section-no\" data-id=\"8d2ca0a\" data-element_type=\"column\">\n\t\t\t<div class=\"elementor-widget-wrap elementor-element-populated\">\n\t\t\t\t\t\t\t<\/div>\n\t\t<\/div>\n\t\t\t\t\t<\/div>\n\t\t<\/section>\n\t\t\t\t<section class=\"elementor-section elementor-top-section elementor-element elementor-element-2f3f51e elementor-section-boxed elementor-section-height-default elementor-section-height-default exad-glass-effect-no exad-sticky-section-no\" data-id=\"2f3f51e\" data-element_type=\"section\">\n\t\t\t\t\t\t<div class=\"elementor-container elementor-column-gap-default\">\n\t\t\t\t\t<div class=\"elementor-column elementor-col-100 elementor-top-column elementor-element elementor-element-e3d1e47 exad-glass-effect-no exad-sticky-section-no\" data-id=\"e3d1e47\" data-element_type=\"column\">\n\t\t\t<div class=\"elementor-widget-wrap elementor-element-populated\">\n\t\t\t\t\t\t\t<\/div>\n\t\t<\/div>\n\t\t\t\t\t<\/div>\n\t\t<\/section>\n\t\t\t\t<section class=\"elementor-section elementor-top-section elementor-element elementor-element-bbd1b70 elementor-section-boxed elementor-section-height-default elementor-section-height-default exad-glass-effect-no exad-sticky-section-no\" data-id=\"bbd1b70\" data-element_type=\"section\">\n\t\t\t\t\t\t<div class=\"elementor-container elementor-column-gap-default\">\n\t\t\t\t\t<div class=\"elementor-column elementor-col-100 elementor-top-column elementor-element elementor-element-2c59734 exad-glass-effect-no exad-sticky-section-no\" data-id=\"2c59734\" data-element_type=\"column\">\n\t\t\t<div class=\"elementor-widget-wrap\">\n\t\t\t\t\t\t\t<\/div>\n\t\t<\/div>\n\t\t\t\t\t<\/div>\n\t\t<\/section>\n\t\t\t\t<\/div>\n\t\t","protected":false},"excerpt":{"rendered":"<p>Programa \u00b7 9\/07\/2023 Concierto de Verano Banda SFA \/ Pre-CIBM Valencia PROGRAMA Banda Sinf\u00f3nica de la Societat Filharm\u00f2nica Alteanense [&hellip;]<\/p>\n","protected":false},"author":1,"featured_media":0,"comment_status":"closed","ping_status":"closed","sticky":false,"template":"elementor_canvas","format":"standard","meta":{"_expiration-date-status":"","_expiration-date":0,"_expiration-date-type":"","_expiration-date-categories":[],"_expiration-date-options":[],"footnotes":""},"yoast_head":"<!-- This site is optimized with the Yoast SEO plugin v22.8 - https:\/\/yoast.com\/wordpress\/plugins\/seo\/ -->\n<title>Programa 09-07-2023 - Altea Cultural<\/title>\n<meta name=\"robots\" content=\"index, follow, max-snippet:-1, max-image-preview:large, max-video-preview:-1\" \/>\n<link rel=\"canonical\" href=\"https:\/\/www.alteacultural.com\/es\/2023\/07\/08\/programa-09-07-2023\/\" \/>\n<meta property=\"og:locale\" content=\"es_ES\" \/>\n<meta property=\"og:type\" content=\"article\" \/>\n<meta property=\"og:title\" content=\"Programa 09-07-2023 - Altea Cultural\" \/>\n<meta property=\"og:description\" content=\"Programa \u00b7 9\/07\/2023 Concierto de Verano Banda SFA \/ Pre-CIBM Valencia PROGRAMA Banda Sinf\u00f3nica de la Societat Filharm\u00f2nica Alteanense [&hellip;]\" \/>\n<meta property=\"og:url\" content=\"https:\/\/www.alteacultural.com\/es\/2023\/07\/08\/programa-09-07-2023\/\" \/>\n<meta property=\"og:site_name\" content=\"Altea Cultural\" \/>\n<meta property=\"article:published_time\" content=\"2023-07-08T20:18:47+00:00\" \/>\n<meta property=\"article:modified_time\" content=\"2023-07-08T23:01:58+00:00\" \/>\n<meta property=\"og:image\" content=\"https:\/\/www.alteacultural.com\/wp-content\/uploads\/elementor\/thumbs\/valencia-pt48thfiy0n8d036da41ndkk48zbusn7jwawsx7u0c.jpg\" \/>\n<meta name=\"author\" content=\"sfaltea.com-admin\" \/>\n<meta name=\"twitter:card\" content=\"summary_large_image\" \/>\n<meta name=\"twitter:label1\" content=\"Escrito por\" \/>\n\t<meta name=\"twitter:data1\" content=\"sfaltea.com-admin\" \/>\n\t<meta name=\"twitter:label2\" content=\"Tiempo de lectura\" \/>\n\t<meta name=\"twitter:data2\" content=\"12 minutos\" \/>\n<script type=\"application\/ld+json\" class=\"yoast-schema-graph\">{\"@context\":\"https:\/\/schema.org\",\"@graph\":[{\"@type\":\"WebPage\",\"@id\":\"https:\/\/www.alteacultural.com\/es\/2023\/07\/08\/programa-09-07-2023\/\",\"url\":\"https:\/\/www.alteacultural.com\/es\/2023\/07\/08\/programa-09-07-2023\/\",\"name\":\"Programa 09-07-2023 - Altea Cultural\",\"isPartOf\":{\"@id\":\"https:\/\/www.alteacultural.com\/es\/#website\"},\"primaryImageOfPage\":{\"@id\":\"https:\/\/www.alteacultural.com\/es\/2023\/07\/08\/programa-09-07-2023\/#primaryimage\"},\"image\":{\"@id\":\"https:\/\/www.alteacultural.com\/es\/2023\/07\/08\/programa-09-07-2023\/#primaryimage\"},\"thumbnailUrl\":\"https:\/\/www.alteacultural.com\/wp-content\/uploads\/elementor\/thumbs\/valencia-pt48thfiy0n8d036da41ndkk48zbusn7jwawsx7u0c.jpg\",\"datePublished\":\"2023-07-08T20:18:47+00:00\",\"dateModified\":\"2023-07-08T23:01:58+00:00\",\"author\":{\"@id\":\"https:\/\/www.alteacultural.com\/es\/#\/schema\/person\/c4e137537f1af546d214a315255e5172\"},\"breadcrumb\":{\"@id\":\"https:\/\/www.alteacultural.com\/es\/2023\/07\/08\/programa-09-07-2023\/#breadcrumb\"},\"inLanguage\":\"es\",\"potentialAction\":[{\"@type\":\"ReadAction\",\"target\":[\"https:\/\/www.alteacultural.com\/es\/2023\/07\/08\/programa-09-07-2023\/\"]}]},{\"@type\":\"ImageObject\",\"inLanguage\":\"es\",\"@id\":\"https:\/\/www.alteacultural.com\/es\/2023\/07\/08\/programa-09-07-2023\/#primaryimage\",\"url\":\"https:\/\/www.alteacultural.com\/wp-content\/uploads\/elementor\/thumbs\/valencia-pt48thfiy0n8d036da41ndkk48zbusn7jwawsx7u0c.jpg\",\"contentUrl\":\"https:\/\/www.alteacultural.com\/wp-content\/uploads\/elementor\/thumbs\/valencia-pt48thfiy0n8d036da41ndkk48zbusn7jwawsx7u0c.jpg\"},{\"@type\":\"BreadcrumbList\",\"@id\":\"https:\/\/www.alteacultural.com\/es\/2023\/07\/08\/programa-09-07-2023\/#breadcrumb\",\"itemListElement\":[{\"@type\":\"ListItem\",\"position\":1,\"name\":\"Inici\",\"item\":\"https:\/\/www.alteacultural.com\/es\/\"},{\"@type\":\"ListItem\",\"position\":2,\"name\":\"Programa 09-07-2023\"}]},{\"@type\":\"WebSite\",\"@id\":\"https:\/\/www.alteacultural.com\/es\/#website\",\"url\":\"https:\/\/www.alteacultural.com\/es\/\",\"name\":\"Altea Cultural\",\"description\":\"Regidoria de Cultura de l&#039;Ajuntament d&#039;Altea\",\"potentialAction\":[{\"@type\":\"SearchAction\",\"target\":{\"@type\":\"EntryPoint\",\"urlTemplate\":\"https:\/\/www.alteacultural.com\/es\/?s={search_term_string}\"},\"query-input\":\"required name=search_term_string\"}],\"inLanguage\":\"es\"},{\"@type\":\"Person\",\"@id\":\"https:\/\/www.alteacultural.com\/es\/#\/schema\/person\/c4e137537f1af546d214a315255e5172\",\"name\":\"sfaltea.com-admin\",\"image\":{\"@type\":\"ImageObject\",\"inLanguage\":\"es\",\"@id\":\"https:\/\/www.alteacultural.com\/es\/#\/schema\/person\/image\/\",\"url\":\"https:\/\/secure.gravatar.com\/avatar\/f7473fa2fbd351270ccfd469de536202?s=96&d=mm&r=g\",\"contentUrl\":\"https:\/\/secure.gravatar.com\/avatar\/f7473fa2fbd351270ccfd469de536202?s=96&d=mm&r=g\",\"caption\":\"sfaltea.com-admin\"},\"url\":\"https:\/\/www.alteacultural.com\/es\/author\/sfaltea-com-admin\/\"}]}<\/script>\n<!-- \/ Yoast SEO plugin. -->","yoast_head_json":{"title":"Programa 09-07-2023 - Altea Cultural","robots":{"index":"index","follow":"follow","max-snippet":"max-snippet:-1","max-image-preview":"max-image-preview:large","max-video-preview":"max-video-preview:-1"},"canonical":"https:\/\/www.alteacultural.com\/es\/2023\/07\/08\/programa-09-07-2023\/","og_locale":"es_ES","og_type":"article","og_title":"Programa 09-07-2023 - Altea Cultural","og_description":"Programa \u00b7 9\/07\/2023 Concierto de Verano Banda SFA \/ Pre-CIBM Valencia PROGRAMA Banda Sinf\u00f3nica de la Societat Filharm\u00f2nica Alteanense [&hellip;]","og_url":"https:\/\/www.alteacultural.com\/es\/2023\/07\/08\/programa-09-07-2023\/","og_site_name":"Altea Cultural","article_published_time":"2023-07-08T20:18:47+00:00","article_modified_time":"2023-07-08T23:01:58+00:00","og_image":[{"url":"https:\/\/www.alteacultural.com\/wp-content\/uploads\/elementor\/thumbs\/valencia-pt48thfiy0n8d036da41ndkk48zbusn7jwawsx7u0c.jpg"}],"author":"sfaltea.com-admin","twitter_card":"summary_large_image","twitter_misc":{"Escrito por":"sfaltea.com-admin","Tiempo de lectura":"12 minutos"},"schema":{"@context":"https:\/\/schema.org","@graph":[{"@type":"WebPage","@id":"https:\/\/www.alteacultural.com\/es\/2023\/07\/08\/programa-09-07-2023\/","url":"https:\/\/www.alteacultural.com\/es\/2023\/07\/08\/programa-09-07-2023\/","name":"Programa 09-07-2023 - Altea Cultural","isPartOf":{"@id":"https:\/\/www.alteacultural.com\/es\/#website"},"primaryImageOfPage":{"@id":"https:\/\/www.alteacultural.com\/es\/2023\/07\/08\/programa-09-07-2023\/#primaryimage"},"image":{"@id":"https:\/\/www.alteacultural.com\/es\/2023\/07\/08\/programa-09-07-2023\/#primaryimage"},"thumbnailUrl":"https:\/\/www.alteacultural.com\/wp-content\/uploads\/elementor\/thumbs\/valencia-pt48thfiy0n8d036da41ndkk48zbusn7jwawsx7u0c.jpg","datePublished":"2023-07-08T20:18:47+00:00","dateModified":"2023-07-08T23:01:58+00:00","author":{"@id":"https:\/\/www.alteacultural.com\/es\/#\/schema\/person\/c4e137537f1af546d214a315255e5172"},"breadcrumb":{"@id":"https:\/\/www.alteacultural.com\/es\/2023\/07\/08\/programa-09-07-2023\/#breadcrumb"},"inLanguage":"es","potentialAction":[{"@type":"ReadAction","target":["https:\/\/www.alteacultural.com\/es\/2023\/07\/08\/programa-09-07-2023\/"]}]},{"@type":"ImageObject","inLanguage":"es","@id":"https:\/\/www.alteacultural.com\/es\/2023\/07\/08\/programa-09-07-2023\/#primaryimage","url":"https:\/\/www.alteacultural.com\/wp-content\/uploads\/elementor\/thumbs\/valencia-pt48thfiy0n8d036da41ndkk48zbusn7jwawsx7u0c.jpg","contentUrl":"https:\/\/www.alteacultural.com\/wp-content\/uploads\/elementor\/thumbs\/valencia-pt48thfiy0n8d036da41ndkk48zbusn7jwawsx7u0c.jpg"},{"@type":"BreadcrumbList","@id":"https:\/\/www.alteacultural.com\/es\/2023\/07\/08\/programa-09-07-2023\/#breadcrumb","itemListElement":[{"@type":"ListItem","position":1,"name":"Inici","item":"https:\/\/www.alteacultural.com\/es\/"},{"@type":"ListItem","position":2,"name":"Programa 09-07-2023"}]},{"@type":"WebSite","@id":"https:\/\/www.alteacultural.com\/es\/#website","url":"https:\/\/www.alteacultural.com\/es\/","name":"Altea Cultural","description":"Regidoria de Cultura de l&#039;Ajuntament d&#039;Altea","potentialAction":[{"@type":"SearchAction","target":{"@type":"EntryPoint","urlTemplate":"https:\/\/www.alteacultural.com\/es\/?s={search_term_string}"},"query-input":"required name=search_term_string"}],"inLanguage":"es"},{"@type":"Person","@id":"https:\/\/www.alteacultural.com\/es\/#\/schema\/person\/c4e137537f1af546d214a315255e5172","name":"sfaltea.com-admin","image":{"@type":"ImageObject","inLanguage":"es","@id":"https:\/\/www.alteacultural.com\/es\/#\/schema\/person\/image\/","url":"https:\/\/secure.gravatar.com\/avatar\/f7473fa2fbd351270ccfd469de536202?s=96&d=mm&r=g","contentUrl":"https:\/\/secure.gravatar.com\/avatar\/f7473fa2fbd351270ccfd469de536202?s=96&d=mm&r=g","caption":"sfaltea.com-admin"},"url":"https:\/\/www.alteacultural.com\/es\/author\/sfaltea-com-admin\/"}]}},"_links":{"self":[{"href":"https:\/\/www.alteacultural.com\/es\/wp-json\/wp\/v2\/posts\/26521"}],"collection":[{"href":"https:\/\/www.alteacultural.com\/es\/wp-json\/wp\/v2\/posts"}],"about":[{"href":"https:\/\/www.alteacultural.com\/es\/wp-json\/wp\/v2\/types\/post"}],"author":[{"embeddable":true,"href":"https:\/\/www.alteacultural.com\/es\/wp-json\/wp\/v2\/users\/1"}],"replies":[{"embeddable":true,"href":"https:\/\/www.alteacultural.com\/es\/wp-json\/wp\/v2\/comments?post=26521"}],"version-history":[{"count":13,"href":"https:\/\/www.alteacultural.com\/es\/wp-json\/wp\/v2\/posts\/26521\/revisions"}],"predecessor-version":[{"id":26567,"href":"https:\/\/www.alteacultural.com\/es\/wp-json\/wp\/v2\/posts\/26521\/revisions\/26567"}],"wp:attachment":[{"href":"https:\/\/www.alteacultural.com\/es\/wp-json\/wp\/v2\/media?parent=26521"}],"curies":[{"name":"wp","href":"https:\/\/api.w.org\/{rel}","templated":true}]}}