{"id":26572,"date":"2023-06-15T13:08:00","date_gmt":"2023-06-15T11:08:00","guid":{"rendered":"https:\/\/www.alteacultural.com\/2023\/06\/15\/el-mercat-del-convent-tornara-a-promocionar-els-productes-alteans-de-proximitat-en-la-seua-edicio-destiu\/"},"modified":"2023-07-10T09:14:33","modified_gmt":"2023-07-10T07:14:33","slug":"el-mercat-del-convent-tornara-a-promocionar-els-productes-alteans-de-proximitat-en-la-seua-edicio-destiu","status":"publish","type":"post","link":"https:\/\/www.alteacultural.com\/es\/2023\/06\/15\/el-mercat-del-convent-tornara-a-promocionar-els-productes-alteans-de-proximitat-en-la-seua-edicio-destiu\/","title":{"rendered":"El Mercat del Convent volver\u00e1 a promocionar los productos alteanos de proximidad en su edici\u00f3n de verano"},"content":{"rendered":"\n<figure class=\"wp-block-image\"><img decoding=\"async\" data-src=\"https:\/\/alteadigital.es\/wp-content\/uploads\/2023\/06\/cartell-mercat-convent-estiu-297x420-2-2880x1800.jpg\" alt=\"El Mercat del Convent volver\u00e1 a promocionar los productos alteanos de proximidad en su edici\u00f3n de verano\" src=\"data:image\/gif;base64,R0lGODlhAQABAAAAACH5BAEKAAEALAAAAAABAAEAAAICTAEAOw==\" class=\"lazyload\" style=\"--smush-placeholder-width: 2880px; --smush-placeholder-aspect-ratio: 2880\/1800;\" \/><\/figure>\n\n\n\n<p><strong>El mercado tendr\u00e1 lugar el pr\u00f3ximo 17 de junio en la Pla\u00e7a del Convent<\/strong><\/p>\n\n\n\n<p>La edici\u00f3n de verano del Mercat del Convent se celebrar\u00e1 el pr\u00f3ximo s\u00e1bado 17 de junio, en horario de 17:00h a 23:30h. Esta iniciativa aglutina las concejal\u00edas de Medio Ambiente, Cultura y Comercio con el fin de dar a conocer agricultores y promocionar sus productos de proximidad. As\u00ed lo han anunciado los ediles en funciones, Jose Orozco, Aurora Serrat y Miguel de la Hoz respectivamente. Las pasadas ediciones del Mercat tuvieron un rotundo \u00e9xito.<\/p>\n\n\n\n<p>El Mercat es un proyecto que pretende poner en contacto a productores locales y de la zona con los consumidores, potenciar la agricultura local, sus tradiciones y fomentar el consumo de productos de Km0. Adem\u00e1s, el mercado, es tambi\u00e9n un evento que acoge numerosas actividades culturales a lo largo de la jornada, como teatro infantil, conciertos de m\u00fasica cl\u00e1sica y moderna, charlas sobre agricultura, muestras de artesan\u00eda y mucho m\u00e1s.<\/p>\n\n\n\n<p>El Mercat del Convent volver\u00e1 a ser un espacio de encuentro entre productores de proximidad y consumidores, que no s\u00f3lo producen intercambios, sino tambi\u00e9n recuperan tradiciones relacionadas con el campo desde el respeto al entorno y la historia.<\/p>\n\n\n\n<div class=\"wp-block-image\"><figure class=\"aligncenter\"><img decoding=\"async\" data-src=\"https:\/\/alteadigital.es\/wp-content\/uploads\/2023\/06\/DSC5104-1024x684.jpg\" alt=\"\" class=\"wp-image-112222 lazyload\" src=\"data:image\/gif;base64,R0lGODlhAQABAAAAACH5BAEKAAEALAAAAAABAAEAAAICTAEAOw==\" style=\"--smush-placeholder-width: 1024px; --smush-placeholder-aspect-ratio: 1024\/684;\" \/><\/figure><\/div>\n\n\n\n<p><strong>Programa<\/strong><\/p>\n\n\n\n<p>17:00h Apertura del Mercat del Convent con xirrimita y tabalet \u201cEl Pomero\u201d<\/p>\n\n\n\n<p>11:30h Muestra de bolillos<\/p>\n\n\n\n<p>18:00h Teatro infantil \u201cTina i Tarantino\u201d<\/p>\n\n\n\n<p>18:45h Concierto del D\u00fao Bach en la Iglesia de San Francisco (beneficio para el proyecto de compra de un \u00f3rgano de tubos para la Parroquia de Altea)<\/p>\n\n\n\n<p>19:30h Taller de boletos a cargo de Antoni Belda<\/p>\n\n\n\n<p>20:30h xirrimita y tabalet \u201cEl Pomero\u201d<\/p>\n\n\n\n<p>22:00h Concierto Malaguenyos Crew<\/p>\n\n\n\n<p>23:30h Cierre del Mercat<\/p>\n\n\n\n<p>M\u00e1s informaci\u00f3n y horarios en\u00a0<a href=\"http:\/\/www.alteacultural.com\/\">www.alteacultural.com<\/a> |ALTEADIGITAL.ES<\/p>\n\n\n\n<div class=\"wp-block-image\"><figure class=\"aligncenter\"><img decoding=\"async\" data-src=\"https:\/\/alteadigital.es\/wp-content\/uploads\/2023\/06\/DSC5093-1024x684.jpg\" alt=\"\" class=\"wp-image-112220 lazyload\" src=\"data:image\/gif;base64,R0lGODlhAQABAAAAACH5BAEKAAEALAAAAAABAAEAAAICTAEAOw==\" style=\"--smush-placeholder-width: 1024px; --smush-placeholder-aspect-ratio: 1024\/684;\" \/><\/figure><\/div>\n","protected":false},"excerpt":{"rendered":"<p>El mercado tendr\u00e1 lugar el pr\u00f3ximo 17 de junio en la Pla\u00e7a del Convent La edici\u00f3n de verano del [&hellip;]<\/p>\n","protected":false},"author":1,"featured_media":25934,"comment_status":"open","ping_status":"open","sticky":false,"template":"","format":"standard","meta":{"_expiration-date-status":"","_expiration-date":0,"_expiration-date-type":"","_expiration-date-categories":[],"_expiration-date-options":[],"footnotes":""},"yoast_head":"<!-- This site is optimized with the Yoast SEO plugin v22.8 - https:\/\/yoast.com\/wordpress\/plugins\/seo\/ -->\n<title>El Mercat del Convent volver\u00e1 a promocionar los productos alteanos de proximidad en su edici\u00f3n de verano - Altea Cultural<\/title>\n<meta name=\"robots\" content=\"index, follow, max-snippet:-1, max-image-preview:large, max-video-preview:-1\" \/>\n<link rel=\"canonical\" href=\"https:\/\/www.alteacultural.com\/es\/2023\/06\/15\/el-mercat-del-convent-tornara-a-promocionar-els-productes-alteans-de-proximitat-en-la-seua-edicio-destiu\/\" \/>\n<meta property=\"og:locale\" content=\"es_ES\" \/>\n<meta property=\"og:type\" content=\"article\" \/>\n<meta property=\"og:title\" content=\"El Mercat del Convent volver\u00e1 a promocionar los productos alteanos de proximidad en su edici\u00f3n de verano - Altea Cultural\" \/>\n<meta property=\"og:description\" content=\"El mercado tendr\u00e1 lugar el pr\u00f3ximo 17 de junio en la Pla\u00e7a del Convent La edici\u00f3n de verano del [&hellip;]\" \/>\n<meta property=\"og:url\" content=\"https:\/\/www.alteacultural.com\/es\/2023\/06\/15\/el-mercat-del-convent-tornara-a-promocionar-els-productes-alteans-de-proximitat-en-la-seua-edicio-destiu\/\" \/>\n<meta property=\"og:site_name\" content=\"Altea Cultural\" \/>\n<meta property=\"article:published_time\" content=\"2023-06-15T11:08:00+00:00\" \/>\n<meta property=\"article:modified_time\" content=\"2023-07-10T07:14:33+00:00\" \/>\n<meta property=\"og:image\" content=\"https:\/\/www.alteacultural.com\/wp-content\/uploads\/2023\/06\/2023-06-17-MERCAT-DEL-CONVENT-ESTIU-2023.jpeg\" \/>\n\t<meta property=\"og:image:width\" content=\"1137\" \/>\n\t<meta property=\"og:image:height\" content=\"1600\" \/>\n\t<meta property=\"og:image:type\" content=\"image\/jpeg\" \/>\n<meta name=\"author\" content=\"sfaltea.com-admin\" \/>\n<meta name=\"twitter:card\" content=\"summary_large_image\" \/>\n<meta name=\"twitter:label1\" content=\"Escrito por\" \/>\n\t<meta name=\"twitter:data1\" content=\"sfaltea.com-admin\" \/>\n\t<meta name=\"twitter:label2\" content=\"Tiempo de lectura\" \/>\n\t<meta name=\"twitter:data2\" content=\"2 minutos\" \/>\n<script type=\"application\/ld+json\" class=\"yoast-schema-graph\">{\"@context\":\"https:\/\/schema.org\",\"@graph\":[{\"@type\":\"WebPage\",\"@id\":\"https:\/\/www.alteacultural.com\/es\/2023\/06\/15\/el-mercat-del-convent-tornara-a-promocionar-els-productes-alteans-de-proximitat-en-la-seua-edicio-destiu\/\",\"url\":\"https:\/\/www.alteacultural.com\/es\/2023\/06\/15\/el-mercat-del-convent-tornara-a-promocionar-els-productes-alteans-de-proximitat-en-la-seua-edicio-destiu\/\",\"name\":\"El Mercat del Convent volver\u00e1 a promocionar los productos alteanos de proximidad en su edici\u00f3n de verano - Altea Cultural\",\"isPartOf\":{\"@id\":\"https:\/\/www.alteacultural.com\/es\/#website\"},\"primaryImageOfPage\":{\"@id\":\"https:\/\/www.alteacultural.com\/es\/2023\/06\/15\/el-mercat-del-convent-tornara-a-promocionar-els-productes-alteans-de-proximitat-en-la-seua-edicio-destiu\/#primaryimage\"},\"image\":{\"@id\":\"https:\/\/www.alteacultural.com\/es\/2023\/06\/15\/el-mercat-del-convent-tornara-a-promocionar-els-productes-alteans-de-proximitat-en-la-seua-edicio-destiu\/#primaryimage\"},\"thumbnailUrl\":\"https:\/\/www.alteacultural.com\/wp-content\/uploads\/2023\/06\/2023-06-17-MERCAT-DEL-CONVENT-ESTIU-2023.jpeg\",\"datePublished\":\"2023-06-15T11:08:00+00:00\",\"dateModified\":\"2023-07-10T07:14:33+00:00\",\"author\":{\"@id\":\"https:\/\/www.alteacultural.com\/es\/#\/schema\/person\/c4e137537f1af546d214a315255e5172\"},\"breadcrumb\":{\"@id\":\"https:\/\/www.alteacultural.com\/es\/2023\/06\/15\/el-mercat-del-convent-tornara-a-promocionar-els-productes-alteans-de-proximitat-en-la-seua-edicio-destiu\/#breadcrumb\"},\"inLanguage\":\"es\",\"potentialAction\":[{\"@type\":\"ReadAction\",\"target\":[\"https:\/\/www.alteacultural.com\/es\/2023\/06\/15\/el-mercat-del-convent-tornara-a-promocionar-els-productes-alteans-de-proximitat-en-la-seua-edicio-destiu\/\"]}]},{\"@type\":\"ImageObject\",\"inLanguage\":\"es\",\"@id\":\"https:\/\/www.alteacultural.com\/es\/2023\/06\/15\/el-mercat-del-convent-tornara-a-promocionar-els-productes-alteans-de-proximitat-en-la-seua-edicio-destiu\/#primaryimage\",\"url\":\"https:\/\/www.alteacultural.com\/wp-content\/uploads\/2023\/06\/2023-06-17-MERCAT-DEL-CONVENT-ESTIU-2023.jpeg\",\"contentUrl\":\"https:\/\/www.alteacultural.com\/wp-content\/uploads\/2023\/06\/2023-06-17-MERCAT-DEL-CONVENT-ESTIU-2023.jpeg\",\"width\":1137,\"height\":1600},{\"@type\":\"BreadcrumbList\",\"@id\":\"https:\/\/www.alteacultural.com\/es\/2023\/06\/15\/el-mercat-del-convent-tornara-a-promocionar-els-productes-alteans-de-proximitat-en-la-seua-edicio-destiu\/#breadcrumb\",\"itemListElement\":[{\"@type\":\"ListItem\",\"position\":1,\"name\":\"Inici\",\"item\":\"https:\/\/www.alteacultural.com\/es\/\"},{\"@type\":\"ListItem\",\"position\":2,\"name\":\"El Mercat del Convent volver\u00e1 a promocionar los productos alteanos de proximidad en su edici\u00f3n de verano\"}]},{\"@type\":\"WebSite\",\"@id\":\"https:\/\/www.alteacultural.com\/es\/#website\",\"url\":\"https:\/\/www.alteacultural.com\/es\/\",\"name\":\"Altea Cultural\",\"description\":\"Regidoria de Cultura de l&#039;Ajuntament d&#039;Altea\",\"potentialAction\":[{\"@type\":\"SearchAction\",\"target\":{\"@type\":\"EntryPoint\",\"urlTemplate\":\"https:\/\/www.alteacultural.com\/es\/?s={search_term_string}\"},\"query-input\":\"required name=search_term_string\"}],\"inLanguage\":\"es\"},{\"@type\":\"Person\",\"@id\":\"https:\/\/www.alteacultural.com\/es\/#\/schema\/person\/c4e137537f1af546d214a315255e5172\",\"name\":\"sfaltea.com-admin\",\"image\":{\"@type\":\"ImageObject\",\"inLanguage\":\"es\",\"@id\":\"https:\/\/www.alteacultural.com\/es\/#\/schema\/person\/image\/\",\"url\":\"https:\/\/secure.gravatar.com\/avatar\/f7473fa2fbd351270ccfd469de536202?s=96&d=mm&r=g\",\"contentUrl\":\"https:\/\/secure.gravatar.com\/avatar\/f7473fa2fbd351270ccfd469de536202?s=96&d=mm&r=g\",\"caption\":\"sfaltea.com-admin\"},\"url\":\"https:\/\/www.alteacultural.com\/es\/author\/sfaltea-com-admin\/\"}]}<\/script>\n<!-- \/ Yoast SEO plugin. -->","yoast_head_json":{"title":"El Mercat del Convent volver\u00e1 a promocionar los productos alteanos de proximidad en su edici\u00f3n de verano - Altea Cultural","robots":{"index":"index","follow":"follow","max-snippet":"max-snippet:-1","max-image-preview":"max-image-preview:large","max-video-preview":"max-video-preview:-1"},"canonical":"https:\/\/www.alteacultural.com\/es\/2023\/06\/15\/el-mercat-del-convent-tornara-a-promocionar-els-productes-alteans-de-proximitat-en-la-seua-edicio-destiu\/","og_locale":"es_ES","og_type":"article","og_title":"El Mercat del Convent volver\u00e1 a promocionar los productos alteanos de proximidad en su edici\u00f3n de verano - Altea Cultural","og_description":"El mercado tendr\u00e1 lugar el pr\u00f3ximo 17 de junio en la Pla\u00e7a del Convent La edici\u00f3n de verano del [&hellip;]","og_url":"https:\/\/www.alteacultural.com\/es\/2023\/06\/15\/el-mercat-del-convent-tornara-a-promocionar-els-productes-alteans-de-proximitat-en-la-seua-edicio-destiu\/","og_site_name":"Altea Cultural","article_published_time":"2023-06-15T11:08:00+00:00","article_modified_time":"2023-07-10T07:14:33+00:00","og_image":[{"width":1137,"height":1600,"url":"https:\/\/www.alteacultural.com\/wp-content\/uploads\/2023\/06\/2023-06-17-MERCAT-DEL-CONVENT-ESTIU-2023.jpeg","type":"image\/jpeg"}],"author":"sfaltea.com-admin","twitter_card":"summary_large_image","twitter_misc":{"Escrito por":"sfaltea.com-admin","Tiempo de lectura":"2 minutos"},"schema":{"@context":"https:\/\/schema.org","@graph":[{"@type":"WebPage","@id":"https:\/\/www.alteacultural.com\/es\/2023\/06\/15\/el-mercat-del-convent-tornara-a-promocionar-els-productes-alteans-de-proximitat-en-la-seua-edicio-destiu\/","url":"https:\/\/www.alteacultural.com\/es\/2023\/06\/15\/el-mercat-del-convent-tornara-a-promocionar-els-productes-alteans-de-proximitat-en-la-seua-edicio-destiu\/","name":"El Mercat del Convent volver\u00e1 a promocionar los productos alteanos de proximidad en su edici\u00f3n de verano - Altea Cultural","isPartOf":{"@id":"https:\/\/www.alteacultural.com\/es\/#website"},"primaryImageOfPage":{"@id":"https:\/\/www.alteacultural.com\/es\/2023\/06\/15\/el-mercat-del-convent-tornara-a-promocionar-els-productes-alteans-de-proximitat-en-la-seua-edicio-destiu\/#primaryimage"},"image":{"@id":"https:\/\/www.alteacultural.com\/es\/2023\/06\/15\/el-mercat-del-convent-tornara-a-promocionar-els-productes-alteans-de-proximitat-en-la-seua-edicio-destiu\/#primaryimage"},"thumbnailUrl":"https:\/\/www.alteacultural.com\/wp-content\/uploads\/2023\/06\/2023-06-17-MERCAT-DEL-CONVENT-ESTIU-2023.jpeg","datePublished":"2023-06-15T11:08:00+00:00","dateModified":"2023-07-10T07:14:33+00:00","author":{"@id":"https:\/\/www.alteacultural.com\/es\/#\/schema\/person\/c4e137537f1af546d214a315255e5172"},"breadcrumb":{"@id":"https:\/\/www.alteacultural.com\/es\/2023\/06\/15\/el-mercat-del-convent-tornara-a-promocionar-els-productes-alteans-de-proximitat-en-la-seua-edicio-destiu\/#breadcrumb"},"inLanguage":"es","potentialAction":[{"@type":"ReadAction","target":["https:\/\/www.alteacultural.com\/es\/2023\/06\/15\/el-mercat-del-convent-tornara-a-promocionar-els-productes-alteans-de-proximitat-en-la-seua-edicio-destiu\/"]}]},{"@type":"ImageObject","inLanguage":"es","@id":"https:\/\/www.alteacultural.com\/es\/2023\/06\/15\/el-mercat-del-convent-tornara-a-promocionar-els-productes-alteans-de-proximitat-en-la-seua-edicio-destiu\/#primaryimage","url":"https:\/\/www.alteacultural.com\/wp-content\/uploads\/2023\/06\/2023-06-17-MERCAT-DEL-CONVENT-ESTIU-2023.jpeg","contentUrl":"https:\/\/www.alteacultural.com\/wp-content\/uploads\/2023\/06\/2023-06-17-MERCAT-DEL-CONVENT-ESTIU-2023.jpeg","width":1137,"height":1600},{"@type":"BreadcrumbList","@id":"https:\/\/www.alteacultural.com\/es\/2023\/06\/15\/el-mercat-del-convent-tornara-a-promocionar-els-productes-alteans-de-proximitat-en-la-seua-edicio-destiu\/#breadcrumb","itemListElement":[{"@type":"ListItem","position":1,"name":"Inici","item":"https:\/\/www.alteacultural.com\/es\/"},{"@type":"ListItem","position":2,"name":"El Mercat del Convent volver\u00e1 a promocionar los productos alteanos de proximidad en su edici\u00f3n de verano"}]},{"@type":"WebSite","@id":"https:\/\/www.alteacultural.com\/es\/#website","url":"https:\/\/www.alteacultural.com\/es\/","name":"Altea Cultural","description":"Regidoria de Cultura de l&#039;Ajuntament d&#039;Altea","potentialAction":[{"@type":"SearchAction","target":{"@type":"EntryPoint","urlTemplate":"https:\/\/www.alteacultural.com\/es\/?s={search_term_string}"},"query-input":"required name=search_term_string"}],"inLanguage":"es"},{"@type":"Person","@id":"https:\/\/www.alteacultural.com\/es\/#\/schema\/person\/c4e137537f1af546d214a315255e5172","name":"sfaltea.com-admin","image":{"@type":"ImageObject","inLanguage":"es","@id":"https:\/\/www.alteacultural.com\/es\/#\/schema\/person\/image\/","url":"https:\/\/secure.gravatar.com\/avatar\/f7473fa2fbd351270ccfd469de536202?s=96&d=mm&r=g","contentUrl":"https:\/\/secure.gravatar.com\/avatar\/f7473fa2fbd351270ccfd469de536202?s=96&d=mm&r=g","caption":"sfaltea.com-admin"},"url":"https:\/\/www.alteacultural.com\/es\/author\/sfaltea-com-admin\/"}]}},"_links":{"self":[{"href":"https:\/\/www.alteacultural.com\/es\/wp-json\/wp\/v2\/posts\/26572"}],"collection":[{"href":"https:\/\/www.alteacultural.com\/es\/wp-json\/wp\/v2\/posts"}],"about":[{"href":"https:\/\/www.alteacultural.com\/es\/wp-json\/wp\/v2\/types\/post"}],"author":[{"embeddable":true,"href":"https:\/\/www.alteacultural.com\/es\/wp-json\/wp\/v2\/users\/1"}],"replies":[{"embeddable":true,"href":"https:\/\/www.alteacultural.com\/es\/wp-json\/wp\/v2\/comments?post=26572"}],"version-history":[{"count":1,"href":"https:\/\/www.alteacultural.com\/es\/wp-json\/wp\/v2\/posts\/26572\/revisions"}],"predecessor-version":[{"id":26573,"href":"https:\/\/www.alteacultural.com\/es\/wp-json\/wp\/v2\/posts\/26572\/revisions\/26573"}],"wp:featuredmedia":[{"embeddable":true,"href":"https:\/\/www.alteacultural.com\/es\/wp-json\/wp\/v2\/media\/25934"}],"wp:attachment":[{"href":"https:\/\/www.alteacultural.com\/es\/wp-json\/wp\/v2\/media?parent=26572"}],"curies":[{"name":"wp","href":"https:\/\/api.w.org\/{rel}","templated":true}]}}