{"id":26578,"date":"2023-06-14T13:17:00","date_gmt":"2023-06-14T11:17:00","guid":{"rendered":"https:\/\/www.alteacultural.com\/2023\/06\/10\/altea-homenatja-lartista-pepe-azorin-installant-labrac-en-el-passeig-de-la-platja-del-bol\/"},"modified":"2023-07-10T09:21:44","modified_gmt":"2023-07-10T07:21:44","slug":"altea-homenatja-lartista-pepe-azorin-installant-labrac-en-el-passeig-de-la-platja-del-bol","status":"publish","type":"post","link":"https:\/\/www.alteacultural.com\/es\/2023\/06\/14\/altea-homenatja-lartista-pepe-azorin-installant-labrac-en-el-passeig-de-la-platja-del-bol\/","title":{"rendered":"Altea homenajea al artista Pepe Azor\u00edn instalando \u201cL\u2019abra\u00e7\u201d en el Paseo de la Playa del Bol"},"content":{"rendered":"\n<figure class=\"wp-block-image\"><img decoding=\"async\" data-src=\"https:\/\/alteadigital.es\/wp-content\/uploads\/2023\/06\/Azorin1-2880x1800.jpg\" alt=\"Altea homenajea al artista Pepe Azor\u00edn instalando \u201cL\u2019abra\u00e7\u201d en el Paseo de la Playa del Bol\" src=\"data:image\/gif;base64,R0lGODlhAQABAAAAACH5BAEKAAEALAAAAAABAAEAAAICTAEAOw==\" class=\"lazyload\" style=\"--smush-placeholder-width: 2880px; --smush-placeholder-aspect-ratio: 2880\/1800;\" \/><\/figure>\n\n\n\n<p><strong>La obra ha sido inaugurada oficialmente este mediod\u00eda<\/strong><\/p>\n\n\n\n<div class=\"wp-block-image\"><figure class=\"aligncenter\"><img decoding=\"async\" data-src=\"https:\/\/alteadigital.es\/wp-content\/uploads\/2023\/06\/Azorin-4-1024x683.jpg\" alt=\"\" class=\"wp-image-112186 lazyload\" src=\"data:image\/gif;base64,R0lGODlhAQABAAAAACH5BAEKAAEALAAAAAABAAEAAAICTAEAOw==\" style=\"--smush-placeholder-width: 1024px; --smush-placeholder-aspect-ratio: 1024\/683;\" \/><\/figure><\/div>\n\n\n\n<p>El pintor, grabador, escultor y docente Jos\u00e9 D\u00edaz Azor\u00edn, conocido art\u00edsticamente como Pepe Azor\u00edn, ha sido homenajeado en Altea, con la instalaci\u00f3n de su escultura \u201cL\u2019abra\u00e7\u201d en el nuevo Paseo de la Playa del Bol. La muestra se ha inaugurado hoy con la presencia de la nueva corporaci\u00f3n municipal.<\/p>\n\n\n\n<p>Aurora Serrat, concejala en funciones de Cultura, fue la encargada de inaugurar el acto. \u201cEs un honor para m\u00ed ser part\u00edcipe de este acto, este fant\u00e1stico proyecto que inici\u00e1bamos hace m\u00e1s de un a\u00f1o es un regalo que me ha dado la concejal\u00eda de Cultura. Me ha permito conocer con profundidad a este artista talentoso y a su hijo Dami\u00e1n, solo tengo palabra de agradecimiento por su pasi\u00f3n y dedicaci\u00f3n\u201d destacaba la edil. \u201cDoy gracias a todas las personas que han permitido que esta obra de bronce este instalada en unos de los sitios m\u00e1s emblem\u00e1tico de nuestro pueblo\u201d, a\u00f1adi\u00f3 Serrat.<\/p>\n\n\n\n<p>La pieza art\u00edstica elaborada por el artista afincado en Altea, ya ha hace m\u00e1s de 45 a\u00f1os, pesa casi dos toneladas, concretamente 1.900 kilogramos, y 2,20 metros de altura instalada sobre el centro del paseo mar\u00edtimo de 1,70 metros de lado. La escultura de Azor\u00edn muestra a dos torsos desnudos abraz\u00e1ndose, un hombre y una mujer con las cabezas pegadas. Seg\u00fan el autor, su escultura simboliza \u201cel amor\u201d.<\/p>\n\n\n\n<p>\u201cQuiero manifestar mi agradecimiento al Ayuntamiento de Altea por permitir instalar esta escultura en el pueblo; un pueblo que amo y he vivido feliz durante 45 a\u00f1os. Estoy muy contento por este reconocimiento del alcalde y la concejala, y espero que los alteanos, alteanos y visitantes disfruten de esta obra que simboliza el amor que tengo por Altea\u201d, ha declarado Pepe Azor\u00edn durante su intervenci\u00f3n en el acto.<\/p>\n\n\n\n<div class=\"wp-block-image\"><figure class=\"aligncenter\"><img decoding=\"async\" data-src=\"https:\/\/alteadigital.es\/wp-content\/uploads\/2023\/06\/Azorin-2-1024x576.jpeg\" alt=\"\" class=\"wp-image-112188 lazyload\" src=\"data:image\/gif;base64,R0lGODlhAQABAAAAACH5BAEKAAEALAAAAAABAAEAAAICTAEAOw==\" style=\"--smush-placeholder-width: 1024px; --smush-placeholder-aspect-ratio: 1024\/576;\" \/><\/figure><\/div>\n\n\n\n<p>Pepe Azor\u00edn naci\u00f3 en Yecla (Murcia) en 1939 y se afinco en Altea en el a\u00f1o 1979. Se licenci\u00f3 en Bellas Artes en la Escuela Superior de San Carlos de Valencia en 1960.\u200b Su obra art\u00edstica, centrada especialmente en el estudio y tratamiento volum\u00e9trico de formas humanas y vegetales, con un lenguaje pl\u00e1stico muy singular, ha sido objeto de estudios y publicaciones, y est\u00e1 presente en museos espa\u00f1oles y extranjeros.\u200b Desde su primera exposici\u00f3n en 1962\u200b ha realizado m\u00e1s de ochenta, tanto individuales como colectivas, en Espa\u00f1a y en pa\u00edses como Noruega, Finlandia, Italia, Argentina, Brasil, M\u00e9xico, Suecia, Estados Unidos, Egipto y Francia. Autor de numerosas ediciones de obra gr\u00e1fica, entre sus esculturas destaca \u201cDibuixar l\u2019espai\u201d\u200b. Como docente, ha sido catedr\u00e1tico de instituto de dibujo y profesor en la Universidad de Alicante.<\/p>\n\n\n\n<p>Por su parte, Jaume Llinares, alcalde en funciones de Altea, fue el encargado de concluir el acto, Llinares destac\u00f3, \u201cPepe es un alteano m\u00e1s que ha desarrollado casi toda su obra en su estudio en la calle El Fornet, lo que hemos hecho hoy es acto de justicia, muchos artistas que viven Altea se merecen un reconocimiento, pero era una obligaci\u00f3n tener una obra de Pepe Azor\u00edn en las calles de Altea por su trayectoria art\u00edstica\u201d. Y a\u00f1adi\u00f3: \u201cpara mi este acto es una despedida de mis funciones pol\u00edticas, y me llena de orgullo que precisamente sea en un acto de Cultura, enhorabuena a toda la gente que, han participado en el proyecto, a la concejal\u00eda de Cultura, a la familia de Azor\u00edn y al propio Pepe de Azor\u00edn\u201d. |ALTEADIGITAL.ES<\/p>\n\n\n\n<div class=\"wp-block-image\"><figure class=\"aligncenter\"><img decoding=\"async\" data-src=\"https:\/\/alteadigital.es\/wp-content\/uploads\/2023\/06\/Azorin-3-1024x683.jpg\" alt=\"\" class=\"wp-image-112194 lazyload\" src=\"data:image\/gif;base64,R0lGODlhAQABAAAAACH5BAEKAAEALAAAAAABAAEAAAICTAEAOw==\" style=\"--smush-placeholder-width: 1024px; --smush-placeholder-aspect-ratio: 1024\/683;\" \/><\/figure><\/div>\n\n\n\n<p><\/p>\n\n\n\n<p><\/p>\n\n\n\n<p><\/p>\n\n\n\n<p><\/p>\n","protected":false},"excerpt":{"rendered":"<p>La obra ha sido inaugurada oficialmente este mediod\u00eda El pintor, grabador, escultor y docente Jos\u00e9 D\u00edaz Azor\u00edn, conocido art\u00edsticamente [&hellip;]<\/p>\n","protected":false},"author":1,"featured_media":26576,"comment_status":"open","ping_status":"open","sticky":false,"template":"","format":"standard","meta":{"_expiration-date-status":"","_expiration-date":0,"_expiration-date-type":"","_expiration-date-categories":[],"_expiration-date-options":[],"footnotes":""},"yoast_head":"<!-- This site is optimized with the Yoast SEO plugin v22.8 - https:\/\/yoast.com\/wordpress\/plugins\/seo\/ -->\n<title>Altea homenajea al artista Pepe Azor\u00edn instalando \u201cL\u2019abra\u00e7\u201d en el Paseo de la Playa del Bol - Altea Cultural<\/title>\n<meta name=\"robots\" content=\"index, follow, max-snippet:-1, max-image-preview:large, max-video-preview:-1\" \/>\n<link rel=\"canonical\" href=\"https:\/\/www.alteacultural.com\/es\/2023\/06\/14\/altea-homenatja-lartista-pepe-azorin-installant-labrac-en-el-passeig-de-la-platja-del-bol\/\" \/>\n<meta property=\"og:locale\" content=\"es_ES\" \/>\n<meta property=\"og:type\" content=\"article\" \/>\n<meta property=\"og:title\" content=\"Altea homenajea al artista Pepe Azor\u00edn instalando \u201cL\u2019abra\u00e7\u201d en el Paseo de la Playa del Bol - Altea Cultural\" \/>\n<meta property=\"og:description\" content=\"La obra ha sido inaugurada oficialmente este mediod\u00eda El pintor, grabador, escultor y docente Jos\u00e9 D\u00edaz Azor\u00edn, conocido art\u00edsticamente [&hellip;]\" \/>\n<meta property=\"og:url\" content=\"https:\/\/www.alteacultural.com\/es\/2023\/06\/14\/altea-homenatja-lartista-pepe-azorin-installant-labrac-en-el-passeig-de-la-platja-del-bol\/\" \/>\n<meta property=\"og:site_name\" content=\"Altea Cultural\" \/>\n<meta property=\"article:published_time\" content=\"2023-06-14T11:17:00+00:00\" \/>\n<meta property=\"article:modified_time\" content=\"2023-07-10T07:21:44+00:00\" \/>\n<meta property=\"og:image\" content=\"https:\/\/www.alteacultural.com\/wp-content\/uploads\/2023\/07\/Azorin1-980x653-1.jpg\" \/>\n\t<meta property=\"og:image:width\" content=\"980\" \/>\n\t<meta property=\"og:image:height\" content=\"653\" \/>\n\t<meta property=\"og:image:type\" content=\"image\/jpeg\" \/>\n<meta name=\"author\" content=\"sfaltea.com-admin\" \/>\n<meta name=\"twitter:card\" content=\"summary_large_image\" \/>\n<meta name=\"twitter:label1\" content=\"Escrito por\" \/>\n\t<meta name=\"twitter:data1\" content=\"sfaltea.com-admin\" \/>\n\t<meta name=\"twitter:label2\" content=\"Tiempo de lectura\" \/>\n\t<meta name=\"twitter:data2\" content=\"4 minutos\" \/>\n<script type=\"application\/ld+json\" class=\"yoast-schema-graph\">{\"@context\":\"https:\/\/schema.org\",\"@graph\":[{\"@type\":\"WebPage\",\"@id\":\"https:\/\/www.alteacultural.com\/es\/2023\/06\/14\/altea-homenatja-lartista-pepe-azorin-installant-labrac-en-el-passeig-de-la-platja-del-bol\/\",\"url\":\"https:\/\/www.alteacultural.com\/es\/2023\/06\/14\/altea-homenatja-lartista-pepe-azorin-installant-labrac-en-el-passeig-de-la-platja-del-bol\/\",\"name\":\"Altea homenajea al artista Pepe Azor\u00edn instalando \u201cL\u2019abra\u00e7\u201d en el Paseo de la Playa del Bol - Altea Cultural\",\"isPartOf\":{\"@id\":\"https:\/\/www.alteacultural.com\/es\/#website\"},\"primaryImageOfPage\":{\"@id\":\"https:\/\/www.alteacultural.com\/es\/2023\/06\/14\/altea-homenatja-lartista-pepe-azorin-installant-labrac-en-el-passeig-de-la-platja-del-bol\/#primaryimage\"},\"image\":{\"@id\":\"https:\/\/www.alteacultural.com\/es\/2023\/06\/14\/altea-homenatja-lartista-pepe-azorin-installant-labrac-en-el-passeig-de-la-platja-del-bol\/#primaryimage\"},\"thumbnailUrl\":\"https:\/\/www.alteacultural.com\/wp-content\/uploads\/2023\/07\/Azorin1-980x653-1.jpg\",\"datePublished\":\"2023-06-14T11:17:00+00:00\",\"dateModified\":\"2023-07-10T07:21:44+00:00\",\"author\":{\"@id\":\"https:\/\/www.alteacultural.com\/es\/#\/schema\/person\/c4e137537f1af546d214a315255e5172\"},\"breadcrumb\":{\"@id\":\"https:\/\/www.alteacultural.com\/es\/2023\/06\/14\/altea-homenatja-lartista-pepe-azorin-installant-labrac-en-el-passeig-de-la-platja-del-bol\/#breadcrumb\"},\"inLanguage\":\"es\",\"potentialAction\":[{\"@type\":\"ReadAction\",\"target\":[\"https:\/\/www.alteacultural.com\/es\/2023\/06\/14\/altea-homenatja-lartista-pepe-azorin-installant-labrac-en-el-passeig-de-la-platja-del-bol\/\"]}]},{\"@type\":\"ImageObject\",\"inLanguage\":\"es\",\"@id\":\"https:\/\/www.alteacultural.com\/es\/2023\/06\/14\/altea-homenatja-lartista-pepe-azorin-installant-labrac-en-el-passeig-de-la-platja-del-bol\/#primaryimage\",\"url\":\"https:\/\/www.alteacultural.com\/wp-content\/uploads\/2023\/07\/Azorin1-980x653-1.jpg\",\"contentUrl\":\"https:\/\/www.alteacultural.com\/wp-content\/uploads\/2023\/07\/Azorin1-980x653-1.jpg\",\"width\":980,\"height\":653},{\"@type\":\"BreadcrumbList\",\"@id\":\"https:\/\/www.alteacultural.com\/es\/2023\/06\/14\/altea-homenatja-lartista-pepe-azorin-installant-labrac-en-el-passeig-de-la-platja-del-bol\/#breadcrumb\",\"itemListElement\":[{\"@type\":\"ListItem\",\"position\":1,\"name\":\"Inici\",\"item\":\"https:\/\/www.alteacultural.com\/es\/\"},{\"@type\":\"ListItem\",\"position\":2,\"name\":\"Altea homenajea al artista Pepe Azor\u00edn instalando \u201cL\u2019abra\u00e7\u201d en el Paseo de la Playa del Bol\"}]},{\"@type\":\"WebSite\",\"@id\":\"https:\/\/www.alteacultural.com\/es\/#website\",\"url\":\"https:\/\/www.alteacultural.com\/es\/\",\"name\":\"Altea Cultural\",\"description\":\"Regidoria de Cultura de l&#039;Ajuntament d&#039;Altea\",\"potentialAction\":[{\"@type\":\"SearchAction\",\"target\":{\"@type\":\"EntryPoint\",\"urlTemplate\":\"https:\/\/www.alteacultural.com\/es\/?s={search_term_string}\"},\"query-input\":\"required name=search_term_string\"}],\"inLanguage\":\"es\"},{\"@type\":\"Person\",\"@id\":\"https:\/\/www.alteacultural.com\/es\/#\/schema\/person\/c4e137537f1af546d214a315255e5172\",\"name\":\"sfaltea.com-admin\",\"image\":{\"@type\":\"ImageObject\",\"inLanguage\":\"es\",\"@id\":\"https:\/\/www.alteacultural.com\/es\/#\/schema\/person\/image\/\",\"url\":\"https:\/\/secure.gravatar.com\/avatar\/f7473fa2fbd351270ccfd469de536202?s=96&d=mm&r=g\",\"contentUrl\":\"https:\/\/secure.gravatar.com\/avatar\/f7473fa2fbd351270ccfd469de536202?s=96&d=mm&r=g\",\"caption\":\"sfaltea.com-admin\"},\"url\":\"https:\/\/www.alteacultural.com\/es\/author\/sfaltea-com-admin\/\"}]}<\/script>\n<!-- \/ Yoast SEO plugin. -->","yoast_head_json":{"title":"Altea homenajea al artista Pepe Azor\u00edn instalando \u201cL\u2019abra\u00e7\u201d en el Paseo de la Playa del Bol - Altea Cultural","robots":{"index":"index","follow":"follow","max-snippet":"max-snippet:-1","max-image-preview":"max-image-preview:large","max-video-preview":"max-video-preview:-1"},"canonical":"https:\/\/www.alteacultural.com\/es\/2023\/06\/14\/altea-homenatja-lartista-pepe-azorin-installant-labrac-en-el-passeig-de-la-platja-del-bol\/","og_locale":"es_ES","og_type":"article","og_title":"Altea homenajea al artista Pepe Azor\u00edn instalando \u201cL\u2019abra\u00e7\u201d en el Paseo de la Playa del Bol - Altea Cultural","og_description":"La obra ha sido inaugurada oficialmente este mediod\u00eda El pintor, grabador, escultor y docente Jos\u00e9 D\u00edaz Azor\u00edn, conocido art\u00edsticamente [&hellip;]","og_url":"https:\/\/www.alteacultural.com\/es\/2023\/06\/14\/altea-homenatja-lartista-pepe-azorin-installant-labrac-en-el-passeig-de-la-platja-del-bol\/","og_site_name":"Altea Cultural","article_published_time":"2023-06-14T11:17:00+00:00","article_modified_time":"2023-07-10T07:21:44+00:00","og_image":[{"width":980,"height":653,"url":"https:\/\/www.alteacultural.com\/wp-content\/uploads\/2023\/07\/Azorin1-980x653-1.jpg","type":"image\/jpeg"}],"author":"sfaltea.com-admin","twitter_card":"summary_large_image","twitter_misc":{"Escrito por":"sfaltea.com-admin","Tiempo de lectura":"4 minutos"},"schema":{"@context":"https:\/\/schema.org","@graph":[{"@type":"WebPage","@id":"https:\/\/www.alteacultural.com\/es\/2023\/06\/14\/altea-homenatja-lartista-pepe-azorin-installant-labrac-en-el-passeig-de-la-platja-del-bol\/","url":"https:\/\/www.alteacultural.com\/es\/2023\/06\/14\/altea-homenatja-lartista-pepe-azorin-installant-labrac-en-el-passeig-de-la-platja-del-bol\/","name":"Altea homenajea al artista Pepe Azor\u00edn instalando \u201cL\u2019abra\u00e7\u201d en el Paseo de la Playa del Bol - Altea Cultural","isPartOf":{"@id":"https:\/\/www.alteacultural.com\/es\/#website"},"primaryImageOfPage":{"@id":"https:\/\/www.alteacultural.com\/es\/2023\/06\/14\/altea-homenatja-lartista-pepe-azorin-installant-labrac-en-el-passeig-de-la-platja-del-bol\/#primaryimage"},"image":{"@id":"https:\/\/www.alteacultural.com\/es\/2023\/06\/14\/altea-homenatja-lartista-pepe-azorin-installant-labrac-en-el-passeig-de-la-platja-del-bol\/#primaryimage"},"thumbnailUrl":"https:\/\/www.alteacultural.com\/wp-content\/uploads\/2023\/07\/Azorin1-980x653-1.jpg","datePublished":"2023-06-14T11:17:00+00:00","dateModified":"2023-07-10T07:21:44+00:00","author":{"@id":"https:\/\/www.alteacultural.com\/es\/#\/schema\/person\/c4e137537f1af546d214a315255e5172"},"breadcrumb":{"@id":"https:\/\/www.alteacultural.com\/es\/2023\/06\/14\/altea-homenatja-lartista-pepe-azorin-installant-labrac-en-el-passeig-de-la-platja-del-bol\/#breadcrumb"},"inLanguage":"es","potentialAction":[{"@type":"ReadAction","target":["https:\/\/www.alteacultural.com\/es\/2023\/06\/14\/altea-homenatja-lartista-pepe-azorin-installant-labrac-en-el-passeig-de-la-platja-del-bol\/"]}]},{"@type":"ImageObject","inLanguage":"es","@id":"https:\/\/www.alteacultural.com\/es\/2023\/06\/14\/altea-homenatja-lartista-pepe-azorin-installant-labrac-en-el-passeig-de-la-platja-del-bol\/#primaryimage","url":"https:\/\/www.alteacultural.com\/wp-content\/uploads\/2023\/07\/Azorin1-980x653-1.jpg","contentUrl":"https:\/\/www.alteacultural.com\/wp-content\/uploads\/2023\/07\/Azorin1-980x653-1.jpg","width":980,"height":653},{"@type":"BreadcrumbList","@id":"https:\/\/www.alteacultural.com\/es\/2023\/06\/14\/altea-homenatja-lartista-pepe-azorin-installant-labrac-en-el-passeig-de-la-platja-del-bol\/#breadcrumb","itemListElement":[{"@type":"ListItem","position":1,"name":"Inici","item":"https:\/\/www.alteacultural.com\/es\/"},{"@type":"ListItem","position":2,"name":"Altea homenajea al artista Pepe Azor\u00edn instalando \u201cL\u2019abra\u00e7\u201d en el Paseo de la Playa del Bol"}]},{"@type":"WebSite","@id":"https:\/\/www.alteacultural.com\/es\/#website","url":"https:\/\/www.alteacultural.com\/es\/","name":"Altea Cultural","description":"Regidoria de Cultura de l&#039;Ajuntament d&#039;Altea","potentialAction":[{"@type":"SearchAction","target":{"@type":"EntryPoint","urlTemplate":"https:\/\/www.alteacultural.com\/es\/?s={search_term_string}"},"query-input":"required name=search_term_string"}],"inLanguage":"es"},{"@type":"Person","@id":"https:\/\/www.alteacultural.com\/es\/#\/schema\/person\/c4e137537f1af546d214a315255e5172","name":"sfaltea.com-admin","image":{"@type":"ImageObject","inLanguage":"es","@id":"https:\/\/www.alteacultural.com\/es\/#\/schema\/person\/image\/","url":"https:\/\/secure.gravatar.com\/avatar\/f7473fa2fbd351270ccfd469de536202?s=96&d=mm&r=g","contentUrl":"https:\/\/secure.gravatar.com\/avatar\/f7473fa2fbd351270ccfd469de536202?s=96&d=mm&r=g","caption":"sfaltea.com-admin"},"url":"https:\/\/www.alteacultural.com\/es\/author\/sfaltea-com-admin\/"}]}},"_links":{"self":[{"href":"https:\/\/www.alteacultural.com\/es\/wp-json\/wp\/v2\/posts\/26578"}],"collection":[{"href":"https:\/\/www.alteacultural.com\/es\/wp-json\/wp\/v2\/posts"}],"about":[{"href":"https:\/\/www.alteacultural.com\/es\/wp-json\/wp\/v2\/types\/post"}],"author":[{"embeddable":true,"href":"https:\/\/www.alteacultural.com\/es\/wp-json\/wp\/v2\/users\/1"}],"replies":[{"embeddable":true,"href":"https:\/\/www.alteacultural.com\/es\/wp-json\/wp\/v2\/comments?post=26578"}],"version-history":[{"count":1,"href":"https:\/\/www.alteacultural.com\/es\/wp-json\/wp\/v2\/posts\/26578\/revisions"}],"predecessor-version":[{"id":26579,"href":"https:\/\/www.alteacultural.com\/es\/wp-json\/wp\/v2\/posts\/26578\/revisions\/26579"}],"wp:featuredmedia":[{"embeddable":true,"href":"https:\/\/www.alteacultural.com\/es\/wp-json\/wp\/v2\/media\/26576"}],"wp:attachment":[{"href":"https:\/\/www.alteacultural.com\/es\/wp-json\/wp\/v2\/media?parent=26578"}],"curies":[{"name":"wp","href":"https:\/\/api.w.org\/{rel}","templated":true}]}}