{"id":26582,"date":"2023-06-13T13:24:00","date_gmt":"2023-06-13T11:24:00","guid":{"rendered":"https:\/\/www.alteacultural.com\/2023\/06\/13\/cultura-presenta-el-concert-exili\/"},"modified":"2023-07-10T09:28:14","modified_gmt":"2023-07-10T07:28:14","slug":"cultura-presenta-el-concert-exili","status":"publish","type":"post","link":"https:\/\/www.alteacultural.com\/es\/2023\/06\/13\/cultura-presenta-el-concert-exili\/","title":{"rendered":"Cultura presenta el concierto \u201cExili\u201d"},"content":{"rendered":"\n<figure class=\"wp-block-image\"><img decoding=\"async\" data-src=\"https:\/\/alteadigital.es\/wp-content\/uploads\/2023\/06\/cartell-concert-exili-web.jpg\" alt=\"Cultura presenta el concert \u201cExili\u201d\" src=\"data:image\/gif;base64,R0lGODlhAQABAAAAACH5BAEKAAEALAAAAAABAAEAAAICTAEAOw==\" class=\"lazyload\" \/><\/figure>\n\n\n\n<p><\/p>\n\n\n\n<p> <\/p>\n\n\n\n<p>El pr\u00f3ximo jueves 15 de junio a las 20h en el Centro Social tendr\u00e1 lugar el concierto \u201cExili\u201d, poemas y canciones franco-espa\u00f1olas 1936-1975; seg\u00fan informa la edil de Cultura, Aurora Serrat.<\/p>\n\n\n\n<p>El concierto lo protagonizan Joan Vall\u00e9s, voz y guitarra; Arcadi Valiente, piano y Eva Adam, narraci\u00f3n. Como artistas invitados participar\u00e1n Nacho Ma\u00f1\u00f3, Donna Lawson y Naia Mora Elizondo.<\/p>\n\n\n\n<p>La entrada al concierto es libre y gratuita, limitada al aforo del auditorio del Centro Social.<\/p>\n\n\n\n<p>Como responsable municipal de Cultura, Serrat invita a asistir a este concierto en el que se combina la m\u00fasica con la narraci\u00f3n y la danza. \u201cExili es una buena oportunidad para disfrutar de diferentes manifestaciones art\u00edsticas en un mismo concierto\u201d, ha declarado Aurora Serrat.|ALTEADIGITAL.ES<\/p>\n","protected":false},"excerpt":{"rendered":"<p>El pr\u00f3ximo jueves 15 de junio a las 20h en el Centro Social tendr\u00e1 lugar el concierto \u201cExili\u201d, poemas [&hellip;]<\/p>\n","protected":false},"author":1,"featured_media":25991,"comment_status":"open","ping_status":"open","sticky":false,"template":"","format":"standard","meta":{"_expiration-date-status":"","_expiration-date":0,"_expiration-date-type":"","_expiration-date-categories":[],"_expiration-date-options":[],"footnotes":""},"yoast_head":"<!-- This site is optimized with the Yoast SEO plugin v22.8 - https:\/\/yoast.com\/wordpress\/plugins\/seo\/ -->\n<title>Cultura presenta el concierto \u201cExili\u201d - Altea Cultural<\/title>\n<meta name=\"robots\" content=\"index, follow, max-snippet:-1, max-image-preview:large, max-video-preview:-1\" \/>\n<link rel=\"canonical\" href=\"https:\/\/www.alteacultural.com\/es\/2023\/06\/13\/cultura-presenta-el-concert-exili\/\" \/>\n<meta property=\"og:locale\" content=\"es_ES\" \/>\n<meta property=\"og:type\" content=\"article\" \/>\n<meta property=\"og:title\" content=\"Cultura presenta el concierto \u201cExili\u201d - Altea Cultural\" \/>\n<meta property=\"og:description\" content=\"El pr\u00f3ximo jueves 15 de junio a las 20h en el Centro Social tendr\u00e1 lugar el concierto \u201cExili\u201d, poemas [&hellip;]\" \/>\n<meta property=\"og:url\" content=\"https:\/\/www.alteacultural.com\/es\/2023\/06\/13\/cultura-presenta-el-concert-exili\/\" \/>\n<meta property=\"og:site_name\" content=\"Altea Cultural\" \/>\n<meta property=\"article:published_time\" content=\"2023-06-13T11:24:00+00:00\" \/>\n<meta property=\"article:modified_time\" content=\"2023-07-10T07:28:14+00:00\" \/>\n<meta property=\"og:image\" content=\"https:\/\/www.alteacultural.com\/wp-content\/uploads\/2023\/06\/CONCERT-EXILI-FRANCO-ESPANYOLES_CARTELL-01.jpg\" \/>\n\t<meta property=\"og:image:width\" content=\"1754\" \/>\n\t<meta property=\"og:image:height\" content=\"2480\" \/>\n\t<meta property=\"og:image:type\" content=\"image\/jpeg\" \/>\n<meta name=\"author\" content=\"sfaltea.com-admin\" \/>\n<meta name=\"twitter:card\" content=\"summary_large_image\" \/>\n<meta name=\"twitter:label1\" content=\"Escrito por\" \/>\n\t<meta name=\"twitter:data1\" content=\"sfaltea.com-admin\" \/>\n\t<meta name=\"twitter:label2\" content=\"Tiempo de lectura\" \/>\n\t<meta name=\"twitter:data2\" content=\"1 minuto\" \/>\n<script type=\"application\/ld+json\" class=\"yoast-schema-graph\">{\"@context\":\"https:\/\/schema.org\",\"@graph\":[{\"@type\":\"WebPage\",\"@id\":\"https:\/\/www.alteacultural.com\/es\/2023\/06\/13\/cultura-presenta-el-concert-exili\/\",\"url\":\"https:\/\/www.alteacultural.com\/es\/2023\/06\/13\/cultura-presenta-el-concert-exili\/\",\"name\":\"Cultura presenta el concierto \u201cExili\u201d - Altea Cultural\",\"isPartOf\":{\"@id\":\"https:\/\/www.alteacultural.com\/es\/#website\"},\"primaryImageOfPage\":{\"@id\":\"https:\/\/www.alteacultural.com\/es\/2023\/06\/13\/cultura-presenta-el-concert-exili\/#primaryimage\"},\"image\":{\"@id\":\"https:\/\/www.alteacultural.com\/es\/2023\/06\/13\/cultura-presenta-el-concert-exili\/#primaryimage\"},\"thumbnailUrl\":\"https:\/\/www.alteacultural.com\/wp-content\/uploads\/2023\/06\/CONCERT-EXILI-FRANCO-ESPANYOLES_CARTELL-01.jpg\",\"datePublished\":\"2023-06-13T11:24:00+00:00\",\"dateModified\":\"2023-07-10T07:28:14+00:00\",\"author\":{\"@id\":\"https:\/\/www.alteacultural.com\/es\/#\/schema\/person\/c4e137537f1af546d214a315255e5172\"},\"breadcrumb\":{\"@id\":\"https:\/\/www.alteacultural.com\/es\/2023\/06\/13\/cultura-presenta-el-concert-exili\/#breadcrumb\"},\"inLanguage\":\"es\",\"potentialAction\":[{\"@type\":\"ReadAction\",\"target\":[\"https:\/\/www.alteacultural.com\/es\/2023\/06\/13\/cultura-presenta-el-concert-exili\/\"]}]},{\"@type\":\"ImageObject\",\"inLanguage\":\"es\",\"@id\":\"https:\/\/www.alteacultural.com\/es\/2023\/06\/13\/cultura-presenta-el-concert-exili\/#primaryimage\",\"url\":\"https:\/\/www.alteacultural.com\/wp-content\/uploads\/2023\/06\/CONCERT-EXILI-FRANCO-ESPANYOLES_CARTELL-01.jpg\",\"contentUrl\":\"https:\/\/www.alteacultural.com\/wp-content\/uploads\/2023\/06\/CONCERT-EXILI-FRANCO-ESPANYOLES_CARTELL-01.jpg\",\"width\":1754,\"height\":2480},{\"@type\":\"BreadcrumbList\",\"@id\":\"https:\/\/www.alteacultural.com\/es\/2023\/06\/13\/cultura-presenta-el-concert-exili\/#breadcrumb\",\"itemListElement\":[{\"@type\":\"ListItem\",\"position\":1,\"name\":\"Inici\",\"item\":\"https:\/\/www.alteacultural.com\/es\/\"},{\"@type\":\"ListItem\",\"position\":2,\"name\":\"Cultura presenta el concierto \u201cExili\u201d\"}]},{\"@type\":\"WebSite\",\"@id\":\"https:\/\/www.alteacultural.com\/es\/#website\",\"url\":\"https:\/\/www.alteacultural.com\/es\/\",\"name\":\"Altea Cultural\",\"description\":\"Regidoria de Cultura de l&#039;Ajuntament d&#039;Altea\",\"potentialAction\":[{\"@type\":\"SearchAction\",\"target\":{\"@type\":\"EntryPoint\",\"urlTemplate\":\"https:\/\/www.alteacultural.com\/es\/?s={search_term_string}\"},\"query-input\":\"required name=search_term_string\"}],\"inLanguage\":\"es\"},{\"@type\":\"Person\",\"@id\":\"https:\/\/www.alteacultural.com\/es\/#\/schema\/person\/c4e137537f1af546d214a315255e5172\",\"name\":\"sfaltea.com-admin\",\"image\":{\"@type\":\"ImageObject\",\"inLanguage\":\"es\",\"@id\":\"https:\/\/www.alteacultural.com\/es\/#\/schema\/person\/image\/\",\"url\":\"https:\/\/secure.gravatar.com\/avatar\/f7473fa2fbd351270ccfd469de536202?s=96&d=mm&r=g\",\"contentUrl\":\"https:\/\/secure.gravatar.com\/avatar\/f7473fa2fbd351270ccfd469de536202?s=96&d=mm&r=g\",\"caption\":\"sfaltea.com-admin\"},\"url\":\"https:\/\/www.alteacultural.com\/es\/author\/sfaltea-com-admin\/\"}]}<\/script>\n<!-- \/ Yoast SEO plugin. -->","yoast_head_json":{"title":"Cultura presenta el concierto \u201cExili\u201d - Altea Cultural","robots":{"index":"index","follow":"follow","max-snippet":"max-snippet:-1","max-image-preview":"max-image-preview:large","max-video-preview":"max-video-preview:-1"},"canonical":"https:\/\/www.alteacultural.com\/es\/2023\/06\/13\/cultura-presenta-el-concert-exili\/","og_locale":"es_ES","og_type":"article","og_title":"Cultura presenta el concierto \u201cExili\u201d - Altea Cultural","og_description":"El pr\u00f3ximo jueves 15 de junio a las 20h en el Centro Social tendr\u00e1 lugar el concierto \u201cExili\u201d, poemas [&hellip;]","og_url":"https:\/\/www.alteacultural.com\/es\/2023\/06\/13\/cultura-presenta-el-concert-exili\/","og_site_name":"Altea Cultural","article_published_time":"2023-06-13T11:24:00+00:00","article_modified_time":"2023-07-10T07:28:14+00:00","og_image":[{"width":1754,"height":2480,"url":"https:\/\/www.alteacultural.com\/wp-content\/uploads\/2023\/06\/CONCERT-EXILI-FRANCO-ESPANYOLES_CARTELL-01.jpg","type":"image\/jpeg"}],"author":"sfaltea.com-admin","twitter_card":"summary_large_image","twitter_misc":{"Escrito por":"sfaltea.com-admin","Tiempo de lectura":"1 minuto"},"schema":{"@context":"https:\/\/schema.org","@graph":[{"@type":"WebPage","@id":"https:\/\/www.alteacultural.com\/es\/2023\/06\/13\/cultura-presenta-el-concert-exili\/","url":"https:\/\/www.alteacultural.com\/es\/2023\/06\/13\/cultura-presenta-el-concert-exili\/","name":"Cultura presenta el concierto \u201cExili\u201d - Altea Cultural","isPartOf":{"@id":"https:\/\/www.alteacultural.com\/es\/#website"},"primaryImageOfPage":{"@id":"https:\/\/www.alteacultural.com\/es\/2023\/06\/13\/cultura-presenta-el-concert-exili\/#primaryimage"},"image":{"@id":"https:\/\/www.alteacultural.com\/es\/2023\/06\/13\/cultura-presenta-el-concert-exili\/#primaryimage"},"thumbnailUrl":"https:\/\/www.alteacultural.com\/wp-content\/uploads\/2023\/06\/CONCERT-EXILI-FRANCO-ESPANYOLES_CARTELL-01.jpg","datePublished":"2023-06-13T11:24:00+00:00","dateModified":"2023-07-10T07:28:14+00:00","author":{"@id":"https:\/\/www.alteacultural.com\/es\/#\/schema\/person\/c4e137537f1af546d214a315255e5172"},"breadcrumb":{"@id":"https:\/\/www.alteacultural.com\/es\/2023\/06\/13\/cultura-presenta-el-concert-exili\/#breadcrumb"},"inLanguage":"es","potentialAction":[{"@type":"ReadAction","target":["https:\/\/www.alteacultural.com\/es\/2023\/06\/13\/cultura-presenta-el-concert-exili\/"]}]},{"@type":"ImageObject","inLanguage":"es","@id":"https:\/\/www.alteacultural.com\/es\/2023\/06\/13\/cultura-presenta-el-concert-exili\/#primaryimage","url":"https:\/\/www.alteacultural.com\/wp-content\/uploads\/2023\/06\/CONCERT-EXILI-FRANCO-ESPANYOLES_CARTELL-01.jpg","contentUrl":"https:\/\/www.alteacultural.com\/wp-content\/uploads\/2023\/06\/CONCERT-EXILI-FRANCO-ESPANYOLES_CARTELL-01.jpg","width":1754,"height":2480},{"@type":"BreadcrumbList","@id":"https:\/\/www.alteacultural.com\/es\/2023\/06\/13\/cultura-presenta-el-concert-exili\/#breadcrumb","itemListElement":[{"@type":"ListItem","position":1,"name":"Inici","item":"https:\/\/www.alteacultural.com\/es\/"},{"@type":"ListItem","position":2,"name":"Cultura presenta el concierto \u201cExili\u201d"}]},{"@type":"WebSite","@id":"https:\/\/www.alteacultural.com\/es\/#website","url":"https:\/\/www.alteacultural.com\/es\/","name":"Altea Cultural","description":"Regidoria de Cultura de l&#039;Ajuntament d&#039;Altea","potentialAction":[{"@type":"SearchAction","target":{"@type":"EntryPoint","urlTemplate":"https:\/\/www.alteacultural.com\/es\/?s={search_term_string}"},"query-input":"required name=search_term_string"}],"inLanguage":"es"},{"@type":"Person","@id":"https:\/\/www.alteacultural.com\/es\/#\/schema\/person\/c4e137537f1af546d214a315255e5172","name":"sfaltea.com-admin","image":{"@type":"ImageObject","inLanguage":"es","@id":"https:\/\/www.alteacultural.com\/es\/#\/schema\/person\/image\/","url":"https:\/\/secure.gravatar.com\/avatar\/f7473fa2fbd351270ccfd469de536202?s=96&d=mm&r=g","contentUrl":"https:\/\/secure.gravatar.com\/avatar\/f7473fa2fbd351270ccfd469de536202?s=96&d=mm&r=g","caption":"sfaltea.com-admin"},"url":"https:\/\/www.alteacultural.com\/es\/author\/sfaltea-com-admin\/"}]}},"_links":{"self":[{"href":"https:\/\/www.alteacultural.com\/es\/wp-json\/wp\/v2\/posts\/26582"}],"collection":[{"href":"https:\/\/www.alteacultural.com\/es\/wp-json\/wp\/v2\/posts"}],"about":[{"href":"https:\/\/www.alteacultural.com\/es\/wp-json\/wp\/v2\/types\/post"}],"author":[{"embeddable":true,"href":"https:\/\/www.alteacultural.com\/es\/wp-json\/wp\/v2\/users\/1"}],"replies":[{"embeddable":true,"href":"https:\/\/www.alteacultural.com\/es\/wp-json\/wp\/v2\/comments?post=26582"}],"version-history":[{"count":1,"href":"https:\/\/www.alteacultural.com\/es\/wp-json\/wp\/v2\/posts\/26582\/revisions"}],"predecessor-version":[{"id":26583,"href":"https:\/\/www.alteacultural.com\/es\/wp-json\/wp\/v2\/posts\/26582\/revisions\/26583"}],"wp:featuredmedia":[{"embeddable":true,"href":"https:\/\/www.alteacultural.com\/es\/wp-json\/wp\/v2\/media\/25991"}],"wp:attachment":[{"href":"https:\/\/www.alteacultural.com\/es\/wp-json\/wp\/v2\/media?parent=26582"}],"curies":[{"name":"wp","href":"https:\/\/api.w.org\/{rel}","templated":true}]}}