{"id":26595,"date":"2023-05-25T14:37:00","date_gmt":"2023-05-25T12:37:00","guid":{"rendered":"https:\/\/www.alteacultural.com\/2023\/06\/25\/altea-celebra-la-vi-edicio-de-la-nit-de-lart\/"},"modified":"2023-07-10T09:49:45","modified_gmt":"2023-07-10T07:49:45","slug":"altea-celebra-la-vi-edicio-de-la-nit-de-lart","status":"publish","type":"post","link":"https:\/\/www.alteacultural.com\/es\/2023\/05\/25\/altea-celebra-la-vi-edicio-de-la-nit-de-lart\/","title":{"rendered":"Altea celebra la VI Edici\u00f3 de la Nit de l\u2019Art"},"content":{"rendered":"\n<figure class=\"wp-block-image size-large\"><img fetchpriority=\"high\" decoding=\"async\" width=\"1817\" height=\"2560\" src=\"https:\/\/www.alteacultural.com\/wp-content\/uploads\/2023\/05\/NIT-ART-23-CARTELL-297x420_med-scaled.jpg\" alt=\"\" class=\"wp-image-25769\" srcset=\"https:\/\/www.alteacultural.com\/wp-content\/uploads\/2023\/05\/NIT-ART-23-CARTELL-297x420_med-scaled.jpg 1817w, https:\/\/www.alteacultural.com\/wp-content\/uploads\/2023\/05\/NIT-ART-23-CARTELL-297x420_med-768x1082.jpg 768w, https:\/\/www.alteacultural.com\/wp-content\/uploads\/2023\/05\/NIT-ART-23-CARTELL-297x420_med-1090x1536.jpg 1090w, https:\/\/www.alteacultural.com\/wp-content\/uploads\/2023\/05\/NIT-ART-23-CARTELL-297x420_med-1454x2048.jpg 1454w\" sizes=\"(max-width: 1817px) 100vw, 1817px\" \/><\/figure>\n\n\n\n<p><strong>Los visitantes podr\u00e1n disfrutar de espect\u00e1culos en las calles de Altea<\/strong><\/p>\n\n\n\n<p>El Ayuntamiento de Altea celebra la Nit de l\u00b4Art durante los d\u00edas 1, 2 y 3 de junio en las calles de la localidad. As\u00ed lo ha anunciado la edil de Cultura, Aurora Serrat, que, junto con la coordinadora del evento, Isabel Mart\u00ednez, ha dado a conocer los detalles de una edici\u00f3n muy completa.<\/p>\n\n\n\n<p>Este proyecto, que empez\u00f3 en 2017 con seis actividades, ha ido ganando entidad hasta convertirse en una de las citas culturales m\u00e1s asentadas y conocidas de la Marina Baixa. Tres d\u00edas donde los visitantes podr\u00e1n disfrutar de espect\u00e1culos en las calles de Altea, visitas guiadas a los talleres de artistas, conciertos y talleres para los m\u00e1s peque\u00f1os.<\/p>\n\n\n\n<p>El jueves 1 de junio, la actividad que dar\u00e1 comienzo ser\u00e1 el concierto de \u00c1lex Guirado a cargo de la C\u00e1tedra Annetta Nicoli de la Universidad Miguel Hern\u00e1ndez de Elche, la visita a la exposici\u00f3n de Eduardo Infante y el concierto del grupo Boga en el espacio Casa Bancal y una visita a la casa de la artista Emilie Ramon.<\/p>\n\n\n\n<p>El viernes 2 de junio, tendr\u00e1 lugar la visita guiada al Vivero de Artistas, una exposici\u00f3n y performance de la mano de la artista Laura Serradilla y el espect\u00e1culo de danza de la compa\u00f1\u00eda valenciana La Coja Danza en la Plaza del Agua.<\/p>\n\n\n\n<p>El s\u00e1bado 3 de junio, los visitantes podr\u00e1n disfrutar del taller infantil \u2018M\u00fasicas Gr\u00e1ficas\u2019 a cargo del artista Carlos Izquierdo en la Casa de Cultura de Altea, seguido de una performace de la artista Cristina Cabo organizada a trav\u00e9s de la colaboraci\u00f3n con la Nit de l\u2019Art de Castell\u00f3n en la Plaza del Agua. Este mismo d\u00eda se podr\u00e1 disfrutar de las visitas guiadas a los talleres de artistas y el resto de espect\u00e1culos seleccionados por el jurado de la Nit de l\u2019Art que recorrer\u00e1n las calles del casco antiguo de Altea.<\/p>\n\n\n\n<p>Abraxas AV Live ser\u00e1 la actividad que pondr\u00e1 fin al evento, un espect\u00e1culo de m\u00fasica y video creaci\u00f3n de la mano del Vicerrectorado de Cultura de la Universidad Miguel Hern\u00e1ndez de Elche en la plaza de la iglesia de Altea.<\/p>\n\n\n\n<p>La programaci\u00f3n completa de todas las actividades que se celebrar\u00e1n en las calles de la localidad durante estos tres d\u00edas se puede consultar en la web oficial del Ayuntamiento: https:\/\/www.alteacultural.com\/nitdelart\/<\/p>\n\n\n\n<p>La Nit de l\u2019Art se convierte as\u00ed en una de las grandes apuestas de la concejal\u00eda de Cultura del Ayuntamiento de Altea que llena de arte y cultura durante tres d\u00edas las calles de la localidad. Tal y como ha comentado la concejala de Cultura, Aurora Serrat \u201cdesde la organizaci\u00f3n estamos muy contentos con la celebraci\u00f3n de la Nit de l\u00b4Art ya que de este tipo de eventos enriquecen la oferta cultural de nuestra localidad y se convierte otro atractivo tur\u00edstico. Invito a todo el mundo a participar y disfrutar del arte en Altea\u201d. |ALTEADIGITAL.ES<\/p>\n","protected":false},"excerpt":{"rendered":"<p>Los visitantes podr\u00e1n disfrutar de espect\u00e1culos en las calles de Altea El Ayuntamiento de Altea celebra la Nit de [&hellip;]<\/p>\n","protected":false},"author":1,"featured_media":25769,"comment_status":"open","ping_status":"open","sticky":false,"template":"","format":"standard","meta":{"_expiration-date-status":"","_expiration-date":1688975335,"_expiration-date-type":"draft","_expiration-date-categories":[],"_expiration-date-options":[],"footnotes":""},"yoast_head":"<!-- This site is optimized with the Yoast SEO plugin v22.8 - https:\/\/yoast.com\/wordpress\/plugins\/seo\/ -->\n<title>Altea celebra la VI Edici\u00f3 de la Nit de l\u2019Art - Altea Cultural<\/title>\n<meta name=\"robots\" content=\"index, follow, max-snippet:-1, max-image-preview:large, max-video-preview:-1\" \/>\n<link rel=\"canonical\" href=\"https:\/\/www.alteacultural.com\/es\/2023\/05\/25\/altea-celebra-la-vi-edicio-de-la-nit-de-lart\/\" \/>\n<meta property=\"og:locale\" content=\"es_ES\" \/>\n<meta property=\"og:type\" content=\"article\" \/>\n<meta property=\"og:title\" content=\"Altea celebra la VI Edici\u00f3 de la Nit de l\u2019Art - Altea Cultural\" \/>\n<meta property=\"og:description\" content=\"Los visitantes podr\u00e1n disfrutar de espect\u00e1culos en las calles de Altea El Ayuntamiento de Altea celebra la Nit de [&hellip;]\" \/>\n<meta property=\"og:url\" content=\"https:\/\/www.alteacultural.com\/es\/2023\/05\/25\/altea-celebra-la-vi-edicio-de-la-nit-de-lart\/\" \/>\n<meta property=\"og:site_name\" content=\"Altea Cultural\" \/>\n<meta property=\"article:published_time\" content=\"2023-05-25T12:37:00+00:00\" \/>\n<meta property=\"article:modified_time\" content=\"2023-07-10T07:49:45+00:00\" \/>\n<meta property=\"og:image\" content=\"https:\/\/www.alteacultural.com\/wp-content\/uploads\/2023\/05\/NIT-ART-23-CARTELL-297x420_med-scaled.jpg\" \/>\n\t<meta property=\"og:image:width\" content=\"1817\" \/>\n\t<meta property=\"og:image:height\" content=\"2560\" \/>\n\t<meta property=\"og:image:type\" content=\"image\/jpeg\" \/>\n<meta name=\"author\" content=\"sfaltea.com-admin\" \/>\n<meta name=\"twitter:card\" content=\"summary_large_image\" \/>\n<meta name=\"twitter:label1\" content=\"Escrito por\" \/>\n\t<meta name=\"twitter:data1\" content=\"sfaltea.com-admin\" \/>\n\t<meta name=\"twitter:label2\" content=\"Tiempo de lectura\" \/>\n\t<meta name=\"twitter:data2\" content=\"3 minutos\" \/>\n<script type=\"application\/ld+json\" class=\"yoast-schema-graph\">{\"@context\":\"https:\/\/schema.org\",\"@graph\":[{\"@type\":\"WebPage\",\"@id\":\"https:\/\/www.alteacultural.com\/es\/2023\/05\/25\/altea-celebra-la-vi-edicio-de-la-nit-de-lart\/\",\"url\":\"https:\/\/www.alteacultural.com\/es\/2023\/05\/25\/altea-celebra-la-vi-edicio-de-la-nit-de-lart\/\",\"name\":\"Altea celebra la VI Edici\u00f3 de la Nit de l\u2019Art - Altea Cultural\",\"isPartOf\":{\"@id\":\"https:\/\/www.alteacultural.com\/es\/#website\"},\"primaryImageOfPage\":{\"@id\":\"https:\/\/www.alteacultural.com\/es\/2023\/05\/25\/altea-celebra-la-vi-edicio-de-la-nit-de-lart\/#primaryimage\"},\"image\":{\"@id\":\"https:\/\/www.alteacultural.com\/es\/2023\/05\/25\/altea-celebra-la-vi-edicio-de-la-nit-de-lart\/#primaryimage\"},\"thumbnailUrl\":\"https:\/\/www.alteacultural.com\/wp-content\/uploads\/2023\/05\/NIT-ART-23-CARTELL-297x420_med-scaled.jpg\",\"datePublished\":\"2023-05-25T12:37:00+00:00\",\"dateModified\":\"2023-07-10T07:49:45+00:00\",\"author\":{\"@id\":\"https:\/\/www.alteacultural.com\/es\/#\/schema\/person\/c4e137537f1af546d214a315255e5172\"},\"breadcrumb\":{\"@id\":\"https:\/\/www.alteacultural.com\/es\/2023\/05\/25\/altea-celebra-la-vi-edicio-de-la-nit-de-lart\/#breadcrumb\"},\"inLanguage\":\"es\",\"potentialAction\":[{\"@type\":\"ReadAction\",\"target\":[\"https:\/\/www.alteacultural.com\/es\/2023\/05\/25\/altea-celebra-la-vi-edicio-de-la-nit-de-lart\/\"]}]},{\"@type\":\"ImageObject\",\"inLanguage\":\"es\",\"@id\":\"https:\/\/www.alteacultural.com\/es\/2023\/05\/25\/altea-celebra-la-vi-edicio-de-la-nit-de-lart\/#primaryimage\",\"url\":\"https:\/\/www.alteacultural.com\/wp-content\/uploads\/2023\/05\/NIT-ART-23-CARTELL-297x420_med-scaled.jpg\",\"contentUrl\":\"https:\/\/www.alteacultural.com\/wp-content\/uploads\/2023\/05\/NIT-ART-23-CARTELL-297x420_med-scaled.jpg\",\"width\":1817,\"height\":2560},{\"@type\":\"BreadcrumbList\",\"@id\":\"https:\/\/www.alteacultural.com\/es\/2023\/05\/25\/altea-celebra-la-vi-edicio-de-la-nit-de-lart\/#breadcrumb\",\"itemListElement\":[{\"@type\":\"ListItem\",\"position\":1,\"name\":\"Inici\",\"item\":\"https:\/\/www.alteacultural.com\/es\/\"},{\"@type\":\"ListItem\",\"position\":2,\"name\":\"Altea celebra la VI Edici\u00f3 de la Nit de l\u2019Art\"}]},{\"@type\":\"WebSite\",\"@id\":\"https:\/\/www.alteacultural.com\/es\/#website\",\"url\":\"https:\/\/www.alteacultural.com\/es\/\",\"name\":\"Altea Cultural\",\"description\":\"Regidoria de Cultura de l&#039;Ajuntament d&#039;Altea\",\"potentialAction\":[{\"@type\":\"SearchAction\",\"target\":{\"@type\":\"EntryPoint\",\"urlTemplate\":\"https:\/\/www.alteacultural.com\/es\/?s={search_term_string}\"},\"query-input\":\"required name=search_term_string\"}],\"inLanguage\":\"es\"},{\"@type\":\"Person\",\"@id\":\"https:\/\/www.alteacultural.com\/es\/#\/schema\/person\/c4e137537f1af546d214a315255e5172\",\"name\":\"sfaltea.com-admin\",\"image\":{\"@type\":\"ImageObject\",\"inLanguage\":\"es\",\"@id\":\"https:\/\/www.alteacultural.com\/es\/#\/schema\/person\/image\/\",\"url\":\"https:\/\/secure.gravatar.com\/avatar\/f7473fa2fbd351270ccfd469de536202?s=96&d=mm&r=g\",\"contentUrl\":\"https:\/\/secure.gravatar.com\/avatar\/f7473fa2fbd351270ccfd469de536202?s=96&d=mm&r=g\",\"caption\":\"sfaltea.com-admin\"},\"url\":\"https:\/\/www.alteacultural.com\/es\/author\/sfaltea-com-admin\/\"}]}<\/script>\n<!-- \/ Yoast SEO plugin. -->","yoast_head_json":{"title":"Altea celebra la VI Edici\u00f3 de la Nit de l\u2019Art - Altea Cultural","robots":{"index":"index","follow":"follow","max-snippet":"max-snippet:-1","max-image-preview":"max-image-preview:large","max-video-preview":"max-video-preview:-1"},"canonical":"https:\/\/www.alteacultural.com\/es\/2023\/05\/25\/altea-celebra-la-vi-edicio-de-la-nit-de-lart\/","og_locale":"es_ES","og_type":"article","og_title":"Altea celebra la VI Edici\u00f3 de la Nit de l\u2019Art - Altea Cultural","og_description":"Los visitantes podr\u00e1n disfrutar de espect\u00e1culos en las calles de Altea El Ayuntamiento de Altea celebra la Nit de [&hellip;]","og_url":"https:\/\/www.alteacultural.com\/es\/2023\/05\/25\/altea-celebra-la-vi-edicio-de-la-nit-de-lart\/","og_site_name":"Altea Cultural","article_published_time":"2023-05-25T12:37:00+00:00","article_modified_time":"2023-07-10T07:49:45+00:00","og_image":[{"width":1817,"height":2560,"url":"https:\/\/www.alteacultural.com\/wp-content\/uploads\/2023\/05\/NIT-ART-23-CARTELL-297x420_med-scaled.jpg","type":"image\/jpeg"}],"author":"sfaltea.com-admin","twitter_card":"summary_large_image","twitter_misc":{"Escrito por":"sfaltea.com-admin","Tiempo de lectura":"3 minutos"},"schema":{"@context":"https:\/\/schema.org","@graph":[{"@type":"WebPage","@id":"https:\/\/www.alteacultural.com\/es\/2023\/05\/25\/altea-celebra-la-vi-edicio-de-la-nit-de-lart\/","url":"https:\/\/www.alteacultural.com\/es\/2023\/05\/25\/altea-celebra-la-vi-edicio-de-la-nit-de-lart\/","name":"Altea celebra la VI Edici\u00f3 de la Nit de l\u2019Art - Altea Cultural","isPartOf":{"@id":"https:\/\/www.alteacultural.com\/es\/#website"},"primaryImageOfPage":{"@id":"https:\/\/www.alteacultural.com\/es\/2023\/05\/25\/altea-celebra-la-vi-edicio-de-la-nit-de-lart\/#primaryimage"},"image":{"@id":"https:\/\/www.alteacultural.com\/es\/2023\/05\/25\/altea-celebra-la-vi-edicio-de-la-nit-de-lart\/#primaryimage"},"thumbnailUrl":"https:\/\/www.alteacultural.com\/wp-content\/uploads\/2023\/05\/NIT-ART-23-CARTELL-297x420_med-scaled.jpg","datePublished":"2023-05-25T12:37:00+00:00","dateModified":"2023-07-10T07:49:45+00:00","author":{"@id":"https:\/\/www.alteacultural.com\/es\/#\/schema\/person\/c4e137537f1af546d214a315255e5172"},"breadcrumb":{"@id":"https:\/\/www.alteacultural.com\/es\/2023\/05\/25\/altea-celebra-la-vi-edicio-de-la-nit-de-lart\/#breadcrumb"},"inLanguage":"es","potentialAction":[{"@type":"ReadAction","target":["https:\/\/www.alteacultural.com\/es\/2023\/05\/25\/altea-celebra-la-vi-edicio-de-la-nit-de-lart\/"]}]},{"@type":"ImageObject","inLanguage":"es","@id":"https:\/\/www.alteacultural.com\/es\/2023\/05\/25\/altea-celebra-la-vi-edicio-de-la-nit-de-lart\/#primaryimage","url":"https:\/\/www.alteacultural.com\/wp-content\/uploads\/2023\/05\/NIT-ART-23-CARTELL-297x420_med-scaled.jpg","contentUrl":"https:\/\/www.alteacultural.com\/wp-content\/uploads\/2023\/05\/NIT-ART-23-CARTELL-297x420_med-scaled.jpg","width":1817,"height":2560},{"@type":"BreadcrumbList","@id":"https:\/\/www.alteacultural.com\/es\/2023\/05\/25\/altea-celebra-la-vi-edicio-de-la-nit-de-lart\/#breadcrumb","itemListElement":[{"@type":"ListItem","position":1,"name":"Inici","item":"https:\/\/www.alteacultural.com\/es\/"},{"@type":"ListItem","position":2,"name":"Altea celebra la VI Edici\u00f3 de la Nit de l\u2019Art"}]},{"@type":"WebSite","@id":"https:\/\/www.alteacultural.com\/es\/#website","url":"https:\/\/www.alteacultural.com\/es\/","name":"Altea Cultural","description":"Regidoria de Cultura de l&#039;Ajuntament d&#039;Altea","potentialAction":[{"@type":"SearchAction","target":{"@type":"EntryPoint","urlTemplate":"https:\/\/www.alteacultural.com\/es\/?s={search_term_string}"},"query-input":"required name=search_term_string"}],"inLanguage":"es"},{"@type":"Person","@id":"https:\/\/www.alteacultural.com\/es\/#\/schema\/person\/c4e137537f1af546d214a315255e5172","name":"sfaltea.com-admin","image":{"@type":"ImageObject","inLanguage":"es","@id":"https:\/\/www.alteacultural.com\/es\/#\/schema\/person\/image\/","url":"https:\/\/secure.gravatar.com\/avatar\/f7473fa2fbd351270ccfd469de536202?s=96&d=mm&r=g","contentUrl":"https:\/\/secure.gravatar.com\/avatar\/f7473fa2fbd351270ccfd469de536202?s=96&d=mm&r=g","caption":"sfaltea.com-admin"},"url":"https:\/\/www.alteacultural.com\/es\/author\/sfaltea-com-admin\/"}]}},"_links":{"self":[{"href":"https:\/\/www.alteacultural.com\/es\/wp-json\/wp\/v2\/posts\/26595"}],"collection":[{"href":"https:\/\/www.alteacultural.com\/es\/wp-json\/wp\/v2\/posts"}],"about":[{"href":"https:\/\/www.alteacultural.com\/es\/wp-json\/wp\/v2\/types\/post"}],"author":[{"embeddable":true,"href":"https:\/\/www.alteacultural.com\/es\/wp-json\/wp\/v2\/users\/1"}],"replies":[{"embeddable":true,"href":"https:\/\/www.alteacultural.com\/es\/wp-json\/wp\/v2\/comments?post=26595"}],"version-history":[{"count":2,"href":"https:\/\/www.alteacultural.com\/es\/wp-json\/wp\/v2\/posts\/26595\/revisions"}],"predecessor-version":[{"id":26598,"href":"https:\/\/www.alteacultural.com\/es\/wp-json\/wp\/v2\/posts\/26595\/revisions\/26598"}],"wp:featuredmedia":[{"embeddable":true,"href":"https:\/\/www.alteacultural.com\/es\/wp-json\/wp\/v2\/media\/25769"}],"wp:attachment":[{"href":"https:\/\/www.alteacultural.com\/es\/wp-json\/wp\/v2\/media?parent=26595"}],"curies":[{"name":"wp","href":"https:\/\/api.w.org\/{rel}","templated":true}]}}