{"id":26603,"date":"2023-05-22T14:20:00","date_gmt":"2023-05-22T12:20:00","guid":{"rendered":"https:\/\/www.alteacultural.com\/2023\/05\/22\/balconades-daltea-convoca-la-seua-25-edicio\/"},"modified":"2023-07-10T10:25:39","modified_gmt":"2023-07-10T08:25:39","slug":"balconades-daltea-convoca-la-seua-25-edicio","status":"publish","type":"post","link":"https:\/\/www.alteacultural.com\/es\/2023\/05\/22\/balconades-daltea-convoca-la-seua-25-edicio\/","title":{"rendered":"Balconades d\u2019Altea convoca su 25 edici\u00f3n"},"content":{"rendered":"\n<figure class=\"wp-block-image\"><img decoding=\"async\" data-src=\"https:\/\/alteadigital.es\/wp-content\/uploads\/2023\/05\/balconades-web.jpg\" alt=\"Balconades d\u2019Altea convoca la seua 25 edici\u00f3\" src=\"data:image\/gif;base64,R0lGODlhAQABAAAAACH5BAEKAAEALAAAAAABAAEAAAICTAEAOw==\" class=\"lazyload\" \/><\/figure>\n\n\n\n<p>La exposici\u00f3n pict\u00f3rica al aire libre, Balconades, cumple 25 a\u00f1os y convoca una nueva edici\u00f3n, cuya inscripci\u00f3n podr\u00e1 realizarse hasta el pr\u00f3ximo 9 de junio en horario de tarde en la Casa de Cultura. Seg\u00fan informa la edil de Cultura, Aurora Serrat, quien apunta que la balconada deber\u00e1 podr\u00e1 entregarse hasta el 23 de junio.<\/p>\n\n\n\n<p>Como es habitual, podr\u00e1n intervenir todos los creadores que lo deseen, sin distinci\u00f3n de nacionalidad, mayores de 18 a\u00f1os y la t\u00e9cnica y tema ser\u00e1n libres, s\u00f3lo condicionados a que su exposici\u00f3n en exterior sea viable -balcones del casco antiguo-.<\/p>\n\n\n\n<p>Se puede participar individual o colectivamente; de forma individual s\u00f3lo se podr\u00e1 participar con una \u00fanica balconada. La preinscripci\u00f3n y recogida de tela para la realizaci\u00f3n de la balconada se realizar\u00e1 hasta el 9 de junio, o hasta agotar existencias, en la Casa de Cultura de Altea, en horario de 17:00 a 21:00 horas de lunes a viernes, previo dep\u00f3sito de 10\u20ac, en efectivo e importe exacto, que se devolver\u00e1 al entregar la balconada para la participaci\u00f3n.<\/p>\n\n\n\n<p>La balconada deber\u00e1 entregarse en dicho centro hasta el 23 junio, en horario de 17:00 a 21:00 h, de lunes a viernes.<\/p>\n\n\n\n<p>Aquellos que, habiendo recogido la tela, no deseen participar deber\u00e1n anular su preinscripci\u00f3n devolviendo la tela en blanco o abonando una tasa de 40\u20ac en caso de no poder devolver la tela en blanco.<\/p>\n\n\n\n<p>Los participantes que en ediciones anteriores retiraron la tela pero no participaron ni anularon inscripci\u00f3n, participar\u00e1n con la tela de la edici\u00f3n anterior, o bien, abonar\u00e1n la tasa de 40\u20ac y fianza de 10\u20ac para obtener nueva tela.<\/p>\n\n\n\n<p>La exposici\u00f3n se formar\u00e1 con las 55 primeras balconadas presentadas, que no preinscripciones, aunque la Casa de Cultura pueda repartir m\u00e1s de 55 telas. Las restantes ser\u00e1n reserva. Se podr\u00e1n excluir aquellas balconadas que resulten ofensivas, que agredan a la sensibilidad del p\u00fablico o que no re\u00fanan unas condiciones o calidad m\u00ednima para su exposici\u00f3n en v\u00eda p\u00fablica. Asimismo, ser\u00e1n retiradas aquellas balconadas con la orientaci\u00f3n incorrecta -detr\u00e1s del lienzo se indica la orientaci\u00f3n- pudiendo ser recuperada por el autor exclusivamente previo abono de la tasa de 40\u20ac.<\/p>\n\n\n\n<p>La balconada podr\u00e1 ser retirada por su autor, o quien \u00e9ste autorice por escrito, entre el 22 enero 2024 y el 8 marzo 2024 en la Casa de Cultura de Altea, en horario de 17:00 a 21:00h de lunes a viernes finalizado este plazo se destinar\u00e1 la balconada al uso que se crea m\u00e1s conveniente.<\/p>\n\n\n\n<p>Las obras seleccionadas se expondr\u00e1n en Altea del 17 de julio al 27 de agosto; en l\u2019Alf\u00e0s del Pi, del 4 al 30 de septiembre; Agost del 5 al 16 de octubre; Benimantell del 3 al 26 de noviembre y del 15 de diciembre al 11 de enero estar\u00e1 Balconades en Oliva.<\/p>\n\n\n\n<p>Como responsable municipal de Cultura, Aurora Serrat invita a participar de esta 25 edici\u00f3n de Balconades d\u2019Altea y resalta el car\u00e1cter singular de esta muestra al aire libre que engalana los balcones de las principales calles del casco antiguo de Altea y que se convierte a\u00f1o tras a\u00f1o en un gran atractivo cultural y tur\u00edstico del municipio durante el verano. | ALTEADIGITAL.ES<\/p>\n","protected":false},"excerpt":{"rendered":"<p>La exposici\u00f3n pict\u00f3rica al aire libre, Balconades, cumple 25 a\u00f1os y convoca una nueva edici\u00f3n, cuya inscripci\u00f3n podr\u00e1 realizarse [&hellip;]<\/p>\n","protected":false},"author":1,"featured_media":26601,"comment_status":"open","ping_status":"open","sticky":false,"template":"","format":"standard","meta":{"_expiration-date-status":"","_expiration-date":0,"_expiration-date-type":"","_expiration-date-categories":[],"_expiration-date-options":[],"footnotes":""},"yoast_head":"<!-- This site is optimized with the Yoast SEO plugin v22.8 - https:\/\/yoast.com\/wordpress\/plugins\/seo\/ -->\n<title>Balconades d\u2019Altea convoca su 25 edici\u00f3n - Altea Cultural<\/title>\n<meta name=\"robots\" content=\"index, follow, max-snippet:-1, max-image-preview:large, max-video-preview:-1\" \/>\n<link rel=\"canonical\" href=\"https:\/\/www.alteacultural.com\/es\/2023\/05\/22\/balconades-daltea-convoca-la-seua-25-edicio\/\" \/>\n<meta property=\"og:locale\" content=\"es_ES\" \/>\n<meta property=\"og:type\" content=\"article\" \/>\n<meta property=\"og:title\" content=\"Balconades d\u2019Altea convoca su 25 edici\u00f3n - Altea Cultural\" \/>\n<meta property=\"og:description\" content=\"La exposici\u00f3n pict\u00f3rica al aire libre, Balconades, cumple 25 a\u00f1os y convoca una nueva edici\u00f3n, cuya inscripci\u00f3n podr\u00e1 realizarse [&hellip;]\" \/>\n<meta property=\"og:url\" content=\"https:\/\/www.alteacultural.com\/es\/2023\/05\/22\/balconades-daltea-convoca-la-seua-25-edicio\/\" \/>\n<meta property=\"og:site_name\" content=\"Altea Cultural\" \/>\n<meta property=\"article:published_time\" content=\"2023-05-22T12:20:00+00:00\" \/>\n<meta property=\"article:modified_time\" content=\"2023-07-10T08:25:39+00:00\" \/>\n<meta property=\"og:image\" content=\"https:\/\/www.alteacultural.com\/wp-content\/uploads\/2023\/07\/balconades-web.jpg\" \/>\n\t<meta property=\"og:image:width\" content=\"1028\" \/>\n\t<meta property=\"og:image:height\" content=\"688\" \/>\n\t<meta property=\"og:image:type\" content=\"image\/jpeg\" \/>\n<meta name=\"author\" content=\"sfaltea.com-admin\" \/>\n<meta name=\"twitter:card\" content=\"summary_large_image\" \/>\n<meta name=\"twitter:label1\" content=\"Escrito por\" \/>\n\t<meta name=\"twitter:data1\" content=\"sfaltea.com-admin\" \/>\n\t<meta name=\"twitter:label2\" content=\"Tiempo de lectura\" \/>\n\t<meta name=\"twitter:data2\" content=\"3 minutos\" \/>\n<script type=\"application\/ld+json\" class=\"yoast-schema-graph\">{\"@context\":\"https:\/\/schema.org\",\"@graph\":[{\"@type\":\"WebPage\",\"@id\":\"https:\/\/www.alteacultural.com\/es\/2023\/05\/22\/balconades-daltea-convoca-la-seua-25-edicio\/\",\"url\":\"https:\/\/www.alteacultural.com\/es\/2023\/05\/22\/balconades-daltea-convoca-la-seua-25-edicio\/\",\"name\":\"Balconades d\u2019Altea convoca su 25 edici\u00f3n - Altea Cultural\",\"isPartOf\":{\"@id\":\"https:\/\/www.alteacultural.com\/es\/#website\"},\"primaryImageOfPage\":{\"@id\":\"https:\/\/www.alteacultural.com\/es\/2023\/05\/22\/balconades-daltea-convoca-la-seua-25-edicio\/#primaryimage\"},\"image\":{\"@id\":\"https:\/\/www.alteacultural.com\/es\/2023\/05\/22\/balconades-daltea-convoca-la-seua-25-edicio\/#primaryimage\"},\"thumbnailUrl\":\"https:\/\/www.alteacultural.com\/wp-content\/uploads\/2023\/07\/balconades-web.jpg\",\"datePublished\":\"2023-05-22T12:20:00+00:00\",\"dateModified\":\"2023-07-10T08:25:39+00:00\",\"author\":{\"@id\":\"https:\/\/www.alteacultural.com\/es\/#\/schema\/person\/c4e137537f1af546d214a315255e5172\"},\"breadcrumb\":{\"@id\":\"https:\/\/www.alteacultural.com\/es\/2023\/05\/22\/balconades-daltea-convoca-la-seua-25-edicio\/#breadcrumb\"},\"inLanguage\":\"es\",\"potentialAction\":[{\"@type\":\"ReadAction\",\"target\":[\"https:\/\/www.alteacultural.com\/es\/2023\/05\/22\/balconades-daltea-convoca-la-seua-25-edicio\/\"]}]},{\"@type\":\"ImageObject\",\"inLanguage\":\"es\",\"@id\":\"https:\/\/www.alteacultural.com\/es\/2023\/05\/22\/balconades-daltea-convoca-la-seua-25-edicio\/#primaryimage\",\"url\":\"https:\/\/www.alteacultural.com\/wp-content\/uploads\/2023\/07\/balconades-web.jpg\",\"contentUrl\":\"https:\/\/www.alteacultural.com\/wp-content\/uploads\/2023\/07\/balconades-web.jpg\",\"width\":1028,\"height\":688,\"caption\":\"SONY DSC\"},{\"@type\":\"BreadcrumbList\",\"@id\":\"https:\/\/www.alteacultural.com\/es\/2023\/05\/22\/balconades-daltea-convoca-la-seua-25-edicio\/#breadcrumb\",\"itemListElement\":[{\"@type\":\"ListItem\",\"position\":1,\"name\":\"Inici\",\"item\":\"https:\/\/www.alteacultural.com\/es\/\"},{\"@type\":\"ListItem\",\"position\":2,\"name\":\"Balconades d\u2019Altea convoca su 25 edici\u00f3n\"}]},{\"@type\":\"WebSite\",\"@id\":\"https:\/\/www.alteacultural.com\/es\/#website\",\"url\":\"https:\/\/www.alteacultural.com\/es\/\",\"name\":\"Altea Cultural\",\"description\":\"Regidoria de Cultura de l&#039;Ajuntament d&#039;Altea\",\"potentialAction\":[{\"@type\":\"SearchAction\",\"target\":{\"@type\":\"EntryPoint\",\"urlTemplate\":\"https:\/\/www.alteacultural.com\/es\/?s={search_term_string}\"},\"query-input\":\"required name=search_term_string\"}],\"inLanguage\":\"es\"},{\"@type\":\"Person\",\"@id\":\"https:\/\/www.alteacultural.com\/es\/#\/schema\/person\/c4e137537f1af546d214a315255e5172\",\"name\":\"sfaltea.com-admin\",\"image\":{\"@type\":\"ImageObject\",\"inLanguage\":\"es\",\"@id\":\"https:\/\/www.alteacultural.com\/es\/#\/schema\/person\/image\/\",\"url\":\"https:\/\/secure.gravatar.com\/avatar\/f7473fa2fbd351270ccfd469de536202?s=96&d=mm&r=g\",\"contentUrl\":\"https:\/\/secure.gravatar.com\/avatar\/f7473fa2fbd351270ccfd469de536202?s=96&d=mm&r=g\",\"caption\":\"sfaltea.com-admin\"},\"url\":\"https:\/\/www.alteacultural.com\/es\/author\/sfaltea-com-admin\/\"}]}<\/script>\n<!-- \/ Yoast SEO plugin. -->","yoast_head_json":{"title":"Balconades d\u2019Altea convoca su 25 edici\u00f3n - Altea Cultural","robots":{"index":"index","follow":"follow","max-snippet":"max-snippet:-1","max-image-preview":"max-image-preview:large","max-video-preview":"max-video-preview:-1"},"canonical":"https:\/\/www.alteacultural.com\/es\/2023\/05\/22\/balconades-daltea-convoca-la-seua-25-edicio\/","og_locale":"es_ES","og_type":"article","og_title":"Balconades d\u2019Altea convoca su 25 edici\u00f3n - Altea Cultural","og_description":"La exposici\u00f3n pict\u00f3rica al aire libre, Balconades, cumple 25 a\u00f1os y convoca una nueva edici\u00f3n, cuya inscripci\u00f3n podr\u00e1 realizarse [&hellip;]","og_url":"https:\/\/www.alteacultural.com\/es\/2023\/05\/22\/balconades-daltea-convoca-la-seua-25-edicio\/","og_site_name":"Altea Cultural","article_published_time":"2023-05-22T12:20:00+00:00","article_modified_time":"2023-07-10T08:25:39+00:00","og_image":[{"width":1028,"height":688,"url":"https:\/\/www.alteacultural.com\/wp-content\/uploads\/2023\/07\/balconades-web.jpg","type":"image\/jpeg"}],"author":"sfaltea.com-admin","twitter_card":"summary_large_image","twitter_misc":{"Escrito por":"sfaltea.com-admin","Tiempo de lectura":"3 minutos"},"schema":{"@context":"https:\/\/schema.org","@graph":[{"@type":"WebPage","@id":"https:\/\/www.alteacultural.com\/es\/2023\/05\/22\/balconades-daltea-convoca-la-seua-25-edicio\/","url":"https:\/\/www.alteacultural.com\/es\/2023\/05\/22\/balconades-daltea-convoca-la-seua-25-edicio\/","name":"Balconades d\u2019Altea convoca su 25 edici\u00f3n - Altea Cultural","isPartOf":{"@id":"https:\/\/www.alteacultural.com\/es\/#website"},"primaryImageOfPage":{"@id":"https:\/\/www.alteacultural.com\/es\/2023\/05\/22\/balconades-daltea-convoca-la-seua-25-edicio\/#primaryimage"},"image":{"@id":"https:\/\/www.alteacultural.com\/es\/2023\/05\/22\/balconades-daltea-convoca-la-seua-25-edicio\/#primaryimage"},"thumbnailUrl":"https:\/\/www.alteacultural.com\/wp-content\/uploads\/2023\/07\/balconades-web.jpg","datePublished":"2023-05-22T12:20:00+00:00","dateModified":"2023-07-10T08:25:39+00:00","author":{"@id":"https:\/\/www.alteacultural.com\/es\/#\/schema\/person\/c4e137537f1af546d214a315255e5172"},"breadcrumb":{"@id":"https:\/\/www.alteacultural.com\/es\/2023\/05\/22\/balconades-daltea-convoca-la-seua-25-edicio\/#breadcrumb"},"inLanguage":"es","potentialAction":[{"@type":"ReadAction","target":["https:\/\/www.alteacultural.com\/es\/2023\/05\/22\/balconades-daltea-convoca-la-seua-25-edicio\/"]}]},{"@type":"ImageObject","inLanguage":"es","@id":"https:\/\/www.alteacultural.com\/es\/2023\/05\/22\/balconades-daltea-convoca-la-seua-25-edicio\/#primaryimage","url":"https:\/\/www.alteacultural.com\/wp-content\/uploads\/2023\/07\/balconades-web.jpg","contentUrl":"https:\/\/www.alteacultural.com\/wp-content\/uploads\/2023\/07\/balconades-web.jpg","width":1028,"height":688,"caption":"SONY DSC"},{"@type":"BreadcrumbList","@id":"https:\/\/www.alteacultural.com\/es\/2023\/05\/22\/balconades-daltea-convoca-la-seua-25-edicio\/#breadcrumb","itemListElement":[{"@type":"ListItem","position":1,"name":"Inici","item":"https:\/\/www.alteacultural.com\/es\/"},{"@type":"ListItem","position":2,"name":"Balconades d\u2019Altea convoca su 25 edici\u00f3n"}]},{"@type":"WebSite","@id":"https:\/\/www.alteacultural.com\/es\/#website","url":"https:\/\/www.alteacultural.com\/es\/","name":"Altea Cultural","description":"Regidoria de Cultura de l&#039;Ajuntament d&#039;Altea","potentialAction":[{"@type":"SearchAction","target":{"@type":"EntryPoint","urlTemplate":"https:\/\/www.alteacultural.com\/es\/?s={search_term_string}"},"query-input":"required name=search_term_string"}],"inLanguage":"es"},{"@type":"Person","@id":"https:\/\/www.alteacultural.com\/es\/#\/schema\/person\/c4e137537f1af546d214a315255e5172","name":"sfaltea.com-admin","image":{"@type":"ImageObject","inLanguage":"es","@id":"https:\/\/www.alteacultural.com\/es\/#\/schema\/person\/image\/","url":"https:\/\/secure.gravatar.com\/avatar\/f7473fa2fbd351270ccfd469de536202?s=96&d=mm&r=g","contentUrl":"https:\/\/secure.gravatar.com\/avatar\/f7473fa2fbd351270ccfd469de536202?s=96&d=mm&r=g","caption":"sfaltea.com-admin"},"url":"https:\/\/www.alteacultural.com\/es\/author\/sfaltea-com-admin\/"}]}},"_links":{"self":[{"href":"https:\/\/www.alteacultural.com\/es\/wp-json\/wp\/v2\/posts\/26603"}],"collection":[{"href":"https:\/\/www.alteacultural.com\/es\/wp-json\/wp\/v2\/posts"}],"about":[{"href":"https:\/\/www.alteacultural.com\/es\/wp-json\/wp\/v2\/types\/post"}],"author":[{"embeddable":true,"href":"https:\/\/www.alteacultural.com\/es\/wp-json\/wp\/v2\/users\/1"}],"replies":[{"embeddable":true,"href":"https:\/\/www.alteacultural.com\/es\/wp-json\/wp\/v2\/comments?post=26603"}],"version-history":[{"count":1,"href":"https:\/\/www.alteacultural.com\/es\/wp-json\/wp\/v2\/posts\/26603\/revisions"}],"predecessor-version":[{"id":26604,"href":"https:\/\/www.alteacultural.com\/es\/wp-json\/wp\/v2\/posts\/26603\/revisions\/26604"}],"wp:featuredmedia":[{"embeddable":true,"href":"https:\/\/www.alteacultural.com\/es\/wp-json\/wp\/v2\/media\/26601"}],"wp:attachment":[{"href":"https:\/\/www.alteacultural.com\/es\/wp-json\/wp\/v2\/media?parent=26603"}],"curies":[{"name":"wp","href":"https:\/\/api.w.org\/{rel}","templated":true}]}}