{"id":26688,"date":"2023-07-13T17:00:00","date_gmt":"2023-07-13T15:00:00","guid":{"rendered":"https:\/\/www.alteacultural.com\/2023\/07\/13\/cultura-dona-a-coneixer-la-programacio-musical-per-a-les-properes-setmanes-al-centre-cultural-daltea-la-vella\/"},"modified":"2023-07-14T08:52:27","modified_gmt":"2023-07-14T06:52:27","slug":"cultura-dona-a-coneixer-la-programacio-musical-per-a-les-properes-setmanes-al-centre-cultural-daltea-la-vella","status":"publish","type":"post","link":"https:\/\/www.alteacultural.com\/es\/2023\/07\/13\/cultura-dona-a-coneixer-la-programacio-musical-per-a-les-properes-setmanes-al-centre-cultural-daltea-la-vella\/","title":{"rendered":"Cultura da a conocer la programaci\u00f3n musical para las pr\u00f3ximas semanas en el Centro Cultural de Altea la Vella"},"content":{"rendered":"\n<figure class=\"wp-block-image\"><img decoding=\"async\" data-src=\"https:\/\/alteadigital.es\/wp-content\/uploads\/2023\/07\/cartell-programacio-AV-web.jpg\" alt=\"Cultura d\u00f3na a con\u00e8ixer la programaci\u00f3 musical per a les properes setmanes al Centre Cultural d\u2019Altea la Vella\" src=\"data:image\/gif;base64,R0lGODlhAQABAAAAACH5BAEKAAEALAAAAAABAAEAAAICTAEAOw==\" class=\"lazyload\" \/><\/figure>\n\n\n\n<p><\/p>\n\n\n\n<p>La concejal\u00eda de Cultura ha informado de la programaci\u00f3n musical que en las pr\u00f3ximas semanas va a tener lugar en el Centro Cultural de Altea la Vella. Como indica la edil Pepa Victoria P\u00e9rez, son 4 conciertos de diferentes estilos los que podr\u00e1n disfrutar los amantes de la m\u00fasica a partir de este s\u00e1bado 15 de julio con el Festival de Bandas de las Fiestas de Santa Anna, organizado por la Sociedad Recreativa Musical de Altea la Vella.<\/p>\n\n\n\n<p>El programa de este Festival de Bandas estar\u00e1 interpretado en una primera parte por la S.M. La Lira de l\u2019Alf\u00e0s del Pi y la segunda por la propia SR Musical de Altea la Vella.<\/p>\n\n\n\n<p>El d\u00eda 30 de julio el turno es para la m\u00fasica de cuerda. Concierto a cargo de la Rondalla Monte de la Sal de El Pin\u00f3s y la orquestra de Pols i Pua de la SF Alteanense.<\/p>\n\n\n\n<p>El 5 de agosto la protagonista volver\u00e1 a ser la m\u00fasica de banda con el tradicional Concierto de Verano de la Societat Recreativa Musical de Altea la Vella.<\/p>\n\n\n\n<p>Y el 6 de agosto ser\u00e1 la m\u00fasica de coro la que inunde el escenario del Centro Cultural de Altea la Vella con la Coral Amics de la M\u00fasica de Callosa d\u2019Ensarri\u00e0 y la Coral de la SFA.<\/p>\n\n\n\n<p>Seg\u00fan los datos aportados por la concejala, todos estos conciertos se celebrar\u00e1n a las 20:00h con entrada libre y gratuita, limitada al aforo del auditorio.<\/p>\n\n\n\n<p>Pepa Victoria P\u00e9rez invita a los vecinos de Altea la Vella, Altea y amantes de la m\u00fasica a que no se pierdan estas citas que seguro har\u00e1n las delicias de los presentes. |ALTEADIGITAL.ES<\/p>\n\n\n\n<div class=\"wp-block-image\"><figure class=\"aligncenter\"><img decoding=\"async\" data-src=\"https:\/\/alteadigital.es\/wp-content\/uploads\/2023\/07\/Pepa-programacio-AV-web.jpg\" alt=\"\" class=\"wp-image-112800 lazyload\" src=\"data:image\/gif;base64,R0lGODlhAQABAAAAACH5BAEKAAEALAAAAAABAAEAAAICTAEAOw==\" \/><\/figure><\/div>\n","protected":false},"excerpt":{"rendered":"<p>La concejal\u00eda de Cultura ha informado de la programaci\u00f3n musical que en las pr\u00f3ximas semanas va a tener lugar [&hellip;]<\/p>\n","protected":false},"author":1,"featured_media":26607,"comment_status":"open","ping_status":"open","sticky":false,"template":"","format":"standard","meta":{"_expiration-date-status":"","_expiration-date":0,"_expiration-date-type":"","_expiration-date-categories":[],"_expiration-date-options":[],"footnotes":""},"yoast_head":"<!-- This site is optimized with the Yoast SEO plugin v22.8 - https:\/\/yoast.com\/wordpress\/plugins\/seo\/ -->\n<title>Cultura da a conocer la programaci\u00f3n musical para las pr\u00f3ximas semanas en el Centro Cultural de Altea la Vella - Altea Cultural<\/title>\n<meta name=\"robots\" content=\"index, follow, max-snippet:-1, max-image-preview:large, max-video-preview:-1\" \/>\n<link rel=\"canonical\" href=\"https:\/\/www.alteacultural.com\/es\/2023\/07\/13\/cultura-dona-a-coneixer-la-programacio-musical-per-a-les-properes-setmanes-al-centre-cultural-daltea-la-vella\/\" \/>\n<meta property=\"og:locale\" content=\"es_ES\" \/>\n<meta property=\"og:type\" content=\"article\" \/>\n<meta property=\"og:title\" content=\"Cultura da a conocer la programaci\u00f3n musical para las pr\u00f3ximas semanas en el Centro Cultural de Altea la Vella - Altea Cultural\" \/>\n<meta property=\"og:description\" content=\"La concejal\u00eda de Cultura ha informado de la programaci\u00f3n musical que en las pr\u00f3ximas semanas va a tener lugar [&hellip;]\" \/>\n<meta property=\"og:url\" content=\"https:\/\/www.alteacultural.com\/es\/2023\/07\/13\/cultura-dona-a-coneixer-la-programacio-musical-per-a-les-properes-setmanes-al-centre-cultural-daltea-la-vella\/\" \/>\n<meta property=\"og:site_name\" content=\"Altea Cultural\" \/>\n<meta property=\"article:published_time\" content=\"2023-07-13T15:00:00+00:00\" \/>\n<meta property=\"article:modified_time\" content=\"2023-07-14T06:52:27+00:00\" \/>\n<meta property=\"og:image\" content=\"https:\/\/www.alteacultural.com\/wp-content\/uploads\/2023\/07\/2023-08-06-ProgramacioAlteaVellaJulAgo2023_CartellV2-01.jpg\" \/>\n\t<meta property=\"og:image:width\" content=\"1754\" \/>\n\t<meta property=\"og:image:height\" content=\"2480\" \/>\n\t<meta property=\"og:image:type\" content=\"image\/jpeg\" \/>\n<meta name=\"author\" content=\"sfaltea.com-admin\" \/>\n<meta name=\"twitter:card\" content=\"summary_large_image\" \/>\n<meta name=\"twitter:label1\" content=\"Escrito por\" \/>\n\t<meta name=\"twitter:data1\" content=\"sfaltea.com-admin\" \/>\n\t<meta name=\"twitter:label2\" content=\"Tiempo de lectura\" \/>\n\t<meta name=\"twitter:data2\" content=\"2 minutos\" \/>\n<script type=\"application\/ld+json\" class=\"yoast-schema-graph\">{\"@context\":\"https:\/\/schema.org\",\"@graph\":[{\"@type\":\"WebPage\",\"@id\":\"https:\/\/www.alteacultural.com\/es\/2023\/07\/13\/cultura-dona-a-coneixer-la-programacio-musical-per-a-les-properes-setmanes-al-centre-cultural-daltea-la-vella\/\",\"url\":\"https:\/\/www.alteacultural.com\/es\/2023\/07\/13\/cultura-dona-a-coneixer-la-programacio-musical-per-a-les-properes-setmanes-al-centre-cultural-daltea-la-vella\/\",\"name\":\"Cultura da a conocer la programaci\u00f3n musical para las pr\u00f3ximas semanas en el Centro Cultural de Altea la Vella - Altea Cultural\",\"isPartOf\":{\"@id\":\"https:\/\/www.alteacultural.com\/es\/#website\"},\"primaryImageOfPage\":{\"@id\":\"https:\/\/www.alteacultural.com\/es\/2023\/07\/13\/cultura-dona-a-coneixer-la-programacio-musical-per-a-les-properes-setmanes-al-centre-cultural-daltea-la-vella\/#primaryimage\"},\"image\":{\"@id\":\"https:\/\/www.alteacultural.com\/es\/2023\/07\/13\/cultura-dona-a-coneixer-la-programacio-musical-per-a-les-properes-setmanes-al-centre-cultural-daltea-la-vella\/#primaryimage\"},\"thumbnailUrl\":\"https:\/\/www.alteacultural.com\/wp-content\/uploads\/2023\/07\/2023-08-06-ProgramacioAlteaVellaJulAgo2023_CartellV2-01.jpg\",\"datePublished\":\"2023-07-13T15:00:00+00:00\",\"dateModified\":\"2023-07-14T06:52:27+00:00\",\"author\":{\"@id\":\"https:\/\/www.alteacultural.com\/es\/#\/schema\/person\/c4e137537f1af546d214a315255e5172\"},\"breadcrumb\":{\"@id\":\"https:\/\/www.alteacultural.com\/es\/2023\/07\/13\/cultura-dona-a-coneixer-la-programacio-musical-per-a-les-properes-setmanes-al-centre-cultural-daltea-la-vella\/#breadcrumb\"},\"inLanguage\":\"es\",\"potentialAction\":[{\"@type\":\"ReadAction\",\"target\":[\"https:\/\/www.alteacultural.com\/es\/2023\/07\/13\/cultura-dona-a-coneixer-la-programacio-musical-per-a-les-properes-setmanes-al-centre-cultural-daltea-la-vella\/\"]}]},{\"@type\":\"ImageObject\",\"inLanguage\":\"es\",\"@id\":\"https:\/\/www.alteacultural.com\/es\/2023\/07\/13\/cultura-dona-a-coneixer-la-programacio-musical-per-a-les-properes-setmanes-al-centre-cultural-daltea-la-vella\/#primaryimage\",\"url\":\"https:\/\/www.alteacultural.com\/wp-content\/uploads\/2023\/07\/2023-08-06-ProgramacioAlteaVellaJulAgo2023_CartellV2-01.jpg\",\"contentUrl\":\"https:\/\/www.alteacultural.com\/wp-content\/uploads\/2023\/07\/2023-08-06-ProgramacioAlteaVellaJulAgo2023_CartellV2-01.jpg\",\"width\":1754,\"height\":2480},{\"@type\":\"BreadcrumbList\",\"@id\":\"https:\/\/www.alteacultural.com\/es\/2023\/07\/13\/cultura-dona-a-coneixer-la-programacio-musical-per-a-les-properes-setmanes-al-centre-cultural-daltea-la-vella\/#breadcrumb\",\"itemListElement\":[{\"@type\":\"ListItem\",\"position\":1,\"name\":\"Inici\",\"item\":\"https:\/\/www.alteacultural.com\/es\/\"},{\"@type\":\"ListItem\",\"position\":2,\"name\":\"Cultura da a conocer la programaci\u00f3n musical para las pr\u00f3ximas semanas en el Centro Cultural de Altea la Vella\"}]},{\"@type\":\"WebSite\",\"@id\":\"https:\/\/www.alteacultural.com\/es\/#website\",\"url\":\"https:\/\/www.alteacultural.com\/es\/\",\"name\":\"Altea Cultural\",\"description\":\"Regidoria de Cultura de l&#039;Ajuntament d&#039;Altea\",\"potentialAction\":[{\"@type\":\"SearchAction\",\"target\":{\"@type\":\"EntryPoint\",\"urlTemplate\":\"https:\/\/www.alteacultural.com\/es\/?s={search_term_string}\"},\"query-input\":\"required name=search_term_string\"}],\"inLanguage\":\"es\"},{\"@type\":\"Person\",\"@id\":\"https:\/\/www.alteacultural.com\/es\/#\/schema\/person\/c4e137537f1af546d214a315255e5172\",\"name\":\"sfaltea.com-admin\",\"image\":{\"@type\":\"ImageObject\",\"inLanguage\":\"es\",\"@id\":\"https:\/\/www.alteacultural.com\/es\/#\/schema\/person\/image\/\",\"url\":\"https:\/\/secure.gravatar.com\/avatar\/f7473fa2fbd351270ccfd469de536202?s=96&d=mm&r=g\",\"contentUrl\":\"https:\/\/secure.gravatar.com\/avatar\/f7473fa2fbd351270ccfd469de536202?s=96&d=mm&r=g\",\"caption\":\"sfaltea.com-admin\"},\"url\":\"https:\/\/www.alteacultural.com\/es\/author\/sfaltea-com-admin\/\"}]}<\/script>\n<!-- \/ Yoast SEO plugin. -->","yoast_head_json":{"title":"Cultura da a conocer la programaci\u00f3n musical para las pr\u00f3ximas semanas en el Centro Cultural de Altea la Vella - Altea Cultural","robots":{"index":"index","follow":"follow","max-snippet":"max-snippet:-1","max-image-preview":"max-image-preview:large","max-video-preview":"max-video-preview:-1"},"canonical":"https:\/\/www.alteacultural.com\/es\/2023\/07\/13\/cultura-dona-a-coneixer-la-programacio-musical-per-a-les-properes-setmanes-al-centre-cultural-daltea-la-vella\/","og_locale":"es_ES","og_type":"article","og_title":"Cultura da a conocer la programaci\u00f3n musical para las pr\u00f3ximas semanas en el Centro Cultural de Altea la Vella - Altea Cultural","og_description":"La concejal\u00eda de Cultura ha informado de la programaci\u00f3n musical que en las pr\u00f3ximas semanas va a tener lugar [&hellip;]","og_url":"https:\/\/www.alteacultural.com\/es\/2023\/07\/13\/cultura-dona-a-coneixer-la-programacio-musical-per-a-les-properes-setmanes-al-centre-cultural-daltea-la-vella\/","og_site_name":"Altea Cultural","article_published_time":"2023-07-13T15:00:00+00:00","article_modified_time":"2023-07-14T06:52:27+00:00","og_image":[{"width":1754,"height":2480,"url":"https:\/\/www.alteacultural.com\/wp-content\/uploads\/2023\/07\/2023-08-06-ProgramacioAlteaVellaJulAgo2023_CartellV2-01.jpg","type":"image\/jpeg"}],"author":"sfaltea.com-admin","twitter_card":"summary_large_image","twitter_misc":{"Escrito por":"sfaltea.com-admin","Tiempo de lectura":"2 minutos"},"schema":{"@context":"https:\/\/schema.org","@graph":[{"@type":"WebPage","@id":"https:\/\/www.alteacultural.com\/es\/2023\/07\/13\/cultura-dona-a-coneixer-la-programacio-musical-per-a-les-properes-setmanes-al-centre-cultural-daltea-la-vella\/","url":"https:\/\/www.alteacultural.com\/es\/2023\/07\/13\/cultura-dona-a-coneixer-la-programacio-musical-per-a-les-properes-setmanes-al-centre-cultural-daltea-la-vella\/","name":"Cultura da a conocer la programaci\u00f3n musical para las pr\u00f3ximas semanas en el Centro Cultural de Altea la Vella - Altea Cultural","isPartOf":{"@id":"https:\/\/www.alteacultural.com\/es\/#website"},"primaryImageOfPage":{"@id":"https:\/\/www.alteacultural.com\/es\/2023\/07\/13\/cultura-dona-a-coneixer-la-programacio-musical-per-a-les-properes-setmanes-al-centre-cultural-daltea-la-vella\/#primaryimage"},"image":{"@id":"https:\/\/www.alteacultural.com\/es\/2023\/07\/13\/cultura-dona-a-coneixer-la-programacio-musical-per-a-les-properes-setmanes-al-centre-cultural-daltea-la-vella\/#primaryimage"},"thumbnailUrl":"https:\/\/www.alteacultural.com\/wp-content\/uploads\/2023\/07\/2023-08-06-ProgramacioAlteaVellaJulAgo2023_CartellV2-01.jpg","datePublished":"2023-07-13T15:00:00+00:00","dateModified":"2023-07-14T06:52:27+00:00","author":{"@id":"https:\/\/www.alteacultural.com\/es\/#\/schema\/person\/c4e137537f1af546d214a315255e5172"},"breadcrumb":{"@id":"https:\/\/www.alteacultural.com\/es\/2023\/07\/13\/cultura-dona-a-coneixer-la-programacio-musical-per-a-les-properes-setmanes-al-centre-cultural-daltea-la-vella\/#breadcrumb"},"inLanguage":"es","potentialAction":[{"@type":"ReadAction","target":["https:\/\/www.alteacultural.com\/es\/2023\/07\/13\/cultura-dona-a-coneixer-la-programacio-musical-per-a-les-properes-setmanes-al-centre-cultural-daltea-la-vella\/"]}]},{"@type":"ImageObject","inLanguage":"es","@id":"https:\/\/www.alteacultural.com\/es\/2023\/07\/13\/cultura-dona-a-coneixer-la-programacio-musical-per-a-les-properes-setmanes-al-centre-cultural-daltea-la-vella\/#primaryimage","url":"https:\/\/www.alteacultural.com\/wp-content\/uploads\/2023\/07\/2023-08-06-ProgramacioAlteaVellaJulAgo2023_CartellV2-01.jpg","contentUrl":"https:\/\/www.alteacultural.com\/wp-content\/uploads\/2023\/07\/2023-08-06-ProgramacioAlteaVellaJulAgo2023_CartellV2-01.jpg","width":1754,"height":2480},{"@type":"BreadcrumbList","@id":"https:\/\/www.alteacultural.com\/es\/2023\/07\/13\/cultura-dona-a-coneixer-la-programacio-musical-per-a-les-properes-setmanes-al-centre-cultural-daltea-la-vella\/#breadcrumb","itemListElement":[{"@type":"ListItem","position":1,"name":"Inici","item":"https:\/\/www.alteacultural.com\/es\/"},{"@type":"ListItem","position":2,"name":"Cultura da a conocer la programaci\u00f3n musical para las pr\u00f3ximas semanas en el Centro Cultural de Altea la Vella"}]},{"@type":"WebSite","@id":"https:\/\/www.alteacultural.com\/es\/#website","url":"https:\/\/www.alteacultural.com\/es\/","name":"Altea Cultural","description":"Regidoria de Cultura de l&#039;Ajuntament d&#039;Altea","potentialAction":[{"@type":"SearchAction","target":{"@type":"EntryPoint","urlTemplate":"https:\/\/www.alteacultural.com\/es\/?s={search_term_string}"},"query-input":"required name=search_term_string"}],"inLanguage":"es"},{"@type":"Person","@id":"https:\/\/www.alteacultural.com\/es\/#\/schema\/person\/c4e137537f1af546d214a315255e5172","name":"sfaltea.com-admin","image":{"@type":"ImageObject","inLanguage":"es","@id":"https:\/\/www.alteacultural.com\/es\/#\/schema\/person\/image\/","url":"https:\/\/secure.gravatar.com\/avatar\/f7473fa2fbd351270ccfd469de536202?s=96&d=mm&r=g","contentUrl":"https:\/\/secure.gravatar.com\/avatar\/f7473fa2fbd351270ccfd469de536202?s=96&d=mm&r=g","caption":"sfaltea.com-admin"},"url":"https:\/\/www.alteacultural.com\/es\/author\/sfaltea-com-admin\/"}]}},"_links":{"self":[{"href":"https:\/\/www.alteacultural.com\/es\/wp-json\/wp\/v2\/posts\/26688"}],"collection":[{"href":"https:\/\/www.alteacultural.com\/es\/wp-json\/wp\/v2\/posts"}],"about":[{"href":"https:\/\/www.alteacultural.com\/es\/wp-json\/wp\/v2\/types\/post"}],"author":[{"embeddable":true,"href":"https:\/\/www.alteacultural.com\/es\/wp-json\/wp\/v2\/users\/1"}],"replies":[{"embeddable":true,"href":"https:\/\/www.alteacultural.com\/es\/wp-json\/wp\/v2\/comments?post=26688"}],"version-history":[{"count":1,"href":"https:\/\/www.alteacultural.com\/es\/wp-json\/wp\/v2\/posts\/26688\/revisions"}],"predecessor-version":[{"id":26689,"href":"https:\/\/www.alteacultural.com\/es\/wp-json\/wp\/v2\/posts\/26688\/revisions\/26689"}],"wp:featuredmedia":[{"embeddable":true,"href":"https:\/\/www.alteacultural.com\/es\/wp-json\/wp\/v2\/media\/26607"}],"wp:attachment":[{"href":"https:\/\/www.alteacultural.com\/es\/wp-json\/wp\/v2\/media?parent=26688"}],"curies":[{"name":"wp","href":"https:\/\/api.w.org\/{rel}","templated":true}]}}