{"id":26722,"date":"2023-07-21T08:53:49","date_gmt":"2023-07-21T06:53:49","guid":{"rendered":"https:\/\/www.alteacultural.com\/2023\/07\/21\/la-mostra-dartesania-ja-te-els-guanyadors-de-la-seua-40a-edicio\/"},"modified":"2023-07-22T12:00:30","modified_gmt":"2023-07-22T10:00:30","slug":"la-mostra-dartesania-ja-te-els-guanyadors-de-la-seua-40a-edicio","status":"publish","type":"post","link":"https:\/\/www.alteacultural.com\/es\/2023\/07\/21\/la-mostra-dartesania-ja-te-els-guanyadors-de-la-seua-40a-edicio\/","title":{"rendered":"La Mostra d\u2019Artesania ya tiene los ganadores de su 40 edici\u00f3n"},"content":{"rendered":"\n<figure class=\"wp-block-image\"><img decoding=\"async\" data-src=\"https:\/\/alteadigital.es\/wp-content\/uploads\/2023\/07\/grupo-entrega-premios-web.jpg\" alt=\"La Mostra d\u2019Artesania ja t\u00e9 els guanyadors de la seua 40a edici\u00f3\" src=\"data:image\/gif;base64,R0lGODlhAQABAAAAACH5BAEKAAEALAAAAAABAAEAAAICTAEAOw==\" class=\"lazyload\" \/><\/figure>\n\n\n\n<p><strong>Taller de joyeria Mataix &amp; Mo\u00f1ivar, cer\u00e1mica de autor Felipe Marcos y Luzia l\u00e1mparas creativas consiguen el primer, segundo y tercer premio, respectivamente.<\/strong><\/p>\n\n\n\n<p>En la tarde-noche de ayer ten\u00eda lugar el habitual recorrido del Jurado que otorga los \u201cPremis de la Mostra d\u2019Artesania\u201d. En esta su 40 edici\u00f3n los galardonados han sido Carla Mataix del taller de joyer\u00eda Mataix &amp; Mo\u00f1ivar, con la obra \u201cLa Estela del Conocimiento\u201d; el segundo premio reca\u00eda en la obra del ceramista Felipe Marcos con \u201cLa Vulva de Venus\u201d y el tercer puesto lo consegu\u00eda Luzia Lorente con la l\u00e1mpara&nbsp; \u201cConexi\u00f3n Valencia-Oriente, Ruta de la Seda\u201d. Unos premios dif\u00edciles de otorgar, ya que todas las obras presentadas a concurso eran de gran calidad art\u00edstica y mucho trabajo, lo que hizo que fuera muy alta la puntuaci\u00f3n asignada a cada una de ella.<\/p>\n\n\n\n<div class=\"wp-block-image\"><figure class=\"aligncenter\"><img decoding=\"async\" data-src=\"https:\/\/alteadigital.es\/wp-content\/uploads\/2023\/07\/1er-premio-joyeria-Mataix-Monivar-web.jpg\" alt=\"\" class=\"wp-image-112925 lazyload\" src=\"data:image\/gif;base64,R0lGODlhAQABAAAAACH5BAEKAAEALAAAAAABAAEAAAICTAEAOw==\" \/><\/figure><\/div>\n\n\n\n<p>El jurado, compuesto por los t\u00e9cnicos municipales de Cultura y Comercio y un edil por cada grupo municipal, estaba presidido por la edil de Cultura, Pepa Victoria P\u00e9rez, quien admit\u00eda la dificultad que ten\u00edan a la hora de decidir los ganadores porque \u201cson todas obras espl\u00e9ndidas que se caracterizan por estar muy trabajadas, ser originales e innovadoras\u201d. \u201cAdem\u00e1s es de resaltar la ilusi\u00f3n con la que cada artesano elabora su pieza a concurso y c\u00f3mo lo explica al jurado durante el recorrido que hacemos\u201d, ha a\u00f1adido la edil.<\/p>\n\n\n\n<div class=\"wp-block-image\"><figure class=\"aligncenter\"><img decoding=\"async\" data-src=\"https:\/\/alteadigital.es\/wp-content\/uploads\/2023\/07\/recorrido-por-los-puestos-2-web.jpg\" alt=\"\" class=\"wp-image-112931 lazyload\" src=\"data:image\/gif;base64,R0lGODlhAQABAAAAACH5BAEKAAEALAAAAAABAAEAAAICTAEAOw==\" \/><\/figure><\/div>\n\n\n\n<p>El primer premio de la Mostra est\u00e1 dotado con 1.000\u20ac; el segundo con 500\u20ac y el tercero no tiene dotaci\u00f3n econ\u00f3mica pero tambi\u00e9n es muy importante porque le da derecho al artesano a acceder a la Mostra d\u2019Artesania de forma directa el pr\u00f3ximo a\u00f1o, sin tener que presentarse a la selecci\u00f3n. Una selecci\u00f3n que en ocasiones resulta muy complicada por el gran n\u00famero de talleres que se presentan y sobre todo por la calidad de los mismos, porque es exigencia el que el producto haya sido manufacturado de forma artesanal en al menos su 80%. Lo que convierte a la Mostra d\u2019Artesania en una de las m\u00e1s destacadas del panorama nacional.<\/p>\n\n\n\n<div class=\"wp-block-image\"><figure class=\"aligncenter\"><img decoding=\"async\" data-src=\"https:\/\/alteadigital.es\/wp-content\/uploads\/2023\/07\/recorrido-puestos-web.jpg\" alt=\"\" class=\"wp-image-112927 lazyload\" src=\"data:image\/gif;base64,R0lGODlhAQABAAAAACH5BAEKAAEALAAAAAABAAEAAAICTAEAOw==\" \/><\/figure><\/div>\n\n\n\n<p>Dieciocho son los talleres que participan en esta edici\u00f3n de la Mostra D\u2019artesania d\u2019Altea, que seguir\u00e1 presente en la Plaza de la Iglesia, en el centro del Casco Antiguo, hasta el 10 de septiembre en horario de 19:00 a 00:30h.<\/p>\n\n\n\n<p>En nombre del Ayuntamiento, la edil de Cultura felicitaba a los premiados y animaba al resto de artesanos a seguir trabajando con el mismo \u00edmpetu con el que lo est\u00e1n haciendo hasta ahora. \u201cTenemos una Mostra d\u2019Artesania que destaca sobre el resto y tenemos que seguir cuidando las caracter\u00edsticas que la diferencian porque es parte de la marca de calidad que potenciamos en Altea\u201d, conclu\u00eda Pepa Victoria P\u00e9rez. |ALTEADIGITAL.ES<\/p>\n\n\n\n<div class=\"wp-block-image\"><figure class=\"aligncenter\"><img decoding=\"async\" data-src=\"https:\/\/alteadigital.es\/wp-content\/uploads\/2023\/07\/general-mostra-web.jpg\" alt=\"\" class=\"wp-image-112929 lazyload\" src=\"data:image\/gif;base64,R0lGODlhAQABAAAAACH5BAEKAAEALAAAAAABAAEAAAICTAEAOw==\" \/><\/figure><\/div>\n","protected":false},"excerpt":{"rendered":"<p>Taller de joyeria Mataix &amp; Mo\u00f1ivar, cer\u00e1mica de autor Felipe Marcos y Luzia l\u00e1mparas creativas consiguen el primer, segundo [&hellip;]<\/p>\n","protected":false},"author":1,"featured_media":26720,"comment_status":"open","ping_status":"open","sticky":false,"template":"","format":"standard","meta":{"_expiration-date-status":"","_expiration-date":0,"_expiration-date-type":"","_expiration-date-categories":[],"_expiration-date-options":[],"footnotes":""},"yoast_head":"<!-- This site is optimized with the Yoast SEO plugin v22.8 - https:\/\/yoast.com\/wordpress\/plugins\/seo\/ -->\n<title>La Mostra d\u2019Artesania ya tiene los ganadores de su 40 edici\u00f3n - Altea Cultural<\/title>\n<meta name=\"robots\" content=\"index, follow, max-snippet:-1, max-image-preview:large, max-video-preview:-1\" \/>\n<link rel=\"canonical\" href=\"https:\/\/www.alteacultural.com\/es\/2023\/07\/21\/la-mostra-dartesania-ja-te-els-guanyadors-de-la-seua-40a-edicio\/\" \/>\n<meta property=\"og:locale\" content=\"es_ES\" \/>\n<meta property=\"og:type\" content=\"article\" \/>\n<meta property=\"og:title\" content=\"La Mostra d\u2019Artesania ya tiene los ganadores de su 40 edici\u00f3n - Altea Cultural\" \/>\n<meta property=\"og:description\" content=\"Taller de joyeria Mataix &amp; Mo\u00f1ivar, cer\u00e1mica de autor Felipe Marcos y Luzia l\u00e1mparas creativas consiguen el primer, segundo [&hellip;]\" \/>\n<meta property=\"og:url\" content=\"https:\/\/www.alteacultural.com\/es\/2023\/07\/21\/la-mostra-dartesania-ja-te-els-guanyadors-de-la-seua-40a-edicio\/\" \/>\n<meta property=\"og:site_name\" content=\"Altea Cultural\" \/>\n<meta property=\"article:published_time\" content=\"2023-07-21T06:53:49+00:00\" \/>\n<meta property=\"article:modified_time\" content=\"2023-07-22T10:00:30+00:00\" \/>\n<meta property=\"og:image\" content=\"https:\/\/www.alteacultural.com\/wp-content\/uploads\/2023\/07\/grupo-entrega-premios-web.jpg\" \/>\n\t<meta property=\"og:image:width\" content=\"1028\" \/>\n\t<meta property=\"og:image:height\" content=\"540\" \/>\n\t<meta property=\"og:image:type\" content=\"image\/jpeg\" \/>\n<meta name=\"author\" content=\"sfaltea.com-admin\" \/>\n<meta name=\"twitter:card\" content=\"summary_large_image\" \/>\n<meta name=\"twitter:label1\" content=\"Escrito por\" \/>\n\t<meta name=\"twitter:data1\" content=\"sfaltea.com-admin\" \/>\n\t<meta name=\"twitter:label2\" content=\"Tiempo de lectura\" \/>\n\t<meta name=\"twitter:data2\" content=\"3 minutos\" \/>\n<script type=\"application\/ld+json\" class=\"yoast-schema-graph\">{\"@context\":\"https:\/\/schema.org\",\"@graph\":[{\"@type\":\"WebPage\",\"@id\":\"https:\/\/www.alteacultural.com\/es\/2023\/07\/21\/la-mostra-dartesania-ja-te-els-guanyadors-de-la-seua-40a-edicio\/\",\"url\":\"https:\/\/www.alteacultural.com\/es\/2023\/07\/21\/la-mostra-dartesania-ja-te-els-guanyadors-de-la-seua-40a-edicio\/\",\"name\":\"La Mostra d\u2019Artesania ya tiene los ganadores de su 40 edici\u00f3n - Altea Cultural\",\"isPartOf\":{\"@id\":\"https:\/\/www.alteacultural.com\/es\/#website\"},\"primaryImageOfPage\":{\"@id\":\"https:\/\/www.alteacultural.com\/es\/2023\/07\/21\/la-mostra-dartesania-ja-te-els-guanyadors-de-la-seua-40a-edicio\/#primaryimage\"},\"image\":{\"@id\":\"https:\/\/www.alteacultural.com\/es\/2023\/07\/21\/la-mostra-dartesania-ja-te-els-guanyadors-de-la-seua-40a-edicio\/#primaryimage\"},\"thumbnailUrl\":\"https:\/\/www.alteacultural.com\/wp-content\/uploads\/2023\/07\/grupo-entrega-premios-web.jpg\",\"datePublished\":\"2023-07-21T06:53:49+00:00\",\"dateModified\":\"2023-07-22T10:00:30+00:00\",\"author\":{\"@id\":\"https:\/\/www.alteacultural.com\/es\/#\/schema\/person\/c4e137537f1af546d214a315255e5172\"},\"breadcrumb\":{\"@id\":\"https:\/\/www.alteacultural.com\/es\/2023\/07\/21\/la-mostra-dartesania-ja-te-els-guanyadors-de-la-seua-40a-edicio\/#breadcrumb\"},\"inLanguage\":\"es\",\"potentialAction\":[{\"@type\":\"ReadAction\",\"target\":[\"https:\/\/www.alteacultural.com\/es\/2023\/07\/21\/la-mostra-dartesania-ja-te-els-guanyadors-de-la-seua-40a-edicio\/\"]}]},{\"@type\":\"ImageObject\",\"inLanguage\":\"es\",\"@id\":\"https:\/\/www.alteacultural.com\/es\/2023\/07\/21\/la-mostra-dartesania-ja-te-els-guanyadors-de-la-seua-40a-edicio\/#primaryimage\",\"url\":\"https:\/\/www.alteacultural.com\/wp-content\/uploads\/2023\/07\/grupo-entrega-premios-web.jpg\",\"contentUrl\":\"https:\/\/www.alteacultural.com\/wp-content\/uploads\/2023\/07\/grupo-entrega-premios-web.jpg\",\"width\":1028,\"height\":540},{\"@type\":\"BreadcrumbList\",\"@id\":\"https:\/\/www.alteacultural.com\/es\/2023\/07\/21\/la-mostra-dartesania-ja-te-els-guanyadors-de-la-seua-40a-edicio\/#breadcrumb\",\"itemListElement\":[{\"@type\":\"ListItem\",\"position\":1,\"name\":\"Inici\",\"item\":\"https:\/\/www.alteacultural.com\/es\/\"},{\"@type\":\"ListItem\",\"position\":2,\"name\":\"La Mostra d\u2019Artesania ya tiene los ganadores de su 40 edici\u00f3n\"}]},{\"@type\":\"WebSite\",\"@id\":\"https:\/\/www.alteacultural.com\/es\/#website\",\"url\":\"https:\/\/www.alteacultural.com\/es\/\",\"name\":\"Altea Cultural\",\"description\":\"Regidoria de Cultura de l&#039;Ajuntament d&#039;Altea\",\"potentialAction\":[{\"@type\":\"SearchAction\",\"target\":{\"@type\":\"EntryPoint\",\"urlTemplate\":\"https:\/\/www.alteacultural.com\/es\/?s={search_term_string}\"},\"query-input\":\"required name=search_term_string\"}],\"inLanguage\":\"es\"},{\"@type\":\"Person\",\"@id\":\"https:\/\/www.alteacultural.com\/es\/#\/schema\/person\/c4e137537f1af546d214a315255e5172\",\"name\":\"sfaltea.com-admin\",\"image\":{\"@type\":\"ImageObject\",\"inLanguage\":\"es\",\"@id\":\"https:\/\/www.alteacultural.com\/es\/#\/schema\/person\/image\/\",\"url\":\"https:\/\/secure.gravatar.com\/avatar\/f7473fa2fbd351270ccfd469de536202?s=96&d=mm&r=g\",\"contentUrl\":\"https:\/\/secure.gravatar.com\/avatar\/f7473fa2fbd351270ccfd469de536202?s=96&d=mm&r=g\",\"caption\":\"sfaltea.com-admin\"},\"url\":\"https:\/\/www.alteacultural.com\/es\/author\/sfaltea-com-admin\/\"}]}<\/script>\n<!-- \/ Yoast SEO plugin. -->","yoast_head_json":{"title":"La Mostra d\u2019Artesania ya tiene los ganadores de su 40 edici\u00f3n - Altea Cultural","robots":{"index":"index","follow":"follow","max-snippet":"max-snippet:-1","max-image-preview":"max-image-preview:large","max-video-preview":"max-video-preview:-1"},"canonical":"https:\/\/www.alteacultural.com\/es\/2023\/07\/21\/la-mostra-dartesania-ja-te-els-guanyadors-de-la-seua-40a-edicio\/","og_locale":"es_ES","og_type":"article","og_title":"La Mostra d\u2019Artesania ya tiene los ganadores de su 40 edici\u00f3n - Altea Cultural","og_description":"Taller de joyeria Mataix &amp; Mo\u00f1ivar, cer\u00e1mica de autor Felipe Marcos y Luzia l\u00e1mparas creativas consiguen el primer, segundo [&hellip;]","og_url":"https:\/\/www.alteacultural.com\/es\/2023\/07\/21\/la-mostra-dartesania-ja-te-els-guanyadors-de-la-seua-40a-edicio\/","og_site_name":"Altea Cultural","article_published_time":"2023-07-21T06:53:49+00:00","article_modified_time":"2023-07-22T10:00:30+00:00","og_image":[{"width":1028,"height":540,"url":"https:\/\/www.alteacultural.com\/wp-content\/uploads\/2023\/07\/grupo-entrega-premios-web.jpg","type":"image\/jpeg"}],"author":"sfaltea.com-admin","twitter_card":"summary_large_image","twitter_misc":{"Escrito por":"sfaltea.com-admin","Tiempo de lectura":"3 minutos"},"schema":{"@context":"https:\/\/schema.org","@graph":[{"@type":"WebPage","@id":"https:\/\/www.alteacultural.com\/es\/2023\/07\/21\/la-mostra-dartesania-ja-te-els-guanyadors-de-la-seua-40a-edicio\/","url":"https:\/\/www.alteacultural.com\/es\/2023\/07\/21\/la-mostra-dartesania-ja-te-els-guanyadors-de-la-seua-40a-edicio\/","name":"La Mostra d\u2019Artesania ya tiene los ganadores de su 40 edici\u00f3n - Altea Cultural","isPartOf":{"@id":"https:\/\/www.alteacultural.com\/es\/#website"},"primaryImageOfPage":{"@id":"https:\/\/www.alteacultural.com\/es\/2023\/07\/21\/la-mostra-dartesania-ja-te-els-guanyadors-de-la-seua-40a-edicio\/#primaryimage"},"image":{"@id":"https:\/\/www.alteacultural.com\/es\/2023\/07\/21\/la-mostra-dartesania-ja-te-els-guanyadors-de-la-seua-40a-edicio\/#primaryimage"},"thumbnailUrl":"https:\/\/www.alteacultural.com\/wp-content\/uploads\/2023\/07\/grupo-entrega-premios-web.jpg","datePublished":"2023-07-21T06:53:49+00:00","dateModified":"2023-07-22T10:00:30+00:00","author":{"@id":"https:\/\/www.alteacultural.com\/es\/#\/schema\/person\/c4e137537f1af546d214a315255e5172"},"breadcrumb":{"@id":"https:\/\/www.alteacultural.com\/es\/2023\/07\/21\/la-mostra-dartesania-ja-te-els-guanyadors-de-la-seua-40a-edicio\/#breadcrumb"},"inLanguage":"es","potentialAction":[{"@type":"ReadAction","target":["https:\/\/www.alteacultural.com\/es\/2023\/07\/21\/la-mostra-dartesania-ja-te-els-guanyadors-de-la-seua-40a-edicio\/"]}]},{"@type":"ImageObject","inLanguage":"es","@id":"https:\/\/www.alteacultural.com\/es\/2023\/07\/21\/la-mostra-dartesania-ja-te-els-guanyadors-de-la-seua-40a-edicio\/#primaryimage","url":"https:\/\/www.alteacultural.com\/wp-content\/uploads\/2023\/07\/grupo-entrega-premios-web.jpg","contentUrl":"https:\/\/www.alteacultural.com\/wp-content\/uploads\/2023\/07\/grupo-entrega-premios-web.jpg","width":1028,"height":540},{"@type":"BreadcrumbList","@id":"https:\/\/www.alteacultural.com\/es\/2023\/07\/21\/la-mostra-dartesania-ja-te-els-guanyadors-de-la-seua-40a-edicio\/#breadcrumb","itemListElement":[{"@type":"ListItem","position":1,"name":"Inici","item":"https:\/\/www.alteacultural.com\/es\/"},{"@type":"ListItem","position":2,"name":"La Mostra d\u2019Artesania ya tiene los ganadores de su 40 edici\u00f3n"}]},{"@type":"WebSite","@id":"https:\/\/www.alteacultural.com\/es\/#website","url":"https:\/\/www.alteacultural.com\/es\/","name":"Altea Cultural","description":"Regidoria de Cultura de l&#039;Ajuntament d&#039;Altea","potentialAction":[{"@type":"SearchAction","target":{"@type":"EntryPoint","urlTemplate":"https:\/\/www.alteacultural.com\/es\/?s={search_term_string}"},"query-input":"required name=search_term_string"}],"inLanguage":"es"},{"@type":"Person","@id":"https:\/\/www.alteacultural.com\/es\/#\/schema\/person\/c4e137537f1af546d214a315255e5172","name":"sfaltea.com-admin","image":{"@type":"ImageObject","inLanguage":"es","@id":"https:\/\/www.alteacultural.com\/es\/#\/schema\/person\/image\/","url":"https:\/\/secure.gravatar.com\/avatar\/f7473fa2fbd351270ccfd469de536202?s=96&d=mm&r=g","contentUrl":"https:\/\/secure.gravatar.com\/avatar\/f7473fa2fbd351270ccfd469de536202?s=96&d=mm&r=g","caption":"sfaltea.com-admin"},"url":"https:\/\/www.alteacultural.com\/es\/author\/sfaltea-com-admin\/"}]}},"_links":{"self":[{"href":"https:\/\/www.alteacultural.com\/es\/wp-json\/wp\/v2\/posts\/26722"}],"collection":[{"href":"https:\/\/www.alteacultural.com\/es\/wp-json\/wp\/v2\/posts"}],"about":[{"href":"https:\/\/www.alteacultural.com\/es\/wp-json\/wp\/v2\/types\/post"}],"author":[{"embeddable":true,"href":"https:\/\/www.alteacultural.com\/es\/wp-json\/wp\/v2\/users\/1"}],"replies":[{"embeddable":true,"href":"https:\/\/www.alteacultural.com\/es\/wp-json\/wp\/v2\/comments?post=26722"}],"version-history":[{"count":1,"href":"https:\/\/www.alteacultural.com\/es\/wp-json\/wp\/v2\/posts\/26722\/revisions"}],"predecessor-version":[{"id":26723,"href":"https:\/\/www.alteacultural.com\/es\/wp-json\/wp\/v2\/posts\/26722\/revisions\/26723"}],"wp:featuredmedia":[{"embeddable":true,"href":"https:\/\/www.alteacultural.com\/es\/wp-json\/wp\/v2\/media\/26720"}],"wp:attachment":[{"href":"https:\/\/www.alteacultural.com\/es\/wp-json\/wp\/v2\/media?parent=26722"}],"curies":[{"name":"wp","href":"https:\/\/api.w.org\/{rel}","templated":true}]}}