{"id":27290,"date":"2023-08-23T09:25:00","date_gmt":"2023-08-23T07:25:00","guid":{"rendered":"https:\/\/www.alteacultural.com\/2023\/08\/23\/altea-teulada-moraira-i-saxonia-anhalt-alemanya-suneixen-en-un-projecte-music-cultural\/"},"modified":"2023-08-23T09:31:36","modified_gmt":"2023-08-23T07:31:36","slug":"altea-teulada-moraira-i-saxonia-anhalt-alemanya-suneixen-en-un-projecte-music-cultural","status":"publish","type":"post","link":"https:\/\/www.alteacultural.com\/es\/2023\/08\/23\/altea-teulada-moraira-i-saxonia-anhalt-alemanya-suneixen-en-un-projecte-music-cultural\/","title":{"rendered":"Altea, Teulada Moraira y Sajonia \/Anhalt (Alemania) se unen en un Proyecto M\u00fasico Cultural"},"content":{"rendered":"\n<figure class=\"wp-block-image\"><img decoding=\"async\" data-src=\"https:\/\/alteadigital.es\/wp-content\/uploads\/2023\/08\/proyectomusica.jpeg\" alt=\"Altea, Teulada Moraira i Sax\u00f2nia \/Anhalt (Alemanya) s\u2019uneixen en un Projecte M\u00fasic Cultural\" src=\"data:image\/gif;base64,R0lGODlhAQABAAAAACH5BAEKAAEALAAAAAABAAEAAAICTAEAOw==\" class=\"lazyload\" \/><\/figure>\n\n\n\n<p>Alemania y Espa\u00f1a se unir\u00e1n el pr\u00f3ximo mes de octubre a trav\u00e9s de la m\u00fasica con el Proyecto M\u00fasico Cultural que une a los conservatorios de Altea, Teulada y Sajonia\/Anhalt. Esta iniciativa contar\u00e1 con la visita de 75 m\u00fasicos y 13 tutores de Sajonia\/ Anhalt que realizar\u00e1n diferentes actividades y ofrecer\u00e1n dos conciertos.<\/p>\n\n\n\n<p>El Proyecto M\u00fasico Cultural se ha presentado esta ma\u00f1ana en el Auditorio Teulada Moraira por Pepa P\u00e9rez, concejala de Cultura del Ayuntamiento de Altea; Rosana Caselles Llobell, concejala de Cultura y Educaci\u00f3n del Ayuntamiento de Teulada; Alexander Ramm, director de la Orquesta de la Escuela de M\u00fasica Sinf\u00f3nica de Sajonia-Anhalt; Marcos Gomis, tutor de la Orquesta de la Escuela de M\u00fasica Sinf\u00f3nica de Sajonia-Anhalt y coordinador del proyecto y Marcos Ivorra, secretario del Conservatorio de Altea.<\/p>\n\n\n\n<p>Rosana Caselles, concejala de Cultura de Teulada ha destacado que este es un proyecto \u201cde crecimiento e intercambio en el que se estrechan las relaciones entre Alemania y Espa\u00f1a, y seguimos trabajando en territorio. Esperamos que este proyecto tenga un largo camino y favorezca a la educaci\u00f3n y cultura de nuestros municipios\u201d.<\/p>\n\n\n\n<p>Por su parte, la concejala de Cultura de Altea, Pepa P\u00e9rez, ha agradecido el recibimiento al Ayuntamiento de Teulada y sobre todo \u201cal conservatorio de Sajonia\/Anhalt por dar forma a este proyecto, una iniciativa maravillosa en la que la cultura une pa\u00edses. Queremos agradecer que hayan pensado en Altea y Teulada Moraira, pero sobre todo quisiera destacar a Marcos, es un orgullo para Altea que un m\u00fasico nacido en nuestra cantera trabaje fuera, lo que demuestra que en Altea se hacen las cosas bien, y quiera unir su pa\u00eds de trabajo con su pueblo a trav\u00e9s de la m\u00fasica\u201d.<\/p>\n\n\n\n<p>Los m\u00fasicos alemanes estar\u00e1n en la provincia de Alicante del 21 al 30 de octubre, diez d\u00edas en los que se alternar\u00e1n ensayos (por la ma\u00f1ana y por la tarde), con actividades pedag\u00f3gico musicales entre los alumnos de los tres conservatorios. Adem\u00e1s, se realizar\u00e1n visitas tur\u00edsticas a lugares como Guadalest o el Albir a las que asistir\u00e1n tanto los m\u00fasicos alemanes como los espa\u00f1oles, para fomentar su cohesi\u00f3n. Su estancia culminar\u00e1 con dos conciertos, uno en el Palau Altea y el otro en el Auditorio Teulada Moraira. Dos conciertos en los que se podr\u00e1 disfrutar de obras cl\u00e1sicas de compositores alemanes o m\u00fasica de cine en un programa variado. Los m\u00fasicos alemanes se alojar\u00e1n en las residencias del IVAJ de Alicante y Moraira.<\/p>\n\n\n\n<p>\u201cGracias a este programa los tutores alemanes podr\u00e1n dar clase a los alumnos espa\u00f1oles que podr\u00e1n aprovechar para ver otra forma de trabajar y tendr\u00e1n contactos en otro pa\u00eds, algo que puede ser muy bueno para su futura formaci\u00f3n\u201d ha comentado Marcos Gomis, tutor de la Orquesta de la Escuela de M\u00fasica Sinf\u00f3nica de Sajonia\/Anhalt y coordinador del proyecto.<\/p>\n\n\n\n<p>Gomis ha relatado que el proyecto nace hace a\u00f1o y medio, cuando conoce a Alexander Ramm y le invita a dar clase en la orquesta de Sajonia \/ Anhalt. \u201cHace 25 a\u00f1os fue la \u00faltima vez que la orquesta viaj\u00f3 fuera de Alemania y le coment\u00e9 la posibilidad de hacer algo en Espa\u00f1a. Estoy super ilusionado de volver a mi casa y hacer un proyecto con alumnos como este que espero perdure en el tiempo. Quisiera agradecer la confianza puesta en mi para coordinarlo\u201d, ha concluido.<\/p>\n\n\n\n<p>Alexander Ramm, director de la Orquesta de la Escuela de M\u00fasica Sinf\u00f3nica de Sajonia-Anhalt se ha mostrado muy agradecido por la acogida y el trabajo realizado entre ambos ayuntamientos. \u201cEstoy muy agradecido por poder ensayar en el Conservatorio Profesional de M\u00fasica de Altea y poder tocar en dos auditorios como estos. Nuestros m\u00fasicos est\u00e1n muy ilusionados por poder venir y esperamos que esto no quede aqu\u00ed, sino que haya continuidad y que alumnos de ambos conservatorios puedan ir en febrero u octubre a Alemania\u201d.<\/p>\n\n\n\n<p>Marcos Ivorra, del conservatorio de Altea ha mostrado su orgullo por que \u201cun m\u00fasico alteano organice un proyecto de esta magnitud, adem\u00e1s con un pa\u00eds como es Alemania, cuna de la m\u00fasica cl\u00e1sica\u201d. |ALTEADIGITAL.ES<\/p>\n\n\n\n<div class=\"wp-block-image\"><figure class=\"aligncenter\"><img decoding=\"async\" data-src=\"https:\/\/alteadigital.es\/wp-content\/uploads\/2023\/08\/sajonia.jpeg\" alt=\"\" class=\"wp-image-113301 lazyload\" src=\"data:image\/gif;base64,R0lGODlhAQABAAAAACH5BAEKAAEALAAAAAABAAEAAAICTAEAOw==\" \/><\/figure><\/div>\n","protected":false},"excerpt":{"rendered":"<p>Alemania y Espa\u00f1a se unir\u00e1n el pr\u00f3ximo mes de octubre a trav\u00e9s de la m\u00fasica con el Proyecto M\u00fasico [&hellip;]<\/p>\n","protected":false},"author":1,"featured_media":27288,"comment_status":"open","ping_status":"open","sticky":false,"template":"","format":"standard","meta":{"_expiration-date-status":"","_expiration-date":1692775877,"_expiration-date-type":"draft","_expiration-date-categories":[],"_expiration-date-options":[],"footnotes":""},"yoast_head":"<!-- This site is optimized with the Yoast SEO plugin v22.8 - https:\/\/yoast.com\/wordpress\/plugins\/seo\/ -->\n<title>Altea, Teulada Moraira y Sajonia \/Anhalt (Alemania) se unen en un Proyecto M\u00fasico Cultural - Altea Cultural<\/title>\n<meta name=\"robots\" content=\"index, follow, max-snippet:-1, max-image-preview:large, max-video-preview:-1\" \/>\n<link rel=\"canonical\" href=\"https:\/\/www.alteacultural.com\/es\/2023\/08\/23\/altea-teulada-moraira-i-saxonia-anhalt-alemanya-suneixen-en-un-projecte-music-cultural\/\" \/>\n<meta property=\"og:locale\" content=\"es_ES\" \/>\n<meta property=\"og:type\" content=\"article\" \/>\n<meta property=\"og:title\" content=\"Altea, Teulada Moraira y Sajonia \/Anhalt (Alemania) se unen en un Proyecto M\u00fasico Cultural - Altea Cultural\" \/>\n<meta property=\"og:description\" content=\"Alemania y Espa\u00f1a se unir\u00e1n el pr\u00f3ximo mes de octubre a trav\u00e9s de la m\u00fasica con el Proyecto M\u00fasico [&hellip;]\" \/>\n<meta property=\"og:url\" content=\"https:\/\/www.alteacultural.com\/es\/2023\/08\/23\/altea-teulada-moraira-i-saxonia-anhalt-alemanya-suneixen-en-un-projecte-music-cultural\/\" \/>\n<meta property=\"og:site_name\" content=\"Altea Cultural\" \/>\n<meta property=\"article:published_time\" content=\"2023-08-23T07:25:00+00:00\" \/>\n<meta property=\"article:modified_time\" content=\"2023-08-23T07:31:36+00:00\" \/>\n<meta property=\"og:image\" content=\"https:\/\/www.alteacultural.com\/wp-content\/uploads\/2023\/08\/proyecto-musico-cultural.jpeg\" \/>\n\t<meta property=\"og:image:width\" content=\"980\" \/>\n\t<meta property=\"og:image:height\" content=\"695\" \/>\n\t<meta property=\"og:image:type\" content=\"image\/jpeg\" \/>\n<meta name=\"author\" content=\"sfaltea.com-admin\" \/>\n<meta name=\"twitter:card\" content=\"summary_large_image\" \/>\n<meta name=\"twitter:label1\" content=\"Escrito por\" \/>\n\t<meta name=\"twitter:data1\" content=\"sfaltea.com-admin\" \/>\n\t<meta name=\"twitter:label2\" content=\"Tiempo de lectura\" \/>\n\t<meta name=\"twitter:data2\" content=\"4 minutos\" \/>\n<script type=\"application\/ld+json\" class=\"yoast-schema-graph\">{\"@context\":\"https:\/\/schema.org\",\"@graph\":[{\"@type\":\"WebPage\",\"@id\":\"https:\/\/www.alteacultural.com\/es\/2023\/08\/23\/altea-teulada-moraira-i-saxonia-anhalt-alemanya-suneixen-en-un-projecte-music-cultural\/\",\"url\":\"https:\/\/www.alteacultural.com\/es\/2023\/08\/23\/altea-teulada-moraira-i-saxonia-anhalt-alemanya-suneixen-en-un-projecte-music-cultural\/\",\"name\":\"Altea, Teulada Moraira y Sajonia \/Anhalt (Alemania) se unen en un Proyecto M\u00fasico Cultural - Altea Cultural\",\"isPartOf\":{\"@id\":\"https:\/\/www.alteacultural.com\/es\/#website\"},\"primaryImageOfPage\":{\"@id\":\"https:\/\/www.alteacultural.com\/es\/2023\/08\/23\/altea-teulada-moraira-i-saxonia-anhalt-alemanya-suneixen-en-un-projecte-music-cultural\/#primaryimage\"},\"image\":{\"@id\":\"https:\/\/www.alteacultural.com\/es\/2023\/08\/23\/altea-teulada-moraira-i-saxonia-anhalt-alemanya-suneixen-en-un-projecte-music-cultural\/#primaryimage\"},\"thumbnailUrl\":\"https:\/\/www.alteacultural.com\/wp-content\/uploads\/2023\/08\/proyecto-musico-cultural.jpeg\",\"datePublished\":\"2023-08-23T07:25:00+00:00\",\"dateModified\":\"2023-08-23T07:31:36+00:00\",\"author\":{\"@id\":\"https:\/\/www.alteacultural.com\/es\/#\/schema\/person\/c4e137537f1af546d214a315255e5172\"},\"breadcrumb\":{\"@id\":\"https:\/\/www.alteacultural.com\/es\/2023\/08\/23\/altea-teulada-moraira-i-saxonia-anhalt-alemanya-suneixen-en-un-projecte-music-cultural\/#breadcrumb\"},\"inLanguage\":\"es\",\"potentialAction\":[{\"@type\":\"ReadAction\",\"target\":[\"https:\/\/www.alteacultural.com\/es\/2023\/08\/23\/altea-teulada-moraira-i-saxonia-anhalt-alemanya-suneixen-en-un-projecte-music-cultural\/\"]}]},{\"@type\":\"ImageObject\",\"inLanguage\":\"es\",\"@id\":\"https:\/\/www.alteacultural.com\/es\/2023\/08\/23\/altea-teulada-moraira-i-saxonia-anhalt-alemanya-suneixen-en-un-projecte-music-cultural\/#primaryimage\",\"url\":\"https:\/\/www.alteacultural.com\/wp-content\/uploads\/2023\/08\/proyecto-musico-cultural.jpeg\",\"contentUrl\":\"https:\/\/www.alteacultural.com\/wp-content\/uploads\/2023\/08\/proyecto-musico-cultural.jpeg\",\"width\":980,\"height\":695},{\"@type\":\"BreadcrumbList\",\"@id\":\"https:\/\/www.alteacultural.com\/es\/2023\/08\/23\/altea-teulada-moraira-i-saxonia-anhalt-alemanya-suneixen-en-un-projecte-music-cultural\/#breadcrumb\",\"itemListElement\":[{\"@type\":\"ListItem\",\"position\":1,\"name\":\"Inici\",\"item\":\"https:\/\/www.alteacultural.com\/es\/\"},{\"@type\":\"ListItem\",\"position\":2,\"name\":\"Altea, Teulada Moraira y Sajonia \/Anhalt (Alemania) se unen en un Proyecto M\u00fasico Cultural\"}]},{\"@type\":\"WebSite\",\"@id\":\"https:\/\/www.alteacultural.com\/es\/#website\",\"url\":\"https:\/\/www.alteacultural.com\/es\/\",\"name\":\"Altea Cultural\",\"description\":\"Regidoria de Cultura de l&#039;Ajuntament d&#039;Altea\",\"potentialAction\":[{\"@type\":\"SearchAction\",\"target\":{\"@type\":\"EntryPoint\",\"urlTemplate\":\"https:\/\/www.alteacultural.com\/es\/?s={search_term_string}\"},\"query-input\":\"required name=search_term_string\"}],\"inLanguage\":\"es\"},{\"@type\":\"Person\",\"@id\":\"https:\/\/www.alteacultural.com\/es\/#\/schema\/person\/c4e137537f1af546d214a315255e5172\",\"name\":\"sfaltea.com-admin\",\"image\":{\"@type\":\"ImageObject\",\"inLanguage\":\"es\",\"@id\":\"https:\/\/www.alteacultural.com\/es\/#\/schema\/person\/image\/\",\"url\":\"https:\/\/secure.gravatar.com\/avatar\/f7473fa2fbd351270ccfd469de536202?s=96&d=mm&r=g\",\"contentUrl\":\"https:\/\/secure.gravatar.com\/avatar\/f7473fa2fbd351270ccfd469de536202?s=96&d=mm&r=g\",\"caption\":\"sfaltea.com-admin\"},\"url\":\"https:\/\/www.alteacultural.com\/es\/author\/sfaltea-com-admin\/\"}]}<\/script>\n<!-- \/ Yoast SEO plugin. -->","yoast_head_json":{"title":"Altea, Teulada Moraira y Sajonia \/Anhalt (Alemania) se unen en un Proyecto M\u00fasico Cultural - Altea Cultural","robots":{"index":"index","follow":"follow","max-snippet":"max-snippet:-1","max-image-preview":"max-image-preview:large","max-video-preview":"max-video-preview:-1"},"canonical":"https:\/\/www.alteacultural.com\/es\/2023\/08\/23\/altea-teulada-moraira-i-saxonia-anhalt-alemanya-suneixen-en-un-projecte-music-cultural\/","og_locale":"es_ES","og_type":"article","og_title":"Altea, Teulada Moraira y Sajonia \/Anhalt (Alemania) se unen en un Proyecto M\u00fasico Cultural - Altea Cultural","og_description":"Alemania y Espa\u00f1a se unir\u00e1n el pr\u00f3ximo mes de octubre a trav\u00e9s de la m\u00fasica con el Proyecto M\u00fasico [&hellip;]","og_url":"https:\/\/www.alteacultural.com\/es\/2023\/08\/23\/altea-teulada-moraira-i-saxonia-anhalt-alemanya-suneixen-en-un-projecte-music-cultural\/","og_site_name":"Altea Cultural","article_published_time":"2023-08-23T07:25:00+00:00","article_modified_time":"2023-08-23T07:31:36+00:00","og_image":[{"width":980,"height":695,"url":"https:\/\/www.alteacultural.com\/wp-content\/uploads\/2023\/08\/proyecto-musico-cultural.jpeg","type":"image\/jpeg"}],"author":"sfaltea.com-admin","twitter_card":"summary_large_image","twitter_misc":{"Escrito por":"sfaltea.com-admin","Tiempo de lectura":"4 minutos"},"schema":{"@context":"https:\/\/schema.org","@graph":[{"@type":"WebPage","@id":"https:\/\/www.alteacultural.com\/es\/2023\/08\/23\/altea-teulada-moraira-i-saxonia-anhalt-alemanya-suneixen-en-un-projecte-music-cultural\/","url":"https:\/\/www.alteacultural.com\/es\/2023\/08\/23\/altea-teulada-moraira-i-saxonia-anhalt-alemanya-suneixen-en-un-projecte-music-cultural\/","name":"Altea, Teulada Moraira y Sajonia \/Anhalt (Alemania) se unen en un Proyecto M\u00fasico Cultural - Altea Cultural","isPartOf":{"@id":"https:\/\/www.alteacultural.com\/es\/#website"},"primaryImageOfPage":{"@id":"https:\/\/www.alteacultural.com\/es\/2023\/08\/23\/altea-teulada-moraira-i-saxonia-anhalt-alemanya-suneixen-en-un-projecte-music-cultural\/#primaryimage"},"image":{"@id":"https:\/\/www.alteacultural.com\/es\/2023\/08\/23\/altea-teulada-moraira-i-saxonia-anhalt-alemanya-suneixen-en-un-projecte-music-cultural\/#primaryimage"},"thumbnailUrl":"https:\/\/www.alteacultural.com\/wp-content\/uploads\/2023\/08\/proyecto-musico-cultural.jpeg","datePublished":"2023-08-23T07:25:00+00:00","dateModified":"2023-08-23T07:31:36+00:00","author":{"@id":"https:\/\/www.alteacultural.com\/es\/#\/schema\/person\/c4e137537f1af546d214a315255e5172"},"breadcrumb":{"@id":"https:\/\/www.alteacultural.com\/es\/2023\/08\/23\/altea-teulada-moraira-i-saxonia-anhalt-alemanya-suneixen-en-un-projecte-music-cultural\/#breadcrumb"},"inLanguage":"es","potentialAction":[{"@type":"ReadAction","target":["https:\/\/www.alteacultural.com\/es\/2023\/08\/23\/altea-teulada-moraira-i-saxonia-anhalt-alemanya-suneixen-en-un-projecte-music-cultural\/"]}]},{"@type":"ImageObject","inLanguage":"es","@id":"https:\/\/www.alteacultural.com\/es\/2023\/08\/23\/altea-teulada-moraira-i-saxonia-anhalt-alemanya-suneixen-en-un-projecte-music-cultural\/#primaryimage","url":"https:\/\/www.alteacultural.com\/wp-content\/uploads\/2023\/08\/proyecto-musico-cultural.jpeg","contentUrl":"https:\/\/www.alteacultural.com\/wp-content\/uploads\/2023\/08\/proyecto-musico-cultural.jpeg","width":980,"height":695},{"@type":"BreadcrumbList","@id":"https:\/\/www.alteacultural.com\/es\/2023\/08\/23\/altea-teulada-moraira-i-saxonia-anhalt-alemanya-suneixen-en-un-projecte-music-cultural\/#breadcrumb","itemListElement":[{"@type":"ListItem","position":1,"name":"Inici","item":"https:\/\/www.alteacultural.com\/es\/"},{"@type":"ListItem","position":2,"name":"Altea, Teulada Moraira y Sajonia \/Anhalt (Alemania) se unen en un Proyecto M\u00fasico Cultural"}]},{"@type":"WebSite","@id":"https:\/\/www.alteacultural.com\/es\/#website","url":"https:\/\/www.alteacultural.com\/es\/","name":"Altea Cultural","description":"Regidoria de Cultura de l&#039;Ajuntament d&#039;Altea","potentialAction":[{"@type":"SearchAction","target":{"@type":"EntryPoint","urlTemplate":"https:\/\/www.alteacultural.com\/es\/?s={search_term_string}"},"query-input":"required name=search_term_string"}],"inLanguage":"es"},{"@type":"Person","@id":"https:\/\/www.alteacultural.com\/es\/#\/schema\/person\/c4e137537f1af546d214a315255e5172","name":"sfaltea.com-admin","image":{"@type":"ImageObject","inLanguage":"es","@id":"https:\/\/www.alteacultural.com\/es\/#\/schema\/person\/image\/","url":"https:\/\/secure.gravatar.com\/avatar\/f7473fa2fbd351270ccfd469de536202?s=96&d=mm&r=g","contentUrl":"https:\/\/secure.gravatar.com\/avatar\/f7473fa2fbd351270ccfd469de536202?s=96&d=mm&r=g","caption":"sfaltea.com-admin"},"url":"https:\/\/www.alteacultural.com\/es\/author\/sfaltea-com-admin\/"}]}},"_links":{"self":[{"href":"https:\/\/www.alteacultural.com\/es\/wp-json\/wp\/v2\/posts\/27290"}],"collection":[{"href":"https:\/\/www.alteacultural.com\/es\/wp-json\/wp\/v2\/posts"}],"about":[{"href":"https:\/\/www.alteacultural.com\/es\/wp-json\/wp\/v2\/types\/post"}],"author":[{"embeddable":true,"href":"https:\/\/www.alteacultural.com\/es\/wp-json\/wp\/v2\/users\/1"}],"replies":[{"embeddable":true,"href":"https:\/\/www.alteacultural.com\/es\/wp-json\/wp\/v2\/comments?post=27290"}],"version-history":[{"count":1,"href":"https:\/\/www.alteacultural.com\/es\/wp-json\/wp\/v2\/posts\/27290\/revisions"}],"predecessor-version":[{"id":27291,"href":"https:\/\/www.alteacultural.com\/es\/wp-json\/wp\/v2\/posts\/27290\/revisions\/27291"}],"wp:featuredmedia":[{"embeddable":true,"href":"https:\/\/www.alteacultural.com\/es\/wp-json\/wp\/v2\/media\/27288"}],"wp:attachment":[{"href":"https:\/\/www.alteacultural.com\/es\/wp-json\/wp\/v2\/media?parent=27290"}],"curies":[{"name":"wp","href":"https:\/\/api.w.org\/{rel}","templated":true}]}}