{"id":27295,"date":"2023-08-23T09:41:37","date_gmt":"2023-08-23T07:41:37","guid":{"rendered":"https:\/\/www.alteacultural.com\/2023\/08\/23\/xiquetes-i-xiquets-visiten-larxiu-municipal-per-a-crear-una-exposicio-infantil-sobre-el-passat-present-i-futur-daltea\/"},"modified":"2023-10-03T07:48:01","modified_gmt":"2023-10-03T05:48:01","slug":"xiquetes-i-xiquets-visiten-larxiu-municipal-per-a-crear-una-exposicio-infantil-sobre-el-passat-present-i-futur-daltea","status":"publish","type":"post","link":"https:\/\/www.alteacultural.com\/es\/2023\/08\/23\/xiquetes-i-xiquets-visiten-larxiu-municipal-per-a-crear-una-exposicio-infantil-sobre-el-passat-present-i-futur-daltea\/","title":{"rendered":"Ni\u00f1as y ni\u00f1os visitan el Archivo Municipal para crear una exposici\u00f3n infantil sobre el pasado, presente y futuro de Altea"},"content":{"rendered":"\n<figure class=\"wp-block-image\"><img decoding=\"async\" data-src=\"https:\/\/alteadigital.es\/wp-content\/uploads\/2023\/08\/IMG-20230816-WA0058.jpg\" alt=\"Xiquetes i xiquets visiten l\u2019Arxiu Municipal per a crear una exposici\u00f3 infantil sobre el passat, present i futur d\u2019Altea\" src=\"data:image\/gif;base64,R0lGODlhAQABAAAAACH5BAEKAAEALAAAAAABAAEAAAICTAEAOw==\" class=\"lazyload\" \/><\/figure>\n\n\n\n<p><strong>La muestra se podr\u00e1 visitar hasta el 8 de septiembre<\/strong><\/p>\n\n\n\n<p>El alumnado de la escoleta de verano del Centro de Estudios Gea Academy, ni\u00f1as y ni\u00f1os entre 3 y 9 a\u00f1os, visitaron durante dos d\u00edas el Archivo Municipal para conocer el edificio y las funciones de este centro p\u00fablico. Adem\u00e1s, los peque\u00f1os estudiantes crearon una instalaci\u00f3n creativa llamada \u2018Cajas de Memoria, espacios y recuerdos\u2019.<\/p>\n\n\n\n<p>\u201cLos y las ni\u00f1as han recorrido el archivo y han conocido las tareas y funciones que all\u00ed se desarrollan\u201d, ha explicado la responsable municipal del archivo, la concejala de Cultura, Pepa P\u00e9rez.<\/p>\n\n\n\n<p>Esta actividad de la escoleta es un proyecto art\u00edstico donde el alumnado ha seleccionado varios materiales para confeccionar un objeto art\u00edstico. Mediante las Cajas de la Memoria, cada ni\u00f1a o ni\u00f1o, pone en relaci\u00f3n sus recuerdos personales y familiares y los vincula con el pasado, presente y futuro de Altea.<\/p>\n\n\n\n<div class=\"wp-block-image\"><figure class=\"aligncenter\"><img decoding=\"async\" data-src=\"https:\/\/alteadigital.es\/wp-content\/uploads\/2023\/08\/IMG-20230817-WA0006-1024x497.jpg\" alt=\"\" class=\"wp-image-113367 lazyload\" src=\"data:image\/gif;base64,R0lGODlhAQABAAAAACH5BAEKAAEALAAAAAABAAEAAAICTAEAOw==\" style=\"--smush-placeholder-width: 1024px; --smush-placeholder-aspect-ratio: 1024\/497;\" \/><\/figure><\/div>\n\n\n\n<p>La instalaci\u00f3n art\u00edstica, fruto de este trabajo, quedar\u00e1 expuesta en la sala de consulta del Archivo Municipal y ser\u00e1 visitable hasta el 8 de septiembre, de lunes a viernes, en horario de 11 a 14\u202fh, por todo aquel que est\u00e9 interesado. Ha informado la edil de Cultura, Pepa P\u00e9rez.<\/p>\n\n\n\n<p>El Archivo Municipal de Altea est\u00e1 situado en la calle Villajoyosa, s\/n-Plaza Ventura Mart\u00ed, ha informado Pere Soler, responsable del Archivo Municipal.|ALTEADIGITAL.ES<\/p>\n\n\n\n<div class=\"wp-block-image\"><figure class=\"aligncenter\"><img decoding=\"async\" data-src=\"https:\/\/alteadigital.es\/wp-content\/uploads\/2023\/08\/369472545_681517304010031_8362774867460725418_n-724x1024.jpg\" alt=\"\" class=\"wp-image-113369 lazyload\" src=\"data:image\/gif;base64,R0lGODlhAQABAAAAACH5BAEKAAEALAAAAAABAAEAAAICTAEAOw==\" style=\"--smush-placeholder-width: 724px; --smush-placeholder-aspect-ratio: 724\/1024;\" \/><\/figure><\/div>\n\n\n\n<div class=\"wp-block-image\"><figure class=\"aligncenter\"><img decoding=\"async\" data-src=\"https:\/\/alteadigital.es\/wp-content\/uploads\/2023\/08\/IMG-20230817-WA0005_.jpg\" alt=\"\" class=\"wp-image-113365 lazyload\" src=\"data:image\/gif;base64,R0lGODlhAQABAAAAACH5BAEKAAEALAAAAAABAAEAAAICTAEAOw==\" \/><\/figure><\/div>\n","protected":false},"excerpt":{"rendered":"<p>La muestra se podr\u00e1 visitar hasta el 8 de septiembre El alumnado de la escoleta de verano del Centro [&hellip;]<\/p>\n","protected":false},"author":1,"featured_media":27267,"comment_status":"open","ping_status":"open","sticky":false,"template":"","format":"standard","meta":{"_expiration-date-status":"","_expiration-date":1696312044,"_expiration-date-type":"draft","_expiration-date-categories":[],"_expiration-date-options":[],"footnotes":""},"yoast_head":"<!-- This site is optimized with the Yoast SEO plugin v22.8 - https:\/\/yoast.com\/wordpress\/plugins\/seo\/ -->\n<title>Ni\u00f1as y ni\u00f1os visitan el Archivo Municipal para crear una exposici\u00f3n infantil sobre el pasado, presente y futuro de Altea - Altea Cultural<\/title>\n<meta name=\"robots\" content=\"index, follow, max-snippet:-1, max-image-preview:large, max-video-preview:-1\" \/>\n<link rel=\"canonical\" href=\"https:\/\/www.alteacultural.com\/es\/2023\/08\/23\/xiquetes-i-xiquets-visiten-larxiu-municipal-per-a-crear-una-exposicio-infantil-sobre-el-passat-present-i-futur-daltea\/\" \/>\n<meta property=\"og:locale\" content=\"es_ES\" \/>\n<meta property=\"og:type\" content=\"article\" \/>\n<meta property=\"og:title\" content=\"Ni\u00f1as y ni\u00f1os visitan el Archivo Municipal para crear una exposici\u00f3n infantil sobre el pasado, presente y futuro de Altea - Altea Cultural\" \/>\n<meta property=\"og:description\" content=\"La muestra se podr\u00e1 visitar hasta el 8 de septiembre El alumnado de la escoleta de verano del Centro [&hellip;]\" \/>\n<meta property=\"og:url\" content=\"https:\/\/www.alteacultural.com\/es\/2023\/08\/23\/xiquetes-i-xiquets-visiten-larxiu-municipal-per-a-crear-una-exposicio-infantil-sobre-el-passat-present-i-futur-daltea\/\" \/>\n<meta property=\"og:site_name\" content=\"Altea Cultural\" \/>\n<meta property=\"article:published_time\" content=\"2023-08-23T07:41:37+00:00\" \/>\n<meta property=\"article:modified_time\" content=\"2023-10-03T05:48:01+00:00\" \/>\n<meta property=\"og:image\" content=\"https:\/\/www.alteacultural.com\/wp-content\/uploads\/2023\/08\/EXPO-INFANTIL-CAIXES-MEMORIA-ARXIU_cartellV2-01-scaled.jpg\" \/>\n\t<meta property=\"og:image:width\" content=\"1810\" \/>\n\t<meta property=\"og:image:height\" content=\"2560\" \/>\n\t<meta property=\"og:image:type\" content=\"image\/jpeg\" \/>\n<meta name=\"author\" content=\"sfaltea.com-admin\" \/>\n<meta name=\"twitter:card\" content=\"summary_large_image\" \/>\n<meta name=\"twitter:label1\" content=\"Escrito por\" \/>\n\t<meta name=\"twitter:data1\" content=\"sfaltea.com-admin\" \/>\n\t<meta name=\"twitter:label2\" content=\"Tiempo de lectura\" \/>\n\t<meta name=\"twitter:data2\" content=\"2 minutos\" \/>\n<script type=\"application\/ld+json\" class=\"yoast-schema-graph\">{\"@context\":\"https:\/\/schema.org\",\"@graph\":[{\"@type\":\"WebPage\",\"@id\":\"https:\/\/www.alteacultural.com\/es\/2023\/08\/23\/xiquetes-i-xiquets-visiten-larxiu-municipal-per-a-crear-una-exposicio-infantil-sobre-el-passat-present-i-futur-daltea\/\",\"url\":\"https:\/\/www.alteacultural.com\/es\/2023\/08\/23\/xiquetes-i-xiquets-visiten-larxiu-municipal-per-a-crear-una-exposicio-infantil-sobre-el-passat-present-i-futur-daltea\/\",\"name\":\"Ni\u00f1as y ni\u00f1os visitan el Archivo Municipal para crear una exposici\u00f3n infantil sobre el pasado, presente y futuro de Altea - Altea Cultural\",\"isPartOf\":{\"@id\":\"https:\/\/www.alteacultural.com\/es\/#website\"},\"primaryImageOfPage\":{\"@id\":\"https:\/\/www.alteacultural.com\/es\/2023\/08\/23\/xiquetes-i-xiquets-visiten-larxiu-municipal-per-a-crear-una-exposicio-infantil-sobre-el-passat-present-i-futur-daltea\/#primaryimage\"},\"image\":{\"@id\":\"https:\/\/www.alteacultural.com\/es\/2023\/08\/23\/xiquetes-i-xiquets-visiten-larxiu-municipal-per-a-crear-una-exposicio-infantil-sobre-el-passat-present-i-futur-daltea\/#primaryimage\"},\"thumbnailUrl\":\"https:\/\/www.alteacultural.com\/wp-content\/uploads\/2023\/08\/EXPO-INFANTIL-CAIXES-MEMORIA-ARXIU_cartellV2-01-scaled.jpg\",\"datePublished\":\"2023-08-23T07:41:37+00:00\",\"dateModified\":\"2023-10-03T05:48:01+00:00\",\"author\":{\"@id\":\"https:\/\/www.alteacultural.com\/es\/#\/schema\/person\/c4e137537f1af546d214a315255e5172\"},\"breadcrumb\":{\"@id\":\"https:\/\/www.alteacultural.com\/es\/2023\/08\/23\/xiquetes-i-xiquets-visiten-larxiu-municipal-per-a-crear-una-exposicio-infantil-sobre-el-passat-present-i-futur-daltea\/#breadcrumb\"},\"inLanguage\":\"es\",\"potentialAction\":[{\"@type\":\"ReadAction\",\"target\":[\"https:\/\/www.alteacultural.com\/es\/2023\/08\/23\/xiquetes-i-xiquets-visiten-larxiu-municipal-per-a-crear-una-exposicio-infantil-sobre-el-passat-present-i-futur-daltea\/\"]}]},{\"@type\":\"ImageObject\",\"inLanguage\":\"es\",\"@id\":\"https:\/\/www.alteacultural.com\/es\/2023\/08\/23\/xiquetes-i-xiquets-visiten-larxiu-municipal-per-a-crear-una-exposicio-infantil-sobre-el-passat-present-i-futur-daltea\/#primaryimage\",\"url\":\"https:\/\/www.alteacultural.com\/wp-content\/uploads\/2023\/08\/EXPO-INFANTIL-CAIXES-MEMORIA-ARXIU_cartellV2-01-scaled.jpg\",\"contentUrl\":\"https:\/\/www.alteacultural.com\/wp-content\/uploads\/2023\/08\/EXPO-INFANTIL-CAIXES-MEMORIA-ARXIU_cartellV2-01-scaled.jpg\",\"width\":1810,\"height\":2560},{\"@type\":\"BreadcrumbList\",\"@id\":\"https:\/\/www.alteacultural.com\/es\/2023\/08\/23\/xiquetes-i-xiquets-visiten-larxiu-municipal-per-a-crear-una-exposicio-infantil-sobre-el-passat-present-i-futur-daltea\/#breadcrumb\",\"itemListElement\":[{\"@type\":\"ListItem\",\"position\":1,\"name\":\"Inici\",\"item\":\"https:\/\/www.alteacultural.com\/es\/\"},{\"@type\":\"ListItem\",\"position\":2,\"name\":\"Ni\u00f1as y ni\u00f1os visitan el Archivo Municipal para crear una exposici\u00f3n infantil sobre el pasado, presente y futuro de Altea\"}]},{\"@type\":\"WebSite\",\"@id\":\"https:\/\/www.alteacultural.com\/es\/#website\",\"url\":\"https:\/\/www.alteacultural.com\/es\/\",\"name\":\"Altea Cultural\",\"description\":\"Regidoria de Cultura de l&#039;Ajuntament d&#039;Altea\",\"potentialAction\":[{\"@type\":\"SearchAction\",\"target\":{\"@type\":\"EntryPoint\",\"urlTemplate\":\"https:\/\/www.alteacultural.com\/es\/?s={search_term_string}\"},\"query-input\":\"required name=search_term_string\"}],\"inLanguage\":\"es\"},{\"@type\":\"Person\",\"@id\":\"https:\/\/www.alteacultural.com\/es\/#\/schema\/person\/c4e137537f1af546d214a315255e5172\",\"name\":\"sfaltea.com-admin\",\"image\":{\"@type\":\"ImageObject\",\"inLanguage\":\"es\",\"@id\":\"https:\/\/www.alteacultural.com\/es\/#\/schema\/person\/image\/\",\"url\":\"https:\/\/secure.gravatar.com\/avatar\/f7473fa2fbd351270ccfd469de536202?s=96&d=mm&r=g\",\"contentUrl\":\"https:\/\/secure.gravatar.com\/avatar\/f7473fa2fbd351270ccfd469de536202?s=96&d=mm&r=g\",\"caption\":\"sfaltea.com-admin\"},\"url\":\"https:\/\/www.alteacultural.com\/es\/author\/sfaltea-com-admin\/\"}]}<\/script>\n<!-- \/ Yoast SEO plugin. -->","yoast_head_json":{"title":"Ni\u00f1as y ni\u00f1os visitan el Archivo Municipal para crear una exposici\u00f3n infantil sobre el pasado, presente y futuro de Altea - Altea Cultural","robots":{"index":"index","follow":"follow","max-snippet":"max-snippet:-1","max-image-preview":"max-image-preview:large","max-video-preview":"max-video-preview:-1"},"canonical":"https:\/\/www.alteacultural.com\/es\/2023\/08\/23\/xiquetes-i-xiquets-visiten-larxiu-municipal-per-a-crear-una-exposicio-infantil-sobre-el-passat-present-i-futur-daltea\/","og_locale":"es_ES","og_type":"article","og_title":"Ni\u00f1as y ni\u00f1os visitan el Archivo Municipal para crear una exposici\u00f3n infantil sobre el pasado, presente y futuro de Altea - Altea Cultural","og_description":"La muestra se podr\u00e1 visitar hasta el 8 de septiembre El alumnado de la escoleta de verano del Centro [&hellip;]","og_url":"https:\/\/www.alteacultural.com\/es\/2023\/08\/23\/xiquetes-i-xiquets-visiten-larxiu-municipal-per-a-crear-una-exposicio-infantil-sobre-el-passat-present-i-futur-daltea\/","og_site_name":"Altea Cultural","article_published_time":"2023-08-23T07:41:37+00:00","article_modified_time":"2023-10-03T05:48:01+00:00","og_image":[{"width":1810,"height":2560,"url":"https:\/\/www.alteacultural.com\/wp-content\/uploads\/2023\/08\/EXPO-INFANTIL-CAIXES-MEMORIA-ARXIU_cartellV2-01-scaled.jpg","type":"image\/jpeg"}],"author":"sfaltea.com-admin","twitter_card":"summary_large_image","twitter_misc":{"Escrito por":"sfaltea.com-admin","Tiempo de lectura":"2 minutos"},"schema":{"@context":"https:\/\/schema.org","@graph":[{"@type":"WebPage","@id":"https:\/\/www.alteacultural.com\/es\/2023\/08\/23\/xiquetes-i-xiquets-visiten-larxiu-municipal-per-a-crear-una-exposicio-infantil-sobre-el-passat-present-i-futur-daltea\/","url":"https:\/\/www.alteacultural.com\/es\/2023\/08\/23\/xiquetes-i-xiquets-visiten-larxiu-municipal-per-a-crear-una-exposicio-infantil-sobre-el-passat-present-i-futur-daltea\/","name":"Ni\u00f1as y ni\u00f1os visitan el Archivo Municipal para crear una exposici\u00f3n infantil sobre el pasado, presente y futuro de Altea - Altea Cultural","isPartOf":{"@id":"https:\/\/www.alteacultural.com\/es\/#website"},"primaryImageOfPage":{"@id":"https:\/\/www.alteacultural.com\/es\/2023\/08\/23\/xiquetes-i-xiquets-visiten-larxiu-municipal-per-a-crear-una-exposicio-infantil-sobre-el-passat-present-i-futur-daltea\/#primaryimage"},"image":{"@id":"https:\/\/www.alteacultural.com\/es\/2023\/08\/23\/xiquetes-i-xiquets-visiten-larxiu-municipal-per-a-crear-una-exposicio-infantil-sobre-el-passat-present-i-futur-daltea\/#primaryimage"},"thumbnailUrl":"https:\/\/www.alteacultural.com\/wp-content\/uploads\/2023\/08\/EXPO-INFANTIL-CAIXES-MEMORIA-ARXIU_cartellV2-01-scaled.jpg","datePublished":"2023-08-23T07:41:37+00:00","dateModified":"2023-10-03T05:48:01+00:00","author":{"@id":"https:\/\/www.alteacultural.com\/es\/#\/schema\/person\/c4e137537f1af546d214a315255e5172"},"breadcrumb":{"@id":"https:\/\/www.alteacultural.com\/es\/2023\/08\/23\/xiquetes-i-xiquets-visiten-larxiu-municipal-per-a-crear-una-exposicio-infantil-sobre-el-passat-present-i-futur-daltea\/#breadcrumb"},"inLanguage":"es","potentialAction":[{"@type":"ReadAction","target":["https:\/\/www.alteacultural.com\/es\/2023\/08\/23\/xiquetes-i-xiquets-visiten-larxiu-municipal-per-a-crear-una-exposicio-infantil-sobre-el-passat-present-i-futur-daltea\/"]}]},{"@type":"ImageObject","inLanguage":"es","@id":"https:\/\/www.alteacultural.com\/es\/2023\/08\/23\/xiquetes-i-xiquets-visiten-larxiu-municipal-per-a-crear-una-exposicio-infantil-sobre-el-passat-present-i-futur-daltea\/#primaryimage","url":"https:\/\/www.alteacultural.com\/wp-content\/uploads\/2023\/08\/EXPO-INFANTIL-CAIXES-MEMORIA-ARXIU_cartellV2-01-scaled.jpg","contentUrl":"https:\/\/www.alteacultural.com\/wp-content\/uploads\/2023\/08\/EXPO-INFANTIL-CAIXES-MEMORIA-ARXIU_cartellV2-01-scaled.jpg","width":1810,"height":2560},{"@type":"BreadcrumbList","@id":"https:\/\/www.alteacultural.com\/es\/2023\/08\/23\/xiquetes-i-xiquets-visiten-larxiu-municipal-per-a-crear-una-exposicio-infantil-sobre-el-passat-present-i-futur-daltea\/#breadcrumb","itemListElement":[{"@type":"ListItem","position":1,"name":"Inici","item":"https:\/\/www.alteacultural.com\/es\/"},{"@type":"ListItem","position":2,"name":"Ni\u00f1as y ni\u00f1os visitan el Archivo Municipal para crear una exposici\u00f3n infantil sobre el pasado, presente y futuro de Altea"}]},{"@type":"WebSite","@id":"https:\/\/www.alteacultural.com\/es\/#website","url":"https:\/\/www.alteacultural.com\/es\/","name":"Altea Cultural","description":"Regidoria de Cultura de l&#039;Ajuntament d&#039;Altea","potentialAction":[{"@type":"SearchAction","target":{"@type":"EntryPoint","urlTemplate":"https:\/\/www.alteacultural.com\/es\/?s={search_term_string}"},"query-input":"required name=search_term_string"}],"inLanguage":"es"},{"@type":"Person","@id":"https:\/\/www.alteacultural.com\/es\/#\/schema\/person\/c4e137537f1af546d214a315255e5172","name":"sfaltea.com-admin","image":{"@type":"ImageObject","inLanguage":"es","@id":"https:\/\/www.alteacultural.com\/es\/#\/schema\/person\/image\/","url":"https:\/\/secure.gravatar.com\/avatar\/f7473fa2fbd351270ccfd469de536202?s=96&d=mm&r=g","contentUrl":"https:\/\/secure.gravatar.com\/avatar\/f7473fa2fbd351270ccfd469de536202?s=96&d=mm&r=g","caption":"sfaltea.com-admin"},"url":"https:\/\/www.alteacultural.com\/es\/author\/sfaltea-com-admin\/"}]}},"_links":{"self":[{"href":"https:\/\/www.alteacultural.com\/es\/wp-json\/wp\/v2\/posts\/27295"}],"collection":[{"href":"https:\/\/www.alteacultural.com\/es\/wp-json\/wp\/v2\/posts"}],"about":[{"href":"https:\/\/www.alteacultural.com\/es\/wp-json\/wp\/v2\/types\/post"}],"author":[{"embeddable":true,"href":"https:\/\/www.alteacultural.com\/es\/wp-json\/wp\/v2\/users\/1"}],"replies":[{"embeddable":true,"href":"https:\/\/www.alteacultural.com\/es\/wp-json\/wp\/v2\/comments?post=27295"}],"version-history":[{"count":2,"href":"https:\/\/www.alteacultural.com\/es\/wp-json\/wp\/v2\/posts\/27295\/revisions"}],"predecessor-version":[{"id":27297,"href":"https:\/\/www.alteacultural.com\/es\/wp-json\/wp\/v2\/posts\/27295\/revisions\/27297"}],"wp:featuredmedia":[{"embeddable":true,"href":"https:\/\/www.alteacultural.com\/es\/wp-json\/wp\/v2\/media\/27267"}],"wp:attachment":[{"href":"https:\/\/www.alteacultural.com\/es\/wp-json\/wp\/v2\/media?parent=27295"}],"curies":[{"name":"wp","href":"https:\/\/api.w.org\/{rel}","templated":true}]}}