{"id":27380,"date":"2023-09-06T08:05:35","date_gmt":"2023-09-06T06:05:35","guid":{"rendered":"https:\/\/www.alteacultural.com\/2023\/09\/06\/laltea-roberto-riera-guanya-el-concurs-de-fotografia-castell-de-lolla-2023\/"},"modified":"2023-09-06T08:08:00","modified_gmt":"2023-09-06T06:08:00","slug":"laltea-roberto-riera-guanya-el-concurs-de-fotografia-castell-de-lolla-2023","status":"publish","type":"post","link":"https:\/\/www.alteacultural.com\/es\/2023\/09\/06\/laltea-roberto-riera-guanya-el-concurs-de-fotografia-castell-de-lolla-2023\/","title":{"rendered":"El alteano Roberto Riera gana el concurso de fotograf\u00eda \u201cCastell de l\u2019Olla 2023\u201d"},"content":{"rendered":"\n<figure class=\"wp-block-image\"><img decoding=\"async\" data-src=\"https:\/\/alteadigital.es\/wp-content\/uploads\/2023\/09\/foto-guanyadora.jpg\" alt=\"L\u2019alte\u00e0 Roberto Riera guanya el concurs de fotografia \u201cCastell de l\u2019Olla 2023\u201d\" src=\"data:image\/gif;base64,R0lGODlhAQABAAAAACH5BAEKAAEALAAAAAABAAEAAAICTAEAOw==\" class=\"lazyload\" \/><\/figure>\n\n\n\n<p><strong>Una foto de Antonio P\u00e9rez y otra de Eric Lanneau, consiguen el segundo y tercer puesto del concurso.<\/strong><\/p>\n\n\n\n<p>El pasado viernes por la tarde ten\u00eda lugar la inauguraci\u00f3n de la exposici\u00f3n fotogr\u00e1fica que recoge las mejores im\u00e1genes participantes en el concurso de fotograf\u00eda \u201cCastell de l\u2019Olla 2023\u201d, organizado por la Cofrad\u00eda del Castell en colaboraci\u00f3n con la Concejal\u00eda de Cultura. As\u00ed mismo, ten\u00eda lugar la entrega de premios del citado concurso del que se proclamaba vencedor el alteano Roberto Riera con una de sus fotograf\u00edas del evento pirot\u00e9cnico.<\/p>\n\n\n\n<div class=\"wp-block-image\"><figure class=\"aligncenter\"><img decoding=\"async\" data-src=\"https:\/\/alteadigital.es\/wp-content\/uploads\/2023\/09\/ganadores-web.jpg\" alt=\"\" class=\"wp-image-113550 lazyload\" src=\"data:image\/gif;base64,R0lGODlhAQABAAAAACH5BAEKAAEALAAAAAABAAEAAAICTAEAOw==\" \/><\/figure><\/div>\n\n\n\n<p>El acto, presidido por la edil de Cultura, Pepa P\u00e9rez; el presidente de la Cofrad\u00eda del Castell, Jos\u00e9 P\u00e9rez Gorgoll y el miembro de la Cofrad\u00eda responsable del concurso, Jos\u00e9 Vicente Llopis, cont\u00f3 con numeroso p\u00fablico que no quiso perderse \u00faltima cita con el Castell de l\u2019Olla 2023.<\/p>\n\n\n\n<p>La edil de Cultura agradec\u00eda el trabajo de la Cofrad\u00eda del Castell, le deseaba larga vida a este concurso de fotograf\u00eda que congrega las mejores im\u00e1genes del evento m\u00e1s multitudinario que se celebra a lo largo del a\u00f1o en Altea y se compromet\u00eda a seguir apoyando la iniciativa. Pepa P\u00e9rez informaba que la exposici\u00f3n con las 15 fotos Top del Castell 2023 permanecer\u00e1n expuestas en la Casa de Cultura de Altea, concretamente en la Biblioteca, hasta el pr\u00f3ximo 29 de septiembre\u00a0 e invitaba a la poblaci\u00f3n a visitar la exposici\u00f3n.<\/p>\n\n\n\n<div class=\"wp-block-image\"><figure class=\"aligncenter\"><img decoding=\"async\" data-src=\"https:\/\/alteadigital.es\/wp-content\/uploads\/2023\/09\/acto-web.jpg\" alt=\"\" class=\"wp-image-113552 lazyload\" src=\"data:image\/gif;base64,R0lGODlhAQABAAAAACH5BAEKAAEALAAAAAABAAEAAAICTAEAOw==\" \/><\/figure><\/div>\n\n\n\n<p>Por su parte, el Presidente de la Cofrad\u00eda agradec\u00eda al Ayuntamiento su colaboraci\u00f3n y hac\u00eda un repaso de los 35 a\u00f1os del Castell de l\u2019Olla hasta llegar a la presente edici\u00f3n en la que la pirotecnia Vulcano se ha estrenado en el disparo del evento. Un Castell de l\u2019Olla muy colorido que ha agradado a los espectadores y a la organizaci\u00f3n.<\/p>\n\n\n\n<div class=\"wp-block-image\"><figure class=\"aligncenter\"><img decoding=\"async\" data-src=\"https:\/\/alteadigital.es\/wp-content\/uploads\/2023\/09\/ganadores-y-miembros-de-la-Corporacion-y-Cofradia-web-1024x595.jpg\" alt=\"\" class=\"wp-image-113554 lazyload\" src=\"data:image\/gif;base64,R0lGODlhAQABAAAAACH5BAEKAAEALAAAAAABAAEAAAICTAEAOw==\" style=\"--smush-placeholder-width: 1024px; --smush-placeholder-aspect-ratio: 1024\/595;\" \/><\/figure><\/div>\n\n\n\n<p>P\u00e9rez Gorgoll felicitaba a los ganadores de este concurso que reparte 1.000\u20ac en premios; 500\u20ac para el primer premio, 300 para el segundo y 200 para el tercer premio. La proyecci\u00f3n de un video con las mejores im\u00e1genes del concurso daba paso a la entrega de premios. Galardones que reca\u00edan en Roberto Riera Rosell\u00f3, Antonio P\u00e9rez y Eric Lanneau, primer, segundo y tercer clasificado, respectivamente.<\/p>\n\n\n\n<p>Con esta entrega de premios y la inauguraci\u00f3n de la exposici\u00f3n fotogr\u00e1fica se da por concluida esta 35 edici\u00f3n del Castell de l\u2019Olla y la organizaci\u00f3n trabaja en la cita del 2024. |ALTEADIGITAL.ES<\/p>\n\n\n\n<div class=\"wp-block-image\"><figure class=\"aligncenter\"><img decoding=\"async\" data-src=\"https:\/\/alteadigital.es\/wp-content\/uploads\/2023\/09\/ganadores-con-miembros-de-la-Cofradia-web.jpg\" alt=\"\" class=\"wp-image-113556 lazyload\" src=\"data:image\/gif;base64,R0lGODlhAQABAAAAACH5BAEKAAEALAAAAAABAAEAAAICTAEAOw==\" \/><\/figure><\/div>\n","protected":false},"excerpt":{"rendered":"<p>Una foto de Antonio P\u00e9rez y otra de Eric Lanneau, consiguen el segundo y tercer puesto del concurso. El [&hellip;]<\/p>\n","protected":false},"author":1,"featured_media":27378,"comment_status":"open","ping_status":"open","sticky":false,"template":"","format":"standard","meta":{"_expiration-date-status":"","_expiration-date":0,"_expiration-date-type":"","_expiration-date-categories":[],"_expiration-date-options":[],"footnotes":""},"yoast_head":"<!-- This site is optimized with the Yoast SEO plugin v22.8 - https:\/\/yoast.com\/wordpress\/plugins\/seo\/ -->\n<title>El alteano Roberto Riera gana el concurso de fotograf\u00eda \u201cCastell de l\u2019Olla 2023\u201d - Altea Cultural<\/title>\n<meta name=\"robots\" content=\"index, follow, max-snippet:-1, max-image-preview:large, max-video-preview:-1\" \/>\n<link rel=\"canonical\" href=\"https:\/\/www.alteacultural.com\/es\/2023\/09\/06\/laltea-roberto-riera-guanya-el-concurs-de-fotografia-castell-de-lolla-2023\/\" \/>\n<meta property=\"og:locale\" content=\"es_ES\" \/>\n<meta property=\"og:type\" content=\"article\" \/>\n<meta property=\"og:title\" content=\"El alteano Roberto Riera gana el concurso de fotograf\u00eda \u201cCastell de l\u2019Olla 2023\u201d - Altea Cultural\" \/>\n<meta property=\"og:description\" content=\"Una foto de Antonio P\u00e9rez y otra de Eric Lanneau, consiguen el segundo y tercer puesto del concurso. El [&hellip;]\" \/>\n<meta property=\"og:url\" content=\"https:\/\/www.alteacultural.com\/es\/2023\/09\/06\/laltea-roberto-riera-guanya-el-concurs-de-fotografia-castell-de-lolla-2023\/\" \/>\n<meta property=\"og:site_name\" content=\"Altea Cultural\" \/>\n<meta property=\"article:published_time\" content=\"2023-09-06T06:05:35+00:00\" \/>\n<meta property=\"article:modified_time\" content=\"2023-09-06T06:08:00+00:00\" \/>\n<meta property=\"og:image\" content=\"https:\/\/www.alteacultural.com\/wp-content\/uploads\/2023\/09\/foto-guanyadora.jpg\" \/>\n\t<meta property=\"og:image:width\" content=\"1024\" \/>\n\t<meta property=\"og:image:height\" content=\"683\" \/>\n\t<meta property=\"og:image:type\" content=\"image\/jpeg\" \/>\n<meta name=\"author\" content=\"sfaltea.com-admin\" \/>\n<meta name=\"twitter:card\" content=\"summary_large_image\" \/>\n<meta name=\"twitter:label1\" content=\"Escrito por\" \/>\n\t<meta name=\"twitter:data1\" content=\"sfaltea.com-admin\" \/>\n\t<meta name=\"twitter:label2\" content=\"Tiempo de lectura\" \/>\n\t<meta name=\"twitter:data2\" content=\"3 minutos\" \/>\n<script type=\"application\/ld+json\" class=\"yoast-schema-graph\">{\"@context\":\"https:\/\/schema.org\",\"@graph\":[{\"@type\":\"WebPage\",\"@id\":\"https:\/\/www.alteacultural.com\/es\/2023\/09\/06\/laltea-roberto-riera-guanya-el-concurs-de-fotografia-castell-de-lolla-2023\/\",\"url\":\"https:\/\/www.alteacultural.com\/es\/2023\/09\/06\/laltea-roberto-riera-guanya-el-concurs-de-fotografia-castell-de-lolla-2023\/\",\"name\":\"El alteano Roberto Riera gana el concurso de fotograf\u00eda \u201cCastell de l\u2019Olla 2023\u201d - Altea Cultural\",\"isPartOf\":{\"@id\":\"https:\/\/www.alteacultural.com\/es\/#website\"},\"primaryImageOfPage\":{\"@id\":\"https:\/\/www.alteacultural.com\/es\/2023\/09\/06\/laltea-roberto-riera-guanya-el-concurs-de-fotografia-castell-de-lolla-2023\/#primaryimage\"},\"image\":{\"@id\":\"https:\/\/www.alteacultural.com\/es\/2023\/09\/06\/laltea-roberto-riera-guanya-el-concurs-de-fotografia-castell-de-lolla-2023\/#primaryimage\"},\"thumbnailUrl\":\"https:\/\/www.alteacultural.com\/wp-content\/uploads\/2023\/09\/foto-guanyadora.jpg\",\"datePublished\":\"2023-09-06T06:05:35+00:00\",\"dateModified\":\"2023-09-06T06:08:00+00:00\",\"author\":{\"@id\":\"https:\/\/www.alteacultural.com\/es\/#\/schema\/person\/c4e137537f1af546d214a315255e5172\"},\"breadcrumb\":{\"@id\":\"https:\/\/www.alteacultural.com\/es\/2023\/09\/06\/laltea-roberto-riera-guanya-el-concurs-de-fotografia-castell-de-lolla-2023\/#breadcrumb\"},\"inLanguage\":\"es\",\"potentialAction\":[{\"@type\":\"ReadAction\",\"target\":[\"https:\/\/www.alteacultural.com\/es\/2023\/09\/06\/laltea-roberto-riera-guanya-el-concurs-de-fotografia-castell-de-lolla-2023\/\"]}]},{\"@type\":\"ImageObject\",\"inLanguage\":\"es\",\"@id\":\"https:\/\/www.alteacultural.com\/es\/2023\/09\/06\/laltea-roberto-riera-guanya-el-concurs-de-fotografia-castell-de-lolla-2023\/#primaryimage\",\"url\":\"https:\/\/www.alteacultural.com\/wp-content\/uploads\/2023\/09\/foto-guanyadora.jpg\",\"contentUrl\":\"https:\/\/www.alteacultural.com\/wp-content\/uploads\/2023\/09\/foto-guanyadora.jpg\",\"width\":1024,\"height\":683},{\"@type\":\"BreadcrumbList\",\"@id\":\"https:\/\/www.alteacultural.com\/es\/2023\/09\/06\/laltea-roberto-riera-guanya-el-concurs-de-fotografia-castell-de-lolla-2023\/#breadcrumb\",\"itemListElement\":[{\"@type\":\"ListItem\",\"position\":1,\"name\":\"Inici\",\"item\":\"https:\/\/www.alteacultural.com\/es\/\"},{\"@type\":\"ListItem\",\"position\":2,\"name\":\"El alteano Roberto Riera gana el concurso de fotograf\u00eda \u201cCastell de l\u2019Olla 2023\u201d\"}]},{\"@type\":\"WebSite\",\"@id\":\"https:\/\/www.alteacultural.com\/es\/#website\",\"url\":\"https:\/\/www.alteacultural.com\/es\/\",\"name\":\"Altea Cultural\",\"description\":\"Regidoria de Cultura de l&#039;Ajuntament d&#039;Altea\",\"potentialAction\":[{\"@type\":\"SearchAction\",\"target\":{\"@type\":\"EntryPoint\",\"urlTemplate\":\"https:\/\/www.alteacultural.com\/es\/?s={search_term_string}\"},\"query-input\":\"required name=search_term_string\"}],\"inLanguage\":\"es\"},{\"@type\":\"Person\",\"@id\":\"https:\/\/www.alteacultural.com\/es\/#\/schema\/person\/c4e137537f1af546d214a315255e5172\",\"name\":\"sfaltea.com-admin\",\"image\":{\"@type\":\"ImageObject\",\"inLanguage\":\"es\",\"@id\":\"https:\/\/www.alteacultural.com\/es\/#\/schema\/person\/image\/\",\"url\":\"https:\/\/secure.gravatar.com\/avatar\/f7473fa2fbd351270ccfd469de536202?s=96&d=mm&r=g\",\"contentUrl\":\"https:\/\/secure.gravatar.com\/avatar\/f7473fa2fbd351270ccfd469de536202?s=96&d=mm&r=g\",\"caption\":\"sfaltea.com-admin\"},\"url\":\"https:\/\/www.alteacultural.com\/es\/author\/sfaltea-com-admin\/\"}]}<\/script>\n<!-- \/ Yoast SEO plugin. -->","yoast_head_json":{"title":"El alteano Roberto Riera gana el concurso de fotograf\u00eda \u201cCastell de l\u2019Olla 2023\u201d - Altea Cultural","robots":{"index":"index","follow":"follow","max-snippet":"max-snippet:-1","max-image-preview":"max-image-preview:large","max-video-preview":"max-video-preview:-1"},"canonical":"https:\/\/www.alteacultural.com\/es\/2023\/09\/06\/laltea-roberto-riera-guanya-el-concurs-de-fotografia-castell-de-lolla-2023\/","og_locale":"es_ES","og_type":"article","og_title":"El alteano Roberto Riera gana el concurso de fotograf\u00eda \u201cCastell de l\u2019Olla 2023\u201d - Altea Cultural","og_description":"Una foto de Antonio P\u00e9rez y otra de Eric Lanneau, consiguen el segundo y tercer puesto del concurso. El [&hellip;]","og_url":"https:\/\/www.alteacultural.com\/es\/2023\/09\/06\/laltea-roberto-riera-guanya-el-concurs-de-fotografia-castell-de-lolla-2023\/","og_site_name":"Altea Cultural","article_published_time":"2023-09-06T06:05:35+00:00","article_modified_time":"2023-09-06T06:08:00+00:00","og_image":[{"width":1024,"height":683,"url":"https:\/\/www.alteacultural.com\/wp-content\/uploads\/2023\/09\/foto-guanyadora.jpg","type":"image\/jpeg"}],"author":"sfaltea.com-admin","twitter_card":"summary_large_image","twitter_misc":{"Escrito por":"sfaltea.com-admin","Tiempo de lectura":"3 minutos"},"schema":{"@context":"https:\/\/schema.org","@graph":[{"@type":"WebPage","@id":"https:\/\/www.alteacultural.com\/es\/2023\/09\/06\/laltea-roberto-riera-guanya-el-concurs-de-fotografia-castell-de-lolla-2023\/","url":"https:\/\/www.alteacultural.com\/es\/2023\/09\/06\/laltea-roberto-riera-guanya-el-concurs-de-fotografia-castell-de-lolla-2023\/","name":"El alteano Roberto Riera gana el concurso de fotograf\u00eda \u201cCastell de l\u2019Olla 2023\u201d - Altea Cultural","isPartOf":{"@id":"https:\/\/www.alteacultural.com\/es\/#website"},"primaryImageOfPage":{"@id":"https:\/\/www.alteacultural.com\/es\/2023\/09\/06\/laltea-roberto-riera-guanya-el-concurs-de-fotografia-castell-de-lolla-2023\/#primaryimage"},"image":{"@id":"https:\/\/www.alteacultural.com\/es\/2023\/09\/06\/laltea-roberto-riera-guanya-el-concurs-de-fotografia-castell-de-lolla-2023\/#primaryimage"},"thumbnailUrl":"https:\/\/www.alteacultural.com\/wp-content\/uploads\/2023\/09\/foto-guanyadora.jpg","datePublished":"2023-09-06T06:05:35+00:00","dateModified":"2023-09-06T06:08:00+00:00","author":{"@id":"https:\/\/www.alteacultural.com\/es\/#\/schema\/person\/c4e137537f1af546d214a315255e5172"},"breadcrumb":{"@id":"https:\/\/www.alteacultural.com\/es\/2023\/09\/06\/laltea-roberto-riera-guanya-el-concurs-de-fotografia-castell-de-lolla-2023\/#breadcrumb"},"inLanguage":"es","potentialAction":[{"@type":"ReadAction","target":["https:\/\/www.alteacultural.com\/es\/2023\/09\/06\/laltea-roberto-riera-guanya-el-concurs-de-fotografia-castell-de-lolla-2023\/"]}]},{"@type":"ImageObject","inLanguage":"es","@id":"https:\/\/www.alteacultural.com\/es\/2023\/09\/06\/laltea-roberto-riera-guanya-el-concurs-de-fotografia-castell-de-lolla-2023\/#primaryimage","url":"https:\/\/www.alteacultural.com\/wp-content\/uploads\/2023\/09\/foto-guanyadora.jpg","contentUrl":"https:\/\/www.alteacultural.com\/wp-content\/uploads\/2023\/09\/foto-guanyadora.jpg","width":1024,"height":683},{"@type":"BreadcrumbList","@id":"https:\/\/www.alteacultural.com\/es\/2023\/09\/06\/laltea-roberto-riera-guanya-el-concurs-de-fotografia-castell-de-lolla-2023\/#breadcrumb","itemListElement":[{"@type":"ListItem","position":1,"name":"Inici","item":"https:\/\/www.alteacultural.com\/es\/"},{"@type":"ListItem","position":2,"name":"El alteano Roberto Riera gana el concurso de fotograf\u00eda \u201cCastell de l\u2019Olla 2023\u201d"}]},{"@type":"WebSite","@id":"https:\/\/www.alteacultural.com\/es\/#website","url":"https:\/\/www.alteacultural.com\/es\/","name":"Altea Cultural","description":"Regidoria de Cultura de l&#039;Ajuntament d&#039;Altea","potentialAction":[{"@type":"SearchAction","target":{"@type":"EntryPoint","urlTemplate":"https:\/\/www.alteacultural.com\/es\/?s={search_term_string}"},"query-input":"required name=search_term_string"}],"inLanguage":"es"},{"@type":"Person","@id":"https:\/\/www.alteacultural.com\/es\/#\/schema\/person\/c4e137537f1af546d214a315255e5172","name":"sfaltea.com-admin","image":{"@type":"ImageObject","inLanguage":"es","@id":"https:\/\/www.alteacultural.com\/es\/#\/schema\/person\/image\/","url":"https:\/\/secure.gravatar.com\/avatar\/f7473fa2fbd351270ccfd469de536202?s=96&d=mm&r=g","contentUrl":"https:\/\/secure.gravatar.com\/avatar\/f7473fa2fbd351270ccfd469de536202?s=96&d=mm&r=g","caption":"sfaltea.com-admin"},"url":"https:\/\/www.alteacultural.com\/es\/author\/sfaltea-com-admin\/"}]}},"_links":{"self":[{"href":"https:\/\/www.alteacultural.com\/es\/wp-json\/wp\/v2\/posts\/27380"}],"collection":[{"href":"https:\/\/www.alteacultural.com\/es\/wp-json\/wp\/v2\/posts"}],"about":[{"href":"https:\/\/www.alteacultural.com\/es\/wp-json\/wp\/v2\/types\/post"}],"author":[{"embeddable":true,"href":"https:\/\/www.alteacultural.com\/es\/wp-json\/wp\/v2\/users\/1"}],"replies":[{"embeddable":true,"href":"https:\/\/www.alteacultural.com\/es\/wp-json\/wp\/v2\/comments?post=27380"}],"version-history":[{"count":1,"href":"https:\/\/www.alteacultural.com\/es\/wp-json\/wp\/v2\/posts\/27380\/revisions"}],"predecessor-version":[{"id":27381,"href":"https:\/\/www.alteacultural.com\/es\/wp-json\/wp\/v2\/posts\/27380\/revisions\/27381"}],"wp:featuredmedia":[{"embeddable":true,"href":"https:\/\/www.alteacultural.com\/es\/wp-json\/wp\/v2\/media\/27378"}],"wp:attachment":[{"href":"https:\/\/www.alteacultural.com\/es\/wp-json\/wp\/v2\/media?parent=27380"}],"curies":[{"name":"wp","href":"https:\/\/api.w.org\/{rel}","templated":true}]}}