{"id":27386,"date":"2023-09-06T08:11:40","date_gmt":"2023-09-06T06:11:40","guid":{"rendered":"https:\/\/www.alteacultural.com\/2023\/09\/06\/la-regidoria-de-cultura-daltea-recorda-els-canals-de-difusio-que-acosten-la-seua-programacio-a-la-ciutadania\/"},"modified":"2023-10-03T07:47:16","modified_gmt":"2023-10-03T05:47:16","slug":"la-regidoria-de-cultura-daltea-recorda-els-canals-de-difusio-que-acosten-la-seua-programacio-a-la-ciutadania","status":"publish","type":"post","link":"https:\/\/www.alteacultural.com\/es\/2023\/09\/06\/la-regidoria-de-cultura-daltea-recorda-els-canals-de-difusio-que-acosten-la-seua-programacio-a-la-ciutadania\/","title":{"rendered":"La Concejal\u00eda de Cultura de Altea recuerda los canales de difusi\u00f3n que acercan su programaci\u00f3n a la ciudadan\u00eda"},"content":{"rendered":"\n<figure class=\"wp-block-image\"><img decoding=\"async\" data-src=\"https:\/\/alteadigital.es\/wp-content\/uploads\/2023\/09\/casadecultura.jpg\" alt=\"La Regidoria de Cultura d\u2019Altea recorda els canals de difusi\u00f3 que acosten la seua programaci\u00f3 a la ciutadania\" src=\"data:image\/gif;base64,R0lGODlhAQABAAAAACH5BAEKAAEALAAAAAABAAEAAAICTAEAOw==\" class=\"lazyload\" \/><\/figure>\n\n\n\n<p>La Concejal\u00eda de Cultura de Altea, ante la vuelta a la rutina, quiere recordar a la ciudadan\u00eda los diferentes canales de difusi\u00f3n de que dispone el \u00e1rea para acercarles la agenda y las diferentes actividades que se realizan en la localidad cada mes.<\/p>\n\n\n\n<p>\u201cLos canales son tres, para que cada persona pueda escoger el que le resulte m\u00e1s c\u00f3modo y as\u00ed no perderse nada, recibir\u00e1n la agenda mensual con cada actividad que realiza la Concejal\u00eda, la forma de comprar las entradas etc\u201d, ha comentado la concejala de Cultura, Pepa P\u00e9rez.<\/p>\n\n\n\n<p>La ciudadan\u00eda puede inscribirse a trav\u00e9s de WhatsApp y recibir\u00e1 los anuncios con una periodicidad de 2 a 10 d\u00edas. Se le mandar\u00e1 la agenda cultural y podr\u00e1 solicitar que se le env\u00ede por categor\u00edas. Para ello tendr\u00e1n que guardarse el n\u00famero 685 01 01 01 en los contactos, enviar la palabra \u201cALTA\u201d a ese n\u00famero y seguir las instrucciones que se le enviar\u00e1n.<\/p>\n\n\n\n<p>Telegram es otro de los canales de difusi\u00f3n, con una periodicidad de env\u00edo de informaci\u00f3n cada 10 o 15 d\u00edas. Para ello, desde el propio m\u00f3vil se deber\u00e1 hacer clic en&nbsp;<a href=\"https:\/\/t.me\/alteacultural\">https:\/\/t.me\/alteacultural<\/a>&nbsp;y una vez dentro pinchar en unirse.<\/p>\n\n\n\n<p>Por \u00faltimo, se podr\u00e1n suscribir por E-mail en el que los env\u00edos tendr\u00e1n una periodicidad de 15 a 30 d\u00edas. Para ello hay que pinchar este enlace y seguir las instrucciones:&nbsp;<a href=\"https:\/\/altea.us18.list-manage.com\/subscribe?u=82c8f3be9b1beb4422b48eaf4&amp;id=8026ff04be\">https:\/\/altea.us18.list-manage.com\/subscribe?u=82c8f3be9b1beb4422b48eaf4&amp;id=8026ff04be<\/a>.<\/p>\n\n\n\n<p>Toda la informaci\u00f3n de los servicios de difusi\u00f3n se puede consultar en:&nbsp;<a href=\"https:\/\/www.alteacultural.com\/alertes\/\">https:\/\/www.alteacultural.com\/alertes\/<\/a>.|ALTEADIGITAL.ES<\/p>\n","protected":false},"excerpt":{"rendered":"<p>La Concejal\u00eda de Cultura de Altea, ante la vuelta a la rutina, quiere recordar a la ciudadan\u00eda los diferentes [&hellip;]<\/p>\n","protected":false},"author":1,"featured_media":27384,"comment_status":"open","ping_status":"open","sticky":false,"template":"","format":"standard","meta":{"_expiration-date-status":"","_expiration-date":1696312003,"_expiration-date-type":"draft","_expiration-date-categories":[],"_expiration-date-options":[],"footnotes":""},"yoast_head":"<!-- This site is optimized with the Yoast SEO plugin v22.8 - https:\/\/yoast.com\/wordpress\/plugins\/seo\/ -->\n<title>La Concejal\u00eda de Cultura de Altea recuerda los canales de difusi\u00f3n que acercan su programaci\u00f3n a la ciudadan\u00eda - Altea Cultural<\/title>\n<meta name=\"robots\" content=\"index, follow, max-snippet:-1, max-image-preview:large, max-video-preview:-1\" \/>\n<link rel=\"canonical\" href=\"https:\/\/www.alteacultural.com\/es\/2023\/09\/06\/la-regidoria-de-cultura-daltea-recorda-els-canals-de-difusio-que-acosten-la-seua-programacio-a-la-ciutadania\/\" \/>\n<meta property=\"og:locale\" content=\"es_ES\" \/>\n<meta property=\"og:type\" content=\"article\" \/>\n<meta property=\"og:title\" content=\"La Concejal\u00eda de Cultura de Altea recuerda los canales de difusi\u00f3n que acercan su programaci\u00f3n a la ciudadan\u00eda - Altea Cultural\" \/>\n<meta property=\"og:description\" content=\"La Concejal\u00eda de Cultura de Altea, ante la vuelta a la rutina, quiere recordar a la ciudadan\u00eda los diferentes [&hellip;]\" \/>\n<meta property=\"og:url\" content=\"https:\/\/www.alteacultural.com\/es\/2023\/09\/06\/la-regidoria-de-cultura-daltea-recorda-els-canals-de-difusio-que-acosten-la-seua-programacio-a-la-ciutadania\/\" \/>\n<meta property=\"og:site_name\" content=\"Altea Cultural\" \/>\n<meta property=\"article:published_time\" content=\"2023-09-06T06:11:40+00:00\" \/>\n<meta property=\"article:modified_time\" content=\"2023-10-03T05:47:16+00:00\" \/>\n<meta property=\"og:image\" content=\"https:\/\/www.alteacultural.com\/wp-content\/uploads\/2023\/09\/casadecultura.jpg\" \/>\n\t<meta property=\"og:image:width\" content=\"640\" \/>\n\t<meta property=\"og:image:height\" content=\"380\" \/>\n\t<meta property=\"og:image:type\" content=\"image\/jpeg\" \/>\n<meta name=\"author\" content=\"sfaltea.com-admin\" \/>\n<meta name=\"twitter:card\" content=\"summary_large_image\" \/>\n<meta name=\"twitter:label1\" content=\"Escrito por\" \/>\n\t<meta name=\"twitter:data1\" content=\"sfaltea.com-admin\" \/>\n\t<meta name=\"twitter:label2\" content=\"Tiempo de lectura\" \/>\n\t<meta name=\"twitter:data2\" content=\"2 minutos\" \/>\n<script type=\"application\/ld+json\" class=\"yoast-schema-graph\">{\"@context\":\"https:\/\/schema.org\",\"@graph\":[{\"@type\":\"WebPage\",\"@id\":\"https:\/\/www.alteacultural.com\/es\/2023\/09\/06\/la-regidoria-de-cultura-daltea-recorda-els-canals-de-difusio-que-acosten-la-seua-programacio-a-la-ciutadania\/\",\"url\":\"https:\/\/www.alteacultural.com\/es\/2023\/09\/06\/la-regidoria-de-cultura-daltea-recorda-els-canals-de-difusio-que-acosten-la-seua-programacio-a-la-ciutadania\/\",\"name\":\"La Concejal\u00eda de Cultura de Altea recuerda los canales de difusi\u00f3n que acercan su programaci\u00f3n a la ciudadan\u00eda - Altea Cultural\",\"isPartOf\":{\"@id\":\"https:\/\/www.alteacultural.com\/es\/#website\"},\"primaryImageOfPage\":{\"@id\":\"https:\/\/www.alteacultural.com\/es\/2023\/09\/06\/la-regidoria-de-cultura-daltea-recorda-els-canals-de-difusio-que-acosten-la-seua-programacio-a-la-ciutadania\/#primaryimage\"},\"image\":{\"@id\":\"https:\/\/www.alteacultural.com\/es\/2023\/09\/06\/la-regidoria-de-cultura-daltea-recorda-els-canals-de-difusio-que-acosten-la-seua-programacio-a-la-ciutadania\/#primaryimage\"},\"thumbnailUrl\":\"https:\/\/www.alteacultural.com\/wp-content\/uploads\/2023\/09\/casadecultura.jpg\",\"datePublished\":\"2023-09-06T06:11:40+00:00\",\"dateModified\":\"2023-10-03T05:47:16+00:00\",\"author\":{\"@id\":\"https:\/\/www.alteacultural.com\/es\/#\/schema\/person\/c4e137537f1af546d214a315255e5172\"},\"breadcrumb\":{\"@id\":\"https:\/\/www.alteacultural.com\/es\/2023\/09\/06\/la-regidoria-de-cultura-daltea-recorda-els-canals-de-difusio-que-acosten-la-seua-programacio-a-la-ciutadania\/#breadcrumb\"},\"inLanguage\":\"es\",\"potentialAction\":[{\"@type\":\"ReadAction\",\"target\":[\"https:\/\/www.alteacultural.com\/es\/2023\/09\/06\/la-regidoria-de-cultura-daltea-recorda-els-canals-de-difusio-que-acosten-la-seua-programacio-a-la-ciutadania\/\"]}]},{\"@type\":\"ImageObject\",\"inLanguage\":\"es\",\"@id\":\"https:\/\/www.alteacultural.com\/es\/2023\/09\/06\/la-regidoria-de-cultura-daltea-recorda-els-canals-de-difusio-que-acosten-la-seua-programacio-a-la-ciutadania\/#primaryimage\",\"url\":\"https:\/\/www.alteacultural.com\/wp-content\/uploads\/2023\/09\/casadecultura.jpg\",\"contentUrl\":\"https:\/\/www.alteacultural.com\/wp-content\/uploads\/2023\/09\/casadecultura.jpg\",\"width\":640,\"height\":380},{\"@type\":\"BreadcrumbList\",\"@id\":\"https:\/\/www.alteacultural.com\/es\/2023\/09\/06\/la-regidoria-de-cultura-daltea-recorda-els-canals-de-difusio-que-acosten-la-seua-programacio-a-la-ciutadania\/#breadcrumb\",\"itemListElement\":[{\"@type\":\"ListItem\",\"position\":1,\"name\":\"Inici\",\"item\":\"https:\/\/www.alteacultural.com\/es\/\"},{\"@type\":\"ListItem\",\"position\":2,\"name\":\"La Concejal\u00eda de Cultura de Altea recuerda los canales de difusi\u00f3n que acercan su programaci\u00f3n a la ciudadan\u00eda\"}]},{\"@type\":\"WebSite\",\"@id\":\"https:\/\/www.alteacultural.com\/es\/#website\",\"url\":\"https:\/\/www.alteacultural.com\/es\/\",\"name\":\"Altea Cultural\",\"description\":\"Regidoria de Cultura de l&#039;Ajuntament d&#039;Altea\",\"potentialAction\":[{\"@type\":\"SearchAction\",\"target\":{\"@type\":\"EntryPoint\",\"urlTemplate\":\"https:\/\/www.alteacultural.com\/es\/?s={search_term_string}\"},\"query-input\":\"required name=search_term_string\"}],\"inLanguage\":\"es\"},{\"@type\":\"Person\",\"@id\":\"https:\/\/www.alteacultural.com\/es\/#\/schema\/person\/c4e137537f1af546d214a315255e5172\",\"name\":\"sfaltea.com-admin\",\"image\":{\"@type\":\"ImageObject\",\"inLanguage\":\"es\",\"@id\":\"https:\/\/www.alteacultural.com\/es\/#\/schema\/person\/image\/\",\"url\":\"https:\/\/secure.gravatar.com\/avatar\/f7473fa2fbd351270ccfd469de536202?s=96&d=mm&r=g\",\"contentUrl\":\"https:\/\/secure.gravatar.com\/avatar\/f7473fa2fbd351270ccfd469de536202?s=96&d=mm&r=g\",\"caption\":\"sfaltea.com-admin\"},\"url\":\"https:\/\/www.alteacultural.com\/es\/author\/sfaltea-com-admin\/\"}]}<\/script>\n<!-- \/ Yoast SEO plugin. -->","yoast_head_json":{"title":"La Concejal\u00eda de Cultura de Altea recuerda los canales de difusi\u00f3n que acercan su programaci\u00f3n a la ciudadan\u00eda - Altea Cultural","robots":{"index":"index","follow":"follow","max-snippet":"max-snippet:-1","max-image-preview":"max-image-preview:large","max-video-preview":"max-video-preview:-1"},"canonical":"https:\/\/www.alteacultural.com\/es\/2023\/09\/06\/la-regidoria-de-cultura-daltea-recorda-els-canals-de-difusio-que-acosten-la-seua-programacio-a-la-ciutadania\/","og_locale":"es_ES","og_type":"article","og_title":"La Concejal\u00eda de Cultura de Altea recuerda los canales de difusi\u00f3n que acercan su programaci\u00f3n a la ciudadan\u00eda - Altea Cultural","og_description":"La Concejal\u00eda de Cultura de Altea, ante la vuelta a la rutina, quiere recordar a la ciudadan\u00eda los diferentes [&hellip;]","og_url":"https:\/\/www.alteacultural.com\/es\/2023\/09\/06\/la-regidoria-de-cultura-daltea-recorda-els-canals-de-difusio-que-acosten-la-seua-programacio-a-la-ciutadania\/","og_site_name":"Altea Cultural","article_published_time":"2023-09-06T06:11:40+00:00","article_modified_time":"2023-10-03T05:47:16+00:00","og_image":[{"width":640,"height":380,"url":"https:\/\/www.alteacultural.com\/wp-content\/uploads\/2023\/09\/casadecultura.jpg","type":"image\/jpeg"}],"author":"sfaltea.com-admin","twitter_card":"summary_large_image","twitter_misc":{"Escrito por":"sfaltea.com-admin","Tiempo de lectura":"2 minutos"},"schema":{"@context":"https:\/\/schema.org","@graph":[{"@type":"WebPage","@id":"https:\/\/www.alteacultural.com\/es\/2023\/09\/06\/la-regidoria-de-cultura-daltea-recorda-els-canals-de-difusio-que-acosten-la-seua-programacio-a-la-ciutadania\/","url":"https:\/\/www.alteacultural.com\/es\/2023\/09\/06\/la-regidoria-de-cultura-daltea-recorda-els-canals-de-difusio-que-acosten-la-seua-programacio-a-la-ciutadania\/","name":"La Concejal\u00eda de Cultura de Altea recuerda los canales de difusi\u00f3n que acercan su programaci\u00f3n a la ciudadan\u00eda - Altea Cultural","isPartOf":{"@id":"https:\/\/www.alteacultural.com\/es\/#website"},"primaryImageOfPage":{"@id":"https:\/\/www.alteacultural.com\/es\/2023\/09\/06\/la-regidoria-de-cultura-daltea-recorda-els-canals-de-difusio-que-acosten-la-seua-programacio-a-la-ciutadania\/#primaryimage"},"image":{"@id":"https:\/\/www.alteacultural.com\/es\/2023\/09\/06\/la-regidoria-de-cultura-daltea-recorda-els-canals-de-difusio-que-acosten-la-seua-programacio-a-la-ciutadania\/#primaryimage"},"thumbnailUrl":"https:\/\/www.alteacultural.com\/wp-content\/uploads\/2023\/09\/casadecultura.jpg","datePublished":"2023-09-06T06:11:40+00:00","dateModified":"2023-10-03T05:47:16+00:00","author":{"@id":"https:\/\/www.alteacultural.com\/es\/#\/schema\/person\/c4e137537f1af546d214a315255e5172"},"breadcrumb":{"@id":"https:\/\/www.alteacultural.com\/es\/2023\/09\/06\/la-regidoria-de-cultura-daltea-recorda-els-canals-de-difusio-que-acosten-la-seua-programacio-a-la-ciutadania\/#breadcrumb"},"inLanguage":"es","potentialAction":[{"@type":"ReadAction","target":["https:\/\/www.alteacultural.com\/es\/2023\/09\/06\/la-regidoria-de-cultura-daltea-recorda-els-canals-de-difusio-que-acosten-la-seua-programacio-a-la-ciutadania\/"]}]},{"@type":"ImageObject","inLanguage":"es","@id":"https:\/\/www.alteacultural.com\/es\/2023\/09\/06\/la-regidoria-de-cultura-daltea-recorda-els-canals-de-difusio-que-acosten-la-seua-programacio-a-la-ciutadania\/#primaryimage","url":"https:\/\/www.alteacultural.com\/wp-content\/uploads\/2023\/09\/casadecultura.jpg","contentUrl":"https:\/\/www.alteacultural.com\/wp-content\/uploads\/2023\/09\/casadecultura.jpg","width":640,"height":380},{"@type":"BreadcrumbList","@id":"https:\/\/www.alteacultural.com\/es\/2023\/09\/06\/la-regidoria-de-cultura-daltea-recorda-els-canals-de-difusio-que-acosten-la-seua-programacio-a-la-ciutadania\/#breadcrumb","itemListElement":[{"@type":"ListItem","position":1,"name":"Inici","item":"https:\/\/www.alteacultural.com\/es\/"},{"@type":"ListItem","position":2,"name":"La Concejal\u00eda de Cultura de Altea recuerda los canales de difusi\u00f3n que acercan su programaci\u00f3n a la ciudadan\u00eda"}]},{"@type":"WebSite","@id":"https:\/\/www.alteacultural.com\/es\/#website","url":"https:\/\/www.alteacultural.com\/es\/","name":"Altea Cultural","description":"Regidoria de Cultura de l&#039;Ajuntament d&#039;Altea","potentialAction":[{"@type":"SearchAction","target":{"@type":"EntryPoint","urlTemplate":"https:\/\/www.alteacultural.com\/es\/?s={search_term_string}"},"query-input":"required name=search_term_string"}],"inLanguage":"es"},{"@type":"Person","@id":"https:\/\/www.alteacultural.com\/es\/#\/schema\/person\/c4e137537f1af546d214a315255e5172","name":"sfaltea.com-admin","image":{"@type":"ImageObject","inLanguage":"es","@id":"https:\/\/www.alteacultural.com\/es\/#\/schema\/person\/image\/","url":"https:\/\/secure.gravatar.com\/avatar\/f7473fa2fbd351270ccfd469de536202?s=96&d=mm&r=g","contentUrl":"https:\/\/secure.gravatar.com\/avatar\/f7473fa2fbd351270ccfd469de536202?s=96&d=mm&r=g","caption":"sfaltea.com-admin"},"url":"https:\/\/www.alteacultural.com\/es\/author\/sfaltea-com-admin\/"}]}},"_links":{"self":[{"href":"https:\/\/www.alteacultural.com\/es\/wp-json\/wp\/v2\/posts\/27386"}],"collection":[{"href":"https:\/\/www.alteacultural.com\/es\/wp-json\/wp\/v2\/posts"}],"about":[{"href":"https:\/\/www.alteacultural.com\/es\/wp-json\/wp\/v2\/types\/post"}],"author":[{"embeddable":true,"href":"https:\/\/www.alteacultural.com\/es\/wp-json\/wp\/v2\/users\/1"}],"replies":[{"embeddable":true,"href":"https:\/\/www.alteacultural.com\/es\/wp-json\/wp\/v2\/comments?post=27386"}],"version-history":[{"count":2,"href":"https:\/\/www.alteacultural.com\/es\/wp-json\/wp\/v2\/posts\/27386\/revisions"}],"predecessor-version":[{"id":27563,"href":"https:\/\/www.alteacultural.com\/es\/wp-json\/wp\/v2\/posts\/27386\/revisions\/27563"}],"wp:featuredmedia":[{"embeddable":true,"href":"https:\/\/www.alteacultural.com\/es\/wp-json\/wp\/v2\/media\/27384"}],"wp:attachment":[{"href":"https:\/\/www.alteacultural.com\/es\/wp-json\/wp\/v2\/media?parent=27386"}],"curies":[{"name":"wp","href":"https:\/\/api.w.org\/{rel}","templated":true}]}}