{"id":27485,"date":"2023-09-20T07:59:14","date_gmt":"2023-09-20T05:59:14","guid":{"rendered":"https:\/\/www.alteacultural.com\/2023\/09\/20\/el-percussionista-altea-noe-rodrigo-presentara-el-seu-primer-disc-en-un-concert-a-palau-altea\/"},"modified":"2023-09-24T14:00:10","modified_gmt":"2023-09-24T12:00:10","slug":"el-percussionista-altea-noe-rodrigo-presentara-el-seu-primer-disc-en-un-concert-a-palau-altea","status":"publish","type":"post","link":"https:\/\/www.alteacultural.com\/es\/2023\/09\/20\/el-percussionista-altea-noe-rodrigo-presentara-el-seu-primer-disc-en-un-concert-a-palau-altea\/","title":{"rendered":"El percusionista alteano No\u00e8 Rodrigo presentar\u00e1 su primer disco en un concierto en Palau Altea"},"content":{"rendered":"\n<figure class=\"wp-block-image\"><img decoding=\"async\" data-src=\"https:\/\/alteadigital.es\/wp-content\/uploads\/2023\/09\/Rp-concert-Noe-Rodrigo-web.jpg\" alt=\"El percussionista alte\u00e0 No\u00e8 Rodrigo presentar\u00e0 el seu primer disc en un concert a Palau Altea\" src=\"data:image\/gif;base64,R0lGODlhAQABAAAAACH5BAEKAAEALAAAAAABAAEAAAICTAEAOw==\" class=\"lazyload\" \/><\/figure>\n\n\n\n<p>El m\u00fasico alteano No\u00e8 Rodrigo Gisbert, quien combina su trabajo de profesor del Conservatorio Superior de M\u00fasica de Salamanca con la labor de percusionista solista, ofrecer\u00e1 un concierto el 20 de octubre a las 20:00h en Palau Altea en el que presentar\u00e1 su primer disco en solitario, que se llama \u201cParaules\u201d. As\u00ed lo ha informado la edil de Cultura Pepa Victoria P\u00e9rez, acompa\u00f1ada por el propio artista.<\/p>\n\n\n\n<p>Como ha recordado la edil, No\u00e8 Rodrigo inicia sus estudios en el Conservatorio de Grado Medio de Altea y en el seno de la Sociedad Filarm\u00f3nica Alteanense;&nbsp; despu\u00e9s cursa el Grado Superior en el Conservatorio de Zaragoza y completa su formaci\u00f3n en el Conservatorio de \u00c1msterdam.<\/p>\n\n\n\n<p>Como responsable de Cultura, P\u00e9rez ha invitado a los amantes de la m\u00fasica de toda la Comarca a disfrutar de este concierto gratuito y libre, limitado al aforo de la sala. La edil ha concluido destacando que, \u201cAltea es tierra de m\u00fasicos y No\u00e8 es otro de os m\u00fasicos que sale de nuestro conservatorio y por ello quiero volver a destacar el importante trabajo que se realiza entre la comunidad educativa en nuestro pueblo y municipios colindantes\u201d.<\/p>\n\n\n\n<p>Por su parte, el m\u00fasico alteano ha reconocido sentirse ilusionado con este concierto porque \u201csignifica presentar en Altea el \u00e1lbum debut como solista, editado por IBS Classical, una discogr\u00e1fica espa\u00f1ola establecida en Granada, que al fin y al cabo son mis ra\u00edces\u201d.<\/p>\n\n\n\n<p>No\u00e8 Rodrigo detalla que su proyecto est\u00e1 formado por m\u00fasica la mayor\u00eda in\u00e9dita, de la que hay grabaciones pero no son oficiales y otras de las que no hay grabaciones. \u201cEs m\u00fasica escrita en los \u00faltimos 50 a\u00f1os, desde 1975 hasta 2015. Incluye algunas de las obras m\u00e1s representativas del repertorio de percusi\u00f3n, con percusionistas internacionalmente reconocidos como Iannis Xenakis y otros m\u00e1s cercanos a nosotros como Jes\u00fas Torres o el etnomusic\u00f3logo Buero Vallejo y obras de nueva creaci\u00f3n como la escrita por la italiana Silvia Borchelini\u201d. Explica Rodrigo, quien concluye indicando que \u201cse trata de un disco con una profunda relaci\u00f3n con el\u00a0 lenguaje y la comunicaci\u00f3n. La m\u00fasica como la palabra se extingue sin ser pronunciada y es verdad que en muchas ocasiones la ac\u00fastica hace que se extienda, pero la percusi\u00f3n a priori no puede hacerlo y es desde este punto en la que Xenakis compone \u201cPsappha\u201d en la que da prioridad al ritmo de los versos sobre el contenido mel\u00f3dico. Por otro lado, una palabra es un momento, una ventana a trav\u00e9s de la que se expresa un sentimiento y que de manera inmediata desaparece. Son un poco estas ideas las que motivan la interpretaci\u00f3n y tambi\u00e9n la selecci\u00f3n de obras para el disco\u201d.|ALTEADIGITAL.ES<\/p>\n\n\n\n<div class=\"wp-block-image\"><figure class=\"aligncenter\"><img decoding=\"async\" data-src=\"https:\/\/alteadigital.es\/wp-content\/uploads\/2023\/09\/cartell-Noe-Rodrigo-web.jpg\" alt=\"\" class=\"wp-image-113834 lazyload\" src=\"data:image\/gif;base64,R0lGODlhAQABAAAAACH5BAEKAAEALAAAAAABAAEAAAICTAEAOw==\" \/><\/figure><\/div>\n","protected":false},"excerpt":{"rendered":"<p>El m\u00fasico alteano No\u00e8 Rodrigo Gisbert, quien combina su trabajo de profesor del Conservatorio Superior de M\u00fasica de Salamanca [&hellip;]<\/p>\n","protected":false},"author":1,"featured_media":27483,"comment_status":"open","ping_status":"open","sticky":false,"template":"","format":"standard","meta":{"_expiration-date-status":"","_expiration-date":0,"_expiration-date-type":"","_expiration-date-categories":[],"_expiration-date-options":[],"footnotes":""},"yoast_head":"<!-- This site is optimized with the Yoast SEO plugin v22.8 - https:\/\/yoast.com\/wordpress\/plugins\/seo\/ -->\n<title>El percusionista alteano No\u00e8 Rodrigo presentar\u00e1 su primer disco en un concierto en Palau Altea - Altea Cultural<\/title>\n<meta name=\"robots\" content=\"index, follow, max-snippet:-1, max-image-preview:large, max-video-preview:-1\" \/>\n<link rel=\"canonical\" href=\"https:\/\/www.alteacultural.com\/es\/2023\/09\/20\/el-percussionista-altea-noe-rodrigo-presentara-el-seu-primer-disc-en-un-concert-a-palau-altea\/\" \/>\n<meta property=\"og:locale\" content=\"es_ES\" \/>\n<meta property=\"og:type\" content=\"article\" \/>\n<meta property=\"og:title\" content=\"El percusionista alteano No\u00e8 Rodrigo presentar\u00e1 su primer disco en un concierto en Palau Altea - Altea Cultural\" \/>\n<meta property=\"og:description\" content=\"El m\u00fasico alteano No\u00e8 Rodrigo Gisbert, quien combina su trabajo de profesor del Conservatorio Superior de M\u00fasica de Salamanca [&hellip;]\" \/>\n<meta property=\"og:url\" content=\"https:\/\/www.alteacultural.com\/es\/2023\/09\/20\/el-percussionista-altea-noe-rodrigo-presentara-el-seu-primer-disc-en-un-concert-a-palau-altea\/\" \/>\n<meta property=\"og:site_name\" content=\"Altea Cultural\" \/>\n<meta property=\"article:published_time\" content=\"2023-09-20T05:59:14+00:00\" \/>\n<meta property=\"article:modified_time\" content=\"2023-09-24T12:00:10+00:00\" \/>\n<meta property=\"og:image\" content=\"https:\/\/www.alteacultural.com\/wp-content\/uploads\/2023\/09\/cartell-Noe-Rodrigo-web.jpg\" \/>\n\t<meta property=\"og:image:width\" content=\"800\" \/>\n\t<meta property=\"og:image:height\" content=\"1131\" \/>\n\t<meta property=\"og:image:type\" content=\"image\/jpeg\" \/>\n<meta name=\"author\" content=\"sfaltea.com-admin\" \/>\n<meta name=\"twitter:card\" content=\"summary_large_image\" \/>\n<meta name=\"twitter:label1\" content=\"Escrito por\" \/>\n\t<meta name=\"twitter:data1\" content=\"sfaltea.com-admin\" \/>\n\t<meta name=\"twitter:label2\" content=\"Tiempo de lectura\" \/>\n\t<meta name=\"twitter:data2\" content=\"3 minutos\" \/>\n<script type=\"application\/ld+json\" class=\"yoast-schema-graph\">{\"@context\":\"https:\/\/schema.org\",\"@graph\":[{\"@type\":\"WebPage\",\"@id\":\"https:\/\/www.alteacultural.com\/es\/2023\/09\/20\/el-percussionista-altea-noe-rodrigo-presentara-el-seu-primer-disc-en-un-concert-a-palau-altea\/\",\"url\":\"https:\/\/www.alteacultural.com\/es\/2023\/09\/20\/el-percussionista-altea-noe-rodrigo-presentara-el-seu-primer-disc-en-un-concert-a-palau-altea\/\",\"name\":\"El percusionista alteano No\u00e8 Rodrigo presentar\u00e1 su primer disco en un concierto en Palau Altea - Altea Cultural\",\"isPartOf\":{\"@id\":\"https:\/\/www.alteacultural.com\/es\/#website\"},\"primaryImageOfPage\":{\"@id\":\"https:\/\/www.alteacultural.com\/es\/2023\/09\/20\/el-percussionista-altea-noe-rodrigo-presentara-el-seu-primer-disc-en-un-concert-a-palau-altea\/#primaryimage\"},\"image\":{\"@id\":\"https:\/\/www.alteacultural.com\/es\/2023\/09\/20\/el-percussionista-altea-noe-rodrigo-presentara-el-seu-primer-disc-en-un-concert-a-palau-altea\/#primaryimage\"},\"thumbnailUrl\":\"https:\/\/www.alteacultural.com\/wp-content\/uploads\/2023\/09\/cartell-Noe-Rodrigo-web.jpg\",\"datePublished\":\"2023-09-20T05:59:14+00:00\",\"dateModified\":\"2023-09-24T12:00:10+00:00\",\"author\":{\"@id\":\"https:\/\/www.alteacultural.com\/es\/#\/schema\/person\/c4e137537f1af546d214a315255e5172\"},\"breadcrumb\":{\"@id\":\"https:\/\/www.alteacultural.com\/es\/2023\/09\/20\/el-percussionista-altea-noe-rodrigo-presentara-el-seu-primer-disc-en-un-concert-a-palau-altea\/#breadcrumb\"},\"inLanguage\":\"es\",\"potentialAction\":[{\"@type\":\"ReadAction\",\"target\":[\"https:\/\/www.alteacultural.com\/es\/2023\/09\/20\/el-percussionista-altea-noe-rodrigo-presentara-el-seu-primer-disc-en-un-concert-a-palau-altea\/\"]}]},{\"@type\":\"ImageObject\",\"inLanguage\":\"es\",\"@id\":\"https:\/\/www.alteacultural.com\/es\/2023\/09\/20\/el-percussionista-altea-noe-rodrigo-presentara-el-seu-primer-disc-en-un-concert-a-palau-altea\/#primaryimage\",\"url\":\"https:\/\/www.alteacultural.com\/wp-content\/uploads\/2023\/09\/cartell-Noe-Rodrigo-web.jpg\",\"contentUrl\":\"https:\/\/www.alteacultural.com\/wp-content\/uploads\/2023\/09\/cartell-Noe-Rodrigo-web.jpg\",\"width\":800,\"height\":1131},{\"@type\":\"BreadcrumbList\",\"@id\":\"https:\/\/www.alteacultural.com\/es\/2023\/09\/20\/el-percussionista-altea-noe-rodrigo-presentara-el-seu-primer-disc-en-un-concert-a-palau-altea\/#breadcrumb\",\"itemListElement\":[{\"@type\":\"ListItem\",\"position\":1,\"name\":\"Inici\",\"item\":\"https:\/\/www.alteacultural.com\/es\/\"},{\"@type\":\"ListItem\",\"position\":2,\"name\":\"El percusionista alteano No\u00e8 Rodrigo presentar\u00e1 su primer disco en un concierto en Palau Altea\"}]},{\"@type\":\"WebSite\",\"@id\":\"https:\/\/www.alteacultural.com\/es\/#website\",\"url\":\"https:\/\/www.alteacultural.com\/es\/\",\"name\":\"Altea Cultural\",\"description\":\"Regidoria de Cultura de l&#039;Ajuntament d&#039;Altea\",\"potentialAction\":[{\"@type\":\"SearchAction\",\"target\":{\"@type\":\"EntryPoint\",\"urlTemplate\":\"https:\/\/www.alteacultural.com\/es\/?s={search_term_string}\"},\"query-input\":\"required name=search_term_string\"}],\"inLanguage\":\"es\"},{\"@type\":\"Person\",\"@id\":\"https:\/\/www.alteacultural.com\/es\/#\/schema\/person\/c4e137537f1af546d214a315255e5172\",\"name\":\"sfaltea.com-admin\",\"image\":{\"@type\":\"ImageObject\",\"inLanguage\":\"es\",\"@id\":\"https:\/\/www.alteacultural.com\/es\/#\/schema\/person\/image\/\",\"url\":\"https:\/\/secure.gravatar.com\/avatar\/f7473fa2fbd351270ccfd469de536202?s=96&d=mm&r=g\",\"contentUrl\":\"https:\/\/secure.gravatar.com\/avatar\/f7473fa2fbd351270ccfd469de536202?s=96&d=mm&r=g\",\"caption\":\"sfaltea.com-admin\"},\"url\":\"https:\/\/www.alteacultural.com\/es\/author\/sfaltea-com-admin\/\"}]}<\/script>\n<!-- \/ Yoast SEO plugin. -->","yoast_head_json":{"title":"El percusionista alteano No\u00e8 Rodrigo presentar\u00e1 su primer disco en un concierto en Palau Altea - Altea Cultural","robots":{"index":"index","follow":"follow","max-snippet":"max-snippet:-1","max-image-preview":"max-image-preview:large","max-video-preview":"max-video-preview:-1"},"canonical":"https:\/\/www.alteacultural.com\/es\/2023\/09\/20\/el-percussionista-altea-noe-rodrigo-presentara-el-seu-primer-disc-en-un-concert-a-palau-altea\/","og_locale":"es_ES","og_type":"article","og_title":"El percusionista alteano No\u00e8 Rodrigo presentar\u00e1 su primer disco en un concierto en Palau Altea - Altea Cultural","og_description":"El m\u00fasico alteano No\u00e8 Rodrigo Gisbert, quien combina su trabajo de profesor del Conservatorio Superior de M\u00fasica de Salamanca [&hellip;]","og_url":"https:\/\/www.alteacultural.com\/es\/2023\/09\/20\/el-percussionista-altea-noe-rodrigo-presentara-el-seu-primer-disc-en-un-concert-a-palau-altea\/","og_site_name":"Altea Cultural","article_published_time":"2023-09-20T05:59:14+00:00","article_modified_time":"2023-09-24T12:00:10+00:00","og_image":[{"width":800,"height":1131,"url":"https:\/\/www.alteacultural.com\/wp-content\/uploads\/2023\/09\/cartell-Noe-Rodrigo-web.jpg","type":"image\/jpeg"}],"author":"sfaltea.com-admin","twitter_card":"summary_large_image","twitter_misc":{"Escrito por":"sfaltea.com-admin","Tiempo de lectura":"3 minutos"},"schema":{"@context":"https:\/\/schema.org","@graph":[{"@type":"WebPage","@id":"https:\/\/www.alteacultural.com\/es\/2023\/09\/20\/el-percussionista-altea-noe-rodrigo-presentara-el-seu-primer-disc-en-un-concert-a-palau-altea\/","url":"https:\/\/www.alteacultural.com\/es\/2023\/09\/20\/el-percussionista-altea-noe-rodrigo-presentara-el-seu-primer-disc-en-un-concert-a-palau-altea\/","name":"El percusionista alteano No\u00e8 Rodrigo presentar\u00e1 su primer disco en un concierto en Palau Altea - Altea Cultural","isPartOf":{"@id":"https:\/\/www.alteacultural.com\/es\/#website"},"primaryImageOfPage":{"@id":"https:\/\/www.alteacultural.com\/es\/2023\/09\/20\/el-percussionista-altea-noe-rodrigo-presentara-el-seu-primer-disc-en-un-concert-a-palau-altea\/#primaryimage"},"image":{"@id":"https:\/\/www.alteacultural.com\/es\/2023\/09\/20\/el-percussionista-altea-noe-rodrigo-presentara-el-seu-primer-disc-en-un-concert-a-palau-altea\/#primaryimage"},"thumbnailUrl":"https:\/\/www.alteacultural.com\/wp-content\/uploads\/2023\/09\/cartell-Noe-Rodrigo-web.jpg","datePublished":"2023-09-20T05:59:14+00:00","dateModified":"2023-09-24T12:00:10+00:00","author":{"@id":"https:\/\/www.alteacultural.com\/es\/#\/schema\/person\/c4e137537f1af546d214a315255e5172"},"breadcrumb":{"@id":"https:\/\/www.alteacultural.com\/es\/2023\/09\/20\/el-percussionista-altea-noe-rodrigo-presentara-el-seu-primer-disc-en-un-concert-a-palau-altea\/#breadcrumb"},"inLanguage":"es","potentialAction":[{"@type":"ReadAction","target":["https:\/\/www.alteacultural.com\/es\/2023\/09\/20\/el-percussionista-altea-noe-rodrigo-presentara-el-seu-primer-disc-en-un-concert-a-palau-altea\/"]}]},{"@type":"ImageObject","inLanguage":"es","@id":"https:\/\/www.alteacultural.com\/es\/2023\/09\/20\/el-percussionista-altea-noe-rodrigo-presentara-el-seu-primer-disc-en-un-concert-a-palau-altea\/#primaryimage","url":"https:\/\/www.alteacultural.com\/wp-content\/uploads\/2023\/09\/cartell-Noe-Rodrigo-web.jpg","contentUrl":"https:\/\/www.alteacultural.com\/wp-content\/uploads\/2023\/09\/cartell-Noe-Rodrigo-web.jpg","width":800,"height":1131},{"@type":"BreadcrumbList","@id":"https:\/\/www.alteacultural.com\/es\/2023\/09\/20\/el-percussionista-altea-noe-rodrigo-presentara-el-seu-primer-disc-en-un-concert-a-palau-altea\/#breadcrumb","itemListElement":[{"@type":"ListItem","position":1,"name":"Inici","item":"https:\/\/www.alteacultural.com\/es\/"},{"@type":"ListItem","position":2,"name":"El percusionista alteano No\u00e8 Rodrigo presentar\u00e1 su primer disco en un concierto en Palau Altea"}]},{"@type":"WebSite","@id":"https:\/\/www.alteacultural.com\/es\/#website","url":"https:\/\/www.alteacultural.com\/es\/","name":"Altea Cultural","description":"Regidoria de Cultura de l&#039;Ajuntament d&#039;Altea","potentialAction":[{"@type":"SearchAction","target":{"@type":"EntryPoint","urlTemplate":"https:\/\/www.alteacultural.com\/es\/?s={search_term_string}"},"query-input":"required name=search_term_string"}],"inLanguage":"es"},{"@type":"Person","@id":"https:\/\/www.alteacultural.com\/es\/#\/schema\/person\/c4e137537f1af546d214a315255e5172","name":"sfaltea.com-admin","image":{"@type":"ImageObject","inLanguage":"es","@id":"https:\/\/www.alteacultural.com\/es\/#\/schema\/person\/image\/","url":"https:\/\/secure.gravatar.com\/avatar\/f7473fa2fbd351270ccfd469de536202?s=96&d=mm&r=g","contentUrl":"https:\/\/secure.gravatar.com\/avatar\/f7473fa2fbd351270ccfd469de536202?s=96&d=mm&r=g","caption":"sfaltea.com-admin"},"url":"https:\/\/www.alteacultural.com\/es\/author\/sfaltea-com-admin\/"}]}},"_links":{"self":[{"href":"https:\/\/www.alteacultural.com\/es\/wp-json\/wp\/v2\/posts\/27485"}],"collection":[{"href":"https:\/\/www.alteacultural.com\/es\/wp-json\/wp\/v2\/posts"}],"about":[{"href":"https:\/\/www.alteacultural.com\/es\/wp-json\/wp\/v2\/types\/post"}],"author":[{"embeddable":true,"href":"https:\/\/www.alteacultural.com\/es\/wp-json\/wp\/v2\/users\/1"}],"replies":[{"embeddable":true,"href":"https:\/\/www.alteacultural.com\/es\/wp-json\/wp\/v2\/comments?post=27485"}],"version-history":[{"count":1,"href":"https:\/\/www.alteacultural.com\/es\/wp-json\/wp\/v2\/posts\/27485\/revisions"}],"predecessor-version":[{"id":27486,"href":"https:\/\/www.alteacultural.com\/es\/wp-json\/wp\/v2\/posts\/27485\/revisions\/27486"}],"wp:featuredmedia":[{"embeddable":true,"href":"https:\/\/www.alteacultural.com\/es\/wp-json\/wp\/v2\/media\/27483"}],"wp:attachment":[{"href":"https:\/\/www.alteacultural.com\/es\/wp-json\/wp\/v2\/media?parent=27485"}],"curies":[{"name":"wp","href":"https:\/\/api.w.org\/{rel}","templated":true}]}}