{"id":27489,"date":"2023-09-20T08:04:05","date_gmt":"2023-09-20T06:04:05","guid":{"rendered":"https:\/\/www.alteacultural.com\/2023\/09\/20\/la-fumiga-cap-de-cartell-de-fesporrat-daltea\/"},"modified":"2023-09-24T14:02:08","modified_gmt":"2023-09-24T12:02:08","slug":"la-fumiga-cap-de-cartell-de-fesporrat-daltea","status":"publish","type":"post","link":"https:\/\/www.alteacultural.com\/es\/2023\/09\/20\/la-fumiga-cap-de-cartell-de-fesporrat-daltea\/","title":{"rendered":"La F\u00famiga, cap de cartell de Fesporrat d\u2019Altea"},"content":{"rendered":"\n<figure class=\"wp-block-image\"><img decoding=\"async\" data-src=\"https:\/\/alteadigital.es\/wp-content\/uploads\/2023\/09\/fesporrat.jpeg\" alt=\"La F\u00famiga, cap de cartell de Fesporrat d\u2019Altea\" src=\"data:image\/gif;base64,R0lGODlhAQABAAAAACH5BAEKAAEALAAAAAABAAEAAAICTAEAOw==\" class=\"lazyload\" \/><\/figure>\n\n\n\n<p>Altea acollir\u00e0 un any m\u00e9s el seu festival de m\u00fasica en valenci\u00e0, Fesporrat, que comptar\u00e0 amb La F\u00famiga com a cap de cartell. Ser\u00e0 el 29 de setembre a les 22.00 hores en l\u2019Aparcament Basseta centre. Ho han presentat aquest mat\u00ed els edils de Joventut i Cultura, Germ\u00e1n Manj\u00f3n i Pepa P\u00e9rez.<\/p>\n\n\n\n<p>Els grups confirmats per a aquesta nova edici\u00f3 del Fesporrat s\u00f3n com a cap de cartell La F\u00famiga i Cactus i Colomet. Tancar\u00e0 el festival el DJ Santi Mataix. L\u2019obertura de portes ser\u00e0 a les 21.00 hores i els concerts comen\u00e7aran a les 22.00 hores.<\/p>\n\n\n\n<p>\u201cEnguany tornarem a fer el correbars pels carrers d\u2019Altea que va tindre tant d\u2019\u00e8xit l\u2019any passat. Comen\u00e7ar\u00e0 a les 17.00 hores en la Pla\u00e7a de la Creu i acabar\u00e0 a les 21.00 hores, encara no est\u00e0 tancat l\u2019itinerari, per\u00f2 estarem per la zona del festival, per a canviar i potenciar aqueixa zona. Ser\u00e0 amb la bandeta B\u00e8rnia\u201d.<\/p>\n\n\n\n<p>\u201cVoldria convidar, no sols als ve\u00efns i ve\u00efnes d\u2019Altea, sin\u00f3 als dels pobles dels voltants al fet que gaudisquen del Fesporrat, que \u00e9s una manera simb\u00f2lica de rematar les nostres festes i de potenciar la m\u00fasica en valenci\u00e0\u201d, ha comentat la regidora de Cultura, Pepa P\u00e9rez.<\/p>\n\n\n\n<p>Les entrades estan ja a la venda en&nbsp;<a href=\"http:\/\/www.movingtickets.com\/\">www.movingtickets.com<\/a>&nbsp;i tenen un preu de 10 euros. Tamb\u00e9 es poden adquirir en el propi recinte del festival. Els menors de 16 anys hauran d\u2019acudir acompanyats o amb autoritzaci\u00f3 dels seus pares o tutors i els xiquets fins als 7 anys podran entrar de manera gratu\u00efta. Actualment, s\u2019han venut ja m\u00e9s de 600 entrades. |ALTEADIGITAL.ES<\/p>\n\n\n\n<div class=\"wp-block-image\"><figure class=\"aligncenter\"><img decoding=\"async\" data-src=\"https:\/\/alteadigital.es\/wp-content\/uploads\/2023\/09\/fesporrat-cartel-1024x1024.jpg\" alt=\"\" class=\"wp-image-113881 lazyload\" src=\"data:image\/gif;base64,R0lGODlhAQABAAAAACH5BAEKAAEALAAAAAABAAEAAAICTAEAOw==\" style=\"--smush-placeholder-width: 1024px; --smush-placeholder-aspect-ratio: 1024\/1024;\" \/><\/figure><\/div>\n","protected":false},"excerpt":{"rendered":"<p>Altea acollir\u00e0 un any m\u00e9s el seu festival de m\u00fasica en valenci\u00e0, Fesporrat, que comptar\u00e0 amb La F\u00famiga com [&hellip;]<\/p>\n","protected":false},"author":1,"featured_media":27319,"comment_status":"open","ping_status":"open","sticky":false,"template":"","format":"standard","meta":{"_expiration-date-status":"","_expiration-date":0,"_expiration-date-type":"","_expiration-date-categories":[],"_expiration-date-options":[],"footnotes":""},"yoast_head":"<!-- This site is optimized with the Yoast SEO plugin v22.8 - https:\/\/yoast.com\/wordpress\/plugins\/seo\/ -->\n<title>La F\u00famiga, cap de cartell de Fesporrat d\u2019Altea - Altea Cultural<\/title>\n<meta name=\"robots\" content=\"index, follow, max-snippet:-1, max-image-preview:large, max-video-preview:-1\" \/>\n<link rel=\"canonical\" href=\"https:\/\/www.alteacultural.com\/es\/2023\/09\/20\/la-fumiga-cap-de-cartell-de-fesporrat-daltea\/\" \/>\n<meta property=\"og:locale\" content=\"es_ES\" \/>\n<meta property=\"og:type\" content=\"article\" \/>\n<meta property=\"og:title\" content=\"La F\u00famiga, cap de cartell de Fesporrat d\u2019Altea - Altea Cultural\" \/>\n<meta property=\"og:description\" content=\"Altea acollir\u00e0 un any m\u00e9s el seu festival de m\u00fasica en valenci\u00e0, Fesporrat, que comptar\u00e0 amb La F\u00famiga com [&hellip;]\" \/>\n<meta property=\"og:url\" content=\"https:\/\/www.alteacultural.com\/es\/2023\/09\/20\/la-fumiga-cap-de-cartell-de-fesporrat-daltea\/\" \/>\n<meta property=\"og:site_name\" content=\"Altea Cultural\" \/>\n<meta property=\"article:published_time\" content=\"2023-09-20T06:04:05+00:00\" \/>\n<meta property=\"article:modified_time\" content=\"2023-09-24T12:02:08+00:00\" \/>\n<meta property=\"og:image\" content=\"https:\/\/www.alteacultural.com\/wp-content\/uploads\/2023\/08\/fesporrat-2023.jpeg\" \/>\n\t<meta property=\"og:image:width\" content=\"650\" \/>\n\t<meta property=\"og:image:height\" content=\"650\" \/>\n\t<meta property=\"og:image:type\" content=\"image\/jpeg\" \/>\n<meta name=\"author\" content=\"sfaltea.com-admin\" \/>\n<meta name=\"twitter:card\" content=\"summary_large_image\" \/>\n<meta name=\"twitter:label1\" content=\"Escrito por\" \/>\n\t<meta name=\"twitter:data1\" content=\"sfaltea.com-admin\" \/>\n\t<meta name=\"twitter:label2\" content=\"Tiempo de lectura\" \/>\n\t<meta name=\"twitter:data2\" content=\"2 minutos\" \/>\n<script type=\"application\/ld+json\" class=\"yoast-schema-graph\">{\"@context\":\"https:\/\/schema.org\",\"@graph\":[{\"@type\":\"WebPage\",\"@id\":\"https:\/\/www.alteacultural.com\/es\/2023\/09\/20\/la-fumiga-cap-de-cartell-de-fesporrat-daltea\/\",\"url\":\"https:\/\/www.alteacultural.com\/es\/2023\/09\/20\/la-fumiga-cap-de-cartell-de-fesporrat-daltea\/\",\"name\":\"La F\u00famiga, cap de cartell de Fesporrat d\u2019Altea - Altea Cultural\",\"isPartOf\":{\"@id\":\"https:\/\/www.alteacultural.com\/es\/#website\"},\"primaryImageOfPage\":{\"@id\":\"https:\/\/www.alteacultural.com\/es\/2023\/09\/20\/la-fumiga-cap-de-cartell-de-fesporrat-daltea\/#primaryimage\"},\"image\":{\"@id\":\"https:\/\/www.alteacultural.com\/es\/2023\/09\/20\/la-fumiga-cap-de-cartell-de-fesporrat-daltea\/#primaryimage\"},\"thumbnailUrl\":\"https:\/\/www.alteacultural.com\/wp-content\/uploads\/2023\/08\/fesporrat-2023.jpeg\",\"datePublished\":\"2023-09-20T06:04:05+00:00\",\"dateModified\":\"2023-09-24T12:02:08+00:00\",\"author\":{\"@id\":\"https:\/\/www.alteacultural.com\/es\/#\/schema\/person\/c4e137537f1af546d214a315255e5172\"},\"breadcrumb\":{\"@id\":\"https:\/\/www.alteacultural.com\/es\/2023\/09\/20\/la-fumiga-cap-de-cartell-de-fesporrat-daltea\/#breadcrumb\"},\"inLanguage\":\"es\",\"potentialAction\":[{\"@type\":\"ReadAction\",\"target\":[\"https:\/\/www.alteacultural.com\/es\/2023\/09\/20\/la-fumiga-cap-de-cartell-de-fesporrat-daltea\/\"]}]},{\"@type\":\"ImageObject\",\"inLanguage\":\"es\",\"@id\":\"https:\/\/www.alteacultural.com\/es\/2023\/09\/20\/la-fumiga-cap-de-cartell-de-fesporrat-daltea\/#primaryimage\",\"url\":\"https:\/\/www.alteacultural.com\/wp-content\/uploads\/2023\/08\/fesporrat-2023.jpeg\",\"contentUrl\":\"https:\/\/www.alteacultural.com\/wp-content\/uploads\/2023\/08\/fesporrat-2023.jpeg\",\"width\":650,\"height\":650},{\"@type\":\"BreadcrumbList\",\"@id\":\"https:\/\/www.alteacultural.com\/es\/2023\/09\/20\/la-fumiga-cap-de-cartell-de-fesporrat-daltea\/#breadcrumb\",\"itemListElement\":[{\"@type\":\"ListItem\",\"position\":1,\"name\":\"Inici\",\"item\":\"https:\/\/www.alteacultural.com\/es\/\"},{\"@type\":\"ListItem\",\"position\":2,\"name\":\"La F\u00famiga, cap de cartell de Fesporrat d\u2019Altea\"}]},{\"@type\":\"WebSite\",\"@id\":\"https:\/\/www.alteacultural.com\/es\/#website\",\"url\":\"https:\/\/www.alteacultural.com\/es\/\",\"name\":\"Altea Cultural\",\"description\":\"Regidoria de Cultura de l&#039;Ajuntament d&#039;Altea\",\"potentialAction\":[{\"@type\":\"SearchAction\",\"target\":{\"@type\":\"EntryPoint\",\"urlTemplate\":\"https:\/\/www.alteacultural.com\/es\/?s={search_term_string}\"},\"query-input\":\"required name=search_term_string\"}],\"inLanguage\":\"es\"},{\"@type\":\"Person\",\"@id\":\"https:\/\/www.alteacultural.com\/es\/#\/schema\/person\/c4e137537f1af546d214a315255e5172\",\"name\":\"sfaltea.com-admin\",\"image\":{\"@type\":\"ImageObject\",\"inLanguage\":\"es\",\"@id\":\"https:\/\/www.alteacultural.com\/es\/#\/schema\/person\/image\/\",\"url\":\"https:\/\/secure.gravatar.com\/avatar\/f7473fa2fbd351270ccfd469de536202?s=96&d=mm&r=g\",\"contentUrl\":\"https:\/\/secure.gravatar.com\/avatar\/f7473fa2fbd351270ccfd469de536202?s=96&d=mm&r=g\",\"caption\":\"sfaltea.com-admin\"},\"url\":\"https:\/\/www.alteacultural.com\/es\/author\/sfaltea-com-admin\/\"}]}<\/script>\n<!-- \/ Yoast SEO plugin. -->","yoast_head_json":{"title":"La F\u00famiga, cap de cartell de Fesporrat d\u2019Altea - Altea Cultural","robots":{"index":"index","follow":"follow","max-snippet":"max-snippet:-1","max-image-preview":"max-image-preview:large","max-video-preview":"max-video-preview:-1"},"canonical":"https:\/\/www.alteacultural.com\/es\/2023\/09\/20\/la-fumiga-cap-de-cartell-de-fesporrat-daltea\/","og_locale":"es_ES","og_type":"article","og_title":"La F\u00famiga, cap de cartell de Fesporrat d\u2019Altea - Altea Cultural","og_description":"Altea acollir\u00e0 un any m\u00e9s el seu festival de m\u00fasica en valenci\u00e0, Fesporrat, que comptar\u00e0 amb La F\u00famiga com [&hellip;]","og_url":"https:\/\/www.alteacultural.com\/es\/2023\/09\/20\/la-fumiga-cap-de-cartell-de-fesporrat-daltea\/","og_site_name":"Altea Cultural","article_published_time":"2023-09-20T06:04:05+00:00","article_modified_time":"2023-09-24T12:02:08+00:00","og_image":[{"width":650,"height":650,"url":"https:\/\/www.alteacultural.com\/wp-content\/uploads\/2023\/08\/fesporrat-2023.jpeg","type":"image\/jpeg"}],"author":"sfaltea.com-admin","twitter_card":"summary_large_image","twitter_misc":{"Escrito por":"sfaltea.com-admin","Tiempo de lectura":"2 minutos"},"schema":{"@context":"https:\/\/schema.org","@graph":[{"@type":"WebPage","@id":"https:\/\/www.alteacultural.com\/es\/2023\/09\/20\/la-fumiga-cap-de-cartell-de-fesporrat-daltea\/","url":"https:\/\/www.alteacultural.com\/es\/2023\/09\/20\/la-fumiga-cap-de-cartell-de-fesporrat-daltea\/","name":"La F\u00famiga, cap de cartell de Fesporrat d\u2019Altea - Altea Cultural","isPartOf":{"@id":"https:\/\/www.alteacultural.com\/es\/#website"},"primaryImageOfPage":{"@id":"https:\/\/www.alteacultural.com\/es\/2023\/09\/20\/la-fumiga-cap-de-cartell-de-fesporrat-daltea\/#primaryimage"},"image":{"@id":"https:\/\/www.alteacultural.com\/es\/2023\/09\/20\/la-fumiga-cap-de-cartell-de-fesporrat-daltea\/#primaryimage"},"thumbnailUrl":"https:\/\/www.alteacultural.com\/wp-content\/uploads\/2023\/08\/fesporrat-2023.jpeg","datePublished":"2023-09-20T06:04:05+00:00","dateModified":"2023-09-24T12:02:08+00:00","author":{"@id":"https:\/\/www.alteacultural.com\/es\/#\/schema\/person\/c4e137537f1af546d214a315255e5172"},"breadcrumb":{"@id":"https:\/\/www.alteacultural.com\/es\/2023\/09\/20\/la-fumiga-cap-de-cartell-de-fesporrat-daltea\/#breadcrumb"},"inLanguage":"es","potentialAction":[{"@type":"ReadAction","target":["https:\/\/www.alteacultural.com\/es\/2023\/09\/20\/la-fumiga-cap-de-cartell-de-fesporrat-daltea\/"]}]},{"@type":"ImageObject","inLanguage":"es","@id":"https:\/\/www.alteacultural.com\/es\/2023\/09\/20\/la-fumiga-cap-de-cartell-de-fesporrat-daltea\/#primaryimage","url":"https:\/\/www.alteacultural.com\/wp-content\/uploads\/2023\/08\/fesporrat-2023.jpeg","contentUrl":"https:\/\/www.alteacultural.com\/wp-content\/uploads\/2023\/08\/fesporrat-2023.jpeg","width":650,"height":650},{"@type":"BreadcrumbList","@id":"https:\/\/www.alteacultural.com\/es\/2023\/09\/20\/la-fumiga-cap-de-cartell-de-fesporrat-daltea\/#breadcrumb","itemListElement":[{"@type":"ListItem","position":1,"name":"Inici","item":"https:\/\/www.alteacultural.com\/es\/"},{"@type":"ListItem","position":2,"name":"La F\u00famiga, cap de cartell de Fesporrat d\u2019Altea"}]},{"@type":"WebSite","@id":"https:\/\/www.alteacultural.com\/es\/#website","url":"https:\/\/www.alteacultural.com\/es\/","name":"Altea Cultural","description":"Regidoria de Cultura de l&#039;Ajuntament d&#039;Altea","potentialAction":[{"@type":"SearchAction","target":{"@type":"EntryPoint","urlTemplate":"https:\/\/www.alteacultural.com\/es\/?s={search_term_string}"},"query-input":"required name=search_term_string"}],"inLanguage":"es"},{"@type":"Person","@id":"https:\/\/www.alteacultural.com\/es\/#\/schema\/person\/c4e137537f1af546d214a315255e5172","name":"sfaltea.com-admin","image":{"@type":"ImageObject","inLanguage":"es","@id":"https:\/\/www.alteacultural.com\/es\/#\/schema\/person\/image\/","url":"https:\/\/secure.gravatar.com\/avatar\/f7473fa2fbd351270ccfd469de536202?s=96&d=mm&r=g","contentUrl":"https:\/\/secure.gravatar.com\/avatar\/f7473fa2fbd351270ccfd469de536202?s=96&d=mm&r=g","caption":"sfaltea.com-admin"},"url":"https:\/\/www.alteacultural.com\/es\/author\/sfaltea-com-admin\/"}]}},"_links":{"self":[{"href":"https:\/\/www.alteacultural.com\/es\/wp-json\/wp\/v2\/posts\/27489"}],"collection":[{"href":"https:\/\/www.alteacultural.com\/es\/wp-json\/wp\/v2\/posts"}],"about":[{"href":"https:\/\/www.alteacultural.com\/es\/wp-json\/wp\/v2\/types\/post"}],"author":[{"embeddable":true,"href":"https:\/\/www.alteacultural.com\/es\/wp-json\/wp\/v2\/users\/1"}],"replies":[{"embeddable":true,"href":"https:\/\/www.alteacultural.com\/es\/wp-json\/wp\/v2\/comments?post=27489"}],"version-history":[{"count":1,"href":"https:\/\/www.alteacultural.com\/es\/wp-json\/wp\/v2\/posts\/27489\/revisions"}],"predecessor-version":[{"id":27490,"href":"https:\/\/www.alteacultural.com\/es\/wp-json\/wp\/v2\/posts\/27489\/revisions\/27490"}],"wp:featuredmedia":[{"embeddable":true,"href":"https:\/\/www.alteacultural.com\/es\/wp-json\/wp\/v2\/media\/27319"}],"wp:attachment":[{"href":"https:\/\/www.alteacultural.com\/es\/wp-json\/wp\/v2\/media?parent=27489"}],"curies":[{"name":"wp","href":"https:\/\/api.w.org\/{rel}","templated":true}]}}