{"id":27561,"date":"2023-10-03T07:42:49","date_gmt":"2023-10-03T05:42:49","guid":{"rendered":"https:\/\/www.alteacultural.com\/2023\/10\/03\/gorgona-de-francoise-bertin-guanya-la-tercera-edicio-de-el-retorno-de-las-gargolas\/"},"modified":"2023-10-05T15:00:11","modified_gmt":"2023-10-05T13:00:11","slug":"gorgona-de-francoise-bertin-guanya-la-tercera-edicio-de-el-retorno-de-las-gargolas","status":"publish","type":"post","link":"https:\/\/www.alteacultural.com\/es\/2023\/10\/03\/gorgona-de-francoise-bertin-guanya-la-tercera-edicio-de-el-retorno-de-las-gargolas\/","title":{"rendered":"\u201cGorgona\u201d de Fran\u00e7oise Bertin gana la tercera edici\u00f3n de El regreso de las G\u00e1rgolas"},"content":{"rendered":"\n<figure class=\"wp-block-image\"><img decoding=\"async\" data-src=\"https:\/\/alteadigital.es\/wp-content\/uploads\/2023\/10\/gargola-2-web.jpg\" alt=\"\u201cGorgona\u201d de Fran\u00e7oise Bertin guanya la tercera edici\u00f3 de \u201cEl retorno de las G\u00e1rgolas\u201d\" src=\"data:image\/gif;base64,R0lGODlhAQABAAAAACH5BAEKAAEALAAAAAABAAEAAAICTAEAOw==\" class=\"lazyload\" \/><\/figure>\n\n\n\n<p>La obra \u201cGorgona\u201d de la ceramista belga Fran\u00e7oise Bertin ha resultado ser la ganadora de la presente edici\u00f3n de El regreso de las G\u00e1rgolas y recibe los 1.000\u20ac del premio. As\u00ed lo informa la edil de Cultura, Pepa Victoria P\u00e9rez.<\/p>\n\n\n\n<p>Como recuerda la concejala, \u201cEl regreso de las G\u00e1rgolas es una exposici\u00f3n al aire libre coordinada por el artista local Enrique Lecuona, que en esta tercera edici\u00f3n ha reunido la participaci\u00f3n de 23 artistas y sus correspondientes g\u00e1rgolas\u201d.<\/p>\n\n\n\n<p>La segunda y tercera g\u00e1rgola mejor valoradas han sido \u201cCustodio\u201d de Julia Mart\u00edn-Albo y \u201cEl dorado\u201d de Graham Maiden.<\/p>\n\n\n\n<p>Esta muestra de creatividad est\u00e1 presente en las calles del Casco Antiguo de Altea desde&nbsp; julio hasta el pr\u00f3ximo mes de diciembre y con tan s\u00f3lo 3 ediciones ya se considera una iniciativa consolidada, dado su \u00e9xito de participaci\u00f3n y repercusi\u00f3n de la misma, sum\u00e1ndose a las numerosas actividades que durante la \u00e9poca estival llenan las calles de Altea de artesan\u00eda, m\u00fasica, teatro, entre otros artes y que son un buen pretexto para no dejar de visitar Altea.<\/p>\n\n\n\n<p><strong>Fran\u00e7oise Bertin<\/strong><\/p>\n\n\n\n<p>Fran\u00e7oise Bertin es una ceramista nacida en St Mard, B\u00e9lgica. Alumna de la Escuela de bellas artes Wavre, ha participado en varios concursos tales como el Concours International du bol de Lille, Francia; \u00c9curies Royales de Waterloo, B\u00e9lgica y tambi\u00e9n ha participado en exposiciones en Luxemburgo, Francia, etc.<\/p>\n\n\n\n<p>Por casualidad, su camino de la vida la llev\u00f3 a descubrir la Comunidad Valenciana. La luz, el mar, el sol y las materias le dan tantas emociones que se mud\u00f3 para instalarse aqu\u00ed. Hoy estas maravillas son su fuente de inspiraci\u00f3n.<\/p>\n\n\n\n<p><strong>Gorgona<\/strong><\/p>\n\n\n\n<p>\u200bCriatura divina creada por los dioses del mar, \u201cGorgona\u201d tiene el pelo hecho de serpientes\u2026 si lo miras a los ojos, te petrificar\u00e1s!<\/p>\n\n\n\n<p>Pero no te preocupes, nuestra Gorgona de Altea ha tomado la apariencia de una hermosa g\u00e1rgola, solo para el placer de tus ojos.<\/p>\n\n\n\n<p>Esta obra fue realizada en porcelana moldeada y luego fundida. Se ha fijado sobre una base de acero. |ALTEADIGITAL.ES<\/p>\n\n\n\n<div class=\"wp-block-image\"><figure class=\"aligncenter\"><img decoding=\"async\" data-src=\"https:\/\/alteadigital.es\/wp-content\/uploads\/2023\/10\/gargola-guanyadora-web.jpg\" alt=\"\" class=\"wp-image-114043 lazyload\" src=\"data:image\/gif;base64,R0lGODlhAQABAAAAACH5BAEKAAEALAAAAAABAAEAAAICTAEAOw==\" \/><\/figure><\/div>\n","protected":false},"excerpt":{"rendered":"<p>La obra \u201cGorgona\u201d de la ceramista belga Fran\u00e7oise Bertin ha resultado ser la ganadora de la presente edici\u00f3n de [&hellip;]<\/p>\n","protected":false},"author":1,"featured_media":27559,"comment_status":"open","ping_status":"open","sticky":false,"template":"","format":"standard","meta":{"_expiration-date-status":"","_expiration-date":0,"_expiration-date-type":"","_expiration-date-categories":[],"_expiration-date-options":[],"footnotes":""},"yoast_head":"<!-- This site is optimized with the Yoast SEO plugin v22.8 - https:\/\/yoast.com\/wordpress\/plugins\/seo\/ -->\n<title>\u201cGorgona\u201d de Fran\u00e7oise Bertin gana la tercera edici\u00f3n de El regreso de las G\u00e1rgolas - Altea Cultural<\/title>\n<meta name=\"robots\" content=\"index, follow, max-snippet:-1, max-image-preview:large, max-video-preview:-1\" \/>\n<link rel=\"canonical\" href=\"https:\/\/www.alteacultural.com\/es\/2023\/10\/03\/gorgona-de-francoise-bertin-guanya-la-tercera-edicio-de-el-retorno-de-las-gargolas\/\" \/>\n<meta property=\"og:locale\" content=\"es_ES\" \/>\n<meta property=\"og:type\" content=\"article\" \/>\n<meta property=\"og:title\" content=\"\u201cGorgona\u201d de Fran\u00e7oise Bertin gana la tercera edici\u00f3n de El regreso de las G\u00e1rgolas - Altea Cultural\" \/>\n<meta property=\"og:description\" content=\"La obra \u201cGorgona\u201d de la ceramista belga Fran\u00e7oise Bertin ha resultado ser la ganadora de la presente edici\u00f3n de [&hellip;]\" \/>\n<meta property=\"og:url\" content=\"https:\/\/www.alteacultural.com\/es\/2023\/10\/03\/gorgona-de-francoise-bertin-guanya-la-tercera-edicio-de-el-retorno-de-las-gargolas\/\" \/>\n<meta property=\"og:site_name\" content=\"Altea Cultural\" \/>\n<meta property=\"article:published_time\" content=\"2023-10-03T05:42:49+00:00\" \/>\n<meta property=\"article:modified_time\" content=\"2023-10-05T13:00:11+00:00\" \/>\n<meta property=\"og:image\" content=\"https:\/\/www.alteacultural.com\/wp-content\/uploads\/2023\/10\/gargola-2-web.jpg\" \/>\n\t<meta property=\"og:image:width\" content=\"1028\" \/>\n\t<meta property=\"og:image:height\" content=\"770\" \/>\n\t<meta property=\"og:image:type\" content=\"image\/jpeg\" \/>\n<meta name=\"author\" content=\"sfaltea.com-admin\" \/>\n<meta name=\"twitter:card\" content=\"summary_large_image\" \/>\n<meta name=\"twitter:label1\" content=\"Escrito por\" \/>\n\t<meta name=\"twitter:data1\" content=\"sfaltea.com-admin\" \/>\n\t<meta name=\"twitter:label2\" content=\"Tiempo de lectura\" \/>\n\t<meta name=\"twitter:data2\" content=\"2 minutos\" \/>\n<script type=\"application\/ld+json\" class=\"yoast-schema-graph\">{\"@context\":\"https:\/\/schema.org\",\"@graph\":[{\"@type\":\"WebPage\",\"@id\":\"https:\/\/www.alteacultural.com\/es\/2023\/10\/03\/gorgona-de-francoise-bertin-guanya-la-tercera-edicio-de-el-retorno-de-las-gargolas\/\",\"url\":\"https:\/\/www.alteacultural.com\/es\/2023\/10\/03\/gorgona-de-francoise-bertin-guanya-la-tercera-edicio-de-el-retorno-de-las-gargolas\/\",\"name\":\"\u201cGorgona\u201d de Fran\u00e7oise Bertin gana la tercera edici\u00f3n de El regreso de las G\u00e1rgolas - Altea Cultural\",\"isPartOf\":{\"@id\":\"https:\/\/www.alteacultural.com\/es\/#website\"},\"primaryImageOfPage\":{\"@id\":\"https:\/\/www.alteacultural.com\/es\/2023\/10\/03\/gorgona-de-francoise-bertin-guanya-la-tercera-edicio-de-el-retorno-de-las-gargolas\/#primaryimage\"},\"image\":{\"@id\":\"https:\/\/www.alteacultural.com\/es\/2023\/10\/03\/gorgona-de-francoise-bertin-guanya-la-tercera-edicio-de-el-retorno-de-las-gargolas\/#primaryimage\"},\"thumbnailUrl\":\"https:\/\/www.alteacultural.com\/wp-content\/uploads\/2023\/10\/gargola-2-web.jpg\",\"datePublished\":\"2023-10-03T05:42:49+00:00\",\"dateModified\":\"2023-10-05T13:00:11+00:00\",\"author\":{\"@id\":\"https:\/\/www.alteacultural.com\/es\/#\/schema\/person\/c4e137537f1af546d214a315255e5172\"},\"breadcrumb\":{\"@id\":\"https:\/\/www.alteacultural.com\/es\/2023\/10\/03\/gorgona-de-francoise-bertin-guanya-la-tercera-edicio-de-el-retorno-de-las-gargolas\/#breadcrumb\"},\"inLanguage\":\"es\",\"potentialAction\":[{\"@type\":\"ReadAction\",\"target\":[\"https:\/\/www.alteacultural.com\/es\/2023\/10\/03\/gorgona-de-francoise-bertin-guanya-la-tercera-edicio-de-el-retorno-de-las-gargolas\/\"]}]},{\"@type\":\"ImageObject\",\"inLanguage\":\"es\",\"@id\":\"https:\/\/www.alteacultural.com\/es\/2023\/10\/03\/gorgona-de-francoise-bertin-guanya-la-tercera-edicio-de-el-retorno-de-las-gargolas\/#primaryimage\",\"url\":\"https:\/\/www.alteacultural.com\/wp-content\/uploads\/2023\/10\/gargola-2-web.jpg\",\"contentUrl\":\"https:\/\/www.alteacultural.com\/wp-content\/uploads\/2023\/10\/gargola-2-web.jpg\",\"width\":1028,\"height\":770},{\"@type\":\"BreadcrumbList\",\"@id\":\"https:\/\/www.alteacultural.com\/es\/2023\/10\/03\/gorgona-de-francoise-bertin-guanya-la-tercera-edicio-de-el-retorno-de-las-gargolas\/#breadcrumb\",\"itemListElement\":[{\"@type\":\"ListItem\",\"position\":1,\"name\":\"Inici\",\"item\":\"https:\/\/www.alteacultural.com\/es\/\"},{\"@type\":\"ListItem\",\"position\":2,\"name\":\"\u201cGorgona\u201d de Fran\u00e7oise Bertin gana la tercera edici\u00f3n de El regreso de las G\u00e1rgolas\"}]},{\"@type\":\"WebSite\",\"@id\":\"https:\/\/www.alteacultural.com\/es\/#website\",\"url\":\"https:\/\/www.alteacultural.com\/es\/\",\"name\":\"Altea Cultural\",\"description\":\"Regidoria de Cultura de l&#039;Ajuntament d&#039;Altea\",\"potentialAction\":[{\"@type\":\"SearchAction\",\"target\":{\"@type\":\"EntryPoint\",\"urlTemplate\":\"https:\/\/www.alteacultural.com\/es\/?s={search_term_string}\"},\"query-input\":\"required name=search_term_string\"}],\"inLanguage\":\"es\"},{\"@type\":\"Person\",\"@id\":\"https:\/\/www.alteacultural.com\/es\/#\/schema\/person\/c4e137537f1af546d214a315255e5172\",\"name\":\"sfaltea.com-admin\",\"image\":{\"@type\":\"ImageObject\",\"inLanguage\":\"es\",\"@id\":\"https:\/\/www.alteacultural.com\/es\/#\/schema\/person\/image\/\",\"url\":\"https:\/\/secure.gravatar.com\/avatar\/f7473fa2fbd351270ccfd469de536202?s=96&d=mm&r=g\",\"contentUrl\":\"https:\/\/secure.gravatar.com\/avatar\/f7473fa2fbd351270ccfd469de536202?s=96&d=mm&r=g\",\"caption\":\"sfaltea.com-admin\"},\"url\":\"https:\/\/www.alteacultural.com\/es\/author\/sfaltea-com-admin\/\"}]}<\/script>\n<!-- \/ Yoast SEO plugin. -->","yoast_head_json":{"title":"\u201cGorgona\u201d de Fran\u00e7oise Bertin gana la tercera edici\u00f3n de El regreso de las G\u00e1rgolas - Altea Cultural","robots":{"index":"index","follow":"follow","max-snippet":"max-snippet:-1","max-image-preview":"max-image-preview:large","max-video-preview":"max-video-preview:-1"},"canonical":"https:\/\/www.alteacultural.com\/es\/2023\/10\/03\/gorgona-de-francoise-bertin-guanya-la-tercera-edicio-de-el-retorno-de-las-gargolas\/","og_locale":"es_ES","og_type":"article","og_title":"\u201cGorgona\u201d de Fran\u00e7oise Bertin gana la tercera edici\u00f3n de El regreso de las G\u00e1rgolas - Altea Cultural","og_description":"La obra \u201cGorgona\u201d de la ceramista belga Fran\u00e7oise Bertin ha resultado ser la ganadora de la presente edici\u00f3n de [&hellip;]","og_url":"https:\/\/www.alteacultural.com\/es\/2023\/10\/03\/gorgona-de-francoise-bertin-guanya-la-tercera-edicio-de-el-retorno-de-las-gargolas\/","og_site_name":"Altea Cultural","article_published_time":"2023-10-03T05:42:49+00:00","article_modified_time":"2023-10-05T13:00:11+00:00","og_image":[{"width":1028,"height":770,"url":"https:\/\/www.alteacultural.com\/wp-content\/uploads\/2023\/10\/gargola-2-web.jpg","type":"image\/jpeg"}],"author":"sfaltea.com-admin","twitter_card":"summary_large_image","twitter_misc":{"Escrito por":"sfaltea.com-admin","Tiempo de lectura":"2 minutos"},"schema":{"@context":"https:\/\/schema.org","@graph":[{"@type":"WebPage","@id":"https:\/\/www.alteacultural.com\/es\/2023\/10\/03\/gorgona-de-francoise-bertin-guanya-la-tercera-edicio-de-el-retorno-de-las-gargolas\/","url":"https:\/\/www.alteacultural.com\/es\/2023\/10\/03\/gorgona-de-francoise-bertin-guanya-la-tercera-edicio-de-el-retorno-de-las-gargolas\/","name":"\u201cGorgona\u201d de Fran\u00e7oise Bertin gana la tercera edici\u00f3n de El regreso de las G\u00e1rgolas - Altea Cultural","isPartOf":{"@id":"https:\/\/www.alteacultural.com\/es\/#website"},"primaryImageOfPage":{"@id":"https:\/\/www.alteacultural.com\/es\/2023\/10\/03\/gorgona-de-francoise-bertin-guanya-la-tercera-edicio-de-el-retorno-de-las-gargolas\/#primaryimage"},"image":{"@id":"https:\/\/www.alteacultural.com\/es\/2023\/10\/03\/gorgona-de-francoise-bertin-guanya-la-tercera-edicio-de-el-retorno-de-las-gargolas\/#primaryimage"},"thumbnailUrl":"https:\/\/www.alteacultural.com\/wp-content\/uploads\/2023\/10\/gargola-2-web.jpg","datePublished":"2023-10-03T05:42:49+00:00","dateModified":"2023-10-05T13:00:11+00:00","author":{"@id":"https:\/\/www.alteacultural.com\/es\/#\/schema\/person\/c4e137537f1af546d214a315255e5172"},"breadcrumb":{"@id":"https:\/\/www.alteacultural.com\/es\/2023\/10\/03\/gorgona-de-francoise-bertin-guanya-la-tercera-edicio-de-el-retorno-de-las-gargolas\/#breadcrumb"},"inLanguage":"es","potentialAction":[{"@type":"ReadAction","target":["https:\/\/www.alteacultural.com\/es\/2023\/10\/03\/gorgona-de-francoise-bertin-guanya-la-tercera-edicio-de-el-retorno-de-las-gargolas\/"]}]},{"@type":"ImageObject","inLanguage":"es","@id":"https:\/\/www.alteacultural.com\/es\/2023\/10\/03\/gorgona-de-francoise-bertin-guanya-la-tercera-edicio-de-el-retorno-de-las-gargolas\/#primaryimage","url":"https:\/\/www.alteacultural.com\/wp-content\/uploads\/2023\/10\/gargola-2-web.jpg","contentUrl":"https:\/\/www.alteacultural.com\/wp-content\/uploads\/2023\/10\/gargola-2-web.jpg","width":1028,"height":770},{"@type":"BreadcrumbList","@id":"https:\/\/www.alteacultural.com\/es\/2023\/10\/03\/gorgona-de-francoise-bertin-guanya-la-tercera-edicio-de-el-retorno-de-las-gargolas\/#breadcrumb","itemListElement":[{"@type":"ListItem","position":1,"name":"Inici","item":"https:\/\/www.alteacultural.com\/es\/"},{"@type":"ListItem","position":2,"name":"\u201cGorgona\u201d de Fran\u00e7oise Bertin gana la tercera edici\u00f3n de El regreso de las G\u00e1rgolas"}]},{"@type":"WebSite","@id":"https:\/\/www.alteacultural.com\/es\/#website","url":"https:\/\/www.alteacultural.com\/es\/","name":"Altea Cultural","description":"Regidoria de Cultura de l&#039;Ajuntament d&#039;Altea","potentialAction":[{"@type":"SearchAction","target":{"@type":"EntryPoint","urlTemplate":"https:\/\/www.alteacultural.com\/es\/?s={search_term_string}"},"query-input":"required name=search_term_string"}],"inLanguage":"es"},{"@type":"Person","@id":"https:\/\/www.alteacultural.com\/es\/#\/schema\/person\/c4e137537f1af546d214a315255e5172","name":"sfaltea.com-admin","image":{"@type":"ImageObject","inLanguage":"es","@id":"https:\/\/www.alteacultural.com\/es\/#\/schema\/person\/image\/","url":"https:\/\/secure.gravatar.com\/avatar\/f7473fa2fbd351270ccfd469de536202?s=96&d=mm&r=g","contentUrl":"https:\/\/secure.gravatar.com\/avatar\/f7473fa2fbd351270ccfd469de536202?s=96&d=mm&r=g","caption":"sfaltea.com-admin"},"url":"https:\/\/www.alteacultural.com\/es\/author\/sfaltea-com-admin\/"}]}},"_links":{"self":[{"href":"https:\/\/www.alteacultural.com\/es\/wp-json\/wp\/v2\/posts\/27561"}],"collection":[{"href":"https:\/\/www.alteacultural.com\/es\/wp-json\/wp\/v2\/posts"}],"about":[{"href":"https:\/\/www.alteacultural.com\/es\/wp-json\/wp\/v2\/types\/post"}],"author":[{"embeddable":true,"href":"https:\/\/www.alteacultural.com\/es\/wp-json\/wp\/v2\/users\/1"}],"replies":[{"embeddable":true,"href":"https:\/\/www.alteacultural.com\/es\/wp-json\/wp\/v2\/comments?post=27561"}],"version-history":[{"count":1,"href":"https:\/\/www.alteacultural.com\/es\/wp-json\/wp\/v2\/posts\/27561\/revisions"}],"predecessor-version":[{"id":27562,"href":"https:\/\/www.alteacultural.com\/es\/wp-json\/wp\/v2\/posts\/27561\/revisions\/27562"}],"wp:featuredmedia":[{"embeddable":true,"href":"https:\/\/www.alteacultural.com\/es\/wp-json\/wp\/v2\/media\/27559"}],"wp:attachment":[{"href":"https:\/\/www.alteacultural.com\/es\/wp-json\/wp\/v2\/media?parent=27561"}],"curies":[{"name":"wp","href":"https:\/\/api.w.org\/{rel}","templated":true}]}}