{"id":27606,"date":"2023-10-06T08:48:38","date_gmt":"2023-10-06T06:48:38","guid":{"rendered":"https:\/\/www.alteacultural.com\/2023\/10\/06\/teatre-en-valencia-danses-tradicionals-i-tallers-per-a-celebrar-el-9-doctubre-a-altea\/"},"modified":"2023-10-09T19:00:10","modified_gmt":"2023-10-09T17:00:10","slug":"teatre-en-valencia-danses-tradicionals-i-tallers-per-a-celebrar-el-9-doctubre-a-altea","status":"publish","type":"post","link":"https:\/\/www.alteacultural.com\/es\/2023\/10\/06\/teatre-en-valencia-danses-tradicionals-i-tallers-per-a-celebrar-el-9-doctubre-a-altea\/","title":{"rendered":"Teatro en valenciano, danzas tradicionales y talleres para celebrar el 9 d\u2019 Octubre en Altea"},"content":{"rendered":"\n<figure class=\"wp-block-image\"><img decoding=\"async\" data-src=\"https:\/\/alteadigital.es\/wp-content\/uploads\/2023\/10\/9-octubre-programacion-scaled.jpeg\" alt=\"Teatre en valenci\u00e0, danses tradicionals i tallers per a celebrar el 9 d\u2019Octubre a Altea\" src=\"data:image\/gif;base64,R0lGODlhAQABAAAAACH5BAEKAAEALAAAAAABAAEAAAICTAEAOw==\" class=\"lazyload\" \/><\/figure>\n\n\n\n<p>Altea ha presentado esta ma\u00f1ana la programaci\u00f3n de actos que conmemorar\u00e1n el D\u00eda de la Comunidad Valenciana, el 9 d\u2019Octubre. Pepa Victoria P\u00e9rez, concejala de Cultura y Xelo Gonz\u00e1lez, concejala de Normalizaci\u00f3n Ling\u00fc\u00edstica, han sido las encargadas de explicar las diferentes actividades que recordar\u00e1n esta fecha hist\u00f3rica.<\/p>\n\n\n\n<p>\u201cQueremos celebrar el 9 d\u2019Octubre con actividades tradicionales y relacionadas con el d\u00eda que celebramos e invitar a toda la ciudadan\u00eda a pasar la tarde aprendiendo y disfrutando de la tradici\u00f3n\u201d, ha comentado Pepa P\u00e9rez, concejala de Cultura. Por la ma\u00f1ana, como es tradicional, se realizar\u00e1 la carrera popular y por la tarde ser\u00e1n las actividades conmemorativas<\/p>\n\n\n\n<p>La plaza del Ayuntamiento, engalanada para la ocasi\u00f3n, acoger\u00e1 las diferentes actividades que comenzar\u00e1n a las 17:00 horas con un cuenta cuentos teatralizado sobre Jaume I para el publico infantil. Una leyenda en la que Jaume I tras un golpe en la cabeza no recuerda la historia del Reino de Valencia y los ni\u00f1os tendr\u00e1n que ir interactuando para recordar las fechas y los hechos importantes de nuestra historia.<\/p>\n\n\n\n<p>\u201cUna oportunidad de que los ni\u00f1os y ni\u00f1as disfruten y aprendan nuestros or\u00edgenes mientras que practican nuestra lengua, el valenciano. Tras la representaci\u00f3n habr\u00e1 una merienda infantil\u201d, ha declarado Xelo Gonz\u00e1lez, concejala de Normalizaci\u00f3n Ling\u00fc\u00edstica.<\/p>\n\n\n\n<p>A las 18:30 horas habr\u00e1 danzas populares en las que bailar\u00e1 el Grup de Danses Bellaguarda; adem\u00e1s har\u00e1 un taller de danzas para que todo el mundo pueda aprender algunos pasos. Habr\u00e1 otros talleres como el de la tradicional mocador\u00e0 y talleres infantiles. |ALTEADIGITAL.ES<\/p>\n\n\n\n<div class=\"wp-block-image\"><figure class=\"aligncenter\"><img decoding=\"async\" data-src=\"https:\/\/alteadigital.es\/wp-content\/uploads\/2023\/10\/cuenta-cuentos-724x1024.jpeg\" alt=\"\" class=\"wp-image-114163 lazyload\" src=\"data:image\/gif;base64,R0lGODlhAQABAAAAACH5BAEKAAEALAAAAAABAAEAAAICTAEAOw==\" style=\"--smush-placeholder-width: 724px; --smush-placeholder-aspect-ratio: 724\/1024;\" \/><\/figure><\/div>\n","protected":false},"excerpt":{"rendered":"<p>Altea ha presentado esta ma\u00f1ana la programaci\u00f3n de actos que conmemorar\u00e1n el D\u00eda de la Comunidad Valenciana, el 9 [&hellip;]<\/p>\n","protected":false},"author":1,"featured_media":27493,"comment_status":"open","ping_status":"open","sticky":false,"template":"","format":"standard","meta":{"_expiration-date-status":"","_expiration-date":0,"_expiration-date-type":"","_expiration-date-categories":[],"_expiration-date-options":[],"footnotes":""},"yoast_head":"<!-- This site is optimized with the Yoast SEO plugin v22.8 - https:\/\/yoast.com\/wordpress\/plugins\/seo\/ -->\n<title>Teatro en valenciano, danzas tradicionales y talleres para celebrar el 9 d\u2019 Octubre en Altea - Altea Cultural<\/title>\n<meta name=\"robots\" content=\"index, follow, max-snippet:-1, max-image-preview:large, max-video-preview:-1\" \/>\n<link rel=\"canonical\" href=\"https:\/\/www.alteacultural.com\/es\/2023\/10\/06\/teatre-en-valencia-danses-tradicionals-i-tallers-per-a-celebrar-el-9-doctubre-a-altea\/\" \/>\n<meta property=\"og:locale\" content=\"es_ES\" \/>\n<meta property=\"og:type\" content=\"article\" \/>\n<meta property=\"og:title\" content=\"Teatro en valenciano, danzas tradicionales y talleres para celebrar el 9 d\u2019 Octubre en Altea - Altea Cultural\" \/>\n<meta property=\"og:description\" content=\"Altea ha presentado esta ma\u00f1ana la programaci\u00f3n de actos que conmemorar\u00e1n el D\u00eda de la Comunidad Valenciana, el 9 [&hellip;]\" \/>\n<meta property=\"og:url\" content=\"https:\/\/www.alteacultural.com\/es\/2023\/10\/06\/teatre-en-valencia-danses-tradicionals-i-tallers-per-a-celebrar-el-9-doctubre-a-altea\/\" \/>\n<meta property=\"og:site_name\" content=\"Altea Cultural\" \/>\n<meta property=\"article:published_time\" content=\"2023-10-06T06:48:38+00:00\" \/>\n<meta property=\"article:modified_time\" content=\"2023-10-09T17:00:10+00:00\" \/>\n<meta property=\"og:image\" content=\"https:\/\/www.alteacultural.com\/wp-content\/uploads\/2023\/09\/2023-10-09-Actes-9-doctubre-gran-scaled.jpg\" \/>\n\t<meta property=\"og:image:width\" content=\"1820\" \/>\n\t<meta property=\"og:image:height\" content=\"2560\" \/>\n\t<meta property=\"og:image:type\" content=\"image\/jpeg\" \/>\n<meta name=\"author\" content=\"sfaltea.com-admin\" \/>\n<meta name=\"twitter:card\" content=\"summary_large_image\" \/>\n<meta name=\"twitter:label1\" content=\"Escrito por\" \/>\n\t<meta name=\"twitter:data1\" content=\"sfaltea.com-admin\" \/>\n\t<meta name=\"twitter:label2\" content=\"Tiempo de lectura\" \/>\n\t<meta name=\"twitter:data2\" content=\"2 minutos\" \/>\n<script type=\"application\/ld+json\" class=\"yoast-schema-graph\">{\"@context\":\"https:\/\/schema.org\",\"@graph\":[{\"@type\":\"WebPage\",\"@id\":\"https:\/\/www.alteacultural.com\/es\/2023\/10\/06\/teatre-en-valencia-danses-tradicionals-i-tallers-per-a-celebrar-el-9-doctubre-a-altea\/\",\"url\":\"https:\/\/www.alteacultural.com\/es\/2023\/10\/06\/teatre-en-valencia-danses-tradicionals-i-tallers-per-a-celebrar-el-9-doctubre-a-altea\/\",\"name\":\"Teatro en valenciano, danzas tradicionales y talleres para celebrar el 9 d\u2019 Octubre en Altea - Altea Cultural\",\"isPartOf\":{\"@id\":\"https:\/\/www.alteacultural.com\/es\/#website\"},\"primaryImageOfPage\":{\"@id\":\"https:\/\/www.alteacultural.com\/es\/2023\/10\/06\/teatre-en-valencia-danses-tradicionals-i-tallers-per-a-celebrar-el-9-doctubre-a-altea\/#primaryimage\"},\"image\":{\"@id\":\"https:\/\/www.alteacultural.com\/es\/2023\/10\/06\/teatre-en-valencia-danses-tradicionals-i-tallers-per-a-celebrar-el-9-doctubre-a-altea\/#primaryimage\"},\"thumbnailUrl\":\"https:\/\/www.alteacultural.com\/wp-content\/uploads\/2023\/09\/2023-10-09-Actes-9-doctubre-gran-scaled.jpg\",\"datePublished\":\"2023-10-06T06:48:38+00:00\",\"dateModified\":\"2023-10-09T17:00:10+00:00\",\"author\":{\"@id\":\"https:\/\/www.alteacultural.com\/es\/#\/schema\/person\/c4e137537f1af546d214a315255e5172\"},\"breadcrumb\":{\"@id\":\"https:\/\/www.alteacultural.com\/es\/2023\/10\/06\/teatre-en-valencia-danses-tradicionals-i-tallers-per-a-celebrar-el-9-doctubre-a-altea\/#breadcrumb\"},\"inLanguage\":\"es\",\"potentialAction\":[{\"@type\":\"ReadAction\",\"target\":[\"https:\/\/www.alteacultural.com\/es\/2023\/10\/06\/teatre-en-valencia-danses-tradicionals-i-tallers-per-a-celebrar-el-9-doctubre-a-altea\/\"]}]},{\"@type\":\"ImageObject\",\"inLanguage\":\"es\",\"@id\":\"https:\/\/www.alteacultural.com\/es\/2023\/10\/06\/teatre-en-valencia-danses-tradicionals-i-tallers-per-a-celebrar-el-9-doctubre-a-altea\/#primaryimage\",\"url\":\"https:\/\/www.alteacultural.com\/wp-content\/uploads\/2023\/09\/2023-10-09-Actes-9-doctubre-gran-scaled.jpg\",\"contentUrl\":\"https:\/\/www.alteacultural.com\/wp-content\/uploads\/2023\/09\/2023-10-09-Actes-9-doctubre-gran-scaled.jpg\",\"width\":1820,\"height\":2560},{\"@type\":\"BreadcrumbList\",\"@id\":\"https:\/\/www.alteacultural.com\/es\/2023\/10\/06\/teatre-en-valencia-danses-tradicionals-i-tallers-per-a-celebrar-el-9-doctubre-a-altea\/#breadcrumb\",\"itemListElement\":[{\"@type\":\"ListItem\",\"position\":1,\"name\":\"Inici\",\"item\":\"https:\/\/www.alteacultural.com\/es\/\"},{\"@type\":\"ListItem\",\"position\":2,\"name\":\"Teatro en valenciano, danzas tradicionales y talleres para celebrar el 9 d\u2019 Octubre en Altea\"}]},{\"@type\":\"WebSite\",\"@id\":\"https:\/\/www.alteacultural.com\/es\/#website\",\"url\":\"https:\/\/www.alteacultural.com\/es\/\",\"name\":\"Altea Cultural\",\"description\":\"Regidoria de Cultura de l&#039;Ajuntament d&#039;Altea\",\"potentialAction\":[{\"@type\":\"SearchAction\",\"target\":{\"@type\":\"EntryPoint\",\"urlTemplate\":\"https:\/\/www.alteacultural.com\/es\/?s={search_term_string}\"},\"query-input\":\"required name=search_term_string\"}],\"inLanguage\":\"es\"},{\"@type\":\"Person\",\"@id\":\"https:\/\/www.alteacultural.com\/es\/#\/schema\/person\/c4e137537f1af546d214a315255e5172\",\"name\":\"sfaltea.com-admin\",\"image\":{\"@type\":\"ImageObject\",\"inLanguage\":\"es\",\"@id\":\"https:\/\/www.alteacultural.com\/es\/#\/schema\/person\/image\/\",\"url\":\"https:\/\/secure.gravatar.com\/avatar\/f7473fa2fbd351270ccfd469de536202?s=96&d=mm&r=g\",\"contentUrl\":\"https:\/\/secure.gravatar.com\/avatar\/f7473fa2fbd351270ccfd469de536202?s=96&d=mm&r=g\",\"caption\":\"sfaltea.com-admin\"},\"url\":\"https:\/\/www.alteacultural.com\/es\/author\/sfaltea-com-admin\/\"}]}<\/script>\n<!-- \/ Yoast SEO plugin. -->","yoast_head_json":{"title":"Teatro en valenciano, danzas tradicionales y talleres para celebrar el 9 d\u2019 Octubre en Altea - Altea Cultural","robots":{"index":"index","follow":"follow","max-snippet":"max-snippet:-1","max-image-preview":"max-image-preview:large","max-video-preview":"max-video-preview:-1"},"canonical":"https:\/\/www.alteacultural.com\/es\/2023\/10\/06\/teatre-en-valencia-danses-tradicionals-i-tallers-per-a-celebrar-el-9-doctubre-a-altea\/","og_locale":"es_ES","og_type":"article","og_title":"Teatro en valenciano, danzas tradicionales y talleres para celebrar el 9 d\u2019 Octubre en Altea - Altea Cultural","og_description":"Altea ha presentado esta ma\u00f1ana la programaci\u00f3n de actos que conmemorar\u00e1n el D\u00eda de la Comunidad Valenciana, el 9 [&hellip;]","og_url":"https:\/\/www.alteacultural.com\/es\/2023\/10\/06\/teatre-en-valencia-danses-tradicionals-i-tallers-per-a-celebrar-el-9-doctubre-a-altea\/","og_site_name":"Altea Cultural","article_published_time":"2023-10-06T06:48:38+00:00","article_modified_time":"2023-10-09T17:00:10+00:00","og_image":[{"width":1820,"height":2560,"url":"https:\/\/www.alteacultural.com\/wp-content\/uploads\/2023\/09\/2023-10-09-Actes-9-doctubre-gran-scaled.jpg","type":"image\/jpeg"}],"author":"sfaltea.com-admin","twitter_card":"summary_large_image","twitter_misc":{"Escrito por":"sfaltea.com-admin","Tiempo de lectura":"2 minutos"},"schema":{"@context":"https:\/\/schema.org","@graph":[{"@type":"WebPage","@id":"https:\/\/www.alteacultural.com\/es\/2023\/10\/06\/teatre-en-valencia-danses-tradicionals-i-tallers-per-a-celebrar-el-9-doctubre-a-altea\/","url":"https:\/\/www.alteacultural.com\/es\/2023\/10\/06\/teatre-en-valencia-danses-tradicionals-i-tallers-per-a-celebrar-el-9-doctubre-a-altea\/","name":"Teatro en valenciano, danzas tradicionales y talleres para celebrar el 9 d\u2019 Octubre en Altea - Altea Cultural","isPartOf":{"@id":"https:\/\/www.alteacultural.com\/es\/#website"},"primaryImageOfPage":{"@id":"https:\/\/www.alteacultural.com\/es\/2023\/10\/06\/teatre-en-valencia-danses-tradicionals-i-tallers-per-a-celebrar-el-9-doctubre-a-altea\/#primaryimage"},"image":{"@id":"https:\/\/www.alteacultural.com\/es\/2023\/10\/06\/teatre-en-valencia-danses-tradicionals-i-tallers-per-a-celebrar-el-9-doctubre-a-altea\/#primaryimage"},"thumbnailUrl":"https:\/\/www.alteacultural.com\/wp-content\/uploads\/2023\/09\/2023-10-09-Actes-9-doctubre-gran-scaled.jpg","datePublished":"2023-10-06T06:48:38+00:00","dateModified":"2023-10-09T17:00:10+00:00","author":{"@id":"https:\/\/www.alteacultural.com\/es\/#\/schema\/person\/c4e137537f1af546d214a315255e5172"},"breadcrumb":{"@id":"https:\/\/www.alteacultural.com\/es\/2023\/10\/06\/teatre-en-valencia-danses-tradicionals-i-tallers-per-a-celebrar-el-9-doctubre-a-altea\/#breadcrumb"},"inLanguage":"es","potentialAction":[{"@type":"ReadAction","target":["https:\/\/www.alteacultural.com\/es\/2023\/10\/06\/teatre-en-valencia-danses-tradicionals-i-tallers-per-a-celebrar-el-9-doctubre-a-altea\/"]}]},{"@type":"ImageObject","inLanguage":"es","@id":"https:\/\/www.alteacultural.com\/es\/2023\/10\/06\/teatre-en-valencia-danses-tradicionals-i-tallers-per-a-celebrar-el-9-doctubre-a-altea\/#primaryimage","url":"https:\/\/www.alteacultural.com\/wp-content\/uploads\/2023\/09\/2023-10-09-Actes-9-doctubre-gran-scaled.jpg","contentUrl":"https:\/\/www.alteacultural.com\/wp-content\/uploads\/2023\/09\/2023-10-09-Actes-9-doctubre-gran-scaled.jpg","width":1820,"height":2560},{"@type":"BreadcrumbList","@id":"https:\/\/www.alteacultural.com\/es\/2023\/10\/06\/teatre-en-valencia-danses-tradicionals-i-tallers-per-a-celebrar-el-9-doctubre-a-altea\/#breadcrumb","itemListElement":[{"@type":"ListItem","position":1,"name":"Inici","item":"https:\/\/www.alteacultural.com\/es\/"},{"@type":"ListItem","position":2,"name":"Teatro en valenciano, danzas tradicionales y talleres para celebrar el 9 d\u2019 Octubre en Altea"}]},{"@type":"WebSite","@id":"https:\/\/www.alteacultural.com\/es\/#website","url":"https:\/\/www.alteacultural.com\/es\/","name":"Altea Cultural","description":"Regidoria de Cultura de l&#039;Ajuntament d&#039;Altea","potentialAction":[{"@type":"SearchAction","target":{"@type":"EntryPoint","urlTemplate":"https:\/\/www.alteacultural.com\/es\/?s={search_term_string}"},"query-input":"required name=search_term_string"}],"inLanguage":"es"},{"@type":"Person","@id":"https:\/\/www.alteacultural.com\/es\/#\/schema\/person\/c4e137537f1af546d214a315255e5172","name":"sfaltea.com-admin","image":{"@type":"ImageObject","inLanguage":"es","@id":"https:\/\/www.alteacultural.com\/es\/#\/schema\/person\/image\/","url":"https:\/\/secure.gravatar.com\/avatar\/f7473fa2fbd351270ccfd469de536202?s=96&d=mm&r=g","contentUrl":"https:\/\/secure.gravatar.com\/avatar\/f7473fa2fbd351270ccfd469de536202?s=96&d=mm&r=g","caption":"sfaltea.com-admin"},"url":"https:\/\/www.alteacultural.com\/es\/author\/sfaltea-com-admin\/"}]}},"_links":{"self":[{"href":"https:\/\/www.alteacultural.com\/es\/wp-json\/wp\/v2\/posts\/27606"}],"collection":[{"href":"https:\/\/www.alteacultural.com\/es\/wp-json\/wp\/v2\/posts"}],"about":[{"href":"https:\/\/www.alteacultural.com\/es\/wp-json\/wp\/v2\/types\/post"}],"author":[{"embeddable":true,"href":"https:\/\/www.alteacultural.com\/es\/wp-json\/wp\/v2\/users\/1"}],"replies":[{"embeddable":true,"href":"https:\/\/www.alteacultural.com\/es\/wp-json\/wp\/v2\/comments?post=27606"}],"version-history":[{"count":1,"href":"https:\/\/www.alteacultural.com\/es\/wp-json\/wp\/v2\/posts\/27606\/revisions"}],"predecessor-version":[{"id":27607,"href":"https:\/\/www.alteacultural.com\/es\/wp-json\/wp\/v2\/posts\/27606\/revisions\/27607"}],"wp:featuredmedia":[{"embeddable":true,"href":"https:\/\/www.alteacultural.com\/es\/wp-json\/wp\/v2\/media\/27493"}],"wp:attachment":[{"href":"https:\/\/www.alteacultural.com\/es\/wp-json\/wp\/v2\/media?parent=27606"}],"curies":[{"name":"wp","href":"https:\/\/api.w.org\/{rel}","templated":true}]}}