{"id":27608,"date":"2023-10-06T14:27:47","date_gmt":"2023-10-06T12:27:47","guid":{"rendered":"https:\/\/www.alteacultural.com\/?p=27608"},"modified":"2023-10-09T14:25:32","modified_gmt":"2023-10-09T12:25:32","slug":"cultura-inaugura-lexposicio-tanta-bellesa-per-veure-derwin-michielsen-i-ans-lukkassen","status":"publish","type":"post","link":"https:\/\/www.alteacultural.com\/es\/2023\/10\/06\/cultura-inaugura-lexposicio-tanta-bellesa-per-veure-derwin-michielsen-i-ans-lukkassen\/","title":{"rendered":"Cultura inaugura la exposici\u00f3n \u201cTanta belleza para ver\u201d de Erwin Michielsen y Ans Lukkassen"},"content":{"rendered":"\n<figure class=\"wp-block-image\"><img decoding=\"async\" data-src=\"https:\/\/alteadigital.es\/wp-content\/uploads\/2023\/10\/inaugurac-web.jpg\" alt=\"Cultura inaugura l\u2019exposici\u00f3 \u201cTanta bellesa per veure\u201d d\u2019Erwin Michielsen i Ans Lukkassen\" src=\"data:image\/gif;base64,R0lGODlhAQABAAAAACH5BAEKAAEALAAAAAABAAEAAAICTAEAOw==\" class=\"lazyload\" \/><\/figure>\n\n\n\n<p><strong>La muestra permanecer\u00e1 abierta al p\u00fablico hasta el 9 de diciembre en la Casa Toni el Fuster-Fundaci\u00f3n E. Schlotter.<\/strong><\/p>\n\n\n\n<p>En la tarde de ayer, la casa Toni el Fuster, sede de la Fundaci\u00f3n E. Schlottet, abr\u00eda sus puertas con una nueva muestra art\u00edstica denominada \u201cTanta belleza para ver\u201d de Erwin Michielsen y Ans Lukkassen. La inauguraci\u00f3n estuvo presidida por la edil de Cultura, Pepa P\u00e9rez y cont\u00f3 con varios ediles de la Corporaci\u00f3n Municipal, amigos y familiares de los artistas y amantes del arte.<\/p>\n\n\n\n<p>Como indicaba la responsable municipal de Cultura, Erwin Michielsem estudi\u00f3 en la Academia de Bellas Artes de B\u00e9lgica, obteniendo matr\u00edcula de honor en la disciplina de pintura. No en vano en dicha exposici\u00f3n se incluyen obras del artista que sorprenden a la mirada por su perfecci\u00f3n, pero sobre todo por la sensibilidad como es por ejemplo la de \u201cInvisible tears\u201d; la historia de Omar, un refugiado que tuvo que huir de Siria a los 18 a\u00f1os por su condici\u00f3n sexual.<\/p>\n\n\n\n<div class=\"wp-block-image\"><figure class=\"aligncenter\"><img decoding=\"async\" data-src=\"https:\/\/alteadigital.es\/wp-content\/uploads\/2023\/10\/Omar-web.jpg\" alt=\"\" class=\"wp-image-114211 lazyload\" src=\"data:image\/gif;base64,R0lGODlhAQABAAAAACH5BAEKAAEALAAAAAABAAEAAAICTAEAOw==\" \/><\/figure><\/div>\n\n\n\n<p>\u201cTanta belleza para ver\u201d incluye instalaciones de Michielsen que conmueven, llevan a la reflexi\u00f3n y reflejan cuestiones\u00a0 que muestran la realidad de mundos diferentes. Como el caso del ni\u00f1o que juega con armas. Mientras que en algunas civilizaciones o pa\u00edses los ni\u00f1os usan las armas como juego, en otros, las armas son un medio para sobrevivir.<\/p>\n\n\n\n<div class=\"wp-block-image\"><figure class=\"aligncenter\"><img decoding=\"async\" data-src=\"https:\/\/alteadigital.es\/wp-content\/uploads\/2023\/10\/nino-web.jpg\" alt=\"\" class=\"wp-image-114213 lazyload\" src=\"data:image\/gif;base64,R0lGODlhAQABAAAAACH5BAEKAAEALAAAAAABAAEAAAICTAEAOw==\" \/><\/figure><\/div>\n\n\n\n<p>Erwin Michielsen indicaba ser una persona de pocas palabras que dice lo que quiere a trav\u00e9s de sus pinceles. \u201cCuento mis historias a trav\u00e9s de mis obras. Muchas contienen texto con una explicaci\u00f3n en espa\u00f1ol, ingl\u00e9s y holand\u00e9s, pero solo viendo los trabajos puedes crear tu propia historia\u201d.<\/p>\n\n\n\n<p>En el Caso de &nbsp;Ans Lukkassen, una enamorada de la joyer\u00eda y la orfebrer\u00eda, estudi\u00f3 en la Academia de Arte Arhem en Holanda. Lleg\u00f3 muy joven a la comarca de la Marina Baixa y durante muchos a\u00f1os dirigi\u00f3 su propia galer\u00eda de arte. En la exposici\u00f3n se puede ver una muestra de sus joyas realizadas en plata y bronce. \u201cMi amor por las joyas naci\u00f3 durante mi juventud cuando vi una se\u00f1ora con un broche precioso. En ese momento se encendi\u00f3 una chispa y se transform\u00f3 en mi pasi\u00f3n\u201d; declaraba Lukkassen en el transcurso de la inauguraci\u00f3n de la muestra. Para Ans, \u201csiempre hay que tener en cuenta el estilo de cada persona y su cuerpo a la hora de crear y eso a veces es complicado\u201d.<\/p>\n\n\n\n<div class=\"wp-block-image\"><figure class=\"aligncenter\"><img decoding=\"async\" data-src=\"https:\/\/alteadigital.es\/wp-content\/uploads\/2023\/10\/inaugurac-2-web.jpg\" alt=\"\" class=\"wp-image-114215 lazyload\" src=\"data:image\/gif;base64,R0lGODlhAQABAAAAACH5BAEKAAEALAAAAAABAAEAAAICTAEAOw==\" \/><\/figure><\/div>\n\n\n\n<p>La exposici\u00f3n se podr\u00e1 visitar hasta el 9 de diciembre, de martes a s\u00e1bado, en horario de 10:30 a 13:30h y de 17:00 a 20:00h. Desde la concejal\u00eda de Cultura, la edil de \u00e1rea, Pepa Victoria P\u00e9rez invita al disfrute de la misma.|ALTEADIGITAL.ES<\/p>\n","protected":false},"excerpt":{"rendered":"<p>La muestra permanecer\u00e1 abierta al p\u00fablico hasta el 9 de diciembre en la Casa Toni el Fuster-Fundaci\u00f3n E. Schlotter. [&hellip;]<\/p>\n","protected":false},"author":1,"featured_media":27523,"comment_status":"open","ping_status":"open","sticky":false,"template":"","format":"standard","meta":{"_expiration-date-status":"","_expiration-date":0,"_expiration-date-type":"","_expiration-date-categories":[],"_expiration-date-options":[],"footnotes":""},"yoast_head":"<!-- This site is optimized with the Yoast SEO plugin v22.8 - https:\/\/yoast.com\/wordpress\/plugins\/seo\/ -->\n<title>Cultura inaugura la exposici\u00f3n \u201cTanta belleza para ver\u201d de Erwin Michielsen y Ans Lukkassen - Altea Cultural<\/title>\n<meta name=\"robots\" content=\"index, follow, max-snippet:-1, max-image-preview:large, max-video-preview:-1\" \/>\n<link rel=\"canonical\" href=\"https:\/\/www.alteacultural.com\/es\/2023\/10\/06\/cultura-inaugura-lexposicio-tanta-bellesa-per-veure-derwin-michielsen-i-ans-lukkassen\/\" \/>\n<meta property=\"og:locale\" content=\"es_ES\" \/>\n<meta property=\"og:type\" content=\"article\" \/>\n<meta property=\"og:title\" content=\"Cultura inaugura la exposici\u00f3n \u201cTanta belleza para ver\u201d de Erwin Michielsen y Ans Lukkassen - Altea Cultural\" \/>\n<meta property=\"og:description\" content=\"La muestra permanecer\u00e1 abierta al p\u00fablico hasta el 9 de diciembre en la Casa Toni el Fuster-Fundaci\u00f3n E. Schlotter. [&hellip;]\" \/>\n<meta property=\"og:url\" content=\"https:\/\/www.alteacultural.com\/es\/2023\/10\/06\/cultura-inaugura-lexposicio-tanta-bellesa-per-veure-derwin-michielsen-i-ans-lukkassen\/\" \/>\n<meta property=\"og:site_name\" content=\"Altea Cultural\" \/>\n<meta property=\"article:published_time\" content=\"2023-10-06T12:27:47+00:00\" \/>\n<meta property=\"article:modified_time\" content=\"2023-10-09T12:25:32+00:00\" \/>\n<meta property=\"og:image\" content=\"https:\/\/www.alteacultural.com\/wp-content\/uploads\/2023\/09\/2023-12-09-ExpoTantaBellezaOct23_Cartell-01.jpg\" \/>\n\t<meta property=\"og:image:width\" content=\"2480\" \/>\n\t<meta property=\"og:image:height\" content=\"1754\" \/>\n\t<meta property=\"og:image:type\" content=\"image\/jpeg\" \/>\n<meta name=\"author\" content=\"sfaltea.com-admin\" \/>\n<meta name=\"twitter:card\" content=\"summary_large_image\" \/>\n<meta name=\"twitter:label1\" content=\"Escrito por\" \/>\n\t<meta name=\"twitter:data1\" content=\"sfaltea.com-admin\" \/>\n\t<meta name=\"twitter:label2\" content=\"Tiempo de lectura\" \/>\n\t<meta name=\"twitter:data2\" content=\"3 minutos\" \/>\n<script type=\"application\/ld+json\" class=\"yoast-schema-graph\">{\"@context\":\"https:\/\/schema.org\",\"@graph\":[{\"@type\":\"WebPage\",\"@id\":\"https:\/\/www.alteacultural.com\/es\/2023\/10\/06\/cultura-inaugura-lexposicio-tanta-bellesa-per-veure-derwin-michielsen-i-ans-lukkassen\/\",\"url\":\"https:\/\/www.alteacultural.com\/es\/2023\/10\/06\/cultura-inaugura-lexposicio-tanta-bellesa-per-veure-derwin-michielsen-i-ans-lukkassen\/\",\"name\":\"Cultura inaugura la exposici\u00f3n \u201cTanta belleza para ver\u201d de Erwin Michielsen y Ans Lukkassen - Altea Cultural\",\"isPartOf\":{\"@id\":\"https:\/\/www.alteacultural.com\/es\/#website\"},\"primaryImageOfPage\":{\"@id\":\"https:\/\/www.alteacultural.com\/es\/2023\/10\/06\/cultura-inaugura-lexposicio-tanta-bellesa-per-veure-derwin-michielsen-i-ans-lukkassen\/#primaryimage\"},\"image\":{\"@id\":\"https:\/\/www.alteacultural.com\/es\/2023\/10\/06\/cultura-inaugura-lexposicio-tanta-bellesa-per-veure-derwin-michielsen-i-ans-lukkassen\/#primaryimage\"},\"thumbnailUrl\":\"https:\/\/www.alteacultural.com\/wp-content\/uploads\/2023\/09\/2023-12-09-ExpoTantaBellezaOct23_Cartell-01.jpg\",\"datePublished\":\"2023-10-06T12:27:47+00:00\",\"dateModified\":\"2023-10-09T12:25:32+00:00\",\"author\":{\"@id\":\"https:\/\/www.alteacultural.com\/es\/#\/schema\/person\/c4e137537f1af546d214a315255e5172\"},\"breadcrumb\":{\"@id\":\"https:\/\/www.alteacultural.com\/es\/2023\/10\/06\/cultura-inaugura-lexposicio-tanta-bellesa-per-veure-derwin-michielsen-i-ans-lukkassen\/#breadcrumb\"},\"inLanguage\":\"es\",\"potentialAction\":[{\"@type\":\"ReadAction\",\"target\":[\"https:\/\/www.alteacultural.com\/es\/2023\/10\/06\/cultura-inaugura-lexposicio-tanta-bellesa-per-veure-derwin-michielsen-i-ans-lukkassen\/\"]}]},{\"@type\":\"ImageObject\",\"inLanguage\":\"es\",\"@id\":\"https:\/\/www.alteacultural.com\/es\/2023\/10\/06\/cultura-inaugura-lexposicio-tanta-bellesa-per-veure-derwin-michielsen-i-ans-lukkassen\/#primaryimage\",\"url\":\"https:\/\/www.alteacultural.com\/wp-content\/uploads\/2023\/09\/2023-12-09-ExpoTantaBellezaOct23_Cartell-01.jpg\",\"contentUrl\":\"https:\/\/www.alteacultural.com\/wp-content\/uploads\/2023\/09\/2023-12-09-ExpoTantaBellezaOct23_Cartell-01.jpg\",\"width\":2480,\"height\":1754},{\"@type\":\"BreadcrumbList\",\"@id\":\"https:\/\/www.alteacultural.com\/es\/2023\/10\/06\/cultura-inaugura-lexposicio-tanta-bellesa-per-veure-derwin-michielsen-i-ans-lukkassen\/#breadcrumb\",\"itemListElement\":[{\"@type\":\"ListItem\",\"position\":1,\"name\":\"Inici\",\"item\":\"https:\/\/www.alteacultural.com\/es\/\"},{\"@type\":\"ListItem\",\"position\":2,\"name\":\"Cultura inaugura la exposici\u00f3n \u201cTanta belleza para ver\u201d de Erwin Michielsen y Ans Lukkassen\"}]},{\"@type\":\"WebSite\",\"@id\":\"https:\/\/www.alteacultural.com\/es\/#website\",\"url\":\"https:\/\/www.alteacultural.com\/es\/\",\"name\":\"Altea Cultural\",\"description\":\"Regidoria de Cultura de l&#039;Ajuntament d&#039;Altea\",\"potentialAction\":[{\"@type\":\"SearchAction\",\"target\":{\"@type\":\"EntryPoint\",\"urlTemplate\":\"https:\/\/www.alteacultural.com\/es\/?s={search_term_string}\"},\"query-input\":\"required name=search_term_string\"}],\"inLanguage\":\"es\"},{\"@type\":\"Person\",\"@id\":\"https:\/\/www.alteacultural.com\/es\/#\/schema\/person\/c4e137537f1af546d214a315255e5172\",\"name\":\"sfaltea.com-admin\",\"image\":{\"@type\":\"ImageObject\",\"inLanguage\":\"es\",\"@id\":\"https:\/\/www.alteacultural.com\/es\/#\/schema\/person\/image\/\",\"url\":\"https:\/\/secure.gravatar.com\/avatar\/f7473fa2fbd351270ccfd469de536202?s=96&d=mm&r=g\",\"contentUrl\":\"https:\/\/secure.gravatar.com\/avatar\/f7473fa2fbd351270ccfd469de536202?s=96&d=mm&r=g\",\"caption\":\"sfaltea.com-admin\"},\"url\":\"https:\/\/www.alteacultural.com\/es\/author\/sfaltea-com-admin\/\"}]}<\/script>\n<!-- \/ Yoast SEO plugin. -->","yoast_head_json":{"title":"Cultura inaugura la exposici\u00f3n \u201cTanta belleza para ver\u201d de Erwin Michielsen y Ans Lukkassen - Altea Cultural","robots":{"index":"index","follow":"follow","max-snippet":"max-snippet:-1","max-image-preview":"max-image-preview:large","max-video-preview":"max-video-preview:-1"},"canonical":"https:\/\/www.alteacultural.com\/es\/2023\/10\/06\/cultura-inaugura-lexposicio-tanta-bellesa-per-veure-derwin-michielsen-i-ans-lukkassen\/","og_locale":"es_ES","og_type":"article","og_title":"Cultura inaugura la exposici\u00f3n \u201cTanta belleza para ver\u201d de Erwin Michielsen y Ans Lukkassen - Altea Cultural","og_description":"La muestra permanecer\u00e1 abierta al p\u00fablico hasta el 9 de diciembre en la Casa Toni el Fuster-Fundaci\u00f3n E. Schlotter. [&hellip;]","og_url":"https:\/\/www.alteacultural.com\/es\/2023\/10\/06\/cultura-inaugura-lexposicio-tanta-bellesa-per-veure-derwin-michielsen-i-ans-lukkassen\/","og_site_name":"Altea Cultural","article_published_time":"2023-10-06T12:27:47+00:00","article_modified_time":"2023-10-09T12:25:32+00:00","og_image":[{"url":"https:\/\/www.alteacultural.com\/wp-content\/uploads\/2023\/09\/2023-12-09-ExpoTantaBellezaOct23_Cartell-01.jpg","width":2480,"height":1754,"type":"image\/jpeg"}],"author":"sfaltea.com-admin","twitter_card":"summary_large_image","twitter_misc":{"Escrito por":"sfaltea.com-admin","Tiempo de lectura":"3 minutos"},"schema":{"@context":"https:\/\/schema.org","@graph":[{"@type":"WebPage","@id":"https:\/\/www.alteacultural.com\/es\/2023\/10\/06\/cultura-inaugura-lexposicio-tanta-bellesa-per-veure-derwin-michielsen-i-ans-lukkassen\/","url":"https:\/\/www.alteacultural.com\/es\/2023\/10\/06\/cultura-inaugura-lexposicio-tanta-bellesa-per-veure-derwin-michielsen-i-ans-lukkassen\/","name":"Cultura inaugura la exposici\u00f3n \u201cTanta belleza para ver\u201d de Erwin Michielsen y Ans Lukkassen - Altea Cultural","isPartOf":{"@id":"https:\/\/www.alteacultural.com\/es\/#website"},"primaryImageOfPage":{"@id":"https:\/\/www.alteacultural.com\/es\/2023\/10\/06\/cultura-inaugura-lexposicio-tanta-bellesa-per-veure-derwin-michielsen-i-ans-lukkassen\/#primaryimage"},"image":{"@id":"https:\/\/www.alteacultural.com\/es\/2023\/10\/06\/cultura-inaugura-lexposicio-tanta-bellesa-per-veure-derwin-michielsen-i-ans-lukkassen\/#primaryimage"},"thumbnailUrl":"https:\/\/www.alteacultural.com\/wp-content\/uploads\/2023\/09\/2023-12-09-ExpoTantaBellezaOct23_Cartell-01.jpg","datePublished":"2023-10-06T12:27:47+00:00","dateModified":"2023-10-09T12:25:32+00:00","author":{"@id":"https:\/\/www.alteacultural.com\/es\/#\/schema\/person\/c4e137537f1af546d214a315255e5172"},"breadcrumb":{"@id":"https:\/\/www.alteacultural.com\/es\/2023\/10\/06\/cultura-inaugura-lexposicio-tanta-bellesa-per-veure-derwin-michielsen-i-ans-lukkassen\/#breadcrumb"},"inLanguage":"es","potentialAction":[{"@type":"ReadAction","target":["https:\/\/www.alteacultural.com\/es\/2023\/10\/06\/cultura-inaugura-lexposicio-tanta-bellesa-per-veure-derwin-michielsen-i-ans-lukkassen\/"]}]},{"@type":"ImageObject","inLanguage":"es","@id":"https:\/\/www.alteacultural.com\/es\/2023\/10\/06\/cultura-inaugura-lexposicio-tanta-bellesa-per-veure-derwin-michielsen-i-ans-lukkassen\/#primaryimage","url":"https:\/\/www.alteacultural.com\/wp-content\/uploads\/2023\/09\/2023-12-09-ExpoTantaBellezaOct23_Cartell-01.jpg","contentUrl":"https:\/\/www.alteacultural.com\/wp-content\/uploads\/2023\/09\/2023-12-09-ExpoTantaBellezaOct23_Cartell-01.jpg","width":2480,"height":1754},{"@type":"BreadcrumbList","@id":"https:\/\/www.alteacultural.com\/es\/2023\/10\/06\/cultura-inaugura-lexposicio-tanta-bellesa-per-veure-derwin-michielsen-i-ans-lukkassen\/#breadcrumb","itemListElement":[{"@type":"ListItem","position":1,"name":"Inici","item":"https:\/\/www.alteacultural.com\/es\/"},{"@type":"ListItem","position":2,"name":"Cultura inaugura la exposici\u00f3n \u201cTanta belleza para ver\u201d de Erwin Michielsen y Ans Lukkassen"}]},{"@type":"WebSite","@id":"https:\/\/www.alteacultural.com\/es\/#website","url":"https:\/\/www.alteacultural.com\/es\/","name":"Altea Cultural","description":"Regidoria de Cultura de l&#039;Ajuntament d&#039;Altea","potentialAction":[{"@type":"SearchAction","target":{"@type":"EntryPoint","urlTemplate":"https:\/\/www.alteacultural.com\/es\/?s={search_term_string}"},"query-input":"required name=search_term_string"}],"inLanguage":"es"},{"@type":"Person","@id":"https:\/\/www.alteacultural.com\/es\/#\/schema\/person\/c4e137537f1af546d214a315255e5172","name":"sfaltea.com-admin","image":{"@type":"ImageObject","inLanguage":"es","@id":"https:\/\/www.alteacultural.com\/es\/#\/schema\/person\/image\/","url":"https:\/\/secure.gravatar.com\/avatar\/f7473fa2fbd351270ccfd469de536202?s=96&d=mm&r=g","contentUrl":"https:\/\/secure.gravatar.com\/avatar\/f7473fa2fbd351270ccfd469de536202?s=96&d=mm&r=g","caption":"sfaltea.com-admin"},"url":"https:\/\/www.alteacultural.com\/es\/author\/sfaltea-com-admin\/"}]}},"_links":{"self":[{"href":"https:\/\/www.alteacultural.com\/es\/wp-json\/wp\/v2\/posts\/27608"}],"collection":[{"href":"https:\/\/www.alteacultural.com\/es\/wp-json\/wp\/v2\/posts"}],"about":[{"href":"https:\/\/www.alteacultural.com\/es\/wp-json\/wp\/v2\/types\/post"}],"author":[{"embeddable":true,"href":"https:\/\/www.alteacultural.com\/es\/wp-json\/wp\/v2\/users\/1"}],"replies":[{"embeddable":true,"href":"https:\/\/www.alteacultural.com\/es\/wp-json\/wp\/v2\/comments?post=27608"}],"version-history":[{"count":2,"href":"https:\/\/www.alteacultural.com\/es\/wp-json\/wp\/v2\/posts\/27608\/revisions"}],"predecessor-version":[{"id":27612,"href":"https:\/\/www.alteacultural.com\/es\/wp-json\/wp\/v2\/posts\/27608\/revisions\/27612"}],"wp:featuredmedia":[{"embeddable":true,"href":"https:\/\/www.alteacultural.com\/es\/wp-json\/wp\/v2\/media\/27523"}],"wp:attachment":[{"href":"https:\/\/www.alteacultural.com\/es\/wp-json\/wp\/v2\/media?parent=27608"}],"curies":[{"name":"wp","href":"https:\/\/api.w.org\/{rel}","templated":true}]}}