{"id":27615,"date":"2023-10-11T08:22:32","date_gmt":"2023-10-11T06:22:32","guid":{"rendered":"https:\/\/www.alteacultural.com\/2023\/10\/11\/el-festival-de-musica-antiga-i-barroca-ofereix-tres-nous-i-variats-concerts\/"},"modified":"2023-10-27T19:00:13","modified_gmt":"2023-10-27T17:00:13","slug":"el-festival-de-musica-antiga-i-barroca-ofereix-tres-nous-i-variats-concerts","status":"publish","type":"post","link":"https:\/\/www.alteacultural.com\/es\/2023\/10\/11\/el-festival-de-musica-antiga-i-barroca-ofereix-tres-nous-i-variats-concerts\/","title":{"rendered":"El \u201cFestival de M\u00fasica Antiga i Barroca\u201d ofrece tres nuevos y variados conciertos"},"content":{"rendered":"\n<figure class=\"wp-block-image\"><img decoding=\"async\" data-src=\"https:\/\/alteadigital.es\/wp-content\/uploads\/2023\/10\/cartell-musica-antiga-web.jpg\" alt=\"El \u201cFestival de M\u00fasica Antiga i Barroca\u201d ofereix tres nous i variats concerts\" src=\"data:image\/gif;base64,R0lGODlhAQABAAAAACH5BAEKAAEALAAAAAABAAEAAAICTAEAOw==\" class=\"lazyload\" \/><\/figure>\n\n\n\n<p><strong>14, 22 y 27 de octubre con estrada libre i gratuita<\/strong><\/p>\n\n\n\n<p>El pr\u00f3ximo s\u00e1bado 14 de octubre dar\u00e1 inicio un nuevo \u201cFestival de M\u00fasica Antiga i Barroca\u201d con un concierto en la Iglesia Parroquial, a las 19:30h, a cargo de la \u201cOrquestra Acad\u00e8mica d\u2019Altea\u201d, dirigida por el alteano Jaume F. Ripoll Martins y titulado \u201cConcert Solistes\u201d. As\u00ed lo ha dado a conocer la edil de Cultura, Pepa Victoria P\u00e9rez.<\/p>\n\n\n\n<p>Como ha indicado la edil, \u201cen la presente edici\u00f3n del Festival la novedad est\u00e1 en que los conciertos tendr\u00e1n lugar en escenarios distintos, d\u00edas y horas diferentes. De este modo pensamos que se facilita a los amantes de la m\u00fasica antigua su disfrute\u201d.<\/p>\n\n\n\n<p>La segunda de las citas con la m\u00fasica, en este caso barroca, ser\u00e1 el domingo 22 de octubre a las 12:00h en la Casa de Cultura. En este caso ser\u00e1 Ruth Ivorra, Chelo y Pamela P\u00e9rez, piano, &nbsp;las que protagonicen el concierto \u201cCello Barroco\u201d.<\/p>\n\n\n\n<p>Y el viernes 27 de octubre a las 20:00h en la Iglesia de San Francisco tendr\u00e1 lugar la tercera de las propuestas de este Festival. \u201cLa Llum del Metall\u201d a cargo de 2 trompetas, 2 fliscornos, una corneta y un piano.<\/p>\n\n\n\n<p>Pepa Victoria P\u00e9rez, responsable municipal de Cultura, anima a la participaci\u00f3n y recuerda que se trata de conciertos con estrada gratuita limitada al aforo de los escenarios que los acogen.<\/p>\n\n\n\n<p>M\u00e1s informaci\u00f3n en\u00a0<a href=\"http:\/\/www.alteacultural.com\/\">www.alteacultural.com<\/a> |ALTEADIGITAL.ES<\/p>\n","protected":false},"excerpt":{"rendered":"<p>14, 22 y 27 de octubre con estrada libre i gratuita El pr\u00f3ximo s\u00e1bado 14 de octubre dar\u00e1 inicio [&hellip;]<\/p>\n","protected":false},"author":1,"featured_media":27554,"comment_status":"open","ping_status":"open","sticky":false,"template":"","format":"standard","meta":{"_expiration-date-status":"","_expiration-date":0,"_expiration-date-type":"","_expiration-date-categories":[],"_expiration-date-options":[],"footnotes":""},"yoast_head":"<!-- This site is optimized with the Yoast SEO plugin v22.8 - https:\/\/yoast.com\/wordpress\/plugins\/seo\/ -->\n<title>El \u201cFestival de M\u00fasica Antiga i Barroca\u201d ofrece tres nuevos y variados conciertos - Altea Cultural<\/title>\n<meta name=\"robots\" content=\"index, follow, max-snippet:-1, max-image-preview:large, max-video-preview:-1\" \/>\n<link rel=\"canonical\" href=\"https:\/\/www.alteacultural.com\/es\/2023\/10\/11\/el-festival-de-musica-antiga-i-barroca-ofereix-tres-nous-i-variats-concerts\/\" \/>\n<meta property=\"og:locale\" content=\"es_ES\" \/>\n<meta property=\"og:type\" content=\"article\" \/>\n<meta property=\"og:title\" content=\"El \u201cFestival de M\u00fasica Antiga i Barroca\u201d ofrece tres nuevos y variados conciertos - Altea Cultural\" \/>\n<meta property=\"og:description\" content=\"14, 22 y 27 de octubre con estrada libre i gratuita El pr\u00f3ximo s\u00e1bado 14 de octubre dar\u00e1 inicio [&hellip;]\" \/>\n<meta property=\"og:url\" content=\"https:\/\/www.alteacultural.com\/es\/2023\/10\/11\/el-festival-de-musica-antiga-i-barroca-ofereix-tres-nous-i-variats-concerts\/\" \/>\n<meta property=\"og:site_name\" content=\"Altea Cultural\" \/>\n<meta property=\"article:published_time\" content=\"2023-10-11T06:22:32+00:00\" \/>\n<meta property=\"article:modified_time\" content=\"2023-10-27T17:00:13+00:00\" \/>\n<meta property=\"og:image\" content=\"https:\/\/www.alteacultural.com\/wp-content\/uploads\/2023\/10\/FestivalMusicaAntigaBarroca_Altea2023_Cartell-0.jpg\" \/>\n\t<meta property=\"og:image:width\" content=\"1754\" \/>\n\t<meta property=\"og:image:height\" content=\"2480\" \/>\n\t<meta property=\"og:image:type\" content=\"image\/jpeg\" \/>\n<meta name=\"author\" content=\"sfaltea.com-admin\" \/>\n<meta name=\"twitter:card\" content=\"summary_large_image\" \/>\n<meta name=\"twitter:label1\" content=\"Escrito por\" \/>\n\t<meta name=\"twitter:data1\" content=\"sfaltea.com-admin\" \/>\n\t<meta name=\"twitter:label2\" content=\"Tiempo de lectura\" \/>\n\t<meta name=\"twitter:data2\" content=\"2 minutos\" \/>\n<script type=\"application\/ld+json\" class=\"yoast-schema-graph\">{\"@context\":\"https:\/\/schema.org\",\"@graph\":[{\"@type\":\"WebPage\",\"@id\":\"https:\/\/www.alteacultural.com\/es\/2023\/10\/11\/el-festival-de-musica-antiga-i-barroca-ofereix-tres-nous-i-variats-concerts\/\",\"url\":\"https:\/\/www.alteacultural.com\/es\/2023\/10\/11\/el-festival-de-musica-antiga-i-barroca-ofereix-tres-nous-i-variats-concerts\/\",\"name\":\"El \u201cFestival de M\u00fasica Antiga i Barroca\u201d ofrece tres nuevos y variados conciertos - Altea Cultural\",\"isPartOf\":{\"@id\":\"https:\/\/www.alteacultural.com\/es\/#website\"},\"primaryImageOfPage\":{\"@id\":\"https:\/\/www.alteacultural.com\/es\/2023\/10\/11\/el-festival-de-musica-antiga-i-barroca-ofereix-tres-nous-i-variats-concerts\/#primaryimage\"},\"image\":{\"@id\":\"https:\/\/www.alteacultural.com\/es\/2023\/10\/11\/el-festival-de-musica-antiga-i-barroca-ofereix-tres-nous-i-variats-concerts\/#primaryimage\"},\"thumbnailUrl\":\"https:\/\/www.alteacultural.com\/wp-content\/uploads\/2023\/10\/FestivalMusicaAntigaBarroca_Altea2023_Cartell-0.jpg\",\"datePublished\":\"2023-10-11T06:22:32+00:00\",\"dateModified\":\"2023-10-27T17:00:13+00:00\",\"author\":{\"@id\":\"https:\/\/www.alteacultural.com\/es\/#\/schema\/person\/c4e137537f1af546d214a315255e5172\"},\"breadcrumb\":{\"@id\":\"https:\/\/www.alteacultural.com\/es\/2023\/10\/11\/el-festival-de-musica-antiga-i-barroca-ofereix-tres-nous-i-variats-concerts\/#breadcrumb\"},\"inLanguage\":\"es\",\"potentialAction\":[{\"@type\":\"ReadAction\",\"target\":[\"https:\/\/www.alteacultural.com\/es\/2023\/10\/11\/el-festival-de-musica-antiga-i-barroca-ofereix-tres-nous-i-variats-concerts\/\"]}]},{\"@type\":\"ImageObject\",\"inLanguage\":\"es\",\"@id\":\"https:\/\/www.alteacultural.com\/es\/2023\/10\/11\/el-festival-de-musica-antiga-i-barroca-ofereix-tres-nous-i-variats-concerts\/#primaryimage\",\"url\":\"https:\/\/www.alteacultural.com\/wp-content\/uploads\/2023\/10\/FestivalMusicaAntigaBarroca_Altea2023_Cartell-0.jpg\",\"contentUrl\":\"https:\/\/www.alteacultural.com\/wp-content\/uploads\/2023\/10\/FestivalMusicaAntigaBarroca_Altea2023_Cartell-0.jpg\",\"width\":1754,\"height\":2480},{\"@type\":\"BreadcrumbList\",\"@id\":\"https:\/\/www.alteacultural.com\/es\/2023\/10\/11\/el-festival-de-musica-antiga-i-barroca-ofereix-tres-nous-i-variats-concerts\/#breadcrumb\",\"itemListElement\":[{\"@type\":\"ListItem\",\"position\":1,\"name\":\"Inici\",\"item\":\"https:\/\/www.alteacultural.com\/es\/\"},{\"@type\":\"ListItem\",\"position\":2,\"name\":\"El \u201cFestival de M\u00fasica Antiga i Barroca\u201d ofrece tres nuevos y variados conciertos\"}]},{\"@type\":\"WebSite\",\"@id\":\"https:\/\/www.alteacultural.com\/es\/#website\",\"url\":\"https:\/\/www.alteacultural.com\/es\/\",\"name\":\"Altea Cultural\",\"description\":\"Regidoria de Cultura de l&#039;Ajuntament d&#039;Altea\",\"potentialAction\":[{\"@type\":\"SearchAction\",\"target\":{\"@type\":\"EntryPoint\",\"urlTemplate\":\"https:\/\/www.alteacultural.com\/es\/?s={search_term_string}\"},\"query-input\":\"required name=search_term_string\"}],\"inLanguage\":\"es\"},{\"@type\":\"Person\",\"@id\":\"https:\/\/www.alteacultural.com\/es\/#\/schema\/person\/c4e137537f1af546d214a315255e5172\",\"name\":\"sfaltea.com-admin\",\"image\":{\"@type\":\"ImageObject\",\"inLanguage\":\"es\",\"@id\":\"https:\/\/www.alteacultural.com\/es\/#\/schema\/person\/image\/\",\"url\":\"https:\/\/secure.gravatar.com\/avatar\/f7473fa2fbd351270ccfd469de536202?s=96&d=mm&r=g\",\"contentUrl\":\"https:\/\/secure.gravatar.com\/avatar\/f7473fa2fbd351270ccfd469de536202?s=96&d=mm&r=g\",\"caption\":\"sfaltea.com-admin\"},\"url\":\"https:\/\/www.alteacultural.com\/es\/author\/sfaltea-com-admin\/\"}]}<\/script>\n<!-- \/ Yoast SEO plugin. -->","yoast_head_json":{"title":"El \u201cFestival de M\u00fasica Antiga i Barroca\u201d ofrece tres nuevos y variados conciertos - Altea Cultural","robots":{"index":"index","follow":"follow","max-snippet":"max-snippet:-1","max-image-preview":"max-image-preview:large","max-video-preview":"max-video-preview:-1"},"canonical":"https:\/\/www.alteacultural.com\/es\/2023\/10\/11\/el-festival-de-musica-antiga-i-barroca-ofereix-tres-nous-i-variats-concerts\/","og_locale":"es_ES","og_type":"article","og_title":"El \u201cFestival de M\u00fasica Antiga i Barroca\u201d ofrece tres nuevos y variados conciertos - Altea Cultural","og_description":"14, 22 y 27 de octubre con estrada libre i gratuita El pr\u00f3ximo s\u00e1bado 14 de octubre dar\u00e1 inicio [&hellip;]","og_url":"https:\/\/www.alteacultural.com\/es\/2023\/10\/11\/el-festival-de-musica-antiga-i-barroca-ofereix-tres-nous-i-variats-concerts\/","og_site_name":"Altea Cultural","article_published_time":"2023-10-11T06:22:32+00:00","article_modified_time":"2023-10-27T17:00:13+00:00","og_image":[{"width":1754,"height":2480,"url":"https:\/\/www.alteacultural.com\/wp-content\/uploads\/2023\/10\/FestivalMusicaAntigaBarroca_Altea2023_Cartell-0.jpg","type":"image\/jpeg"}],"author":"sfaltea.com-admin","twitter_card":"summary_large_image","twitter_misc":{"Escrito por":"sfaltea.com-admin","Tiempo de lectura":"2 minutos"},"schema":{"@context":"https:\/\/schema.org","@graph":[{"@type":"WebPage","@id":"https:\/\/www.alteacultural.com\/es\/2023\/10\/11\/el-festival-de-musica-antiga-i-barroca-ofereix-tres-nous-i-variats-concerts\/","url":"https:\/\/www.alteacultural.com\/es\/2023\/10\/11\/el-festival-de-musica-antiga-i-barroca-ofereix-tres-nous-i-variats-concerts\/","name":"El \u201cFestival de M\u00fasica Antiga i Barroca\u201d ofrece tres nuevos y variados conciertos - Altea Cultural","isPartOf":{"@id":"https:\/\/www.alteacultural.com\/es\/#website"},"primaryImageOfPage":{"@id":"https:\/\/www.alteacultural.com\/es\/2023\/10\/11\/el-festival-de-musica-antiga-i-barroca-ofereix-tres-nous-i-variats-concerts\/#primaryimage"},"image":{"@id":"https:\/\/www.alteacultural.com\/es\/2023\/10\/11\/el-festival-de-musica-antiga-i-barroca-ofereix-tres-nous-i-variats-concerts\/#primaryimage"},"thumbnailUrl":"https:\/\/www.alteacultural.com\/wp-content\/uploads\/2023\/10\/FestivalMusicaAntigaBarroca_Altea2023_Cartell-0.jpg","datePublished":"2023-10-11T06:22:32+00:00","dateModified":"2023-10-27T17:00:13+00:00","author":{"@id":"https:\/\/www.alteacultural.com\/es\/#\/schema\/person\/c4e137537f1af546d214a315255e5172"},"breadcrumb":{"@id":"https:\/\/www.alteacultural.com\/es\/2023\/10\/11\/el-festival-de-musica-antiga-i-barroca-ofereix-tres-nous-i-variats-concerts\/#breadcrumb"},"inLanguage":"es","potentialAction":[{"@type":"ReadAction","target":["https:\/\/www.alteacultural.com\/es\/2023\/10\/11\/el-festival-de-musica-antiga-i-barroca-ofereix-tres-nous-i-variats-concerts\/"]}]},{"@type":"ImageObject","inLanguage":"es","@id":"https:\/\/www.alteacultural.com\/es\/2023\/10\/11\/el-festival-de-musica-antiga-i-barroca-ofereix-tres-nous-i-variats-concerts\/#primaryimage","url":"https:\/\/www.alteacultural.com\/wp-content\/uploads\/2023\/10\/FestivalMusicaAntigaBarroca_Altea2023_Cartell-0.jpg","contentUrl":"https:\/\/www.alteacultural.com\/wp-content\/uploads\/2023\/10\/FestivalMusicaAntigaBarroca_Altea2023_Cartell-0.jpg","width":1754,"height":2480},{"@type":"BreadcrumbList","@id":"https:\/\/www.alteacultural.com\/es\/2023\/10\/11\/el-festival-de-musica-antiga-i-barroca-ofereix-tres-nous-i-variats-concerts\/#breadcrumb","itemListElement":[{"@type":"ListItem","position":1,"name":"Inici","item":"https:\/\/www.alteacultural.com\/es\/"},{"@type":"ListItem","position":2,"name":"El \u201cFestival de M\u00fasica Antiga i Barroca\u201d ofrece tres nuevos y variados conciertos"}]},{"@type":"WebSite","@id":"https:\/\/www.alteacultural.com\/es\/#website","url":"https:\/\/www.alteacultural.com\/es\/","name":"Altea Cultural","description":"Regidoria de Cultura de l&#039;Ajuntament d&#039;Altea","potentialAction":[{"@type":"SearchAction","target":{"@type":"EntryPoint","urlTemplate":"https:\/\/www.alteacultural.com\/es\/?s={search_term_string}"},"query-input":"required name=search_term_string"}],"inLanguage":"es"},{"@type":"Person","@id":"https:\/\/www.alteacultural.com\/es\/#\/schema\/person\/c4e137537f1af546d214a315255e5172","name":"sfaltea.com-admin","image":{"@type":"ImageObject","inLanguage":"es","@id":"https:\/\/www.alteacultural.com\/es\/#\/schema\/person\/image\/","url":"https:\/\/secure.gravatar.com\/avatar\/f7473fa2fbd351270ccfd469de536202?s=96&d=mm&r=g","contentUrl":"https:\/\/secure.gravatar.com\/avatar\/f7473fa2fbd351270ccfd469de536202?s=96&d=mm&r=g","caption":"sfaltea.com-admin"},"url":"https:\/\/www.alteacultural.com\/es\/author\/sfaltea-com-admin\/"}]}},"_links":{"self":[{"href":"https:\/\/www.alteacultural.com\/es\/wp-json\/wp\/v2\/posts\/27615"}],"collection":[{"href":"https:\/\/www.alteacultural.com\/es\/wp-json\/wp\/v2\/posts"}],"about":[{"href":"https:\/\/www.alteacultural.com\/es\/wp-json\/wp\/v2\/types\/post"}],"author":[{"embeddable":true,"href":"https:\/\/www.alteacultural.com\/es\/wp-json\/wp\/v2\/users\/1"}],"replies":[{"embeddable":true,"href":"https:\/\/www.alteacultural.com\/es\/wp-json\/wp\/v2\/comments?post=27615"}],"version-history":[{"count":1,"href":"https:\/\/www.alteacultural.com\/es\/wp-json\/wp\/v2\/posts\/27615\/revisions"}],"predecessor-version":[{"id":27616,"href":"https:\/\/www.alteacultural.com\/es\/wp-json\/wp\/v2\/posts\/27615\/revisions\/27616"}],"wp:featuredmedia":[{"embeddable":true,"href":"https:\/\/www.alteacultural.com\/es\/wp-json\/wp\/v2\/media\/27554"}],"wp:attachment":[{"href":"https:\/\/www.alteacultural.com\/es\/wp-json\/wp\/v2\/media?parent=27615"}],"curies":[{"name":"wp","href":"https:\/\/api.w.org\/{rel}","templated":true}]}}