{"id":27774,"date":"2023-10-20T14:27:55","date_gmt":"2023-10-20T12:27:55","guid":{"rendered":"https:\/\/www.alteacultural.com\/2023\/10\/20\/la-conferencia-dones-baix-la-repressio-i-ocupacio-desperta-gran-interes-entre-la-societat-alteana\/"},"modified":"2023-10-22T15:00:09","modified_gmt":"2023-10-22T13:00:09","slug":"la-conferencia-dones-baix-la-repressio-i-ocupacio-desperta-gran-interes-entre-la-societat-alteana","status":"publish","type":"post","link":"https:\/\/www.alteacultural.com\/es\/2023\/10\/20\/la-conferencia-dones-baix-la-repressio-i-ocupacio-desperta-gran-interes-entre-la-societat-alteana\/","title":{"rendered":"La conferencia \u201cMujeres bajo la represi\u00f3n y ocupaci\u00f3n\u201d despierta gran inter\u00e9s entre la sociedad alteana"},"content":{"rendered":"\n<figure class=\"wp-block-image\"><img decoding=\"async\" data-src=\"https:\/\/alteadigital.es\/wp-content\/uploads\/2023\/10\/conferencia-dones-baix-la-represio-web.jpg\" alt=\"La confer\u00e8ncia \u201cDones baix la repressi\u00f3 i ocupaci\u00f3\u201d desperta gran inter\u00e8s entre la societat alteana\" src=\"data:image\/gif;base64,R0lGODlhAQABAAAAACH5BAEKAAEALAAAAAABAAEAAAICTAEAOw==\" class=\"lazyload\" \/><\/figure>\n\n\n\n<p>En la tarde de ayer, la conferencia-coloquio \u201cMujeres bajo la represi\u00f3n y ocupaci\u00f3n\u201d cosechaba un rotundo \u00e9xito de asistencia, ya que eran m\u00e1s de 100 las personas que congregaba la actividad. El acto, organizado por la Asociaci\u00f3n Juita de la Marina Baixa, en colaboraci\u00f3n con las concejal\u00edas de Bienestar Social, Igualdad y Cultura, cont\u00f3 con la participaci\u00f3n de destacadas mujeres que han desafiado la situaci\u00f3n de precariedad humana que padecen las mujeres, por el hecho de ser mujeres, en pa\u00edses como Palestina, Afganist\u00e1n, Ir\u00e1n y el Sahara Occidental.<\/p>\n\n\n\n<p>\u201cLas mujeres que hoy visitan Altea para acercarnos a la realidad de sus pa\u00edses son mujeres que han decidido hacer de su vida una lucha por los derechos humanos, incluso a costa de su propia seguridad\u201d; comentaba la responsable municipal de Bienestar Social e Igualdad, Anna Lanuza, quien presentaba a las conferenciantes. Unas mujeres que por el hecho de defender los derechos humanos, en el caso que nos ocupa los derechos de las mujeres, son perseguidas.<\/p>\n\n\n\n<p>Esaba Masaud, representa al Sahara Occidental. Es abogada y polit\u00f3loga, adem\u00e1s de formar parte del gabinete jur\u00eddico del Frente Polisario que es quien tiene los recursos frente al Tribunal de Justicia de la Uni\u00f3n Europea.<\/p>\n\n\n\n<p>Rawaa Abu Adbou, refugiada palestina que da voz y visibilidad a la situaci\u00f3n que vive el pueblo palestino desde las diferentes vertientes y c\u00f3mo act\u00faan las primeras grandes potencias frente a esta situaci\u00f3n.<\/p>\n\n\n\n<p>La juez y tambi\u00e9n representante de \u201cSave a Girl Save a Generation\u201d, Culalai Hotak, habla de la situaci\u00f3n de las mujeres en un pa\u00eds como Afganist\u00e1n, en el que la violencia y el no estar representadas como personas en una sociedad que invisibiliza a la mujer.<\/p>\n\n\n\n<p>La iran\u00ed Mahshid Mahrami, aborda lo que significa ser mujer o ni\u00f1a en Ir\u00e1n, pero tambi\u00e9n qu\u00e9 significa la necesidad de un gobierno sin censuras, una dictadura que como siempre acaba castigando a la poblaci\u00f3n y se repite como un patr\u00f3n siendo la mujer quien m\u00e1s lo sufre con leyes que atacan directa y \u00fanicamente a la mujer.<\/p>\n\n\n\n<p>\u201cGracias a esta mesa redonda organizada por la Asociaci\u00f3n Juita, podemos no s\u00f3lo poner cara a quien lucha por estas desigualdades y ataques a los derechos humanos, sino que adem\u00e1s podemos conocer de primera mano la situaci\u00f3n que se vive en zonas como el Sahara Occidental, Palestina, Ir\u00e1n o Afganist\u00e1n\u201d; apunta Lanuza, quien acaba dando las gracias a las ponentes \u201cpor estar aqu\u00ed y mostrar vuestra valent\u00eda frente a esa realidad que todo el mundo deber\u00eda conocer, pero que dependiendo de los intereses de unos u otros muchas veces no nos llegan esas situaciones\u201d.<\/p>\n\n\n\n<div class=\"wp-block-image\"><figure class=\"aligncenter\"><img decoding=\"async\" data-src=\"https:\/\/alteadigital.es\/wp-content\/uploads\/2023\/10\/conferencia-2-web.jpg\" alt=\"\" class=\"wp-image-114434 lazyload\" src=\"data:image\/gif;base64,R0lGODlhAQABAAAAACH5BAEKAAEALAAAAAABAAEAAAICTAEAOw==\" \/><\/figure><\/div>\n\n\n\n<p>La conferencia est\u00e1 disponible en:\u00a0<a href=\"https:\/\/youtube.com\/live\/pbMii39w8Ek?feature=share\">https:\/\/youtube.com\/live\/pbMii39w8Ek?feature=share<\/a>   | ALTEADIGITAL.ES<\/p>\n","protected":false},"excerpt":{"rendered":"<p>En la tarde de ayer, la conferencia-coloquio \u201cMujeres bajo la represi\u00f3n y ocupaci\u00f3n\u201d cosechaba un rotundo \u00e9xito de asistencia, [&hellip;]<\/p>\n","protected":false},"author":1,"featured_media":27750,"comment_status":"open","ping_status":"open","sticky":false,"template":"","format":"standard","meta":{"_expiration-date-status":"","_expiration-date":0,"_expiration-date-type":"","_expiration-date-categories":[],"_expiration-date-options":[],"footnotes":""},"yoast_head":"<!-- This site is optimized with the Yoast SEO plugin v22.8 - https:\/\/yoast.com\/wordpress\/plugins\/seo\/ -->\n<title>La conferencia \u201cMujeres bajo la represi\u00f3n y ocupaci\u00f3n\u201d despierta gran inter\u00e9s entre la sociedad alteana - Altea Cultural<\/title>\n<meta name=\"robots\" content=\"index, follow, max-snippet:-1, max-image-preview:large, max-video-preview:-1\" \/>\n<link rel=\"canonical\" href=\"https:\/\/www.alteacultural.com\/es\/2023\/10\/20\/la-conferencia-dones-baix-la-repressio-i-ocupacio-desperta-gran-interes-entre-la-societat-alteana\/\" \/>\n<meta property=\"og:locale\" content=\"es_ES\" \/>\n<meta property=\"og:type\" content=\"article\" \/>\n<meta property=\"og:title\" content=\"La conferencia \u201cMujeres bajo la represi\u00f3n y ocupaci\u00f3n\u201d despierta gran inter\u00e9s entre la sociedad alteana - Altea Cultural\" \/>\n<meta property=\"og:description\" content=\"En la tarde de ayer, la conferencia-coloquio \u201cMujeres bajo la represi\u00f3n y ocupaci\u00f3n\u201d cosechaba un rotundo \u00e9xito de asistencia, [&hellip;]\" \/>\n<meta property=\"og:url\" content=\"https:\/\/www.alteacultural.com\/es\/2023\/10\/20\/la-conferencia-dones-baix-la-repressio-i-ocupacio-desperta-gran-interes-entre-la-societat-alteana\/\" \/>\n<meta property=\"og:site_name\" content=\"Altea Cultural\" \/>\n<meta property=\"article:published_time\" content=\"2023-10-20T12:27:55+00:00\" \/>\n<meta property=\"article:modified_time\" content=\"2023-10-22T13:00:09+00:00\" \/>\n<meta property=\"og:image\" content=\"https:\/\/www.alteacultural.com\/wp-content\/uploads\/2023\/10\/2023-10-19-Conferencia-Mujeres-bajo-la-represion-y-la-ocupacion.jpeg\" \/>\n\t<meta property=\"og:image:width\" content=\"1414\" \/>\n\t<meta property=\"og:image:height\" content=\"2000\" \/>\n\t<meta property=\"og:image:type\" content=\"image\/jpeg\" \/>\n<meta name=\"author\" content=\"sfaltea.com-admin\" \/>\n<meta name=\"twitter:card\" content=\"summary_large_image\" \/>\n<meta name=\"twitter:label1\" content=\"Escrito por\" \/>\n\t<meta name=\"twitter:data1\" content=\"sfaltea.com-admin\" \/>\n\t<meta name=\"twitter:label2\" content=\"Tiempo de lectura\" \/>\n\t<meta name=\"twitter:data2\" content=\"3 minutos\" \/>\n<script type=\"application\/ld+json\" class=\"yoast-schema-graph\">{\"@context\":\"https:\/\/schema.org\",\"@graph\":[{\"@type\":\"WebPage\",\"@id\":\"https:\/\/www.alteacultural.com\/es\/2023\/10\/20\/la-conferencia-dones-baix-la-repressio-i-ocupacio-desperta-gran-interes-entre-la-societat-alteana\/\",\"url\":\"https:\/\/www.alteacultural.com\/es\/2023\/10\/20\/la-conferencia-dones-baix-la-repressio-i-ocupacio-desperta-gran-interes-entre-la-societat-alteana\/\",\"name\":\"La conferencia \u201cMujeres bajo la represi\u00f3n y ocupaci\u00f3n\u201d despierta gran inter\u00e9s entre la sociedad alteana - Altea Cultural\",\"isPartOf\":{\"@id\":\"https:\/\/www.alteacultural.com\/es\/#website\"},\"primaryImageOfPage\":{\"@id\":\"https:\/\/www.alteacultural.com\/es\/2023\/10\/20\/la-conferencia-dones-baix-la-repressio-i-ocupacio-desperta-gran-interes-entre-la-societat-alteana\/#primaryimage\"},\"image\":{\"@id\":\"https:\/\/www.alteacultural.com\/es\/2023\/10\/20\/la-conferencia-dones-baix-la-repressio-i-ocupacio-desperta-gran-interes-entre-la-societat-alteana\/#primaryimage\"},\"thumbnailUrl\":\"https:\/\/www.alteacultural.com\/wp-content\/uploads\/2023\/10\/2023-10-19-Conferencia-Mujeres-bajo-la-represion-y-la-ocupacion.jpeg\",\"datePublished\":\"2023-10-20T12:27:55+00:00\",\"dateModified\":\"2023-10-22T13:00:09+00:00\",\"author\":{\"@id\":\"https:\/\/www.alteacultural.com\/es\/#\/schema\/person\/c4e137537f1af546d214a315255e5172\"},\"breadcrumb\":{\"@id\":\"https:\/\/www.alteacultural.com\/es\/2023\/10\/20\/la-conferencia-dones-baix-la-repressio-i-ocupacio-desperta-gran-interes-entre-la-societat-alteana\/#breadcrumb\"},\"inLanguage\":\"es\",\"potentialAction\":[{\"@type\":\"ReadAction\",\"target\":[\"https:\/\/www.alteacultural.com\/es\/2023\/10\/20\/la-conferencia-dones-baix-la-repressio-i-ocupacio-desperta-gran-interes-entre-la-societat-alteana\/\"]}]},{\"@type\":\"ImageObject\",\"inLanguage\":\"es\",\"@id\":\"https:\/\/www.alteacultural.com\/es\/2023\/10\/20\/la-conferencia-dones-baix-la-repressio-i-ocupacio-desperta-gran-interes-entre-la-societat-alteana\/#primaryimage\",\"url\":\"https:\/\/www.alteacultural.com\/wp-content\/uploads\/2023\/10\/2023-10-19-Conferencia-Mujeres-bajo-la-represion-y-la-ocupacion.jpeg\",\"contentUrl\":\"https:\/\/www.alteacultural.com\/wp-content\/uploads\/2023\/10\/2023-10-19-Conferencia-Mujeres-bajo-la-represion-y-la-ocupacion.jpeg\",\"width\":1414,\"height\":2000},{\"@type\":\"BreadcrumbList\",\"@id\":\"https:\/\/www.alteacultural.com\/es\/2023\/10\/20\/la-conferencia-dones-baix-la-repressio-i-ocupacio-desperta-gran-interes-entre-la-societat-alteana\/#breadcrumb\",\"itemListElement\":[{\"@type\":\"ListItem\",\"position\":1,\"name\":\"Inici\",\"item\":\"https:\/\/www.alteacultural.com\/es\/\"},{\"@type\":\"ListItem\",\"position\":2,\"name\":\"La conferencia \u201cMujeres bajo la represi\u00f3n y ocupaci\u00f3n\u201d despierta gran inter\u00e9s entre la sociedad alteana\"}]},{\"@type\":\"WebSite\",\"@id\":\"https:\/\/www.alteacultural.com\/es\/#website\",\"url\":\"https:\/\/www.alteacultural.com\/es\/\",\"name\":\"Altea Cultural\",\"description\":\"Regidoria de Cultura de l&#039;Ajuntament d&#039;Altea\",\"potentialAction\":[{\"@type\":\"SearchAction\",\"target\":{\"@type\":\"EntryPoint\",\"urlTemplate\":\"https:\/\/www.alteacultural.com\/es\/?s={search_term_string}\"},\"query-input\":\"required name=search_term_string\"}],\"inLanguage\":\"es\"},{\"@type\":\"Person\",\"@id\":\"https:\/\/www.alteacultural.com\/es\/#\/schema\/person\/c4e137537f1af546d214a315255e5172\",\"name\":\"sfaltea.com-admin\",\"image\":{\"@type\":\"ImageObject\",\"inLanguage\":\"es\",\"@id\":\"https:\/\/www.alteacultural.com\/es\/#\/schema\/person\/image\/\",\"url\":\"https:\/\/secure.gravatar.com\/avatar\/f7473fa2fbd351270ccfd469de536202?s=96&d=mm&r=g\",\"contentUrl\":\"https:\/\/secure.gravatar.com\/avatar\/f7473fa2fbd351270ccfd469de536202?s=96&d=mm&r=g\",\"caption\":\"sfaltea.com-admin\"},\"url\":\"https:\/\/www.alteacultural.com\/es\/author\/sfaltea-com-admin\/\"}]}<\/script>\n<!-- \/ Yoast SEO plugin. -->","yoast_head_json":{"title":"La conferencia \u201cMujeres bajo la represi\u00f3n y ocupaci\u00f3n\u201d despierta gran inter\u00e9s entre la sociedad alteana - Altea Cultural","robots":{"index":"index","follow":"follow","max-snippet":"max-snippet:-1","max-image-preview":"max-image-preview:large","max-video-preview":"max-video-preview:-1"},"canonical":"https:\/\/www.alteacultural.com\/es\/2023\/10\/20\/la-conferencia-dones-baix-la-repressio-i-ocupacio-desperta-gran-interes-entre-la-societat-alteana\/","og_locale":"es_ES","og_type":"article","og_title":"La conferencia \u201cMujeres bajo la represi\u00f3n y ocupaci\u00f3n\u201d despierta gran inter\u00e9s entre la sociedad alteana - Altea Cultural","og_description":"En la tarde de ayer, la conferencia-coloquio \u201cMujeres bajo la represi\u00f3n y ocupaci\u00f3n\u201d cosechaba un rotundo \u00e9xito de asistencia, [&hellip;]","og_url":"https:\/\/www.alteacultural.com\/es\/2023\/10\/20\/la-conferencia-dones-baix-la-repressio-i-ocupacio-desperta-gran-interes-entre-la-societat-alteana\/","og_site_name":"Altea Cultural","article_published_time":"2023-10-20T12:27:55+00:00","article_modified_time":"2023-10-22T13:00:09+00:00","og_image":[{"width":1414,"height":2000,"url":"https:\/\/www.alteacultural.com\/wp-content\/uploads\/2023\/10\/2023-10-19-Conferencia-Mujeres-bajo-la-represion-y-la-ocupacion.jpeg","type":"image\/jpeg"}],"author":"sfaltea.com-admin","twitter_card":"summary_large_image","twitter_misc":{"Escrito por":"sfaltea.com-admin","Tiempo de lectura":"3 minutos"},"schema":{"@context":"https:\/\/schema.org","@graph":[{"@type":"WebPage","@id":"https:\/\/www.alteacultural.com\/es\/2023\/10\/20\/la-conferencia-dones-baix-la-repressio-i-ocupacio-desperta-gran-interes-entre-la-societat-alteana\/","url":"https:\/\/www.alteacultural.com\/es\/2023\/10\/20\/la-conferencia-dones-baix-la-repressio-i-ocupacio-desperta-gran-interes-entre-la-societat-alteana\/","name":"La conferencia \u201cMujeres bajo la represi\u00f3n y ocupaci\u00f3n\u201d despierta gran inter\u00e9s entre la sociedad alteana - Altea Cultural","isPartOf":{"@id":"https:\/\/www.alteacultural.com\/es\/#website"},"primaryImageOfPage":{"@id":"https:\/\/www.alteacultural.com\/es\/2023\/10\/20\/la-conferencia-dones-baix-la-repressio-i-ocupacio-desperta-gran-interes-entre-la-societat-alteana\/#primaryimage"},"image":{"@id":"https:\/\/www.alteacultural.com\/es\/2023\/10\/20\/la-conferencia-dones-baix-la-repressio-i-ocupacio-desperta-gran-interes-entre-la-societat-alteana\/#primaryimage"},"thumbnailUrl":"https:\/\/www.alteacultural.com\/wp-content\/uploads\/2023\/10\/2023-10-19-Conferencia-Mujeres-bajo-la-represion-y-la-ocupacion.jpeg","datePublished":"2023-10-20T12:27:55+00:00","dateModified":"2023-10-22T13:00:09+00:00","author":{"@id":"https:\/\/www.alteacultural.com\/es\/#\/schema\/person\/c4e137537f1af546d214a315255e5172"},"breadcrumb":{"@id":"https:\/\/www.alteacultural.com\/es\/2023\/10\/20\/la-conferencia-dones-baix-la-repressio-i-ocupacio-desperta-gran-interes-entre-la-societat-alteana\/#breadcrumb"},"inLanguage":"es","potentialAction":[{"@type":"ReadAction","target":["https:\/\/www.alteacultural.com\/es\/2023\/10\/20\/la-conferencia-dones-baix-la-repressio-i-ocupacio-desperta-gran-interes-entre-la-societat-alteana\/"]}]},{"@type":"ImageObject","inLanguage":"es","@id":"https:\/\/www.alteacultural.com\/es\/2023\/10\/20\/la-conferencia-dones-baix-la-repressio-i-ocupacio-desperta-gran-interes-entre-la-societat-alteana\/#primaryimage","url":"https:\/\/www.alteacultural.com\/wp-content\/uploads\/2023\/10\/2023-10-19-Conferencia-Mujeres-bajo-la-represion-y-la-ocupacion.jpeg","contentUrl":"https:\/\/www.alteacultural.com\/wp-content\/uploads\/2023\/10\/2023-10-19-Conferencia-Mujeres-bajo-la-represion-y-la-ocupacion.jpeg","width":1414,"height":2000},{"@type":"BreadcrumbList","@id":"https:\/\/www.alteacultural.com\/es\/2023\/10\/20\/la-conferencia-dones-baix-la-repressio-i-ocupacio-desperta-gran-interes-entre-la-societat-alteana\/#breadcrumb","itemListElement":[{"@type":"ListItem","position":1,"name":"Inici","item":"https:\/\/www.alteacultural.com\/es\/"},{"@type":"ListItem","position":2,"name":"La conferencia \u201cMujeres bajo la represi\u00f3n y ocupaci\u00f3n\u201d despierta gran inter\u00e9s entre la sociedad alteana"}]},{"@type":"WebSite","@id":"https:\/\/www.alteacultural.com\/es\/#website","url":"https:\/\/www.alteacultural.com\/es\/","name":"Altea Cultural","description":"Regidoria de Cultura de l&#039;Ajuntament d&#039;Altea","potentialAction":[{"@type":"SearchAction","target":{"@type":"EntryPoint","urlTemplate":"https:\/\/www.alteacultural.com\/es\/?s={search_term_string}"},"query-input":"required name=search_term_string"}],"inLanguage":"es"},{"@type":"Person","@id":"https:\/\/www.alteacultural.com\/es\/#\/schema\/person\/c4e137537f1af546d214a315255e5172","name":"sfaltea.com-admin","image":{"@type":"ImageObject","inLanguage":"es","@id":"https:\/\/www.alteacultural.com\/es\/#\/schema\/person\/image\/","url":"https:\/\/secure.gravatar.com\/avatar\/f7473fa2fbd351270ccfd469de536202?s=96&d=mm&r=g","contentUrl":"https:\/\/secure.gravatar.com\/avatar\/f7473fa2fbd351270ccfd469de536202?s=96&d=mm&r=g","caption":"sfaltea.com-admin"},"url":"https:\/\/www.alteacultural.com\/es\/author\/sfaltea-com-admin\/"}]}},"_links":{"self":[{"href":"https:\/\/www.alteacultural.com\/es\/wp-json\/wp\/v2\/posts\/27774"}],"collection":[{"href":"https:\/\/www.alteacultural.com\/es\/wp-json\/wp\/v2\/posts"}],"about":[{"href":"https:\/\/www.alteacultural.com\/es\/wp-json\/wp\/v2\/types\/post"}],"author":[{"embeddable":true,"href":"https:\/\/www.alteacultural.com\/es\/wp-json\/wp\/v2\/users\/1"}],"replies":[{"embeddable":true,"href":"https:\/\/www.alteacultural.com\/es\/wp-json\/wp\/v2\/comments?post=27774"}],"version-history":[{"count":1,"href":"https:\/\/www.alteacultural.com\/es\/wp-json\/wp\/v2\/posts\/27774\/revisions"}],"predecessor-version":[{"id":27775,"href":"https:\/\/www.alteacultural.com\/es\/wp-json\/wp\/v2\/posts\/27774\/revisions\/27775"}],"wp:featuredmedia":[{"embeddable":true,"href":"https:\/\/www.alteacultural.com\/es\/wp-json\/wp\/v2\/media\/27750"}],"wp:attachment":[{"href":"https:\/\/www.alteacultural.com\/es\/wp-json\/wp\/v2\/media?parent=27774"}],"curies":[{"name":"wp","href":"https:\/\/api.w.org\/{rel}","templated":true}]}}