{"id":27822,"date":"2023-10-23T22:02:47","date_gmt":"2023-10-23T20:02:47","guid":{"rendered":"https:\/\/www.alteacultural.com\/2023\/10\/23\/nit-de-tots-sants-halloween-altea-2023\/"},"modified":"2023-11-03T17:42:01","modified_gmt":"2023-11-03T16:42:01","slug":"nit-de-tots-sants-halloween-altea-2023","status":"publish","type":"post","link":"https:\/\/www.alteacultural.com\/es\/2023\/10\/23\/nit-de-tots-sants-halloween-altea-2023\/","title":{"rendered":"Programaci\u00f3n Noche de Todos los Santos &#8211; Halloween &#8211; Altea 2023"},"content":{"rendered":"\n<p>Programaci\u00f3n de las concejal\u00edas de Cultura, Juventud y Normalizaci\u00f3n Ling\u00fc\u00edstica para la Noche de Todos los Santos \/ Halloween 2023:<\/p>\n\n\n\n<figure class=\"wp-block-image size-large\"><img fetchpriority=\"high\" decoding=\"async\" width=\"1240\" height=\"1754\" src=\"https:\/\/www.alteacultural.com\/wp-content\/uploads\/2023\/10\/NitDeTotsSants-Altea2023_Cartell-01.jpg\" alt=\"\" class=\"wp-image-27813\" srcset=\"https:\/\/www.alteacultural.com\/wp-content\/uploads\/2023\/10\/NitDeTotsSants-Altea2023_Cartell-01.jpg 1240w, https:\/\/www.alteacultural.com\/wp-content\/uploads\/2023\/10\/NitDeTotsSants-Altea2023_Cartell-01-768x1086.jpg 768w, https:\/\/www.alteacultural.com\/wp-content\/uploads\/2023\/10\/NitDeTotsSants-Altea2023_Cartell-01-1086x1536.jpg 1086w\" sizes=\"(max-width: 1240px) 100vw, 1240px\" \/><\/figure>\n\n\n\n<div class=\"wp-block-group alignwide\"><div class=\"wp-block-group__inner-container is-layout-flow wp-block-group-is-layout-flow\">\n<div class=\"wp-block-columns alignwide is-layout-flex wp-container-core-columns-is-layout-1 wp-block-columns-is-layout-flex\">\n<div class=\"wp-block-column is-layout-flow wp-block-column-is-layout-flow\">\n<figure class=\"wp-block-image size-large\"><img decoding=\"async\" width=\"358\" height=\"503\" data-src=\"https:\/\/www.alteacultural.com\/wp-content\/uploads\/2023\/10\/Altea_ZOMBIES_2023_vEntradium.jpg\" alt=\"\" class=\"wp-image-27815 lazyload\" src=\"data:image\/gif;base64,R0lGODlhAQABAAAAACH5BAEKAAEALAAAAAABAAEAAAICTAEAOw==\" style=\"--smush-placeholder-width: 358px; --smush-placeholder-aspect-ratio: 358\/503;\" \/><\/figure>\n\n\n\n<h3 class=\"has-text-align-center wp-block-heading\"><strong>28\/oct \u00b7 23h<\/strong><\/h3>\n\n\n\n<p class=\"has-text-align-center\">A partir de 10 a\u00f1os y adultos<\/p>\n\n\n\n<div class=\"wp-block-buttons aligncenter is-layout-flex wp-block-buttons-is-layout-flex\">\n<div class=\"wp-block-button is-style-outline\"><a class=\"wp-block-button__link has-text-color\" href=\"https:\/\/www.lovezombies.es\/\" style=\"border-radius:50px;color:#ba0c49\" target=\"_blank\" rel=\"noreferrer noopener\">+ info<\/a><\/div>\n<\/div>\n<\/div>\n\n\n\n<div class=\"wp-block-column is-layout-flow wp-block-column-is-layout-flow\">\n<figure class=\"wp-block-image size-large\"><img decoding=\"async\" width=\"1821\" height=\"2560\" data-src=\"https:\/\/www.alteacultural.com\/wp-content\/uploads\/2023\/10\/Nit-a-la-Biblioteca-Espanta-la-por-2023-Cartell-01-scaled.jpg\" alt=\"\" class=\"wp-image-27788 lazyload\" data-srcset=\"https:\/\/www.alteacultural.com\/wp-content\/uploads\/2023\/10\/Nit-a-la-Biblioteca-Espanta-la-por-2023-Cartell-01-scaled.jpg 1821w, https:\/\/www.alteacultural.com\/wp-content\/uploads\/2023\/10\/Nit-a-la-Biblioteca-Espanta-la-por-2023-Cartell-01-768x1080.jpg 768w, https:\/\/www.alteacultural.com\/wp-content\/uploads\/2023\/10\/Nit-a-la-Biblioteca-Espanta-la-por-2023-Cartell-01-1093x1536.jpg 1093w, https:\/\/www.alteacultural.com\/wp-content\/uploads\/2023\/10\/Nit-a-la-Biblioteca-Espanta-la-por-2023-Cartell-01-1457x2048.jpg 1457w\" data-sizes=\"(max-width: 1821px) 100vw, 1821px\" src=\"data:image\/gif;base64,R0lGODlhAQABAAAAACH5BAEKAAEALAAAAAABAAEAAAICTAEAOw==\" style=\"--smush-placeholder-width: 1821px; --smush-placeholder-aspect-ratio: 1821\/2560;\" \/><\/figure>\n\n\n\n<h3 class=\"has-text-align-center wp-block-heading\"><strong>31\/oct \u00b7 20h<\/strong><\/h3>\n\n\n\n<p class=\"has-text-align-center\">Ni\u00f1os\/as de 1\u00ba y 2\u00ba de Primaria<\/p>\n\n\n\n<div class=\"wp-block-buttons aligncenter is-layout-flex wp-block-buttons-is-layout-flex\">\n<div class=\"wp-block-button is-style-outline\"><a class=\"wp-block-button__link has-text-color\" href=\"https:\/\/www.alteacultural.com\/es\/nitalabiblioteca\" style=\"border-radius:50px;color:#ba0c49\">+ info<\/a><\/div>\n<\/div>\n<\/div>\n<\/div>\n<\/div><\/div>\n","protected":false},"excerpt":{"rendered":"<p>Programaci\u00f3n de las concejal\u00edas de Cultura, Juventud y Normalizaci\u00f3n Ling\u00fc\u00edstica para la Noche de Todos los Santos \/ Halloween [&hellip;]<\/p>\n","protected":false},"author":1,"featured_media":27814,"comment_status":"open","ping_status":"open","sticky":false,"template":"","format":"standard","meta":{"_expiration-date-status":"","_expiration-date":0,"_expiration-date-type":"","_expiration-date-categories":[],"_expiration-date-options":[],"footnotes":""},"yoast_head":"<!-- This site is optimized with the Yoast SEO plugin v22.8 - https:\/\/yoast.com\/wordpress\/plugins\/seo\/ -->\n<title>Programaci\u00f3n Noche de Todos los Santos - Halloween - Altea 2023 - Altea Cultural<\/title>\n<meta name=\"robots\" content=\"index, follow, max-snippet:-1, max-image-preview:large, max-video-preview:-1\" \/>\n<link rel=\"canonical\" href=\"https:\/\/www.alteacultural.com\/es\/2023\/10\/23\/nit-de-tots-sants-halloween-altea-2023\/\" \/>\n<meta property=\"og:locale\" content=\"es_ES\" \/>\n<meta property=\"og:type\" content=\"article\" \/>\n<meta property=\"og:title\" content=\"Programaci\u00f3n Noche de Todos los Santos - Halloween - Altea 2023 - Altea Cultural\" \/>\n<meta property=\"og:description\" content=\"Programaci\u00f3n de las concejal\u00edas de Cultura, Juventud y Normalizaci\u00f3n Ling\u00fc\u00edstica para la Noche de Todos los Santos \/ Halloween [&hellip;]\" \/>\n<meta property=\"og:url\" content=\"https:\/\/www.alteacultural.com\/es\/2023\/10\/23\/nit-de-tots-sants-halloween-altea-2023\/\" \/>\n<meta property=\"og:site_name\" content=\"Altea Cultural\" \/>\n<meta property=\"article:published_time\" content=\"2023-10-23T20:02:47+00:00\" \/>\n<meta property=\"article:modified_time\" content=\"2023-11-03T16:42:01+00:00\" \/>\n<meta property=\"og:image\" content=\"https:\/\/www.alteacultural.com\/wp-content\/uploads\/2023\/10\/NitDeTotsSants-Altea2023_Cartell-01.jpg\" \/>\n\t<meta property=\"og:image:width\" content=\"1240\" \/>\n\t<meta property=\"og:image:height\" content=\"1754\" \/>\n\t<meta property=\"og:image:type\" content=\"image\/jpeg\" \/>\n<meta name=\"author\" content=\"sfaltea.com-admin\" \/>\n<meta name=\"twitter:card\" content=\"summary_large_image\" \/>\n<meta name=\"twitter:label1\" content=\"Escrito por\" \/>\n\t<meta name=\"twitter:data1\" content=\"sfaltea.com-admin\" \/>\n\t<meta name=\"twitter:label2\" content=\"Tiempo de lectura\" \/>\n\t<meta name=\"twitter:data2\" content=\"1 minuto\" \/>\n<script type=\"application\/ld+json\" class=\"yoast-schema-graph\">{\"@context\":\"https:\/\/schema.org\",\"@graph\":[{\"@type\":\"WebPage\",\"@id\":\"https:\/\/www.alteacultural.com\/es\/2023\/10\/23\/nit-de-tots-sants-halloween-altea-2023\/\",\"url\":\"https:\/\/www.alteacultural.com\/es\/2023\/10\/23\/nit-de-tots-sants-halloween-altea-2023\/\",\"name\":\"Programaci\u00f3n Noche de Todos los Santos - Halloween - Altea 2023 - Altea Cultural\",\"isPartOf\":{\"@id\":\"https:\/\/www.alteacultural.com\/es\/#website\"},\"primaryImageOfPage\":{\"@id\":\"https:\/\/www.alteacultural.com\/es\/2023\/10\/23\/nit-de-tots-sants-halloween-altea-2023\/#primaryimage\"},\"image\":{\"@id\":\"https:\/\/www.alteacultural.com\/es\/2023\/10\/23\/nit-de-tots-sants-halloween-altea-2023\/#primaryimage\"},\"thumbnailUrl\":\"https:\/\/www.alteacultural.com\/wp-content\/uploads\/2023\/10\/NitDeTotsSants-Altea2023_Cartell-01.jpg\",\"datePublished\":\"2023-10-23T20:02:47+00:00\",\"dateModified\":\"2023-11-03T16:42:01+00:00\",\"author\":{\"@id\":\"https:\/\/www.alteacultural.com\/es\/#\/schema\/person\/c4e137537f1af546d214a315255e5172\"},\"breadcrumb\":{\"@id\":\"https:\/\/www.alteacultural.com\/es\/2023\/10\/23\/nit-de-tots-sants-halloween-altea-2023\/#breadcrumb\"},\"inLanguage\":\"es\",\"potentialAction\":[{\"@type\":\"ReadAction\",\"target\":[\"https:\/\/www.alteacultural.com\/es\/2023\/10\/23\/nit-de-tots-sants-halloween-altea-2023\/\"]}]},{\"@type\":\"ImageObject\",\"inLanguage\":\"es\",\"@id\":\"https:\/\/www.alteacultural.com\/es\/2023\/10\/23\/nit-de-tots-sants-halloween-altea-2023\/#primaryimage\",\"url\":\"https:\/\/www.alteacultural.com\/wp-content\/uploads\/2023\/10\/NitDeTotsSants-Altea2023_Cartell-01.jpg\",\"contentUrl\":\"https:\/\/www.alteacultural.com\/wp-content\/uploads\/2023\/10\/NitDeTotsSants-Altea2023_Cartell-01.jpg\",\"width\":1240,\"height\":1754},{\"@type\":\"BreadcrumbList\",\"@id\":\"https:\/\/www.alteacultural.com\/es\/2023\/10\/23\/nit-de-tots-sants-halloween-altea-2023\/#breadcrumb\",\"itemListElement\":[{\"@type\":\"ListItem\",\"position\":1,\"name\":\"Inici\",\"item\":\"https:\/\/www.alteacultural.com\/es\/\"},{\"@type\":\"ListItem\",\"position\":2,\"name\":\"Programaci\u00f3n Noche de Todos los Santos &#8211; Halloween &#8211; Altea 2023\"}]},{\"@type\":\"WebSite\",\"@id\":\"https:\/\/www.alteacultural.com\/es\/#website\",\"url\":\"https:\/\/www.alteacultural.com\/es\/\",\"name\":\"Altea Cultural\",\"description\":\"Regidoria de Cultura de l&#039;Ajuntament d&#039;Altea\",\"potentialAction\":[{\"@type\":\"SearchAction\",\"target\":{\"@type\":\"EntryPoint\",\"urlTemplate\":\"https:\/\/www.alteacultural.com\/es\/?s={search_term_string}\"},\"query-input\":\"required name=search_term_string\"}],\"inLanguage\":\"es\"},{\"@type\":\"Person\",\"@id\":\"https:\/\/www.alteacultural.com\/es\/#\/schema\/person\/c4e137537f1af546d214a315255e5172\",\"name\":\"sfaltea.com-admin\",\"image\":{\"@type\":\"ImageObject\",\"inLanguage\":\"es\",\"@id\":\"https:\/\/www.alteacultural.com\/es\/#\/schema\/person\/image\/\",\"url\":\"https:\/\/secure.gravatar.com\/avatar\/f7473fa2fbd351270ccfd469de536202?s=96&d=mm&r=g\",\"contentUrl\":\"https:\/\/secure.gravatar.com\/avatar\/f7473fa2fbd351270ccfd469de536202?s=96&d=mm&r=g\",\"caption\":\"sfaltea.com-admin\"},\"url\":\"https:\/\/www.alteacultural.com\/es\/author\/sfaltea-com-admin\/\"}]}<\/script>\n<!-- \/ Yoast SEO plugin. -->","yoast_head_json":{"title":"Programaci\u00f3n Noche de Todos los Santos - Halloween - Altea 2023 - Altea Cultural","robots":{"index":"index","follow":"follow","max-snippet":"max-snippet:-1","max-image-preview":"max-image-preview:large","max-video-preview":"max-video-preview:-1"},"canonical":"https:\/\/www.alteacultural.com\/es\/2023\/10\/23\/nit-de-tots-sants-halloween-altea-2023\/","og_locale":"es_ES","og_type":"article","og_title":"Programaci\u00f3n Noche de Todos los Santos - Halloween - Altea 2023 - Altea Cultural","og_description":"Programaci\u00f3n de las concejal\u00edas de Cultura, Juventud y Normalizaci\u00f3n Ling\u00fc\u00edstica para la Noche de Todos los Santos \/ Halloween [&hellip;]","og_url":"https:\/\/www.alteacultural.com\/es\/2023\/10\/23\/nit-de-tots-sants-halloween-altea-2023\/","og_site_name":"Altea Cultural","article_published_time":"2023-10-23T20:02:47+00:00","article_modified_time":"2023-11-03T16:42:01+00:00","og_image":[{"width":1240,"height":1754,"url":"https:\/\/www.alteacultural.com\/wp-content\/uploads\/2023\/10\/NitDeTotsSants-Altea2023_Cartell-01.jpg","type":"image\/jpeg"}],"author":"sfaltea.com-admin","twitter_card":"summary_large_image","twitter_misc":{"Escrito por":"sfaltea.com-admin","Tiempo de lectura":"1 minuto"},"schema":{"@context":"https:\/\/schema.org","@graph":[{"@type":"WebPage","@id":"https:\/\/www.alteacultural.com\/es\/2023\/10\/23\/nit-de-tots-sants-halloween-altea-2023\/","url":"https:\/\/www.alteacultural.com\/es\/2023\/10\/23\/nit-de-tots-sants-halloween-altea-2023\/","name":"Programaci\u00f3n Noche de Todos los Santos - Halloween - Altea 2023 - Altea Cultural","isPartOf":{"@id":"https:\/\/www.alteacultural.com\/es\/#website"},"primaryImageOfPage":{"@id":"https:\/\/www.alteacultural.com\/es\/2023\/10\/23\/nit-de-tots-sants-halloween-altea-2023\/#primaryimage"},"image":{"@id":"https:\/\/www.alteacultural.com\/es\/2023\/10\/23\/nit-de-tots-sants-halloween-altea-2023\/#primaryimage"},"thumbnailUrl":"https:\/\/www.alteacultural.com\/wp-content\/uploads\/2023\/10\/NitDeTotsSants-Altea2023_Cartell-01.jpg","datePublished":"2023-10-23T20:02:47+00:00","dateModified":"2023-11-03T16:42:01+00:00","author":{"@id":"https:\/\/www.alteacultural.com\/es\/#\/schema\/person\/c4e137537f1af546d214a315255e5172"},"breadcrumb":{"@id":"https:\/\/www.alteacultural.com\/es\/2023\/10\/23\/nit-de-tots-sants-halloween-altea-2023\/#breadcrumb"},"inLanguage":"es","potentialAction":[{"@type":"ReadAction","target":["https:\/\/www.alteacultural.com\/es\/2023\/10\/23\/nit-de-tots-sants-halloween-altea-2023\/"]}]},{"@type":"ImageObject","inLanguage":"es","@id":"https:\/\/www.alteacultural.com\/es\/2023\/10\/23\/nit-de-tots-sants-halloween-altea-2023\/#primaryimage","url":"https:\/\/www.alteacultural.com\/wp-content\/uploads\/2023\/10\/NitDeTotsSants-Altea2023_Cartell-01.jpg","contentUrl":"https:\/\/www.alteacultural.com\/wp-content\/uploads\/2023\/10\/NitDeTotsSants-Altea2023_Cartell-01.jpg","width":1240,"height":1754},{"@type":"BreadcrumbList","@id":"https:\/\/www.alteacultural.com\/es\/2023\/10\/23\/nit-de-tots-sants-halloween-altea-2023\/#breadcrumb","itemListElement":[{"@type":"ListItem","position":1,"name":"Inici","item":"https:\/\/www.alteacultural.com\/es\/"},{"@type":"ListItem","position":2,"name":"Programaci\u00f3n Noche de Todos los Santos &#8211; Halloween &#8211; Altea 2023"}]},{"@type":"WebSite","@id":"https:\/\/www.alteacultural.com\/es\/#website","url":"https:\/\/www.alteacultural.com\/es\/","name":"Altea Cultural","description":"Regidoria de Cultura de l&#039;Ajuntament d&#039;Altea","potentialAction":[{"@type":"SearchAction","target":{"@type":"EntryPoint","urlTemplate":"https:\/\/www.alteacultural.com\/es\/?s={search_term_string}"},"query-input":"required name=search_term_string"}],"inLanguage":"es"},{"@type":"Person","@id":"https:\/\/www.alteacultural.com\/es\/#\/schema\/person\/c4e137537f1af546d214a315255e5172","name":"sfaltea.com-admin","image":{"@type":"ImageObject","inLanguage":"es","@id":"https:\/\/www.alteacultural.com\/es\/#\/schema\/person\/image\/","url":"https:\/\/secure.gravatar.com\/avatar\/f7473fa2fbd351270ccfd469de536202?s=96&d=mm&r=g","contentUrl":"https:\/\/secure.gravatar.com\/avatar\/f7473fa2fbd351270ccfd469de536202?s=96&d=mm&r=g","caption":"sfaltea.com-admin"},"url":"https:\/\/www.alteacultural.com\/es\/author\/sfaltea-com-admin\/"}]}},"_links":{"self":[{"href":"https:\/\/www.alteacultural.com\/es\/wp-json\/wp\/v2\/posts\/27822"}],"collection":[{"href":"https:\/\/www.alteacultural.com\/es\/wp-json\/wp\/v2\/posts"}],"about":[{"href":"https:\/\/www.alteacultural.com\/es\/wp-json\/wp\/v2\/types\/post"}],"author":[{"embeddable":true,"href":"https:\/\/www.alteacultural.com\/es\/wp-json\/wp\/v2\/users\/1"}],"replies":[{"embeddable":true,"href":"https:\/\/www.alteacultural.com\/es\/wp-json\/wp\/v2\/comments?post=27822"}],"version-history":[{"count":3,"href":"https:\/\/www.alteacultural.com\/es\/wp-json\/wp\/v2\/posts\/27822\/revisions"}],"predecessor-version":[{"id":33158,"href":"https:\/\/www.alteacultural.com\/es\/wp-json\/wp\/v2\/posts\/27822\/revisions\/33158"}],"wp:featuredmedia":[{"embeddable":true,"href":"https:\/\/www.alteacultural.com\/es\/wp-json\/wp\/v2\/media\/27814"}],"wp:attachment":[{"href":"https:\/\/www.alteacultural.com\/es\/wp-json\/wp\/v2\/media?parent=27822"}],"curies":[{"name":"wp","href":"https:\/\/api.w.org\/{rel}","templated":true}]}}