{"id":27864,"date":"2023-10-25T12:02:26","date_gmt":"2023-10-25T10:02:26","guid":{"rendered":"https:\/\/www.alteacultural.com\/2023\/10\/25\/comenca-el-cicle-de-presentacio-de-llibres-llibres-a-la-tardor\/"},"modified":"2023-12-01T18:00:11","modified_gmt":"2023-12-01T17:00:11","slug":"comenca-el-cicle-de-presentacio-de-llibres-llibres-a-la-tardor","status":"publish","type":"post","link":"https:\/\/www.alteacultural.com\/es\/2023\/10\/25\/comenca-el-cicle-de-presentacio-de-llibres-llibres-a-la-tardor\/","title":{"rendered":"Comienza el ciclo de presentaci\u00f3n de libros \u201cLlibres a la tardor\u201d"},"content":{"rendered":"\n<figure class=\"wp-block-image\"><img decoding=\"async\" data-src=\"https:\/\/alteadigital.es\/wp-content\/uploads\/2023\/10\/cartell-llibres-a-la-tardor-web.jpg\" alt=\"Comen\u00e7a el cicle de presentaci\u00f3 de llibres \u201cLlibres a la tardor\u201d\" src=\"data:image\/gif;base64,R0lGODlhAQABAAAAACH5BAEKAAEALAAAAAABAAEAAAICTAEAOw==\" class=\"lazyload\" \/><\/figure>\n\n\n\n<p>Ma\u00f1ana jueves 26 de octubre da inicio una nueva edici\u00f3n del ciclo de presentaci\u00f3n de libros \u201cLlibres a la tardor\u201d. Una actividad de la concejal\u00eda de Cultura, que tiene lugar en la Biblioteca P\u00fablica Municipal con entrada libre y gratuita a las 19:00h. Como as\u00ed lo explica la responsable de \u00e1rea Pepa Victoria P\u00e9rez.<\/p>\n\n\n\n<p>El jueves 26 de octubre el libro a presentar es \u201cEl arte de menstruar\u201d de Anabel Mu\u00f1oz Llopis. Una gu\u00eda de iniciaci\u00f3n para las ni\u00f1as que se van a iniciar en su ciclo menstrual.<\/p>\n\n\n\n<p>El lunes 30 de octubre Marina Marroqu\u00ed, Educadora Social y especialista en Violencia de G\u00e9nero, presentar\u00e1 su libro \u201cEso no es sexo\u201d.<\/p>\n\n\n\n<p>El 2 de noviembre, tendr\u00e1 lugar la presentaci\u00f3n de \u201cCamigrants\u201d de Jos\u00e9 Figueres. Se trata de un relato de relatos que narra con sensibilidad, respeto y empat\u00eda el drama de los menores migrantes no acompa\u00f1ados.<\/p>\n\n\n\n<p>El 9 de noviembre, es el turno de \u201cVersos para Van Gogh\u201d de Jos\u00e9 Luis Mart\u00edn Aranda, pintor y escritor, comenta los mejores sesenta cuadros de Vincent van Gogh, con las motivaciones y manifestaciones que el artista escribi\u00f3 en sus m\u00faltiples cartas. Este an\u00e1lisis va acompa\u00f1ado de un poema para cada uno de ellos, adem\u00e1s, Mar\u00edn Aranda ha incluido ilustraciones de su creaci\u00f3n.<\/p>\n\n\n\n<p>16 de noviembre Lluis del Romero S\u00e1nchez-Cutillas hablar\u00e1 sobre su obra \u201cLa meua cambra m\u00e9s estimada\u201d. La presentaci\u00f3n tendr\u00e1 lugar en la Casa Gadea, en la que se encuentra ubicado el Centre d\u2019Interpretaci\u00f3 Carmelina S\u00e1nchez-Cutillas, madre del autor. La obra es&nbsp; una evocaci\u00f3n de aquel lugar en el que la escritora creo sus poemas y la reconocida obra \u201cMat\u00e8ria de Bretanya\u201d.<\/p>\n\n\n\n<p>El 23 de noviembre ser\u00e1 las obras ganadoras de \u201cPremis Altea de Literatura i Investigaci\u00f3\u201d las que vean la luz. \u201cSolsmarina\u201d de Xavier M\u00ednguez L\u00f3pez, \u201cPremi Carmelina S\u00e1nchez-Cutillas\u201d y \u201cL\u2019\u00daltim Ngaranna\u201d de David Boteller Mas, \u201cPremi Altea de Literatura Infantil i Juvenil\u201d.<\/p>\n\n\n\n<p>Y el 1 de diciembre se cerrar\u00e1 la presente edici\u00f3n del ciclo Llibres a la Tardor 2023 con la presentaci\u00f3n de \u201cSonhos, Esperan\u00e7a\u2026, Vida\u201d de M\u00aa Rosa Porcar Centelles. Un poemario inspirado en su nieta, en el que est\u00e1 presente los sentimientos de paz, felicidad, ilusi\u00f3n, esperanza, amor\u2026 que el nacimiento de una criatura nos transmite.<\/p>\n\n\n\n<p>Como responsable municipal de Cultura, Pepa Victoria P\u00e9rez anima a la poblaci\u00f3n a participar y disfrutar de estas presentaciones que seguro les invitar\u00e1n a la lectura de estas obras de g\u00e9nero variado. |ALTEADIGITAL.ES<\/p>\n","protected":false},"excerpt":{"rendered":"<p>Ma\u00f1ana jueves 26 de octubre da inicio una nueva edici\u00f3n del ciclo de presentaci\u00f3n de libros \u201cLlibres a la [&hellip;]<\/p>\n","protected":false},"author":1,"featured_media":27637,"comment_status":"open","ping_status":"open","sticky":false,"template":"","format":"standard","meta":{"_expiration-date-status":"","_expiration-date":0,"_expiration-date-type":"","_expiration-date-categories":[],"_expiration-date-options":[],"footnotes":""},"yoast_head":"<!-- This site is optimized with the Yoast SEO plugin v22.8 - https:\/\/yoast.com\/wordpress\/plugins\/seo\/ -->\n<title>Comienza el ciclo de presentaci\u00f3n de libros \u201cLlibres a la tardor\u201d - Altea Cultural<\/title>\n<meta name=\"robots\" content=\"index, follow, max-snippet:-1, max-image-preview:large, max-video-preview:-1\" \/>\n<link rel=\"canonical\" href=\"https:\/\/www.alteacultural.com\/es\/2023\/10\/25\/comenca-el-cicle-de-presentacio-de-llibres-llibres-a-la-tardor\/\" \/>\n<meta property=\"og:locale\" content=\"es_ES\" \/>\n<meta property=\"og:type\" content=\"article\" \/>\n<meta property=\"og:title\" content=\"Comienza el ciclo de presentaci\u00f3n de libros \u201cLlibres a la tardor\u201d - Altea Cultural\" \/>\n<meta property=\"og:description\" content=\"Ma\u00f1ana jueves 26 de octubre da inicio una nueva edici\u00f3n del ciclo de presentaci\u00f3n de libros \u201cLlibres a la [&hellip;]\" \/>\n<meta property=\"og:url\" content=\"https:\/\/www.alteacultural.com\/es\/2023\/10\/25\/comenca-el-cicle-de-presentacio-de-llibres-llibres-a-la-tardor\/\" \/>\n<meta property=\"og:site_name\" content=\"Altea Cultural\" \/>\n<meta property=\"article:published_time\" content=\"2023-10-25T10:02:26+00:00\" \/>\n<meta property=\"article:modified_time\" content=\"2023-12-01T17:00:11+00:00\" \/>\n<meta property=\"og:image\" content=\"https:\/\/www.alteacultural.com\/wp-content\/uploads\/2023\/10\/LlibresTardor23_Cartell-02.jpg\" \/>\n\t<meta property=\"og:image:width\" content=\"1754\" \/>\n\t<meta property=\"og:image:height\" content=\"2480\" \/>\n\t<meta property=\"og:image:type\" content=\"image\/jpeg\" \/>\n<meta name=\"author\" content=\"sfaltea.com-admin\" \/>\n<meta name=\"twitter:card\" content=\"summary_large_image\" \/>\n<meta name=\"twitter:label1\" content=\"Escrito por\" \/>\n\t<meta name=\"twitter:data1\" content=\"sfaltea.com-admin\" \/>\n\t<meta name=\"twitter:label2\" content=\"Tiempo de lectura\" \/>\n\t<meta name=\"twitter:data2\" content=\"2 minutos\" \/>\n<script type=\"application\/ld+json\" class=\"yoast-schema-graph\">{\"@context\":\"https:\/\/schema.org\",\"@graph\":[{\"@type\":\"WebPage\",\"@id\":\"https:\/\/www.alteacultural.com\/es\/2023\/10\/25\/comenca-el-cicle-de-presentacio-de-llibres-llibres-a-la-tardor\/\",\"url\":\"https:\/\/www.alteacultural.com\/es\/2023\/10\/25\/comenca-el-cicle-de-presentacio-de-llibres-llibres-a-la-tardor\/\",\"name\":\"Comienza el ciclo de presentaci\u00f3n de libros \u201cLlibres a la tardor\u201d - Altea Cultural\",\"isPartOf\":{\"@id\":\"https:\/\/www.alteacultural.com\/es\/#website\"},\"primaryImageOfPage\":{\"@id\":\"https:\/\/www.alteacultural.com\/es\/2023\/10\/25\/comenca-el-cicle-de-presentacio-de-llibres-llibres-a-la-tardor\/#primaryimage\"},\"image\":{\"@id\":\"https:\/\/www.alteacultural.com\/es\/2023\/10\/25\/comenca-el-cicle-de-presentacio-de-llibres-llibres-a-la-tardor\/#primaryimage\"},\"thumbnailUrl\":\"https:\/\/www.alteacultural.com\/wp-content\/uploads\/2023\/10\/LlibresTardor23_Cartell-02.jpg\",\"datePublished\":\"2023-10-25T10:02:26+00:00\",\"dateModified\":\"2023-12-01T17:00:11+00:00\",\"author\":{\"@id\":\"https:\/\/www.alteacultural.com\/es\/#\/schema\/person\/c4e137537f1af546d214a315255e5172\"},\"breadcrumb\":{\"@id\":\"https:\/\/www.alteacultural.com\/es\/2023\/10\/25\/comenca-el-cicle-de-presentacio-de-llibres-llibres-a-la-tardor\/#breadcrumb\"},\"inLanguage\":\"es\",\"potentialAction\":[{\"@type\":\"ReadAction\",\"target\":[\"https:\/\/www.alteacultural.com\/es\/2023\/10\/25\/comenca-el-cicle-de-presentacio-de-llibres-llibres-a-la-tardor\/\"]}]},{\"@type\":\"ImageObject\",\"inLanguage\":\"es\",\"@id\":\"https:\/\/www.alteacultural.com\/es\/2023\/10\/25\/comenca-el-cicle-de-presentacio-de-llibres-llibres-a-la-tardor\/#primaryimage\",\"url\":\"https:\/\/www.alteacultural.com\/wp-content\/uploads\/2023\/10\/LlibresTardor23_Cartell-02.jpg\",\"contentUrl\":\"https:\/\/www.alteacultural.com\/wp-content\/uploads\/2023\/10\/LlibresTardor23_Cartell-02.jpg\",\"width\":1754,\"height\":2480},{\"@type\":\"BreadcrumbList\",\"@id\":\"https:\/\/www.alteacultural.com\/es\/2023\/10\/25\/comenca-el-cicle-de-presentacio-de-llibres-llibres-a-la-tardor\/#breadcrumb\",\"itemListElement\":[{\"@type\":\"ListItem\",\"position\":1,\"name\":\"Inici\",\"item\":\"https:\/\/www.alteacultural.com\/es\/\"},{\"@type\":\"ListItem\",\"position\":2,\"name\":\"Comienza el ciclo de presentaci\u00f3n de libros \u201cLlibres a la tardor\u201d\"}]},{\"@type\":\"WebSite\",\"@id\":\"https:\/\/www.alteacultural.com\/es\/#website\",\"url\":\"https:\/\/www.alteacultural.com\/es\/\",\"name\":\"Altea Cultural\",\"description\":\"Regidoria de Cultura de l&#039;Ajuntament d&#039;Altea\",\"potentialAction\":[{\"@type\":\"SearchAction\",\"target\":{\"@type\":\"EntryPoint\",\"urlTemplate\":\"https:\/\/www.alteacultural.com\/es\/?s={search_term_string}\"},\"query-input\":\"required name=search_term_string\"}],\"inLanguage\":\"es\"},{\"@type\":\"Person\",\"@id\":\"https:\/\/www.alteacultural.com\/es\/#\/schema\/person\/c4e137537f1af546d214a315255e5172\",\"name\":\"sfaltea.com-admin\",\"image\":{\"@type\":\"ImageObject\",\"inLanguage\":\"es\",\"@id\":\"https:\/\/www.alteacultural.com\/es\/#\/schema\/person\/image\/\",\"url\":\"https:\/\/secure.gravatar.com\/avatar\/f7473fa2fbd351270ccfd469de536202?s=96&d=mm&r=g\",\"contentUrl\":\"https:\/\/secure.gravatar.com\/avatar\/f7473fa2fbd351270ccfd469de536202?s=96&d=mm&r=g\",\"caption\":\"sfaltea.com-admin\"},\"url\":\"https:\/\/www.alteacultural.com\/es\/author\/sfaltea-com-admin\/\"}]}<\/script>\n<!-- \/ Yoast SEO plugin. -->","yoast_head_json":{"title":"Comienza el ciclo de presentaci\u00f3n de libros \u201cLlibres a la tardor\u201d - Altea Cultural","robots":{"index":"index","follow":"follow","max-snippet":"max-snippet:-1","max-image-preview":"max-image-preview:large","max-video-preview":"max-video-preview:-1"},"canonical":"https:\/\/www.alteacultural.com\/es\/2023\/10\/25\/comenca-el-cicle-de-presentacio-de-llibres-llibres-a-la-tardor\/","og_locale":"es_ES","og_type":"article","og_title":"Comienza el ciclo de presentaci\u00f3n de libros \u201cLlibres a la tardor\u201d - Altea Cultural","og_description":"Ma\u00f1ana jueves 26 de octubre da inicio una nueva edici\u00f3n del ciclo de presentaci\u00f3n de libros \u201cLlibres a la [&hellip;]","og_url":"https:\/\/www.alteacultural.com\/es\/2023\/10\/25\/comenca-el-cicle-de-presentacio-de-llibres-llibres-a-la-tardor\/","og_site_name":"Altea Cultural","article_published_time":"2023-10-25T10:02:26+00:00","article_modified_time":"2023-12-01T17:00:11+00:00","og_image":[{"width":1754,"height":2480,"url":"https:\/\/www.alteacultural.com\/wp-content\/uploads\/2023\/10\/LlibresTardor23_Cartell-02.jpg","type":"image\/jpeg"}],"author":"sfaltea.com-admin","twitter_card":"summary_large_image","twitter_misc":{"Escrito por":"sfaltea.com-admin","Tiempo de lectura":"2 minutos"},"schema":{"@context":"https:\/\/schema.org","@graph":[{"@type":"WebPage","@id":"https:\/\/www.alteacultural.com\/es\/2023\/10\/25\/comenca-el-cicle-de-presentacio-de-llibres-llibres-a-la-tardor\/","url":"https:\/\/www.alteacultural.com\/es\/2023\/10\/25\/comenca-el-cicle-de-presentacio-de-llibres-llibres-a-la-tardor\/","name":"Comienza el ciclo de presentaci\u00f3n de libros \u201cLlibres a la tardor\u201d - Altea Cultural","isPartOf":{"@id":"https:\/\/www.alteacultural.com\/es\/#website"},"primaryImageOfPage":{"@id":"https:\/\/www.alteacultural.com\/es\/2023\/10\/25\/comenca-el-cicle-de-presentacio-de-llibres-llibres-a-la-tardor\/#primaryimage"},"image":{"@id":"https:\/\/www.alteacultural.com\/es\/2023\/10\/25\/comenca-el-cicle-de-presentacio-de-llibres-llibres-a-la-tardor\/#primaryimage"},"thumbnailUrl":"https:\/\/www.alteacultural.com\/wp-content\/uploads\/2023\/10\/LlibresTardor23_Cartell-02.jpg","datePublished":"2023-10-25T10:02:26+00:00","dateModified":"2023-12-01T17:00:11+00:00","author":{"@id":"https:\/\/www.alteacultural.com\/es\/#\/schema\/person\/c4e137537f1af546d214a315255e5172"},"breadcrumb":{"@id":"https:\/\/www.alteacultural.com\/es\/2023\/10\/25\/comenca-el-cicle-de-presentacio-de-llibres-llibres-a-la-tardor\/#breadcrumb"},"inLanguage":"es","potentialAction":[{"@type":"ReadAction","target":["https:\/\/www.alteacultural.com\/es\/2023\/10\/25\/comenca-el-cicle-de-presentacio-de-llibres-llibres-a-la-tardor\/"]}]},{"@type":"ImageObject","inLanguage":"es","@id":"https:\/\/www.alteacultural.com\/es\/2023\/10\/25\/comenca-el-cicle-de-presentacio-de-llibres-llibres-a-la-tardor\/#primaryimage","url":"https:\/\/www.alteacultural.com\/wp-content\/uploads\/2023\/10\/LlibresTardor23_Cartell-02.jpg","contentUrl":"https:\/\/www.alteacultural.com\/wp-content\/uploads\/2023\/10\/LlibresTardor23_Cartell-02.jpg","width":1754,"height":2480},{"@type":"BreadcrumbList","@id":"https:\/\/www.alteacultural.com\/es\/2023\/10\/25\/comenca-el-cicle-de-presentacio-de-llibres-llibres-a-la-tardor\/#breadcrumb","itemListElement":[{"@type":"ListItem","position":1,"name":"Inici","item":"https:\/\/www.alteacultural.com\/es\/"},{"@type":"ListItem","position":2,"name":"Comienza el ciclo de presentaci\u00f3n de libros \u201cLlibres a la tardor\u201d"}]},{"@type":"WebSite","@id":"https:\/\/www.alteacultural.com\/es\/#website","url":"https:\/\/www.alteacultural.com\/es\/","name":"Altea Cultural","description":"Regidoria de Cultura de l&#039;Ajuntament d&#039;Altea","potentialAction":[{"@type":"SearchAction","target":{"@type":"EntryPoint","urlTemplate":"https:\/\/www.alteacultural.com\/es\/?s={search_term_string}"},"query-input":"required name=search_term_string"}],"inLanguage":"es"},{"@type":"Person","@id":"https:\/\/www.alteacultural.com\/es\/#\/schema\/person\/c4e137537f1af546d214a315255e5172","name":"sfaltea.com-admin","image":{"@type":"ImageObject","inLanguage":"es","@id":"https:\/\/www.alteacultural.com\/es\/#\/schema\/person\/image\/","url":"https:\/\/secure.gravatar.com\/avatar\/f7473fa2fbd351270ccfd469de536202?s=96&d=mm&r=g","contentUrl":"https:\/\/secure.gravatar.com\/avatar\/f7473fa2fbd351270ccfd469de536202?s=96&d=mm&r=g","caption":"sfaltea.com-admin"},"url":"https:\/\/www.alteacultural.com\/es\/author\/sfaltea-com-admin\/"}]}},"_links":{"self":[{"href":"https:\/\/www.alteacultural.com\/es\/wp-json\/wp\/v2\/posts\/27864"}],"collection":[{"href":"https:\/\/www.alteacultural.com\/es\/wp-json\/wp\/v2\/posts"}],"about":[{"href":"https:\/\/www.alteacultural.com\/es\/wp-json\/wp\/v2\/types\/post"}],"author":[{"embeddable":true,"href":"https:\/\/www.alteacultural.com\/es\/wp-json\/wp\/v2\/users\/1"}],"replies":[{"embeddable":true,"href":"https:\/\/www.alteacultural.com\/es\/wp-json\/wp\/v2\/comments?post=27864"}],"version-history":[{"count":1,"href":"https:\/\/www.alteacultural.com\/es\/wp-json\/wp\/v2\/posts\/27864\/revisions"}],"predecessor-version":[{"id":27865,"href":"https:\/\/www.alteacultural.com\/es\/wp-json\/wp\/v2\/posts\/27864\/revisions\/27865"}],"wp:featuredmedia":[{"embeddable":true,"href":"https:\/\/www.alteacultural.com\/es\/wp-json\/wp\/v2\/media\/27637"}],"wp:attachment":[{"href":"https:\/\/www.alteacultural.com\/es\/wp-json\/wp\/v2\/media?parent=27864"}],"curies":[{"name":"wp","href":"https:\/\/api.w.org\/{rel}","templated":true}]}}