{"id":27978,"date":"2023-11-03T07:44:51","date_gmt":"2023-11-03T06:44:51","guid":{"rendered":"https:\/\/www.alteacultural.com\/2023\/11\/03\/cultura-subratlla-els-aspectes-positius-del-projecte-musical-cultural-que-ha-unit-a-altea-teulada-moraira-i-saxonia-anhalt\/"},"modified":"2023-11-03T07:47:01","modified_gmt":"2023-11-03T06:47:01","slug":"cultura-subratlla-els-aspectes-positius-del-projecte-musical-cultural-que-ha-unit-a-altea-teulada-moraira-i-saxonia-anhalt","status":"publish","type":"post","link":"https:\/\/www.alteacultural.com\/es\/2023\/11\/03\/cultura-subratlla-els-aspectes-positius-del-projecte-musical-cultural-que-ha-unit-a-altea-teulada-moraira-i-saxonia-anhalt\/","title":{"rendered":"Cultura subraya los aspectos positivos del proyecto musico cultural que ha unido a Altea, Teulada Moraira y Sajonia\/Anhalt"},"content":{"rendered":"\n<figure class=\"wp-block-image\"><img decoding=\"async\" data-src=\"https:\/\/alteadigital.es\/wp-content\/uploads\/2023\/10\/actuacio-a-Palau-web.jpg\" alt=\"Cultura subratlla els aspectes positius del projecte musical cultural que ha unit a Altea, Teulada Moraira i Sax\u00f2nia\/Anhalt\" src=\"data:image\/gif;base64,R0lGODlhAQABAAAAACH5BAEKAAEALAAAAAABAAEAAAICTAEAOw==\" class=\"lazyload\" \/><\/figure>\n\n\n\n<p>Alemania y Espa\u00f1a se han unido a trav\u00e9s de la m\u00fasica con un proyecto M\u00fasico Cultural en el que han participado los conservatorios de Altea, Teulada y Sajonia<strong>\/&nbsp;<\/strong>Anhalt. Una iniciativa que ha contado con la visita de 75 m\u00fasicos y 13 tutores alemanes, quienes han realizado diferentes actividades y ofrecido dos conciertos. As\u00ed lo explica la edil de Cultura, Pepa Victoria P\u00e9rez.<\/p>\n\n\n\n<p>P\u00e9rez, ha subrayado \u201clos beneficios de un proyecto en el que adem\u00e1s de intercambiar conocimientos y m\u00fasica, se han intercambiado costumbres y culturas\u201d.<\/p>\n\n\n\n<p>Adem\u00e1s, la edil de Cultura alteana da las gracias al conservatorio de Sajonia\/Anhalt \u201cpor dar forma a este proyecto, una iniciativa en la que la cultura une pa\u00edses\u201d. \u201cEl que nos hayan elegido para formar parte de este proyecto es un indicio de que en Altea se hacen las cosas bien\u201d; ha a\u00f1adido la edil.<\/p>\n\n\n\n<p>\u201cHan sido 10 d\u00edas de ensayos, actividades pedag\u00f3gico musicales entre los alumnos de los tres conservatorias, visitas tur\u00edsticas guiadas, entre otras, que han permitido fomentar su cohesi\u00f3n y cuyo resultado ha podido disfrutar la poblaci\u00f3n a trav\u00e9s de los dos conciertos que se han ofrecido. Uno en Palau Altea y el otro en el Auditorio Teulada Moraira y en los que se ha podido disfrutar de obras cl\u00e1sicas de&nbsp; compositores alemanes\u201d. Ha declarado Pepa Victoria P\u00e9rez, responsable municipal de Cultura, quien ha agradecido al alteano Marcos Gomis su inter\u00e9s por traer a su pueblo el proyecto.<\/p>\n\n\n\n<div class=\"wp-block-image\"><figure class=\"aligncenter\"><img decoding=\"async\" data-src=\"https:\/\/alteadigital.es\/wp-content\/uploads\/2023\/10\/grup-al-conservatori-web.jpg\" alt=\"\" class=\"wp-image-114583 lazyload\" src=\"data:image\/gif;base64,R0lGODlhAQABAAAAACH5BAEKAAEALAAAAAABAAEAAAICTAEAOw==\" \/><\/figure><\/div>\n\n\n\n<p>Por su parte, Gomis ha destacado la posibilidad que ha brindado el proyecto a los tutores alemanes de dar clase a los alumnos espa\u00f1oles, quienes han visto una forma diferente de trabajar, as\u00ed como han establecido contactos en un pa\u00eds distinto y que podr\u00e1n utilizar en una futura formaci\u00f3n.\u201d<\/p>\n\n\n\n<p>Marcos Gomis, tutor de la Orquesta de la Escuela de M\u00fasica Sinf\u00f3nica de Sajonia\/Anhalt, relataba que esta orquesta sali\u00f3 fuera de Alemania por \u00faltima vez hace 25 a\u00f1os. Gomis ha sido el principal art\u00edfice de este proyecto m\u00fasico cultural y desea que perdure en el tiempo. |ALTEADIGITAL.ES<\/p>\n","protected":false},"excerpt":{"rendered":"<p>Alemania y Espa\u00f1a se han unido a trav\u00e9s de la m\u00fasica con un proyecto M\u00fasico Cultural en el que [&hellip;]<\/p>\n","protected":false},"author":1,"featured_media":27976,"comment_status":"open","ping_status":"open","sticky":false,"template":"","format":"standard","meta":{"_expiration-date-status":"","_expiration-date":0,"_expiration-date-type":"","_expiration-date-categories":[],"_expiration-date-options":[],"footnotes":""},"yoast_head":"<!-- This site is optimized with the Yoast SEO plugin v22.8 - https:\/\/yoast.com\/wordpress\/plugins\/seo\/ -->\n<title>Cultura subraya los aspectos positivos del proyecto musico cultural que ha unido a Altea, Teulada Moraira y Sajonia\/Anhalt - Altea Cultural<\/title>\n<meta name=\"robots\" content=\"index, follow, max-snippet:-1, max-image-preview:large, max-video-preview:-1\" \/>\n<link rel=\"canonical\" href=\"https:\/\/www.alteacultural.com\/es\/2023\/11\/03\/cultura-subratlla-els-aspectes-positius-del-projecte-musical-cultural-que-ha-unit-a-altea-teulada-moraira-i-saxonia-anhalt\/\" \/>\n<meta property=\"og:locale\" content=\"es_ES\" \/>\n<meta property=\"og:type\" content=\"article\" \/>\n<meta property=\"og:title\" content=\"Cultura subraya los aspectos positivos del proyecto musico cultural que ha unido a Altea, Teulada Moraira y Sajonia\/Anhalt - Altea Cultural\" \/>\n<meta property=\"og:description\" content=\"Alemania y Espa\u00f1a se han unido a trav\u00e9s de la m\u00fasica con un proyecto M\u00fasico Cultural en el que [&hellip;]\" \/>\n<meta property=\"og:url\" content=\"https:\/\/www.alteacultural.com\/es\/2023\/11\/03\/cultura-subratlla-els-aspectes-positius-del-projecte-musical-cultural-que-ha-unit-a-altea-teulada-moraira-i-saxonia-anhalt\/\" \/>\n<meta property=\"og:site_name\" content=\"Altea Cultural\" \/>\n<meta property=\"article:published_time\" content=\"2023-11-03T06:44:51+00:00\" \/>\n<meta property=\"article:modified_time\" content=\"2023-11-03T06:47:01+00:00\" \/>\n<meta property=\"og:image\" content=\"https:\/\/www.alteacultural.com\/wp-content\/uploads\/2023\/11\/actuacio-a-Palau-web.jpg\" \/>\n\t<meta property=\"og:image:width\" content=\"1028\" \/>\n\t<meta property=\"og:image:height\" content=\"532\" \/>\n\t<meta property=\"og:image:type\" content=\"image\/jpeg\" \/>\n<meta name=\"author\" content=\"sfaltea.com-admin\" \/>\n<meta name=\"twitter:card\" content=\"summary_large_image\" \/>\n<meta name=\"twitter:label1\" content=\"Escrito por\" \/>\n\t<meta name=\"twitter:data1\" content=\"sfaltea.com-admin\" \/>\n\t<meta name=\"twitter:label2\" content=\"Tiempo de lectura\" \/>\n\t<meta name=\"twitter:data2\" content=\"2 minutos\" \/>\n<script type=\"application\/ld+json\" class=\"yoast-schema-graph\">{\"@context\":\"https:\/\/schema.org\",\"@graph\":[{\"@type\":\"WebPage\",\"@id\":\"https:\/\/www.alteacultural.com\/es\/2023\/11\/03\/cultura-subratlla-els-aspectes-positius-del-projecte-musical-cultural-que-ha-unit-a-altea-teulada-moraira-i-saxonia-anhalt\/\",\"url\":\"https:\/\/www.alteacultural.com\/es\/2023\/11\/03\/cultura-subratlla-els-aspectes-positius-del-projecte-musical-cultural-que-ha-unit-a-altea-teulada-moraira-i-saxonia-anhalt\/\",\"name\":\"Cultura subraya los aspectos positivos del proyecto musico cultural que ha unido a Altea, Teulada Moraira y Sajonia\/Anhalt - Altea Cultural\",\"isPartOf\":{\"@id\":\"https:\/\/www.alteacultural.com\/es\/#website\"},\"primaryImageOfPage\":{\"@id\":\"https:\/\/www.alteacultural.com\/es\/2023\/11\/03\/cultura-subratlla-els-aspectes-positius-del-projecte-musical-cultural-que-ha-unit-a-altea-teulada-moraira-i-saxonia-anhalt\/#primaryimage\"},\"image\":{\"@id\":\"https:\/\/www.alteacultural.com\/es\/2023\/11\/03\/cultura-subratlla-els-aspectes-positius-del-projecte-musical-cultural-que-ha-unit-a-altea-teulada-moraira-i-saxonia-anhalt\/#primaryimage\"},\"thumbnailUrl\":\"https:\/\/www.alteacultural.com\/wp-content\/uploads\/2023\/11\/actuacio-a-Palau-web.jpg\",\"datePublished\":\"2023-11-03T06:44:51+00:00\",\"dateModified\":\"2023-11-03T06:47:01+00:00\",\"author\":{\"@id\":\"https:\/\/www.alteacultural.com\/es\/#\/schema\/person\/c4e137537f1af546d214a315255e5172\"},\"breadcrumb\":{\"@id\":\"https:\/\/www.alteacultural.com\/es\/2023\/11\/03\/cultura-subratlla-els-aspectes-positius-del-projecte-musical-cultural-que-ha-unit-a-altea-teulada-moraira-i-saxonia-anhalt\/#breadcrumb\"},\"inLanguage\":\"es\",\"potentialAction\":[{\"@type\":\"ReadAction\",\"target\":[\"https:\/\/www.alteacultural.com\/es\/2023\/11\/03\/cultura-subratlla-els-aspectes-positius-del-projecte-musical-cultural-que-ha-unit-a-altea-teulada-moraira-i-saxonia-anhalt\/\"]}]},{\"@type\":\"ImageObject\",\"inLanguage\":\"es\",\"@id\":\"https:\/\/www.alteacultural.com\/es\/2023\/11\/03\/cultura-subratlla-els-aspectes-positius-del-projecte-musical-cultural-que-ha-unit-a-altea-teulada-moraira-i-saxonia-anhalt\/#primaryimage\",\"url\":\"https:\/\/www.alteacultural.com\/wp-content\/uploads\/2023\/11\/actuacio-a-Palau-web.jpg\",\"contentUrl\":\"https:\/\/www.alteacultural.com\/wp-content\/uploads\/2023\/11\/actuacio-a-Palau-web.jpg\",\"width\":1028,\"height\":532},{\"@type\":\"BreadcrumbList\",\"@id\":\"https:\/\/www.alteacultural.com\/es\/2023\/11\/03\/cultura-subratlla-els-aspectes-positius-del-projecte-musical-cultural-que-ha-unit-a-altea-teulada-moraira-i-saxonia-anhalt\/#breadcrumb\",\"itemListElement\":[{\"@type\":\"ListItem\",\"position\":1,\"name\":\"Inici\",\"item\":\"https:\/\/www.alteacultural.com\/es\/\"},{\"@type\":\"ListItem\",\"position\":2,\"name\":\"Cultura subraya los aspectos positivos del proyecto musico cultural que ha unido a Altea, Teulada Moraira y Sajonia\/Anhalt\"}]},{\"@type\":\"WebSite\",\"@id\":\"https:\/\/www.alteacultural.com\/es\/#website\",\"url\":\"https:\/\/www.alteacultural.com\/es\/\",\"name\":\"Altea Cultural\",\"description\":\"Regidoria de Cultura de l&#039;Ajuntament d&#039;Altea\",\"potentialAction\":[{\"@type\":\"SearchAction\",\"target\":{\"@type\":\"EntryPoint\",\"urlTemplate\":\"https:\/\/www.alteacultural.com\/es\/?s={search_term_string}\"},\"query-input\":\"required name=search_term_string\"}],\"inLanguage\":\"es\"},{\"@type\":\"Person\",\"@id\":\"https:\/\/www.alteacultural.com\/es\/#\/schema\/person\/c4e137537f1af546d214a315255e5172\",\"name\":\"sfaltea.com-admin\",\"image\":{\"@type\":\"ImageObject\",\"inLanguage\":\"es\",\"@id\":\"https:\/\/www.alteacultural.com\/es\/#\/schema\/person\/image\/\",\"url\":\"https:\/\/secure.gravatar.com\/avatar\/f7473fa2fbd351270ccfd469de536202?s=96&d=mm&r=g\",\"contentUrl\":\"https:\/\/secure.gravatar.com\/avatar\/f7473fa2fbd351270ccfd469de536202?s=96&d=mm&r=g\",\"caption\":\"sfaltea.com-admin\"},\"url\":\"https:\/\/www.alteacultural.com\/es\/author\/sfaltea-com-admin\/\"}]}<\/script>\n<!-- \/ Yoast SEO plugin. -->","yoast_head_json":{"title":"Cultura subraya los aspectos positivos del proyecto musico cultural que ha unido a Altea, Teulada Moraira y Sajonia\/Anhalt - Altea Cultural","robots":{"index":"index","follow":"follow","max-snippet":"max-snippet:-1","max-image-preview":"max-image-preview:large","max-video-preview":"max-video-preview:-1"},"canonical":"https:\/\/www.alteacultural.com\/es\/2023\/11\/03\/cultura-subratlla-els-aspectes-positius-del-projecte-musical-cultural-que-ha-unit-a-altea-teulada-moraira-i-saxonia-anhalt\/","og_locale":"es_ES","og_type":"article","og_title":"Cultura subraya los aspectos positivos del proyecto musico cultural que ha unido a Altea, Teulada Moraira y Sajonia\/Anhalt - Altea Cultural","og_description":"Alemania y Espa\u00f1a se han unido a trav\u00e9s de la m\u00fasica con un proyecto M\u00fasico Cultural en el que [&hellip;]","og_url":"https:\/\/www.alteacultural.com\/es\/2023\/11\/03\/cultura-subratlla-els-aspectes-positius-del-projecte-musical-cultural-que-ha-unit-a-altea-teulada-moraira-i-saxonia-anhalt\/","og_site_name":"Altea Cultural","article_published_time":"2023-11-03T06:44:51+00:00","article_modified_time":"2023-11-03T06:47:01+00:00","og_image":[{"width":1028,"height":532,"url":"https:\/\/www.alteacultural.com\/wp-content\/uploads\/2023\/11\/actuacio-a-Palau-web.jpg","type":"image\/jpeg"}],"author":"sfaltea.com-admin","twitter_card":"summary_large_image","twitter_misc":{"Escrito por":"sfaltea.com-admin","Tiempo de lectura":"2 minutos"},"schema":{"@context":"https:\/\/schema.org","@graph":[{"@type":"WebPage","@id":"https:\/\/www.alteacultural.com\/es\/2023\/11\/03\/cultura-subratlla-els-aspectes-positius-del-projecte-musical-cultural-que-ha-unit-a-altea-teulada-moraira-i-saxonia-anhalt\/","url":"https:\/\/www.alteacultural.com\/es\/2023\/11\/03\/cultura-subratlla-els-aspectes-positius-del-projecte-musical-cultural-que-ha-unit-a-altea-teulada-moraira-i-saxonia-anhalt\/","name":"Cultura subraya los aspectos positivos del proyecto musico cultural que ha unido a Altea, Teulada Moraira y Sajonia\/Anhalt - Altea Cultural","isPartOf":{"@id":"https:\/\/www.alteacultural.com\/es\/#website"},"primaryImageOfPage":{"@id":"https:\/\/www.alteacultural.com\/es\/2023\/11\/03\/cultura-subratlla-els-aspectes-positius-del-projecte-musical-cultural-que-ha-unit-a-altea-teulada-moraira-i-saxonia-anhalt\/#primaryimage"},"image":{"@id":"https:\/\/www.alteacultural.com\/es\/2023\/11\/03\/cultura-subratlla-els-aspectes-positius-del-projecte-musical-cultural-que-ha-unit-a-altea-teulada-moraira-i-saxonia-anhalt\/#primaryimage"},"thumbnailUrl":"https:\/\/www.alteacultural.com\/wp-content\/uploads\/2023\/11\/actuacio-a-Palau-web.jpg","datePublished":"2023-11-03T06:44:51+00:00","dateModified":"2023-11-03T06:47:01+00:00","author":{"@id":"https:\/\/www.alteacultural.com\/es\/#\/schema\/person\/c4e137537f1af546d214a315255e5172"},"breadcrumb":{"@id":"https:\/\/www.alteacultural.com\/es\/2023\/11\/03\/cultura-subratlla-els-aspectes-positius-del-projecte-musical-cultural-que-ha-unit-a-altea-teulada-moraira-i-saxonia-anhalt\/#breadcrumb"},"inLanguage":"es","potentialAction":[{"@type":"ReadAction","target":["https:\/\/www.alteacultural.com\/es\/2023\/11\/03\/cultura-subratlla-els-aspectes-positius-del-projecte-musical-cultural-que-ha-unit-a-altea-teulada-moraira-i-saxonia-anhalt\/"]}]},{"@type":"ImageObject","inLanguage":"es","@id":"https:\/\/www.alteacultural.com\/es\/2023\/11\/03\/cultura-subratlla-els-aspectes-positius-del-projecte-musical-cultural-que-ha-unit-a-altea-teulada-moraira-i-saxonia-anhalt\/#primaryimage","url":"https:\/\/www.alteacultural.com\/wp-content\/uploads\/2023\/11\/actuacio-a-Palau-web.jpg","contentUrl":"https:\/\/www.alteacultural.com\/wp-content\/uploads\/2023\/11\/actuacio-a-Palau-web.jpg","width":1028,"height":532},{"@type":"BreadcrumbList","@id":"https:\/\/www.alteacultural.com\/es\/2023\/11\/03\/cultura-subratlla-els-aspectes-positius-del-projecte-musical-cultural-que-ha-unit-a-altea-teulada-moraira-i-saxonia-anhalt\/#breadcrumb","itemListElement":[{"@type":"ListItem","position":1,"name":"Inici","item":"https:\/\/www.alteacultural.com\/es\/"},{"@type":"ListItem","position":2,"name":"Cultura subraya los aspectos positivos del proyecto musico cultural que ha unido a Altea, Teulada Moraira y Sajonia\/Anhalt"}]},{"@type":"WebSite","@id":"https:\/\/www.alteacultural.com\/es\/#website","url":"https:\/\/www.alteacultural.com\/es\/","name":"Altea Cultural","description":"Regidoria de Cultura de l&#039;Ajuntament d&#039;Altea","potentialAction":[{"@type":"SearchAction","target":{"@type":"EntryPoint","urlTemplate":"https:\/\/www.alteacultural.com\/es\/?s={search_term_string}"},"query-input":"required name=search_term_string"}],"inLanguage":"es"},{"@type":"Person","@id":"https:\/\/www.alteacultural.com\/es\/#\/schema\/person\/c4e137537f1af546d214a315255e5172","name":"sfaltea.com-admin","image":{"@type":"ImageObject","inLanguage":"es","@id":"https:\/\/www.alteacultural.com\/es\/#\/schema\/person\/image\/","url":"https:\/\/secure.gravatar.com\/avatar\/f7473fa2fbd351270ccfd469de536202?s=96&d=mm&r=g","contentUrl":"https:\/\/secure.gravatar.com\/avatar\/f7473fa2fbd351270ccfd469de536202?s=96&d=mm&r=g","caption":"sfaltea.com-admin"},"url":"https:\/\/www.alteacultural.com\/es\/author\/sfaltea-com-admin\/"}]}},"_links":{"self":[{"href":"https:\/\/www.alteacultural.com\/es\/wp-json\/wp\/v2\/posts\/27978"}],"collection":[{"href":"https:\/\/www.alteacultural.com\/es\/wp-json\/wp\/v2\/posts"}],"about":[{"href":"https:\/\/www.alteacultural.com\/es\/wp-json\/wp\/v2\/types\/post"}],"author":[{"embeddable":true,"href":"https:\/\/www.alteacultural.com\/es\/wp-json\/wp\/v2\/users\/1"}],"replies":[{"embeddable":true,"href":"https:\/\/www.alteacultural.com\/es\/wp-json\/wp\/v2\/comments?post=27978"}],"version-history":[{"count":1,"href":"https:\/\/www.alteacultural.com\/es\/wp-json\/wp\/v2\/posts\/27978\/revisions"}],"predecessor-version":[{"id":27979,"href":"https:\/\/www.alteacultural.com\/es\/wp-json\/wp\/v2\/posts\/27978\/revisions\/27979"}],"wp:featuredmedia":[{"embeddable":true,"href":"https:\/\/www.alteacultural.com\/es\/wp-json\/wp\/v2\/media\/27976"}],"wp:attachment":[{"href":"https:\/\/www.alteacultural.com\/es\/wp-json\/wp\/v2\/media?parent=27978"}],"curies":[{"name":"wp","href":"https:\/\/api.w.org\/{rel}","templated":true}]}}